{"id":400,"date":"2013-09-22T14:59:01","date_gmt":"2013-09-22T12:59:01","guid":{"rendered":"http:\/\/my-alps.de\/?p=400"},"modified":"2013-09-30T16:45:38","modified_gmt":"2013-09-30T14:45:38","slug":"400","status":"publish","type":"post","link":"http:\/\/my-alps.de\/?p=400","title":{"rendered":"Letztes Umbauwochenende&#8230;.(wahrscheinlich)"},"content":{"rendered":"<p>Gestern fast fertig geworden mit den letzten Umbauten,<br \/>\njetzt kommen nur noch die Gimmiks!<br \/>\nNa ja &#8211; fast jedenfalls.<br \/>\nIch muss nur noch den Solarwarmwasserduschkanister auf dem Dach mit den richtigen Schl\u00e4uchen und Verschl\u00fcssen anschlie\u00dfen &#8211; und dann bin ich eigentlich DURCH.<br \/>\nOk &#8211; ich h\u00e4tte da schon noch einige kleine Projekte die ich ansto\u00dfen k\u00f6nnte&#8230;.mal schaun&#8216;.<\/p>\n<p>Nachdem ich mich ja ziemlich lange mit der Elektrik herumge\u00e4rgert habe, konnte ich auf die Hilfe von Annettes Bruder (Christian) zur\u00fcckgreifen. Der hat mir gleich seinen gro\u00dfen Elektrokoffer und ne&#8216; ordentliche Crimpzange dagelassen &#8211; und siehe da &#8211; es funktioniert gleich viel besser! Habe schnell noch zwei 12 Volt Steckdosen eingebaut und verkabelt und eine USB-Steckdose f\u00fcr den Aussengebrauch hat auch ihren Platz gefunden.<br \/>\nWenn ihr mal sehen m\u00f6chtet:<\/p>\n<p><a href=\"https:\/\/i0.wp.com\/my-alps.de\/wp-content\/uploads\/2013\/09\/Elektro-Phase_2.jpg\"><img data-attachment-id=\"406\" data-permalink=\"http:\/\/my-alps.de\/?attachment_id=406\" data-orig-file=\"https:\/\/i0.wp.com\/my-alps.de\/wp-content\/uploads\/2013\/09\/Elektro-Phase_2.jpg?fit=2432%2C1824\" data-orig-size=\"2432,1824\" data-comments-opened=\"1\" data-image-meta=\"{&quot;aperture&quot;:&quot;4&quot;,&quot;credit&quot;:&quot;&quot;,&quot;camera&quot;:&quot;DSC-RX100&quot;,&quot;caption&quot;:&quot;&quot;,&quot;created_timestamp&quot;:&quot;1379773447&quot;,&quot;copyright&quot;:&quot;&quot;,&quot;focal_length&quot;:&quot;10.4&quot;,&quot;iso&quot;:&quot;125&quot;,&quot;shutter_speed&quot;:&quot;0.01&quot;,&quot;title&quot;:&quot;&quot;}\" data-image-title=\"Elektro-Phase_2\" data-image-description=\"&lt;p&gt;Steckdosenblende im Stauraum&lt;\/p&gt;\n\" data-image-caption=\"&lt;p&gt;Steckdosenblende im Stauraum&lt;\/p&gt;\n\" data-medium-file=\"https:\/\/i0.wp.com\/my-alps.de\/wp-content\/uploads\/2013\/09\/Elektro-Phase_2.jpg?fit=300%2C225\" data-large-file=\"https:\/\/i0.wp.com\/my-alps.de\/wp-content\/uploads\/2013\/09\/Elektro-Phase_2.jpg?fit=625%2C469\" loading=\"lazy\" class=\"aligncenter size-medium wp-image-406\" alt=\"Elektro-Phase_2\" src=\"https:\/\/i0.wp.com\/my-alps.de\/wp-content\/uploads\/2013\/09\/Elektro-Phase_2.jpg?resize=300%2C225\" width=\"300\" height=\"225\" srcset=\"https:\/\/i0.wp.com\/my-alps.de\/wp-content\/uploads\/2013\/09\/Elektro-Phase_2.jpg?resize=300%2C225 300w, https:\/\/i0.wp.com\/my-alps.de\/wp-content\/uploads\/2013\/09\/Elektro-Phase_2.jpg?resize=1024%2C768 1024w, https:\/\/i0.wp.com\/my-alps.de\/wp-content\/uploads\/2013\/09\/Elektro-Phase_2.jpg?w=1250 1250w, https:\/\/i0.wp.com\/my-alps.de\/wp-content\/uploads\/2013\/09\/Elektro-Phase_2.jpg?w=1875 1875w\" sizes=\"(max-width: 300px) 100vw, 300px\" data-recalc-dims=\"1\" \/><\/a><\/p>\n<p>So langsam komme ich dahinter wie das richtig funktioniert.<\/p>\n<p>Nachdem wir dann alles wieder aufger\u00e4umt hatten sind wir gleich mal losgefahren und haben eine ausgedehnte Testfahrt mit \u00dcbernachtung gemacht.<br \/>\nFunktioniert wirklich alles perfekt!<\/p>\n<p style=\"text-align: center;\"><a href=\"https:\/\/i0.wp.com\/my-alps.de\/wp-content\/uploads\/2013\/09\/Testfahrt.jpg\"><img data-attachment-id=\"407\" data-permalink=\"http:\/\/my-alps.de\/?attachment_id=407\" data-orig-file=\"https:\/\/i0.wp.com\/my-alps.de\/wp-content\/uploads\/2013\/09\/Testfahrt.jpg?fit=640%2C480\" data-orig-size=\"640,480\" data-comments-opened=\"1\" data-image-meta=\"{&quot;aperture&quot;:&quot;5.6&quot;,&quot;credit&quot;:&quot;&quot;,&quot;camera&quot;:&quot;DSC-RX100&quot;,&quot;caption&quot;:&quot;&quot;,&quot;created_timestamp&quot;:&quot;1376210381&quot;,&quot;copyright&quot;:&quot;&quot;,&quot;focal_length&quot;:&quot;10.4&quot;,&quot;iso&quot;:&quot;125&quot;,&quot;shutter_speed&quot;:&quot;0.003125&quot;,&quot;title&quot;:&quot;&quot;}\" data-image-title=\"Testfahrt\" data-image-description=\"\" data-image-caption=\"&lt;p&gt;sch\u00f6ner Stellplatz&lt;\/p&gt;\n\" data-medium-file=\"https:\/\/i0.wp.com\/my-alps.de\/wp-content\/uploads\/2013\/09\/Testfahrt.jpg?fit=300%2C225\" data-large-file=\"https:\/\/i0.wp.com\/my-alps.de\/wp-content\/uploads\/2013\/09\/Testfahrt.jpg?fit=625%2C469\" loading=\"lazy\" class=\"size-full wp-image-407 aligncenter\" alt=\"Testfahrt\" src=\"https:\/\/i0.wp.com\/my-alps.de\/wp-content\/uploads\/2013\/09\/Testfahrt.jpg?resize=625%2C469\" width=\"625\" height=\"469\" srcset=\"https:\/\/i0.wp.com\/my-alps.de\/wp-content\/uploads\/2013\/09\/Testfahrt.jpg?w=640 640w, https:\/\/i0.wp.com\/my-alps.de\/wp-content\/uploads\/2013\/09\/Testfahrt.jpg?resize=300%2C225 300w\" sizes=\"(max-width: 625px) 100vw, 625px\" data-recalc-dims=\"1\" \/><\/a><\/p>\n<p>&nbsp;<\/p>\n","protected":false},"excerpt":{"rendered":"<p>Gestern fast fertig geworden mit den letzten Umbauten, jetzt kommen nur noch die Gimmiks! Na ja &#8211; fast jedenfalls. Ich muss nur noch den Solarwarmwasserduschkanister auf dem Dach mit den richtigen Schl\u00e4uchen und Verschl\u00fcssen anschlie\u00dfen &#8211; und dann bin ich eigentlich DURCH. Ok &#8211; ich h\u00e4tte da schon noch einige kleine Projekte die ich ansto\u00dfen [&hellip;]<\/p>\n","protected":false},"author":1,"featured_media":0,"comment_status":"open","ping_status":"open","sticky":false,"template":"","format":"gallery","meta":{"spay_email":"","jetpack_publicize_message":"","jetpack_is_tweetstorm":false,"jetpack_publicize_feature_enabled":true},"categories":[8],"tags":[],"jetpack_featured_media_url":"","jetpack_publicize_connections":[],"jetpack_sharing_enabled":true,"jetpack_shortlink":"https:\/\/wp.me\/s6huce-400","jetpack-related-posts":[{"id":800,"url":"http:\/\/my-alps.de\/?p=800","url_meta":{"origin":400,"position":0},"title":"Genetischer Code bei M\u00e4nnchen","date":"10. M\u00e4rz 2014","format":"gallery","excerpt":"Ihr alle werdet mir zustimmen, die Frauen neigen eher zum sammeln und der Mann zum Jagen.Ich habe bei mir das mit dem Jagd-Gen schon ganz fr\u00fch entdeckt, aber wir hatten daheim einen Haushalt, da gab es ausser Essbesteck keine Waffen. (obwohl meine beiden Gro\u00dfv\u00e4ter Sch\u00fctzenk\u00f6nige waren!) Und mit einer Gabel\u2026","rel":"","context":"In &quot;unter uns&quot;","img":{"alt_text":"","src":"https:\/\/i0.wp.com\/my-alps.de\/wp-content\/uploads\/2014\/03\/Nummer-Zwei-HD.jpg?resize=350%2C200","width":350,"height":200},"classes":[]},{"id":881,"url":"http:\/\/my-alps.de\/?p=881","url_meta":{"origin":400,"position":1},"title":"Puerto Montt","date":"26. M\u00e4rz 2014","format":"gallery","excerpt":"Nach 8.808 km (und wahrscheinlich ein paar mehr) die wir jetzt hier in S\u00fcdamerika unterwegs sind haben wir unserem WOMO auch mal etwas Gutes geg\u00f6nnt. Hier in Puerto Montt habe ich eine Werkstatt entdeckt die jegliche Art von Service f\u00fcr \u201egesch\u00fcttelte\u201c Autos anbietet. Wir haben uns f\u00fcr: \u00d6lwechsel und Luftfilterwechsel\u2026","rel":"","context":"In &quot;News&quot;","img":{"alt_text":"","src":"https:\/\/i0.wp.com\/my-alps.de\/wp-content\/uploads\/2014\/03\/Pisco-sour-6x6.jpg?resize=350%2C200","width":350,"height":200},"classes":[]},{"id":1091,"url":"http:\/\/my-alps.de\/?p=1091","url_meta":{"origin":400,"position":2},"title":"Weckruf der Mapuche Indianer","date":"4. Mai 2014","format":"gallery","excerpt":"Unser Camp am Rio Malleo, irgendwo im nirgendwo, auf dem Weg zum Vulkan Lanin lag in der N\u00e4he einer Mapuche Siedlung. Wir hatten die Schilder bei der Hin- und R\u00fcckfahrt bemerkt. Da f\u00fcr den 01. Mai sch\u00f6nes Wetter angesagt war, wollten wir den Nationalpark \u201eVolkan Lanin\u201c besuchen. Tja. wie schon\u2026","rel":"","context":"In &quot;unter uns&quot;","img":{"alt_text":"","src":"","width":0,"height":0},"classes":[]},{"id":347,"url":"http:\/\/my-alps.de\/?p=347","url_meta":{"origin":400,"position":3},"title":"gestern war Basteltag &#8211; oder Jean P\u00fctz l\u00e4sst gr\u00fc\u00dfen","date":"22. Juni 2013","format":"gallery","excerpt":"Ich bin ganz froh selbstst\u00e4ndig zu sein, denn gestern bin ich nach dem Motto: \"Nach EINS macht jeder seins\" verfahren und habe ab Mittag, nachdem ich noch schnell auf meiner Baustelle der Schulsanierung in Eggolsheim Verwirrung stiftete, an unserem Boomer herumgebastelt. Die LED Leuchten waren im Laufe der Woche eingetroffen\u2026","rel":"","context":"In &quot;Wohnmobil&quot;","img":{"alt_text":"","src":"","width":0,"height":0},"classes":[]},{"id":1491,"url":"http:\/\/my-alps.de\/?p=1491","url_meta":{"origin":400,"position":4},"title":"Die Grabt\u00fcrme von Sillustani","date":"12. August 2014","format":"gallery","excerpt":"Auf dem Weg zur Stra\u00dfe nach Cusco kommen wir wieder recht nahe am Titikakasee vorbei, und so machen wir einen kurzen Abstecher \u00fcber Juliaca, der wohl chaotischsten Stadt in ganz Peru, zu den Grabt\u00fcrmen von Sillustani. Aber erst mal Juliaca - Verkehrschaos pur. Diese Stadt ist ein, ja was eigentlich?\u2026","rel":"","context":"In &quot;News&quot;","img":{"alt_text":"","src":"https:\/\/i0.wp.com\/my-alps.de\/wp-content\/uploads\/2014\/08\/Chaos-in-Juliaca-5.jpg?resize=350%2C200","width":350,"height":200},"classes":[]},{"id":1182,"url":"http:\/\/my-alps.de\/?p=1182","url_meta":{"origin":400,"position":5},"title":"\u2026.immer diese Grenzer!","date":"4. Juni 2014","format":"gallery","excerpt":"Als Angeh\u00f6riger des Schengener Abkommens ist einem der Umgang bei der Grenzabfertigung etwas abhanden gekommen. So haben wir uns bei der \u00dcberquerung der Grenze von Chile nach Argentinien am \u201ePaso Cristo Redentor\u201c von einen netten Herrn erst mal an der falschen Zollstelle anstellen lassen. Die Dame am Zoll hat flei\u00dfig\u2026","rel":"","context":"In &quot;News&quot;","img":{"alt_text":"","src":"https:\/\/i0.wp.com\/my-alps.de\/wp-content\/uploads\/2014\/06\/Via-PanAm-Argentinien.jpg?resize=350%2C200","width":350,"height":200},"classes":[]}],"_links":{"self":[{"href":"http:\/\/my-alps.de\/index.php?rest_route=\/wp\/v2\/posts\/400"}],"collection":[{"href":"http:\/\/my-alps.de\/index.php?rest_route=\/wp\/v2\/posts"}],"about":[{"href":"http:\/\/my-alps.de\/index.php?rest_route=\/wp\/v2\/types\/post"}],"author":[{"embeddable":true,"href":"http:\/\/my-alps.de\/index.php?rest_route=\/wp\/v2\/users\/1"}],"replies":[{"embeddable":true,"href":"http:\/\/my-alps.de\/index.php?rest_route=%2Fwp%2Fv2%2Fcomments&post=400"}],"version-history":[{"count":7,"href":"http:\/\/my-alps.de\/index.php?rest_route=\/wp\/v2\/posts\/400\/revisions"}],"predecessor-version":[{"id":410,"href":"http:\/\/my-alps.de\/index.php?rest_route=\/wp\/v2\/posts\/400\/revisions\/410"}],"wp:attachment":[{"href":"http:\/\/my-alps.de\/index.php?rest_route=%2Fwp%2Fv2%2Fmedia&parent=400"}],"wp:term":[{"taxonomy":"category","embeddable":true,"href":"http:\/\/my-alps.de\/index.php?rest_route=%2Fwp%2Fv2%2Fcategories&post=400"},{"taxonomy":"post_tag","embeddable":true,"href":"http:\/\/my-alps.de\/index.php?rest_route=%2Fwp%2Fv2%2Ftags&post=400"}],"curies":[{"name":"wp","href":"https:\/\/api.w.org\/{rel}","templated":true}]}}