{"id":393,"date":"2013-07-29T18:11:47","date_gmt":"2013-07-29T16:11:47","guid":{"rendered":"http:\/\/my-alps.de\/?p=393"},"modified":"2013-07-29T18:12:58","modified_gmt":"2013-07-29T16:12:58","slug":"su-a-haaser-summer","status":"publish","type":"post","link":"http:\/\/my-alps.de\/?p=393","title":{"rendered":"Su a haaser Summer&#8230;."},"content":{"rendered":"<p>&#8230;. man denkt unwillk\u00fcrlich an den Rainhard Fendrich und verzieht sich in irgendeine Pf\u00fctze um etwas abzuk\u00fchlen. Die Motivation am Samstag den Trinkwassertank mit den notwendigen Zapfstellen und Anschl\u00fcssen auszustatten ist buchst\u00e4blich &#8222;verdampft&#8220;.<br \/>\nNa ja &#8211; es bleibt noch etwas Zeit um die Arbeiten abzuschlie\u00dfen &#8211; so haben wir uns erst mal auf die weite Reise nach N\u00fcrnberg zur &#8222;Kathi&#8220; gemacht. Zur &#8222;Kathi&#8220; geh\u00f6ren noch der Olli, sowie Moritz und Emmi. (Man hat fast den Eindruck die beiden haben ihre Kinder irgendwo in Schweden gefunden &#8211; jedenfalls sind Emmi und Moritz richtige &#8222;Klischee-Schweden&#8220; &#8211; Semmelblond und Braugebrannt). Kathi ist eine alte Freundin von mir und ich habe so manche Verbalattacke mit ihr ausgefochten. Sie geh\u00f6rt zu den Frauen die nicht erst h\u00f6ren m\u00fcssen was sie gesagt haben um zu wissen was sie meinten. Dazu ist Olli ein begnadeter Musiker, Clubfan und so haben wir vier uns viel zu erz\u00e4hlen und es ist immer sehr harmonisch wenn wir uns mal treffen. (Meistens zuf\u00e4llig in der Sauna).<br \/>\nWir durften unser WOMO in den Garten stellen und den ganzen Samstag Abend mit ihnen geniessen. Tja &#8211; und dabei haben wir unser ERSTES REISEGESCHENK abgestaubt:<\/p>\n<div id=\"attachment_391\" style=\"width: 650px\" class=\"wp-caption aligncenter\"><a href=\"https:\/\/i0.wp.com\/my-alps.de\/wp-content\/uploads\/2013\/07\/Bambush\u00fctte.jpg\"><img aria-describedby=\"caption-attachment-391\" data-attachment-id=\"391\" data-permalink=\"http:\/\/my-alps.de\/?attachment_id=391\" data-orig-file=\"https:\/\/i0.wp.com\/my-alps.de\/wp-content\/uploads\/2013\/07\/Bambush\u00fctte.jpg?fit=640%2C640\" data-orig-size=\"640,640\" data-comments-opened=\"1\" data-image-meta=\"{&quot;aperture&quot;:&quot;1.8&quot;,&quot;credit&quot;:&quot;&quot;,&quot;camera&quot;:&quot;DSC-RX100&quot;,&quot;caption&quot;:&quot;&quot;,&quot;created_timestamp&quot;:&quot;1375120069&quot;,&quot;copyright&quot;:&quot;&quot;,&quot;focal_length&quot;:&quot;10.4&quot;,&quot;iso&quot;:&quot;125&quot;,&quot;shutter_speed&quot;:&quot;0.025&quot;,&quot;title&quot;:&quot;&quot;}\" data-image-title=\"Bambush\u00fctte\" data-image-description=\"\" data-image-caption=\"&lt;p&gt;Bambush\u00fctte&lt;\/p&gt;\n\" data-medium-file=\"https:\/\/i0.wp.com\/my-alps.de\/wp-content\/uploads\/2013\/07\/Bambush\u00fctte.jpg?fit=300%2C300\" data-large-file=\"https:\/\/i0.wp.com\/my-alps.de\/wp-content\/uploads\/2013\/07\/Bambush\u00fctte.jpg?fit=625%2C625\" loading=\"lazy\" class=\"size-full wp-image-391\" alt=\"Bambush\u00fctte\" src=\"https:\/\/i0.wp.com\/my-alps.de\/wp-content\/uploads\/2013\/07\/Bambush\u00fctte.jpg?resize=625%2C625\" width=\"625\" height=\"625\" srcset=\"https:\/\/i0.wp.com\/my-alps.de\/wp-content\/uploads\/2013\/07\/Bambush\u00fctte.jpg?w=640 640w, https:\/\/i0.wp.com\/my-alps.de\/wp-content\/uploads\/2013\/07\/Bambush\u00fctte.jpg?resize=290%2C290 290w, https:\/\/i0.wp.com\/my-alps.de\/wp-content\/uploads\/2013\/07\/Bambush\u00fctte.jpg?resize=300%2C300 300w\" sizes=\"(max-width: 625px) 100vw, 625px\" data-recalc-dims=\"1\" \/><\/a><p id=\"caption-attachment-391\" class=\"wp-caption-text\">Kambodschanische Guerillah\u00e4ngematte<\/p><\/div>\n<p>Eine sch\u00f6ne &#8222;tschillige&#8220; H\u00e4ngematte aus Ballonseide f\u00fcr unsere Reise. Zum abh\u00e4ngen &#8211; relaxen und schaukeln. (Wir wollten eigentlich die Hollywoodschaukel einpacken &#8211; aber die war uns dann doch zu gro\u00df).<br \/>\nVielen Dank ihr Lieben!<br \/>\nWir werden jedesmal an euch denken wenn wir in der Steppe verzweifelt einen Baum suchen um sie daran festzubinden (die H\u00e4ngematte nat\u00fcrlich!).<br \/>\nIch werde sie mir am Fitz Roy so hinbasteln, das ich einen ganzen Tag nur auf den Berg starren kann, bis ich vom schaukeln leicht debil geworden bin.<\/p>\n<p>ct<\/p>\n","protected":false},"excerpt":{"rendered":"<p>&#8230;. man denkt unwillk\u00fcrlich an den Rainhard Fendrich und verzieht sich in irgendeine Pf\u00fctze um etwas abzuk\u00fchlen. Die Motivation am Samstag den Trinkwassertank mit den notwendigen Zapfstellen und Anschl\u00fcssen auszustatten ist buchst\u00e4blich &#8222;verdampft&#8220;. Na ja &#8211; es bleibt noch etwas Zeit um die Arbeiten abzuschlie\u00dfen &#8211; so haben wir uns erst mal auf die weite [&hellip;]<\/p>\n","protected":false},"author":1,"featured_media":0,"comment_status":"open","ping_status":"open","sticky":false,"template":"","format":"gallery","meta":{"spay_email":"","jetpack_publicize_message":"","jetpack_is_tweetstorm":false,"jetpack_publicize_feature_enabled":true},"categories":[1],"tags":[],"jetpack_featured_media_url":"","jetpack_publicize_connections":[],"jetpack_sharing_enabled":true,"jetpack_shortlink":"https:\/\/wp.me\/p6huce-6l","jetpack-related-posts":[{"id":995,"url":"http:\/\/my-alps.de\/?p=995","url_meta":{"origin":393,"position":0},"title":"April, April &#8211; Halbzeit bei der Auszeit","date":"10. April 2014","format":"gallery","excerpt":"Am 11.11.2013 sind wir in Hamburg an Bord der \u201eGrande Cameroon\u201c gegangen und \u00fcber den Atlantik nach S\u00fcdamerika geschippert. Zugegeben, es war nicht immer gerade Hochstimmung mit Karneval und Fasching an Bord, aber es ist uns wirklich nicht langweilig geworden. So eine Frachterreise hat auch etwas besonderes. (Beinahe meditativ!) Nun\u2026","rel":"","context":"In &quot;News&quot;","img":{"alt_text":"","src":"","width":0,"height":0},"classes":[]},{"id":338,"url":"http:\/\/my-alps.de\/?p=338","url_meta":{"origin":393,"position":1},"title":"mal wieder was von der Ausr\u00fcstungsseite&#8230;.","date":"20. Juni 2013","format":false,"excerpt":"Tja, erst mal ENTSCHULDIGUNG! Hatte in der letzten Zeit einfach keine Mu\u00dfe unsere Seite weiter zu bearbeiten. Es ist viel zu organisieren, zu telefonieren und der Broterwerb h\u00e4lt einen auch noch auf Trab....... Apropos Brot: unsere Ausr\u00fcstungsbox hat in der letzten Zeit einigen Zuwachs bekommen. Wir haben den Paketdienst ganz\u2026","rel":"","context":"In &quot;News&quot;","img":{"alt_text":"","src":"https:\/\/i0.wp.com\/my-alps.de\/wp-content\/uploads\/2013\/06\/erstes-Brot.jpg?resize=350%2C200","width":350,"height":200},"classes":[]},{"id":1533,"url":"http:\/\/my-alps.de\/?p=1533","url_meta":{"origin":393,"position":2},"title":"Nazca &#8211; die W\u00fcste mal von oben betrachtet","date":"26. August 2014","format":"gallery","excerpt":"Wir waren nun auf unserer Reise nach Norden auch in Nazca (oder Nasca) - es existieren verschiedene Schreibformen. Wir wollten uns die ber\u00fchmten Nazca-Linien mal von oben betrachten, da sich von der Aussichtsplattform an der Panamericana nur ein kleiner Teil sehen l\u00e4sst. So haben wir uns einen Flug in einer\u2026","rel":"","context":"In &quot;News&quot;","img":{"alt_text":"","src":"https:\/\/i0.wp.com\/my-alps.de\/wp-content\/uploads\/2014\/08\/Die-Spinne-sw.jpg?resize=350%2C200","width":350,"height":200},"classes":[]},{"id":1149,"url":"http:\/\/my-alps.de\/?p=1149","url_meta":{"origin":393,"position":3},"title":"Schlaf &#8211; St\u00f6rung","date":"19. Mai 2014","format":"gallery","excerpt":"Wenn man so auf Reisen ist, dann stellt sich jeden Tag, \u2028an dem man unterwegs ist, das gleiche Problem: Einen ruhigen und sicheren \u00dcbernachtungsplatz zu finden. Nun haben wir im letzten halben Jahr schon viele Pl\u00e4tze gefunden an denen wir \u00fcbernachtet haben. Mal mehr oder weniger ruhig,\u2028Angst hatten wir (fast)\u2026","rel":"","context":"In &quot;News&quot;","img":{"alt_text":"","src":"","width":0,"height":0},"classes":[]},{"id":425,"url":"http:\/\/my-alps.de\/?p=425","url_meta":{"origin":393,"position":4},"title":"Verschoben ist nicht aufgehoben","date":"6. November 2013","format":"gallery","excerpt":"Jetzt sind wir soweit - alles fertig! Wir haben p\u00fcnktlich unsere Wohnung zusammengepackt und f\u00fcr unsere Zwischenmieter freigemacht. Unser WOMO ist einsatzbereit. In den letzten Wochen hatten wir noch einige Bastelarbeiten zu erledigen. Die Firma SMV, die unsere Luftfeder hergestellt hat lie\u00df uns eine spezielle Erh\u00f6hungsplatte fertigen um das Seikel\u2026","rel":"","context":"In &quot;News&quot;","img":{"alt_text":"","src":"","width":0,"height":0},"classes":[]},{"id":575,"url":"http:\/\/my-alps.de\/?p=575","url_meta":{"origin":393,"position":5},"title":"Endlich &#8211; s\u00fcdlichster (Wende) &#8211; Punkt der Reise&#8230;..","date":"17. Januar 2014","format":"gallery","excerpt":"Nach unserem ersten Grenz\u00fcbertritt nach Chile (wir haben nat\u00fcrlich alles richtig gemacht!) sind wir mit zwei Zwischenstopps in Rio Grande - (Club Nautica - sehr zu empfehlen - vielen Dank an die Kiter und Kajak(en) die uns dort haben \u00fcbernachten lassen) und am Lago Fagnano (Tolhuin) sind wir schlie\u00dflich in:\u2026","rel":"","context":"In &quot;News&quot;","img":{"alt_text":"s\u00c3\u00bcdlicher kann man nicht fahren","src":"https:\/\/i0.wp.com\/my-alps.de\/wp-content\/uploads\/2014\/01\/s\u00c3\u00bcdlicher-kann-man-nicht-fahren.jpg?resize=350%2C200","width":350,"height":200},"classes":[]}],"_links":{"self":[{"href":"http:\/\/my-alps.de\/index.php?rest_route=\/wp\/v2\/posts\/393"}],"collection":[{"href":"http:\/\/my-alps.de\/index.php?rest_route=\/wp\/v2\/posts"}],"about":[{"href":"http:\/\/my-alps.de\/index.php?rest_route=\/wp\/v2\/types\/post"}],"author":[{"embeddable":true,"href":"http:\/\/my-alps.de\/index.php?rest_route=\/wp\/v2\/users\/1"}],"replies":[{"embeddable":true,"href":"http:\/\/my-alps.de\/index.php?rest_route=%2Fwp%2Fv2%2Fcomments&post=393"}],"version-history":[{"count":4,"href":"http:\/\/my-alps.de\/index.php?rest_route=\/wp\/v2\/posts\/393\/revisions"}],"predecessor-version":[{"id":397,"href":"http:\/\/my-alps.de\/index.php?rest_route=\/wp\/v2\/posts\/393\/revisions\/397"}],"wp:attachment":[{"href":"http:\/\/my-alps.de\/index.php?rest_route=%2Fwp%2Fv2%2Fmedia&parent=393"}],"wp:term":[{"taxonomy":"category","embeddable":true,"href":"http:\/\/my-alps.de\/index.php?rest_route=%2Fwp%2Fv2%2Fcategories&post=393"},{"taxonomy":"post_tag","embeddable":true,"href":"http:\/\/my-alps.de\/index.php?rest_route=%2Fwp%2Fv2%2Ftags&post=393"}],"curies":[{"name":"wp","href":"https:\/\/api.w.org\/{rel}","templated":true}]}}