{"id":383,"date":"2013-07-21T14:51:32","date_gmt":"2013-07-21T12:51:32","guid":{"rendered":"http:\/\/my-alps.de\/?p=383"},"modified":"2013-07-21T14:51:32","modified_gmt":"2013-07-21T12:51:32","slug":"bald-gehts-los","status":"publish","type":"post","link":"http:\/\/my-alps.de\/?p=383","title":{"rendered":"Bald geht&#8217;s los"},"content":{"rendered":"<p>Nur noch 3 Monate &#8211; dann geht unser Schiff.<br \/>\nIch habe da schon mal ein wenig vorgesorgt &#8211; falls wir mal nicht mehr wissen wo wir sind &#8211; einfach auf die Seite des WOMO&#8217;s blicken und grob die Himmelsrichtung absch\u00e4tzen.<\/p>\n<p><a href=\"https:\/\/i0.wp.com\/my-alps.de\/wp-content\/uploads\/2013\/07\/Pan-Americana-II.jpg\"><img data-attachment-id=\"382\" data-permalink=\"http:\/\/my-alps.de\/?attachment_id=382\" data-orig-file=\"https:\/\/i0.wp.com\/my-alps.de\/wp-content\/uploads\/2013\/07\/Pan-Americana-II.jpg?fit=1024%2C768\" data-orig-size=\"1024,768\" data-comments-opened=\"1\" data-image-meta=\"{&quot;aperture&quot;:&quot;2&quot;,&quot;credit&quot;:&quot;&quot;,&quot;camera&quot;:&quot;DSC-RX100&quot;,&quot;caption&quot;:&quot;&quot;,&quot;created_timestamp&quot;:&quot;1374347832&quot;,&quot;copyright&quot;:&quot;&quot;,&quot;focal_length&quot;:&quot;10.4&quot;,&quot;iso&quot;:&quot;125&quot;,&quot;shutter_speed&quot;:&quot;0.01&quot;,&quot;title&quot;:&quot;&quot;}\" data-image-title=\"Pan Americana II\" data-image-description=\"&lt;p&gt;Pan Americana&lt;\/p&gt;\n\" data-image-caption=\"\" data-medium-file=\"https:\/\/i0.wp.com\/my-alps.de\/wp-content\/uploads\/2013\/07\/Pan-Americana-II.jpg?fit=300%2C225\" data-large-file=\"https:\/\/i0.wp.com\/my-alps.de\/wp-content\/uploads\/2013\/07\/Pan-Americana-II.jpg?fit=625%2C469\" loading=\"lazy\" class=\"aligncenter size-full wp-image-382\" alt=\"Pan Americana II\" src=\"https:\/\/i0.wp.com\/my-alps.de\/wp-content\/uploads\/2013\/07\/Pan-Americana-II.jpg?resize=625%2C469\" width=\"625\" height=\"469\" srcset=\"https:\/\/i0.wp.com\/my-alps.de\/wp-content\/uploads\/2013\/07\/Pan-Americana-II.jpg?w=1024 1024w, https:\/\/i0.wp.com\/my-alps.de\/wp-content\/uploads\/2013\/07\/Pan-Americana-II.jpg?resize=300%2C225 300w\" sizes=\"(max-width: 625px) 100vw, 625px\" data-recalc-dims=\"1\" \/><\/a><\/p>\n<p>&nbsp;<\/p>\n<p>Da kann ja nichts mehr schiefgehen.<br \/>\nct<\/p>\n","protected":false},"excerpt":{"rendered":"<p>Nur noch 3 Monate &#8211; dann geht unser Schiff. Ich habe da schon mal ein wenig vorgesorgt &#8211; falls wir mal nicht mehr wissen wo wir sind &#8211; einfach auf die Seite des WOMO&#8217;s blicken und grob die Himmelsrichtung absch\u00e4tzen. &nbsp; Da kann ja nichts mehr schiefgehen. ct<\/p>\n","protected":false},"author":1,"featured_media":0,"comment_status":"open","ping_status":"open","sticky":false,"template":"","format":"gallery","meta":{"spay_email":"","jetpack_publicize_message":"","jetpack_is_tweetstorm":false,"jetpack_publicize_feature_enabled":true},"categories":[1],"tags":[],"jetpack_featured_media_url":"","jetpack_publicize_connections":[],"jetpack_sharing_enabled":true,"jetpack_shortlink":"https:\/\/wp.me\/p6huce-6b","jetpack-related-posts":[{"id":881,"url":"http:\/\/my-alps.de\/?p=881","url_meta":{"origin":383,"position":0},"title":"Puerto Montt","date":"26. M\u00e4rz 2014","format":"gallery","excerpt":"Nach 8.808 km (und wahrscheinlich ein paar mehr) die wir jetzt hier in S\u00fcdamerika unterwegs sind haben wir unserem WOMO auch mal etwas Gutes geg\u00f6nnt. Hier in Puerto Montt habe ich eine Werkstatt entdeckt die jegliche Art von Service f\u00fcr \u201egesch\u00fcttelte\u201c Autos anbietet. Wir haben uns f\u00fcr: \u00d6lwechsel und Luftfilterwechsel\u2026","rel":"","context":"In &quot;News&quot;","img":{"alt_text":"","src":"https:\/\/i0.wp.com\/my-alps.de\/wp-content\/uploads\/2014\/03\/Pisco-sour-6x6.jpg?resize=350%2C200","width":350,"height":200},"classes":[]},{"id":221,"url":"http:\/\/my-alps.de\/?p=221","url_meta":{"origin":383,"position":1},"title":"&#8230;haaaben sie RESERVIERT ?????","date":"24. M\u00e4rz 2013","format":false,"excerpt":"Gestern - nach einem sch\u00f6nen Spaziergang durch den Hainpark \u00fcberkam uns pl\u00f6tzlich dieses gewisse Gef\u00fchl, das eingefleischte Trinker aus der Fr\u00e4nkischen kennen .... DURST und wir steuerten auch gleich die n\u00e4chstgelegene Kneipe an sch\u00f6n gelegen mitten in der Altstadt in den Gassen versteckt, mit einer sch\u00f6nen Sch\u00e4nke und gutem Bier.\u2026","rel":"","context":"In &quot;unter uns&quot;","img":{"alt_text":"","src":"","width":0,"height":0},"classes":[]},{"id":1182,"url":"http:\/\/my-alps.de\/?p=1182","url_meta":{"origin":383,"position":2},"title":"\u2026.immer diese Grenzer!","date":"4. Juni 2014","format":"gallery","excerpt":"Als Angeh\u00f6riger des Schengener Abkommens ist einem der Umgang bei der Grenzabfertigung etwas abhanden gekommen. So haben wir uns bei der \u00dcberquerung der Grenze von Chile nach Argentinien am \u201ePaso Cristo Redentor\u201c von einen netten Herrn erst mal an der falschen Zollstelle anstellen lassen. Die Dame am Zoll hat flei\u00dfig\u2026","rel":"","context":"In &quot;News&quot;","img":{"alt_text":"","src":"https:\/\/i0.wp.com\/my-alps.de\/wp-content\/uploads\/2014\/06\/Via-PanAm-Argentinien.jpg?resize=350%2C200","width":350,"height":200},"classes":[]},{"id":1033,"url":"http:\/\/my-alps.de\/?p=1033","url_meta":{"origin":383,"position":3},"title":"Werkstatt &#8211; 911 &#8211; Wurzelbehandlung am Sto\u00dfd\u00e4mpfer","date":"24. April 2014","format":"gallery","excerpt":"Nach dem wir unser lang ersehntes Paket mit den Ersatzteilen in der Hauptpost Puerto Montt in Empfang genommen haben steht einem Werkstattaufenthalt nichts mehr im Weg. Erst mu\u00df ich allerdings noch das \u201eP\u00e4ckchen\u201c durch die halbe Stadt zum Parkplatz tragen. Ich f\u00fchle mich wie ein Lastesel und bin dann doch\u2026","rel":"","context":"In &quot;News&quot;","img":{"alt_text":"","src":"https:\/\/i0.wp.com\/my-alps.de\/wp-content\/uploads\/2014\/04\/zuerst-die-Scheibe.jpg?resize=350%2C200","width":350,"height":200},"classes":[]},{"id":1752,"url":"http:\/\/my-alps.de\/?p=1752","url_meta":{"origin":383,"position":4},"title":"Baltic Pirate in Cartagena","date":"28. Oktober 2014","format":"gallery","excerpt":"So, morgen ist's soweit - wir geben das WOMO im Hafen von Cartagena ab und hoffen das es Ende November sicher in Bremerhafen ausgeladen wird. In der Zwischenzeit haben wir unser kleines Hotel bezogen, keine 5 Minuten von der wundersch\u00f6nen Altstadt von Cartagena entfernt. Karibisches Flair mit bunten H\u00e4usern, Obstst\u00e4nden\u2026","rel":"","context":"In &quot;News&quot;","img":{"alt_text":"","src":"https:\/\/i0.wp.com\/my-alps.de\/wp-content\/uploads\/2014\/10\/Cartagena-1-ce4.jpg?resize=350%2C200","width":350,"height":200},"classes":[]},{"id":499,"url":"http:\/\/my-alps.de\/?p=499","url_meta":{"origin":383,"position":5},"title":"Nobelcamping Camarones","date":"30. Dezember 2013","format":"gallery","excerpt":"'Hola ihr Lieben, Wir sind jetzt auf der H\u00e4lfte der Strecke zwischen Buenos Aires und Ushuaia hier an der K\u00fcste in Camarones gelandet. Camarones ist die heimliche Hauptstadt der Crevetten - also einer Delikatesse sozusagen. Unser Camp ist direkt am Meer und wir blicken auf die Fangflotte die aus -\u2026","rel":"","context":"In &quot;News&quot;","img":{"alt_text":"","src":"","width":0,"height":0},"classes":[]}],"_links":{"self":[{"href":"http:\/\/my-alps.de\/index.php?rest_route=\/wp\/v2\/posts\/383"}],"collection":[{"href":"http:\/\/my-alps.de\/index.php?rest_route=\/wp\/v2\/posts"}],"about":[{"href":"http:\/\/my-alps.de\/index.php?rest_route=\/wp\/v2\/types\/post"}],"author":[{"embeddable":true,"href":"http:\/\/my-alps.de\/index.php?rest_route=\/wp\/v2\/users\/1"}],"replies":[{"embeddable":true,"href":"http:\/\/my-alps.de\/index.php?rest_route=%2Fwp%2Fv2%2Fcomments&post=383"}],"version-history":[{"count":2,"href":"http:\/\/my-alps.de\/index.php?rest_route=\/wp\/v2\/posts\/383\/revisions"}],"predecessor-version":[{"id":385,"href":"http:\/\/my-alps.de\/index.php?rest_route=\/wp\/v2\/posts\/383\/revisions\/385"}],"wp:attachment":[{"href":"http:\/\/my-alps.de\/index.php?rest_route=%2Fwp%2Fv2%2Fmedia&parent=383"}],"wp:term":[{"taxonomy":"category","embeddable":true,"href":"http:\/\/my-alps.de\/index.php?rest_route=%2Fwp%2Fv2%2Fcategories&post=383"},{"taxonomy":"post_tag","embeddable":true,"href":"http:\/\/my-alps.de\/index.php?rest_route=%2Fwp%2Fv2%2Ftags&post=383"}],"curies":[{"name":"wp","href":"https:\/\/api.w.org\/{rel}","templated":true}]}}