{"id":375,"date":"2013-07-15T20:40:59","date_gmt":"2013-07-15T18:40:59","guid":{"rendered":"http:\/\/my-alps.de\/?p=375"},"modified":"2013-07-15T20:55:53","modified_gmt":"2013-07-15T18:55:53","slug":"375","status":"publish","type":"post","link":"http:\/\/my-alps.de\/?p=375","title":{"rendered":"Bastel-Wastel (oder wieso ich kein Elektriker geworden bin)"},"content":{"rendered":"<p>Ich bin euch noch die letzte Update &#8211; Phase von Boomer schuldig geblieben. (Hatte die Bilder auf einer anderen Karte und die wieder in einen anderen Foto&#8230; usw)<\/p>\n<p>Unsere Behausung hat innen langsam einen neuen Touch bekommen. Frau Hack hat die N\u00e4hmaschine maltr\u00e4tiert und meine Schreiner-Reiner F\u00e4higkeiten sind noch nicht ganz versch\u00fcttet. Eine ganze Ladung neuer Teile ist mittlerweile verbaut worden. Im Stauraum gibt es jetzt extra F\u00e4cher und die LED &#8211; L\u00e4mpchen glitzern auch freudig vor sich hin (wenn sie richtig angeschlossen sind &#8211; denn meine Liebe zum Strom ist seit meiner Kindheit etwas getr\u00fcbt als unsere alte Musikbox mir eine geh\u00f6rig &#8222;gewischt&#8220; hat. Da habe ich erstaunt festgestellt das man Strom nicht unbedingt sehen kann bevor man ihn f\u00fchlt &#8211; uuuaaachhh hat das gezappelt im Arm und in den Fingern)<br \/>\nElektriken ist also nicht so mein Ding &#8211; umso mehr bin ich froh das ich das mit den beiden Energieriegeln hinbekommen habe die uns den notwendigen Saft liefern. (Gott sei Dank sind die Solarzellen schon auf dem Dach montiert gewesen)<br \/>\nHier mein kleiner Powerschrank:<\/p>\n<div id=\"attachment_370\" style=\"width: 610px\" class=\"wp-caption aligncenter\"><a href=\"https:\/\/i0.wp.com\/my-alps.de\/wp-content\/uploads\/2013\/07\/Powerschrank-e1373912757207.jpg\"><img aria-describedby=\"caption-attachment-370\" data-attachment-id=\"370\" data-permalink=\"http:\/\/my-alps.de\/?attachment_id=370\" data-orig-file=\"https:\/\/i0.wp.com\/my-alps.de\/wp-content\/uploads\/2013\/07\/Powerschrank-e1373912757207.jpg?fit=600%2C800\" data-orig-size=\"600,800\" data-comments-opened=\"1\" data-image-meta=\"{&quot;aperture&quot;:&quot;1.8&quot;,&quot;credit&quot;:&quot;&quot;,&quot;camera&quot;:&quot;DSC-RX100&quot;,&quot;caption&quot;:&quot;&quot;,&quot;created_timestamp&quot;:&quot;1373042909&quot;,&quot;copyright&quot;:&quot;&quot;,&quot;focal_length&quot;:&quot;10.4&quot;,&quot;iso&quot;:&quot;250&quot;,&quot;shutter_speed&quot;:&quot;0.033333333333333&quot;,&quot;title&quot;:&quot;&quot;}\" data-image-title=\"Powerschrank\" data-image-description=\"\" data-image-caption=\"&lt;p&gt;Powerschrank&lt;\/p&gt;\n\" data-medium-file=\"https:\/\/i0.wp.com\/my-alps.de\/wp-content\/uploads\/2013\/07\/Powerschrank-e1373912757207.jpg?fit=225%2C300\" data-large-file=\"https:\/\/i0.wp.com\/my-alps.de\/wp-content\/uploads\/2013\/07\/Powerschrank-e1373912757207.jpg?fit=625%2C833\" loading=\"lazy\" class=\"size-full wp-image-370\" alt=\"Powerschrank\" src=\"https:\/\/i0.wp.com\/my-alps.de\/wp-content\/uploads\/2013\/07\/Powerschrank-e1373912757207.jpg?resize=600%2C800\" width=\"600\" height=\"800\" data-recalc-dims=\"1\" \/><\/a><p id=\"caption-attachment-370\" class=\"wp-caption-text\">Powerschrank<\/p><\/div>\n<p>Zwei 75 A &#8211; AGM Bootsbatterien schon fest verbaut. Vorne kommt noch ein Lochblech hin und die Klappe kann man hochklappen (wie der Name ja schon sagt).<br \/>\nDie Solarzellen haben es auch geschafft die beiden an einem Tag wieder halbwegs aufzuladen. Wenn der Motor l\u00e4uft passt das dann schon.<br \/>\nDa unsere neue Beleuchtung nur einen Bruchteil der alten Leuchten ben\u00f6tigt und wir sonst nur wenig elektrische Verbraucher haben d\u00fcrften die beiden Energieriegel vollkommen ausreichend sein. (Frau Hack kann sich halt nicht die Haare f\u00f6hnen, aber das sag&#8216; ich erst wenn wir unterwegs sind)<\/p>\n<div id=\"attachment_372\" style=\"width: 650px\" class=\"wp-caption aligncenter\"><a href=\"https:\/\/i0.wp.com\/my-alps.de\/wp-content\/uploads\/2013\/07\/Wellness-Sitzecke.jpg\"><img aria-describedby=\"caption-attachment-372\" data-attachment-id=\"372\" data-permalink=\"http:\/\/my-alps.de\/?attachment_id=372\" data-orig-file=\"https:\/\/i0.wp.com\/my-alps.de\/wp-content\/uploads\/2013\/07\/Wellness-Sitzecke.jpg?fit=640%2C480\" data-orig-size=\"640,480\" data-comments-opened=\"1\" data-image-meta=\"{&quot;aperture&quot;:&quot;1.8&quot;,&quot;credit&quot;:&quot;&quot;,&quot;camera&quot;:&quot;DSC-RX100&quot;,&quot;caption&quot;:&quot;&quot;,&quot;created_timestamp&quot;:&quot;1373057947&quot;,&quot;copyright&quot;:&quot;&quot;,&quot;focal_length&quot;:&quot;10.4&quot;,&quot;iso&quot;:&quot;125&quot;,&quot;shutter_speed&quot;:&quot;0.033333333333333&quot;,&quot;title&quot;:&quot;&quot;}\" data-image-title=\"Wellness-Sitzecke\" data-image-description=\"\" data-image-caption=\"&lt;p&gt;Wellness Lounge f\u00fcr Langzeitreisende&lt;\/p&gt;\n\" data-medium-file=\"https:\/\/i0.wp.com\/my-alps.de\/wp-content\/uploads\/2013\/07\/Wellness-Sitzecke.jpg?fit=300%2C225\" data-large-file=\"https:\/\/i0.wp.com\/my-alps.de\/wp-content\/uploads\/2013\/07\/Wellness-Sitzecke.jpg?fit=625%2C469\" loading=\"lazy\" class=\"size-full wp-image-372\" alt=\"Wellness Lounge f\u00fcr Langzeitreisende\" src=\"https:\/\/i0.wp.com\/my-alps.de\/wp-content\/uploads\/2013\/07\/Wellness-Sitzecke.jpg?resize=625%2C469\" width=\"625\" height=\"469\" srcset=\"https:\/\/i0.wp.com\/my-alps.de\/wp-content\/uploads\/2013\/07\/Wellness-Sitzecke.jpg?w=640 640w, https:\/\/i0.wp.com\/my-alps.de\/wp-content\/uploads\/2013\/07\/Wellness-Sitzecke.jpg?resize=300%2C225 300w\" sizes=\"(max-width: 625px) 100vw, 625px\" data-recalc-dims=\"1\" \/><\/a><p id=\"caption-attachment-372\" class=\"wp-caption-text\">Wellness Lounge f\u00fcr Langzeitreisende<\/p><\/div>\n<p>Sch\u00f6n &#8211; nicht wahr, da kann man es schon aushalten.<\/p>\n<p>Diese Woche kommt noch eine andere Getriebeabstufung rein und ein Dieselvorfilter mit Wasserabscheider &#8211; dann sind die meisten Umbauarbeiten abgeschlossen (und unser Konto schon sp\u00fcrbar erleichtert)<\/p>\n<p>Hier noch meine Holzarbeit mit der ich schon besser zurechtkomme.<br \/>\n(Hinten sieht man den extra Trinkwasserkanister der noch mit einem zweiten Wasserhahn angeschlossen wird &#8211; spart Platz mit den ganzen Wasserflaschen)<\/p>\n<div id=\"attachment_380\" style=\"width: 1034px\" class=\"wp-caption aligncenter\"><a href=\"https:\/\/i0.wp.com\/my-alps.de\/wp-content\/uploads\/2013\/07\/Stauraum-die-Erste.jpg\"><img aria-describedby=\"caption-attachment-380\" data-attachment-id=\"380\" data-permalink=\"http:\/\/my-alps.de\/?attachment_id=380\" data-orig-file=\"https:\/\/i0.wp.com\/my-alps.de\/wp-content\/uploads\/2013\/07\/Stauraum-die-Erste.jpg?fit=1024%2C768\" data-orig-size=\"1024,768\" data-comments-opened=\"1\" data-image-meta=\"{&quot;aperture&quot;:&quot;1.8&quot;,&quot;credit&quot;:&quot;&quot;,&quot;camera&quot;:&quot;DSC-RX100&quot;,&quot;caption&quot;:&quot;&quot;,&quot;created_timestamp&quot;:&quot;1372528847&quot;,&quot;copyright&quot;:&quot;&quot;,&quot;focal_length&quot;:&quot;10.4&quot;,&quot;iso&quot;:&quot;320&quot;,&quot;shutter_speed&quot;:&quot;0.033333333333333&quot;,&quot;title&quot;:&quot;&quot;}\" data-image-title=\"Stauraum &#8211; die Erste\" data-image-description=\"\" data-image-caption=\"&lt;p&gt;Stauraumverwaltungsarbeiten&lt;\/p&gt;\n\" data-medium-file=\"https:\/\/i0.wp.com\/my-alps.de\/wp-content\/uploads\/2013\/07\/Stauraum-die-Erste.jpg?fit=300%2C225\" data-large-file=\"https:\/\/i0.wp.com\/my-alps.de\/wp-content\/uploads\/2013\/07\/Stauraum-die-Erste.jpg?fit=625%2C469\" loading=\"lazy\" class=\"size-full wp-image-380\" alt=\"Stauraumverwaltungsarbeiten\" src=\"https:\/\/i0.wp.com\/my-alps.de\/wp-content\/uploads\/2013\/07\/Stauraum-die-Erste.jpg?resize=625%2C469\" width=\"625\" height=\"469\" srcset=\"https:\/\/i0.wp.com\/my-alps.de\/wp-content\/uploads\/2013\/07\/Stauraum-die-Erste.jpg?w=1024 1024w, https:\/\/i0.wp.com\/my-alps.de\/wp-content\/uploads\/2013\/07\/Stauraum-die-Erste.jpg?resize=300%2C225 300w\" sizes=\"(max-width: 625px) 100vw, 625px\" data-recalc-dims=\"1\" \/><\/a><p id=\"caption-attachment-380\" class=\"wp-caption-text\">Stauraumverwaltungsarbeiten<\/p><\/div>\n<p>&nbsp;<\/p>\n","protected":false},"excerpt":{"rendered":"<p>Ich bin euch noch die letzte Update &#8211; Phase von Boomer schuldig geblieben. (Hatte die Bilder auf einer anderen Karte und die wieder in einen anderen Foto&#8230; usw) Unsere Behausung hat innen langsam einen neuen Touch bekommen. Frau Hack hat die N\u00e4hmaschine maltr\u00e4tiert und meine Schreiner-Reiner F\u00e4higkeiten sind noch nicht ganz versch\u00fcttet. Eine ganze Ladung [&hellip;]<\/p>\n","protected":false},"author":1,"featured_media":0,"comment_status":"open","ping_status":"open","sticky":false,"template":"","format":"gallery","meta":{"spay_email":"","jetpack_publicize_message":"","jetpack_is_tweetstorm":false,"jetpack_publicize_feature_enabled":true},"categories":[8],"tags":[],"jetpack_featured_media_url":"","jetpack_publicize_connections":[],"jetpack_sharing_enabled":true,"jetpack_shortlink":"https:\/\/wp.me\/s6huce-375","jetpack-related-posts":[{"id":800,"url":"http:\/\/my-alps.de\/?p=800","url_meta":{"origin":375,"position":0},"title":"Genetischer Code bei M\u00e4nnchen","date":"10. M\u00e4rz 2014","format":"gallery","excerpt":"Ihr alle werdet mir zustimmen, die Frauen neigen eher zum sammeln und der Mann zum Jagen.Ich habe bei mir das mit dem Jagd-Gen schon ganz fr\u00fch entdeckt, aber wir hatten daheim einen Haushalt, da gab es ausser Essbesteck keine Waffen. (obwohl meine beiden Gro\u00dfv\u00e4ter Sch\u00fctzenk\u00f6nige waren!) Und mit einer Gabel\u2026","rel":"","context":"In &quot;unter uns&quot;","img":{"alt_text":"","src":"https:\/\/i0.wp.com\/my-alps.de\/wp-content\/uploads\/2014\/03\/Nummer-Zwei-HD.jpg?resize=350%2C200","width":350,"height":200},"classes":[]},{"id":1149,"url":"http:\/\/my-alps.de\/?p=1149","url_meta":{"origin":375,"position":1},"title":"Schlaf &#8211; St\u00f6rung","date":"19. Mai 2014","format":"gallery","excerpt":"Wenn man so auf Reisen ist, dann stellt sich jeden Tag, \u2028an dem man unterwegs ist, das gleiche Problem: Einen ruhigen und sicheren \u00dcbernachtungsplatz zu finden. Nun haben wir im letzten halben Jahr schon viele Pl\u00e4tze gefunden an denen wir \u00fcbernachtet haben. Mal mehr oder weniger ruhig,\u2028Angst hatten wir (fast)\u2026","rel":"","context":"In &quot;News&quot;","img":{"alt_text":"","src":"","width":0,"height":0},"classes":[]},{"id":1182,"url":"http:\/\/my-alps.de\/?p=1182","url_meta":{"origin":375,"position":2},"title":"\u2026.immer diese Grenzer!","date":"4. Juni 2014","format":"gallery","excerpt":"Als Angeh\u00f6riger des Schengener Abkommens ist einem der Umgang bei der Grenzabfertigung etwas abhanden gekommen. So haben wir uns bei der \u00dcberquerung der Grenze von Chile nach Argentinien am \u201ePaso Cristo Redentor\u201c von einen netten Herrn erst mal an der falschen Zollstelle anstellen lassen. Die Dame am Zoll hat flei\u00dfig\u2026","rel":"","context":"In &quot;News&quot;","img":{"alt_text":"","src":"https:\/\/i0.wp.com\/my-alps.de\/wp-content\/uploads\/2014\/06\/Via-PanAm-Argentinien.jpg?resize=350%2C200","width":350,"height":200},"classes":[]},{"id":695,"url":"http:\/\/my-alps.de\/?p=695","url_meta":{"origin":375,"position":3},"title":"Von El Calafate nach El Chalten &#8211; Fitz Roy und Cerro Torre","date":"23. Februar 2014","format":"gallery","excerpt":"Nachdem wir den Campingplatz Marke SUPERLUXUS am Lago Roca ausgiebig genossen haben, sind wir in den n\u00e4chsten Nationalpark auf unserer Route weitergezogen. Die Fahrt ging auf der Ruta 40 weiter von El Calafate Richtung Norden nach El Chalten Hier stehen die ber\u00fchmten Namen, die das Herz eines Alpinisten h\u00f6her schlagen\u2026","rel":"","context":"In &quot;News&quot;","img":{"alt_text":"","src":"https:\/\/i0.wp.com\/my-alps.de\/wp-content\/uploads\/2014\/02\/Panorama-El-Chalten-HD.jpg?resize=350%2C200","width":350,"height":200},"classes":[]},{"id":995,"url":"http:\/\/my-alps.de\/?p=995","url_meta":{"origin":375,"position":4},"title":"April, April &#8211; Halbzeit bei der Auszeit","date":"10. April 2014","format":"gallery","excerpt":"Am 11.11.2013 sind wir in Hamburg an Bord der \u201eGrande Cameroon\u201c gegangen und \u00fcber den Atlantik nach S\u00fcdamerika geschippert. Zugegeben, es war nicht immer gerade Hochstimmung mit Karneval und Fasching an Bord, aber es ist uns wirklich nicht langweilig geworden. So eine Frachterreise hat auch etwas besonderes. (Beinahe meditativ!) Nun\u2026","rel":"","context":"In &quot;News&quot;","img":{"alt_text":"","src":"","width":0,"height":0},"classes":[]},{"id":885,"url":"http:\/\/my-alps.de\/?p=885","url_meta":{"origin":375,"position":5},"title":"Cerveza artesanal","date":"26. M\u00e4rz 2014","format":"gallery","excerpt":"Ich bin ja in Kulmbach geboren und aufgewachsen, jetzt wohne ich (nach einigen Umwegen) in Bamberg. Da hat man im Laufe der Zeit einen besonderen Bezug zu Bier aufgebaut. In Puerto Montt habe ich beim Einkaufen im Supermarkt ein Regal mit \u201eLandbier\u201c entdeckt. Die musste ich unbedingt probieren, das war\u2026","rel":"","context":"In &quot;unter uns&quot;","img":{"alt_text":"","src":"https:\/\/i0.wp.com\/my-alps.de\/wp-content\/uploads\/2014\/03\/Chilenische-Bierprobe.jpg?resize=350%2C200","width":350,"height":200},"classes":[]}],"_links":{"self":[{"href":"http:\/\/my-alps.de\/index.php?rest_route=\/wp\/v2\/posts\/375"}],"collection":[{"href":"http:\/\/my-alps.de\/index.php?rest_route=\/wp\/v2\/posts"}],"about":[{"href":"http:\/\/my-alps.de\/index.php?rest_route=\/wp\/v2\/types\/post"}],"author":[{"embeddable":true,"href":"http:\/\/my-alps.de\/index.php?rest_route=\/wp\/v2\/users\/1"}],"replies":[{"embeddable":true,"href":"http:\/\/my-alps.de\/index.php?rest_route=%2Fwp%2Fv2%2Fcomments&post=375"}],"version-history":[{"count":5,"href":"http:\/\/my-alps.de\/index.php?rest_route=\/wp\/v2\/posts\/375\/revisions"}],"predecessor-version":[{"id":377,"href":"http:\/\/my-alps.de\/index.php?rest_route=\/wp\/v2\/posts\/375\/revisions\/377"}],"wp:attachment":[{"href":"http:\/\/my-alps.de\/index.php?rest_route=%2Fwp%2Fv2%2Fmedia&parent=375"}],"wp:term":[{"taxonomy":"category","embeddable":true,"href":"http:\/\/my-alps.de\/index.php?rest_route=%2Fwp%2Fv2%2Fcategories&post=375"},{"taxonomy":"post_tag","embeddable":true,"href":"http:\/\/my-alps.de\/index.php?rest_route=%2Fwp%2Fv2%2Ftags&post=375"}],"curies":[{"name":"wp","href":"https:\/\/api.w.org\/{rel}","templated":true}]}}