{"id":360,"date":"2013-07-15T12:49:00","date_gmt":"2013-07-15T10:49:00","guid":{"rendered":"http:\/\/my-alps.de\/?p=360"},"modified":"2013-07-15T20:16:44","modified_gmt":"2013-07-15T18:16:44","slug":"sippentreffen-oder-der-wilde-osten","status":"publish","type":"post","link":"http:\/\/my-alps.de\/?p=360","title":{"rendered":"Sippentreffen &#8211; oder &#8222;Der Wilde Osten&#8220;"},"content":{"rendered":"<p>So &#8211; das letzte Wochenende waren wir wieder mal in Sachen &#8222;Die Familie&#8220; unterwegs. Also war nichts mit herumbasteln an unserem Schneckenhaus. Wir sind also mal zu dem Familienteil von meinem &#8222;Stiefvater&#8220; gefahren um uns dem j\u00e4hrlichen Sippentreffen in Scharfenstein anzuschlie\u00dfen. Dieses Treffen findet jedes Jahr bei einem anderen Familienteil statt, und dieses Jahr waren die Erzgebirgler an der Reihe. Die Anreise durch den wilden Osten stand unter dem Motto: Entdecke die Langsamkeit! Denn wir sind hinter dem Wohnwagen von meiner Mutter hinterhergezockelt. Der Spritverbrauch war sensationell &#8211; die Tanknadel hat sich kaum bewegt. In Scharfenstein wurden wir erst mal f\u00fcrstlich bewirtet und der ganzen Familie vorgestellt. Danach ging es zum Hotel 3 Br\u00fcder H\u00f6he, wo wir mit unserem Boomer bequem auf einem Stellplatz stehen konnten. Echt zu empfehlen &#8211; mit privatem SPA und eigenem Schl\u00fcssel. Wenn alle Stellpl\u00e4tze in Zukunft so sauber und gut ausgestattet sind &#8211; und nur 10 Euronen kosten dann fahre ich gleich los! Nach einem guten Abendessen verbrachten wir die zweite Nacht in diesem Jahr in unserem Bus (in der Gewissheit das noch einige dazukommen werden). Am n\u00e4chsten Tag wurden wir durch das Erzgebirge gef\u00fchrt (Hallooo &#8211; isch bin de Niggoo) und erfuhren allerlei Wissenswertes \u00fcber Silberabbau und alte Hammerwerke. Nachmittags konnten wir dann noch vom Fichtelberg einen gro\u00dfartigen Rundumblick geniessen. Die dritte Nacht im WoMo war ein Genuss &#8211; sch\u00f6n ruhig und ich bin ein klein wenig stolz auf uns, weil ALLE Leuchten funktionieren und die LED-Lichtchen soooo sch\u00f6n funkeln. Am Sonntag machten wir uns dann auf die R\u00fcckreise durch die Mittelgebirge und zuckelten sch\u00f6n langsam durchs Erzgebirge und das Vogtland. In Tschechien wurden wir dann auch ganz lieb von einer schnuggeligen Maus empfangen die mir ganz toll zuwinkte. Aber Frau Hack warf mir kurz den Todesblick zu und schaute ganz schnell weg. Keine Ahnung &#8211; vielleicht hatte das M\u00e4del sich ja verfahren und brauchte Hilfe &#8211; oder ihr waren die Klamotten gestohlen worden &#8211; sie war n\u00e4mlich ziemlich knapp bekleidet (es war abe auch sch\u00f6n warm). Na ja &#8211; jedenfalls waren wir am sp\u00e4ten Nachmittag wieder zu Hause in Bamberg. Wir hatten ganz viel nette (DreiEcken) Verwandschaft kennengelernt und haben uns ganz wohl gef\u00fchlt.<\/p>\n<p>DANKE nochmals Karla und Lothar f\u00fcr euere tolle Organisation! (und das mit deinen Fu\u00dfballschuhen hat mich schon sehr besch\u00e4ftigt &#8211; Lothar)<\/p>\n<p>Ihr werdet unseren Blog bestimmt verfolgen und wir werden euch liebe Gr\u00fc\u00dfe vom anderen Ende der Welt schicken.<\/p>\n<p>Und hier noch ein paar Bilder \u00a0(von der Niggoo &#8211; Tour)<\/p>\n<div id=\"attachment_368\" style=\"width: 410px\" class=\"wp-caption aligncenter\"><a href=\"https:\/\/i0.wp.com\/my-alps.de\/wp-content\/uploads\/2013\/07\/Der-kleine-Drache-II.jpg\"><img aria-describedby=\"caption-attachment-368\" data-attachment-id=\"368\" data-permalink=\"http:\/\/my-alps.de\/?attachment_id=368\" data-orig-file=\"https:\/\/i0.wp.com\/my-alps.de\/wp-content\/uploads\/2013\/07\/Der-kleine-Drache-II.jpg?fit=400%2C300\" data-orig-size=\"400,300\" data-comments-opened=\"1\" data-image-meta=\"{&quot;aperture&quot;:&quot;0&quot;,&quot;credit&quot;:&quot;&quot;,&quot;camera&quot;:&quot;&quot;,&quot;caption&quot;:&quot;&quot;,&quot;created_timestamp&quot;:&quot;0&quot;,&quot;copyright&quot;:&quot;&quot;,&quot;focal_length&quot;:&quot;0&quot;,&quot;iso&quot;:&quot;0&quot;,&quot;shutter_speed&quot;:&quot;0&quot;,&quot;title&quot;:&quot;&quot;}\" data-image-title=\"Der kleine Drache II\" data-image-description=\"\" data-image-caption=\"&lt;p&gt;Kleiner Eisendrache&lt;\/p&gt;\n\" data-medium-file=\"https:\/\/i0.wp.com\/my-alps.de\/wp-content\/uploads\/2013\/07\/Der-kleine-Drache-II.jpg?fit=300%2C225\" data-large-file=\"https:\/\/i0.wp.com\/my-alps.de\/wp-content\/uploads\/2013\/07\/Der-kleine-Drache-II.jpg?fit=400%2C300\" loading=\"lazy\" class=\"size-full wp-image-368\" alt=\"Kleiner Eisendrache\" src=\"https:\/\/i0.wp.com\/my-alps.de\/wp-content\/uploads\/2013\/07\/Der-kleine-Drache-II.jpg?resize=400%2C300\" width=\"400\" height=\"300\" srcset=\"https:\/\/i0.wp.com\/my-alps.de\/wp-content\/uploads\/2013\/07\/Der-kleine-Drache-II.jpg?w=400 400w, https:\/\/i0.wp.com\/my-alps.de\/wp-content\/uploads\/2013\/07\/Der-kleine-Drache-II.jpg?resize=300%2C225 300w\" sizes=\"(max-width: 400px) 100vw, 400px\" data-recalc-dims=\"1\" \/><\/a><p id=\"caption-attachment-368\" class=\"wp-caption-text\">Kleiner Eisendrache<\/p><\/div>\n<p>und hier etwas zum ENTSPANNEN<\/p>\n<div id=\"attachment_369\" style=\"width: 650px\" class=\"wp-caption aligncenter\"><a href=\"https:\/\/i0.wp.com\/my-alps.de\/wp-content\/uploads\/2013\/07\/Kl\u00f6pplen.jpg\"><img aria-describedby=\"caption-attachment-369\" data-attachment-id=\"369\" data-permalink=\"http:\/\/my-alps.de\/?attachment_id=369\" data-orig-file=\"https:\/\/i0.wp.com\/my-alps.de\/wp-content\/uploads\/2013\/07\/Kl\u00f6pplen.jpg?fit=640%2C480\" data-orig-size=\"640,480\" data-comments-opened=\"1\" data-image-meta=\"{&quot;aperture&quot;:&quot;2.2&quot;,&quot;credit&quot;:&quot;&quot;,&quot;camera&quot;:&quot;DSC-RX100&quot;,&quot;caption&quot;:&quot;&quot;,&quot;created_timestamp&quot;:&quot;1373715243&quot;,&quot;copyright&quot;:&quot;&quot;,&quot;focal_length&quot;:&quot;10.4&quot;,&quot;iso&quot;:&quot;125&quot;,&quot;shutter_speed&quot;:&quot;0.01&quot;,&quot;title&quot;:&quot;&quot;}\" data-image-title=\"Kl\u00f6pplen\" data-image-description=\"\" data-image-caption=\"&lt;p&gt;Geduldsprobe &#8211; nix f\u00fcr Hektiker!&lt;\/p&gt;\n\" data-medium-file=\"https:\/\/i0.wp.com\/my-alps.de\/wp-content\/uploads\/2013\/07\/Kl\u00f6pplen.jpg?fit=300%2C225\" data-large-file=\"https:\/\/i0.wp.com\/my-alps.de\/wp-content\/uploads\/2013\/07\/Kl\u00f6pplen.jpg?fit=625%2C469\" loading=\"lazy\" class=\"size-full wp-image-369\" alt=\"Geduldsprobe - nix f\u00fcr Hektiker!\" src=\"https:\/\/i0.wp.com\/my-alps.de\/wp-content\/uploads\/2013\/07\/Kl\u00f6pplen.jpg?resize=625%2C469\" width=\"625\" height=\"469\" srcset=\"https:\/\/i0.wp.com\/my-alps.de\/wp-content\/uploads\/2013\/07\/Kl\u00f6pplen.jpg?w=640 640w, https:\/\/i0.wp.com\/my-alps.de\/wp-content\/uploads\/2013\/07\/Kl\u00f6pplen.jpg?resize=300%2C225 300w\" sizes=\"(max-width: 625px) 100vw, 625px\" data-recalc-dims=\"1\" \/><\/a><p id=\"caption-attachment-369\" class=\"wp-caption-text\">Geduldsprobe &#8211; nix f\u00fcr Hektiker!<\/p><\/div>\n<p>&nbsp;<\/p>\n","protected":false},"excerpt":{"rendered":"<p>So &#8211; das letzte Wochenende waren wir wieder mal in Sachen &#8222;Die Familie&#8220; unterwegs. Also war nichts mit herumbasteln an unserem Schneckenhaus. Wir sind also mal zu dem Familienteil von meinem &#8222;Stiefvater&#8220; gefahren um uns dem j\u00e4hrlichen Sippentreffen in Scharfenstein anzuschlie\u00dfen. Dieses Treffen findet jedes Jahr bei einem anderen Familienteil statt, und dieses Jahr waren [&hellip;]<\/p>\n","protected":false},"author":1,"featured_media":0,"comment_status":"open","ping_status":"open","sticky":false,"template":"","format":"gallery","meta":{"spay_email":"","jetpack_publicize_message":"","jetpack_is_tweetstorm":false,"jetpack_publicize_feature_enabled":true},"categories":[1],"tags":[],"jetpack_featured_media_url":"","jetpack_publicize_connections":[],"jetpack_sharing_enabled":true,"jetpack_shortlink":"https:\/\/wp.me\/p6huce-5O","jetpack-related-posts":[{"id":1773,"url":"http:\/\/my-alps.de\/?p=1773","url_meta":{"origin":360,"position":0},"title":"FAQ &#8211; und die Antworten","date":"22. November 2014","format":"gallery","excerpt":"Wir tingeln in den letzten beiden Wochen von einer Einladung zur anderen. Jeder m\u00f6chte uns sehen und fragen was wir so erlebt haben. Da nat\u00fcrlich (fast) jeder die gleichen Fragen stellt schauen uns wir manchmal selber fragend an..... ja wie war das denn? Deshalb m\u00f6chte ich die FAQ mal kurz\u2026","rel":"","context":"In &quot;News&quot;","img":{"alt_text":"","src":"https:\/\/i0.wp.com\/my-alps.de\/wp-content\/uploads\/2014\/11\/mein-Lama-und-meine-Stadt.jpg?resize=350%2C200","width":350,"height":200},"classes":[]},{"id":1149,"url":"http:\/\/my-alps.de\/?p=1149","url_meta":{"origin":360,"position":1},"title":"Schlaf &#8211; St\u00f6rung","date":"19. Mai 2014","format":"gallery","excerpt":"Wenn man so auf Reisen ist, dann stellt sich jeden Tag, \u2028an dem man unterwegs ist, das gleiche Problem: Einen ruhigen und sicheren \u00dcbernachtungsplatz zu finden. Nun haben wir im letzten halben Jahr schon viele Pl\u00e4tze gefunden an denen wir \u00fcbernachtet haben. Mal mehr oder weniger ruhig,\u2028Angst hatten wir (fast)\u2026","rel":"","context":"In &quot;News&quot;","img":{"alt_text":"","src":"","width":0,"height":0},"classes":[]},{"id":995,"url":"http:\/\/my-alps.de\/?p=995","url_meta":{"origin":360,"position":2},"title":"April, April &#8211; Halbzeit bei der Auszeit","date":"10. April 2014","format":"gallery","excerpt":"Am 11.11.2013 sind wir in Hamburg an Bord der \u201eGrande Cameroon\u201c gegangen und \u00fcber den Atlantik nach S\u00fcdamerika geschippert. Zugegeben, es war nicht immer gerade Hochstimmung mit Karneval und Fasching an Bord, aber es ist uns wirklich nicht langweilig geworden. So eine Frachterreise hat auch etwas besonderes. (Beinahe meditativ!) Nun\u2026","rel":"","context":"In &quot;News&quot;","img":{"alt_text":"","src":"","width":0,"height":0},"classes":[]},{"id":1712,"url":"http:\/\/my-alps.de\/?p=1712","url_meta":{"origin":360,"position":3},"title":"Festgefahren","date":"12. Oktober 2014","format":"gallery","excerpt":"Wir hatten bis jetzt ja immer Gl\u00fcck auf unserer gesamten Fahrt durch S\u00fcdamerika - keine Pannen und wir sind immer gut durchgekommen. Doch auf der Fahrt von Salento nach Villa de Leyva hat es uns doch mal erwischt. Es hat in der Nacht ein schweres Unwetter gegeben, und wir haben\u2026","rel":"","context":"In &quot;News&quot;","img":{"alt_text":"","src":"https:\/\/i0.wp.com\/my-alps.de\/wp-content\/uploads\/2014\/10\/es-wird-Regen-geben-ce4.jpg?resize=350%2C200","width":350,"height":200},"classes":[]},{"id":450,"url":"http:\/\/my-alps.de\/?p=450","url_meta":{"origin":360,"position":4},"title":"Das sagt sie und das meint ER (1von2)","date":"15. Dezember 2013","format":"gallery","excerpt":"Hallo, ihr ZUHAUSEgebliebenen, wir sind heute in Colonia di Sacramento angekommen und sin somit in Uruguay. Dem esten Fussballweltmeister, und wenn's nach den URU'S geht, auch dem kommenden in Brasilien. Die Bilder zu diesem Blog f\u00fcge ich sp\u00e4ter mal ein, das WIFI hier in Uruguay ist nicht so von der\u2026","rel":"","context":"In &quot;News&quot;","img":{"alt_text":"","src":"","width":0,"height":0},"classes":[]},{"id":1598,"url":"http:\/\/my-alps.de\/?p=1598","url_meta":{"origin":360,"position":5},"title":"Einreiseformalit\u00e4ten","date":"11. September 2014","format":"gallery","excerpt":"Nachdem unsere \u201eTraumstra\u00dfe\u201c wieder einer normalen\u00a0Stra\u00dfe durch ganz normales Peru gewichen ist, fahren\u00a0wir \u00fcber Jaen und St. Ignazio in Richtung Grenze nach Ecuador. Die Stra\u00dfe ist asphaltiert und gut ausgebaut, es herrscht kaum Verkehr, lediglich in den Orten und den beiden St\u00e4dten das \u00fcbliche Chaos an Taxis, Tuk-Tuk\u2019s und Ochsenkarren.\u2026","rel":"","context":"In &quot;News&quot;","img":{"alt_text":"","src":"https:\/\/i0.wp.com\/my-alps.de\/wp-content\/uploads\/2014\/09\/Grenze-Ecuador.jpg?resize=350%2C200","width":350,"height":200},"classes":[]}],"_links":{"self":[{"href":"http:\/\/my-alps.de\/index.php?rest_route=\/wp\/v2\/posts\/360"}],"collection":[{"href":"http:\/\/my-alps.de\/index.php?rest_route=\/wp\/v2\/posts"}],"about":[{"href":"http:\/\/my-alps.de\/index.php?rest_route=\/wp\/v2\/types\/post"}],"author":[{"embeddable":true,"href":"http:\/\/my-alps.de\/index.php?rest_route=\/wp\/v2\/users\/1"}],"replies":[{"embeddable":true,"href":"http:\/\/my-alps.de\/index.php?rest_route=%2Fwp%2Fv2%2Fcomments&post=360"}],"version-history":[{"count":8,"href":"http:\/\/my-alps.de\/index.php?rest_route=\/wp\/v2\/posts\/360\/revisions"}],"predecessor-version":[{"id":365,"href":"http:\/\/my-alps.de\/index.php?rest_route=\/wp\/v2\/posts\/360\/revisions\/365"}],"wp:attachment":[{"href":"http:\/\/my-alps.de\/index.php?rest_route=%2Fwp%2Fv2%2Fmedia&parent=360"}],"wp:term":[{"taxonomy":"category","embeddable":true,"href":"http:\/\/my-alps.de\/index.php?rest_route=%2Fwp%2Fv2%2Fcategories&post=360"},{"taxonomy":"post_tag","embeddable":true,"href":"http:\/\/my-alps.de\/index.php?rest_route=%2Fwp%2Fv2%2Ftags&post=360"}],"curies":[{"name":"wp","href":"https:\/\/api.w.org\/{rel}","templated":true}]}}