{"id":354,"date":"2013-07-01T20:44:03","date_gmt":"2013-07-01T18:44:03","guid":{"rendered":"http:\/\/my-alps.de\/?p=354"},"modified":"2013-07-01T20:58:29","modified_gmt":"2013-07-01T18:58:29","slug":"heute-war-unser-privater-superbowl-tag","status":"publish","type":"post","link":"http:\/\/my-alps.de\/?p=354","title":{"rendered":"Heute war unser privater SUPERBOWL &#8211; Tag"},"content":{"rendered":"<p>Hallo zusammen,<br \/>\nnach einem erfolgreichen Bastelwochenende mit der Stauraumoptimierung sowie einigen &#8222;Versch\u00f6nerungsarbeiten&#8220; f\u00fcr die Couchecke habe ich in der Kategorie &#8222;Schnellpacken&#8220; einen neuen Weltrekord aufgestellt. Frau Hack hatte heute ganz stolz ihre neue ZAK-Sch\u00fcssel mit nach Hause gebracht &#8211; ich habe mich nat\u00fcrlich sofort daran gemacht unser Campinggeschirr optimiert zu verpacken.<\/p>\n<p>Das Ergebnis:<\/p>\n<p>[codepeople-html5-media-player id=1]<\/p>\n<p>&#8230;na &#8211; da haut&#8217;s euch von den Socken &#8211; oder?<br \/>\nct<\/p>\n","protected":false},"excerpt":{"rendered":"<p>Hallo zusammen, nach einem erfolgreichen Bastelwochenende mit der Stauraumoptimierung sowie einigen &#8222;Versch\u00f6nerungsarbeiten&#8220; f\u00fcr die Couchecke habe ich in der Kategorie &#8222;Schnellpacken&#8220; einen neuen Weltrekord aufgestellt. Frau Hack hatte heute ganz stolz ihre neue ZAK-Sch\u00fcssel mit nach Hause gebracht &#8211; ich habe mich nat\u00fcrlich sofort daran gemacht unser Campinggeschirr optimiert zu verpacken. Das Ergebnis: [codepeople-html5-media-player id=1] [&hellip;]<\/p>\n","protected":false},"author":1,"featured_media":0,"comment_status":"open","ping_status":"open","sticky":false,"template":"","format":"gallery","meta":{"spay_email":"","jetpack_publicize_message":"","jetpack_is_tweetstorm":false,"jetpack_publicize_feature_enabled":true},"categories":[8],"tags":[],"jetpack_featured_media_url":"","jetpack_publicize_connections":[],"jetpack_sharing_enabled":true,"jetpack_shortlink":"https:\/\/wp.me\/p6huce-5I","jetpack-related-posts":[{"id":1447,"url":"http:\/\/my-alps.de\/?p=1447","url_meta":{"origin":354,"position":0},"title":"Sorata, das kleine Tibet in Bolivien","date":"7. August 2014","format":"gallery","excerpt":"Von La Paz aus wollten wir auf den Cerro Chacaltaya, und damit unseren ersten 5.000 er besteigen. Leider war der Wetter-Inka heute nicht soooo gut gelaunt, denn es hatte viel Neuschnee und heftigen Sturm gehabt. (Obwohl in La Paz die Kirschbl\u00fcte ausgebrochen ist!) Also mussten wir auf halber Strecke wieder\u2026","rel":"","context":"In &quot;News&quot;","img":{"alt_text":"","src":"https:\/\/i0.wp.com\/my-alps.de\/wp-content\/uploads\/2014\/08\/Valle-Sorata-I-ce4-define.jpg?resize=350%2C200","width":350,"height":200},"classes":[]},{"id":881,"url":"http:\/\/my-alps.de\/?p=881","url_meta":{"origin":354,"position":1},"title":"Puerto Montt","date":"26. M\u00e4rz 2014","format":"gallery","excerpt":"Nach 8.808 km (und wahrscheinlich ein paar mehr) die wir jetzt hier in S\u00fcdamerika unterwegs sind haben wir unserem WOMO auch mal etwas Gutes geg\u00f6nnt. Hier in Puerto Montt habe ich eine Werkstatt entdeckt die jegliche Art von Service f\u00fcr \u201egesch\u00fcttelte\u201c Autos anbietet. Wir haben uns f\u00fcr: \u00d6lwechsel und Luftfilterwechsel\u2026","rel":"","context":"In &quot;News&quot;","img":{"alt_text":"","src":"https:\/\/i0.wp.com\/my-alps.de\/wp-content\/uploads\/2014\/03\/Pisco-sour-6x6.jpg?resize=350%2C200","width":350,"height":200},"classes":[]},{"id":579,"url":"http:\/\/my-alps.de\/?p=579","url_meta":{"origin":354,"position":2},"title":"&#8211; Einschub &#8211; f\u00fcr einen Beitrag den ich noch nicht hochgeladen habe:","date":"17. Januar 2014","format":"gallery","excerpt":"Es ging ums GRILLEN: Frau Hack schrieb: Ich habe einen gro\u00dfen Bruder und der hat einen sch\u00f6nen Grill. Ist ja klar, wobei, wenn ich mich recht erinnere ist dieser nicht mal von WEBER. Das mit dem Grillen wird auch zu allen passenden und unpassenden Gelegenheiten zelebriert, und selbst bei der\u2026","rel":"","context":"In &quot;News&quot;","img":{"alt_text":"","src":"https:\/\/i0.wp.com\/my-alps.de\/wp-content\/uploads\/2014\/01\/Eduardo-mit-seiner-Vorspeise.jpg?resize=350%2C200","width":350,"height":200},"classes":[]},{"id":71,"url":"http:\/\/my-alps.de\/?p=71","url_meta":{"origin":354,"position":3},"title":"Das kommt mir Spanisch vor&#8230;","date":"14. Februar 2013","format":false,"excerpt":"Heute habe ich mal wieder in meinem Audible Account gest\u00f6bert - in der Gewissheit das 30 Tage auf See mich ziemlich langweilen werden. Zum Gl\u00fcck sammle ich jetzt schon H\u00f6rb\u00fccher. Da bin ich \u00fcber einen Spanisch H\u00f6rbuch nach Birkenbihl gestolpert - Ey hola -un huebo per pasado .... und so\u2026","rel":"","context":"In &quot;unter uns&quot;","img":{"alt_text":"","src":"","width":0,"height":0},"classes":[]},{"id":1182,"url":"http:\/\/my-alps.de\/?p=1182","url_meta":{"origin":354,"position":4},"title":"\u2026.immer diese Grenzer!","date":"4. Juni 2014","format":"gallery","excerpt":"Als Angeh\u00f6riger des Schengener Abkommens ist einem der Umgang bei der Grenzabfertigung etwas abhanden gekommen. So haben wir uns bei der \u00dcberquerung der Grenze von Chile nach Argentinien am \u201ePaso Cristo Redentor\u201c von einen netten Herrn erst mal an der falschen Zollstelle anstellen lassen. Die Dame am Zoll hat flei\u00dfig\u2026","rel":"","context":"In &quot;News&quot;","img":{"alt_text":"","src":"https:\/\/i0.wp.com\/my-alps.de\/wp-content\/uploads\/2014\/06\/Via-PanAm-Argentinien.jpg?resize=350%2C200","width":350,"height":200},"classes":[]},{"id":428,"url":"http:\/\/my-alps.de\/?p=428","url_meta":{"origin":354,"position":5},"title":"Ad\u00e4quate Ern\u00e4hrung f\u00fcr Langzeitreisende","date":"8. November 2013","format":"gallery","excerpt":"Heute sind wir in Hamburg angekommen und haben einen WOMO Stellpatz mitten in der Stadt gefunden. Na ja - ist nicht so ruhig wie in der Scheune in W'bach - aber daf\u00fcr sind es bis zum Kai an dem unser Frachter liegt nur ein paar Schritte. Wir haben unsere Ern\u00e4hrung\u2026","rel":"","context":"In &quot;News&quot;","img":{"alt_text":"","src":"","width":0,"height":0},"classes":[]}],"_links":{"self":[{"href":"http:\/\/my-alps.de\/index.php?rest_route=\/wp\/v2\/posts\/354"}],"collection":[{"href":"http:\/\/my-alps.de\/index.php?rest_route=\/wp\/v2\/posts"}],"about":[{"href":"http:\/\/my-alps.de\/index.php?rest_route=\/wp\/v2\/types\/post"}],"author":[{"embeddable":true,"href":"http:\/\/my-alps.de\/index.php?rest_route=\/wp\/v2\/users\/1"}],"replies":[{"embeddable":true,"href":"http:\/\/my-alps.de\/index.php?rest_route=%2Fwp%2Fv2%2Fcomments&post=354"}],"version-history":[{"count":4,"href":"http:\/\/my-alps.de\/index.php?rest_route=\/wp\/v2\/posts\/354\/revisions"}],"predecessor-version":[{"id":357,"href":"http:\/\/my-alps.de\/index.php?rest_route=\/wp\/v2\/posts\/354\/revisions\/357"}],"wp:attachment":[{"href":"http:\/\/my-alps.de\/index.php?rest_route=%2Fwp%2Fv2%2Fmedia&parent=354"}],"wp:term":[{"taxonomy":"category","embeddable":true,"href":"http:\/\/my-alps.de\/index.php?rest_route=%2Fwp%2Fv2%2Fcategories&post=354"},{"taxonomy":"post_tag","embeddable":true,"href":"http:\/\/my-alps.de\/index.php?rest_route=%2Fwp%2Fv2%2Ftags&post=354"}],"curies":[{"name":"wp","href":"https:\/\/api.w.org\/{rel}","templated":true}]}}