{"id":347,"date":"2013-06-22T12:35:06","date_gmt":"2013-06-22T10:35:06","guid":{"rendered":"http:\/\/my-alps.de\/?p=347"},"modified":"2013-06-25T21:08:53","modified_gmt":"2013-06-25T19:08:53","slug":"gestern-war-basteltag-oder-jean-putz-lasst-grusen","status":"publish","type":"post","link":"http:\/\/my-alps.de\/?p=347","title":{"rendered":"gestern war Basteltag &#8211; oder Jean P\u00fctz l\u00e4sst gr\u00fc\u00dfen"},"content":{"rendered":"<p>Ich bin ganz froh selbstst\u00e4ndig zu sein, denn gestern bin ich nach dem Motto:<br \/>\n&#8222;Nach EINS macht jeder seins&#8220; verfahren und habe ab Mittag, nachdem ich noch schnell auf meiner Baustelle der Schulsanierung in Eggolsheim Verwirrung stiftete, an unserem Boomer herumgebastelt. Die LED Leuchten waren im Laufe der Woche eingetroffen und REIMO hatte ein Packet in der Gr\u00f6\u00dfe eines Klaviers geliefert. (ok &#8211; der Wassertank ist halt nur verpackte Luft). Aber es war auch unser neues Tischgestell dabei. Das letzte, wir hatten es von der Firma ORTHOS geschenkt bekommen, lie\u00df sich leider nicht verriegeln und als ich auseinander baute sah ich das die untere Feder gebrochen war. Also musst ein neues her. Das Packet von REIMO enthielt deshalb noch andere \u00dcberraschungen f\u00fcr mich. Der versenkbare Tischfu\u00df aus ALU gl\u00e4nzte unversch\u00e4mt in seiner Verpackung und deshalb war wahrscheinlich der VER-Packer so geblendet, das er vergessen hatte die Schrauben und die Aufbauanleitung beizulegen. Hmmmm &#8211; 15 Mal bei REIMO versucht anzurufen und st\u00e4ndig eine nette Bandstimme am anderen Ende. Ach &#8211; was soll&#8217;s ich wollte eh&#8216; in den Baumarkt und Schalter f\u00fcr die LED Lampen besorgen. Da kann ich auch gleich ein paar Edelstahlschrauben und Sperrholzbretter mitnehmen.<br \/>\nNach 13:00 Uhr war es endlich soweit &#8211; das Werkzeug war zur OP bereitgelegt und da ich einmal als Ausbildungsberuf Tischler gelernt hatte dachte ich mir das mit dem Tisch bekomme ich ohne Problem hin. Der Hohlraumdosenbohrer fr\u00e4\u00dfte mit unheimlichen \u00c4chzen durch die 20 mm Tischlerplatte &#8211; oh &#8211; da war von unten eine Einschlagmutter &#8218;drinn, und nachdem der Akku zwischengeladen wurde war das L_O_ch sch\u00f6n kreisrund ausges\u00e4gt. Schnell den Durchmesser nochmal \u00fcberpr\u00fcft &#8211; oooochhhh neeeee &#8211; ich hab&#8216; mit 64 mm gebohrt und das ALU-Teil hat 68 mm Durchmesser. (in der Beschreibung auf der Webseite von REIMO steht 60 mm!) Na ja &#8211; eine Holzfeile her und den Rest sch\u00f6n gerade ausraspeln. Danach kam der GROSSE Moment &#8211; Tischfu\u00df passt rein. Erste H\u00fcrde geschafft. Meine restlichen Schreinerarbeiten mit den Verst\u00e4rkungsbrettern war ein Kinderspiel und die Edelstahlschrauben f\u00fcr den Tischfu\u00df waren perfekt. Zweite H\u00fcrde geschafft. Doch dann schlug der Fluch der Holl\u00e4nder zu. Der Tischfu\u00df kommt von einer Metallbaufirma aus Holland (steht leider auf der Verpackung &#8211; ihr Murkser!) &#8211; aber gebaut wurde das DING wahrscheinlich in Hinterindien ganz nah bei China. Die Passgenauigkeit grenzte schon an einen Schlosserlehrling der 75 ist und 3.8 Promille im Blut hat. Schei\u00df GLOBALISIERUNG! Also wieder zur Feile greifen und sanft entgraten und die Bohrungen f\u00fcr die Tischplatte neu bohren. Die Schiebeleisten waren dann wieder in Europa gefertigt. Allerdings hatte der Firmenchef die \u00dcbersetzung f\u00fcr seine Aufbauanleitung gespart und das kurz durch den Google-\u00dcbersetzer gejagt. Lustik su lesen waas dapei so herausgomt.<br \/>\nSchlie\u00dflich war der Tisch perfekt eingepasst und ich konnte die Tischplatte drehen &#8211; verschieben und versenken. \u00c4h Moment mal &#8211; das muss aber tiefer rein. (Zweites oooochhhh neeeeee) Die Verstellh\u00f6he die bei REIMO angegeben ist ist Wunschtraum.<br \/>\nDie Tischplatte ist ca. 4 cm zu hoch. Na ja &#8211; da find&#8216; ich schon eine L\u00f6sung &#8211; andere Baustelle!<br \/>\n(Aber ihr REIMOfritzen k\u00f6nnt euch auf eine MAIL gefasst machen!)<br \/>\nDanach g\u00f6nnte ich mir erst mal eine Beruhigungsziggi und fing mit den LED Lampen an.<br \/>\nDen Verlauf erspare ich euch &#8211; Fazit ist: Ich werde NIE Elektriker!<br \/>\nZum Gl\u00fcck hat keiner meine Flucherei so richtig mitbekommen. Aber Abends um halb 9 war es soweit: LICHT und zwar richtig gutes Licht. Und so sparsam! 1 Watt LED machen mich zur Zeit richtig gl\u00fccklich &#8211; so einfach geht das!<\/p>\n","protected":false},"excerpt":{"rendered":"<p>Ich bin ganz froh selbstst\u00e4ndig zu sein, denn gestern bin ich nach dem Motto: &#8222;Nach EINS macht jeder seins&#8220; verfahren und habe ab Mittag, nachdem ich noch schnell auf meiner Baustelle der Schulsanierung in Eggolsheim Verwirrung stiftete, an unserem Boomer herumgebastelt. Die LED Leuchten waren im Laufe der Woche eingetroffen und REIMO hatte ein Packet [&hellip;]<\/p>\n","protected":false},"author":1,"featured_media":0,"comment_status":"open","ping_status":"open","sticky":false,"template":"","format":"gallery","meta":{"spay_email":"","jetpack_publicize_message":"","jetpack_is_tweetstorm":false,"jetpack_publicize_feature_enabled":true},"categories":[8],"tags":[],"jetpack_featured_media_url":"","jetpack_publicize_connections":[],"jetpack_sharing_enabled":true,"jetpack_shortlink":"https:\/\/wp.me\/p6huce-5B","jetpack-related-posts":[{"id":1182,"url":"http:\/\/my-alps.de\/?p=1182","url_meta":{"origin":347,"position":0},"title":"\u2026.immer diese Grenzer!","date":"4. Juni 2014","format":"gallery","excerpt":"Als Angeh\u00f6riger des Schengener Abkommens ist einem der Umgang bei der Grenzabfertigung etwas abhanden gekommen. So haben wir uns bei der \u00dcberquerung der Grenze von Chile nach Argentinien am \u201ePaso Cristo Redentor\u201c von einen netten Herrn erst mal an der falschen Zollstelle anstellen lassen. Die Dame am Zoll hat flei\u00dfig\u2026","rel":"","context":"In &quot;News&quot;","img":{"alt_text":"","src":"https:\/\/i0.wp.com\/my-alps.de\/wp-content\/uploads\/2014\/06\/Via-PanAm-Argentinien.jpg?resize=350%2C200","width":350,"height":200},"classes":[]},{"id":885,"url":"http:\/\/my-alps.de\/?p=885","url_meta":{"origin":347,"position":1},"title":"Cerveza artesanal","date":"26. M\u00e4rz 2014","format":"gallery","excerpt":"Ich bin ja in Kulmbach geboren und aufgewachsen, jetzt wohne ich (nach einigen Umwegen) in Bamberg. Da hat man im Laufe der Zeit einen besonderen Bezug zu Bier aufgebaut. In Puerto Montt habe ich beim Einkaufen im Supermarkt ein Regal mit \u201eLandbier\u201c entdeckt. Die musste ich unbedingt probieren, das war\u2026","rel":"","context":"In &quot;unter uns&quot;","img":{"alt_text":"","src":"https:\/\/i0.wp.com\/my-alps.de\/wp-content\/uploads\/2014\/03\/Chilenische-Bierprobe.jpg?resize=350%2C200","width":350,"height":200},"classes":[]},{"id":806,"url":"http:\/\/my-alps.de\/?p=806","url_meta":{"origin":347,"position":2},"title":"Kalter Regenwald in Puyuhuapi","date":"10. M\u00e4rz 2014","format":"gallery","excerpt":"Hier in Chile gibt es in den Nationalparks \u201ekalten Regenwald\u201c, also richtigen, undurchdringlichen Dschungel. Nur das dieser Dschungel den riesigen Vorteil hat - es gibt so gut wie keine wilden Tiere darin! Man(n) kann also sch\u00f6n darin herumspazieren (wenn ein Pfad vorhanden ist) und sich die Sache mal n\u00e4her betrachten.\u2026","rel":"","context":"In &quot;News&quot;","img":{"alt_text":"","src":"https:\/\/i0.wp.com\/my-alps.de\/wp-content\/uploads\/2014\/03\/unsere-kleine-Farm-HD.jpg?resize=350%2C200","width":350,"height":200},"classes":[]},{"id":800,"url":"http:\/\/my-alps.de\/?p=800","url_meta":{"origin":347,"position":3},"title":"Genetischer Code bei M\u00e4nnchen","date":"10. M\u00e4rz 2014","format":"gallery","excerpt":"Ihr alle werdet mir zustimmen, die Frauen neigen eher zum sammeln und der Mann zum Jagen.Ich habe bei mir das mit dem Jagd-Gen schon ganz fr\u00fch entdeckt, aber wir hatten daheim einen Haushalt, da gab es ausser Essbesteck keine Waffen. (obwohl meine beiden Gro\u00dfv\u00e4ter Sch\u00fctzenk\u00f6nige waren!) Und mit einer Gabel\u2026","rel":"","context":"In &quot;unter uns&quot;","img":{"alt_text":"","src":"https:\/\/i0.wp.com\/my-alps.de\/wp-content\/uploads\/2014\/03\/Nummer-Zwei-HD.jpg?resize=350%2C200","width":350,"height":200},"classes":[]},{"id":695,"url":"http:\/\/my-alps.de\/?p=695","url_meta":{"origin":347,"position":4},"title":"Von El Calafate nach El Chalten &#8211; Fitz Roy und Cerro Torre","date":"23. Februar 2014","format":"gallery","excerpt":"Nachdem wir den Campingplatz Marke SUPERLUXUS am Lago Roca ausgiebig genossen haben, sind wir in den n\u00e4chsten Nationalpark auf unserer Route weitergezogen. Die Fahrt ging auf der Ruta 40 weiter von El Calafate Richtung Norden nach El Chalten Hier stehen die ber\u00fchmten Namen, die das Herz eines Alpinisten h\u00f6her schlagen\u2026","rel":"","context":"In &quot;News&quot;","img":{"alt_text":"","src":"https:\/\/i0.wp.com\/my-alps.de\/wp-content\/uploads\/2014\/02\/Panorama-El-Chalten-HD.jpg?resize=350%2C200","width":350,"height":200},"classes":[]},{"id":450,"url":"http:\/\/my-alps.de\/?p=450","url_meta":{"origin":347,"position":5},"title":"Das sagt sie und das meint ER (1von2)","date":"15. Dezember 2013","format":"gallery","excerpt":"Hallo, ihr ZUHAUSEgebliebenen, wir sind heute in Colonia di Sacramento angekommen und sin somit in Uruguay. Dem esten Fussballweltmeister, und wenn's nach den URU'S geht, auch dem kommenden in Brasilien. Die Bilder zu diesem Blog f\u00fcge ich sp\u00e4ter mal ein, das WIFI hier in Uruguay ist nicht so von der\u2026","rel":"","context":"In &quot;News&quot;","img":{"alt_text":"","src":"","width":0,"height":0},"classes":[]}],"_links":{"self":[{"href":"http:\/\/my-alps.de\/index.php?rest_route=\/wp\/v2\/posts\/347"}],"collection":[{"href":"http:\/\/my-alps.de\/index.php?rest_route=\/wp\/v2\/posts"}],"about":[{"href":"http:\/\/my-alps.de\/index.php?rest_route=\/wp\/v2\/types\/post"}],"author":[{"embeddable":true,"href":"http:\/\/my-alps.de\/index.php?rest_route=\/wp\/v2\/users\/1"}],"replies":[{"embeddable":true,"href":"http:\/\/my-alps.de\/index.php?rest_route=%2Fwp%2Fv2%2Fcomments&post=347"}],"version-history":[{"count":4,"href":"http:\/\/my-alps.de\/index.php?rest_route=\/wp\/v2\/posts\/347\/revisions"}],"predecessor-version":[{"id":349,"href":"http:\/\/my-alps.de\/index.php?rest_route=\/wp\/v2\/posts\/347\/revisions\/349"}],"wp:attachment":[{"href":"http:\/\/my-alps.de\/index.php?rest_route=%2Fwp%2Fv2%2Fmedia&parent=347"}],"wp:term":[{"taxonomy":"category","embeddable":true,"href":"http:\/\/my-alps.de\/index.php?rest_route=%2Fwp%2Fv2%2Fcategories&post=347"},{"taxonomy":"post_tag","embeddable":true,"href":"http:\/\/my-alps.de\/index.php?rest_route=%2Fwp%2Fv2%2Ftags&post=347"}],"curies":[{"name":"wp","href":"https:\/\/api.w.org\/{rel}","templated":true}]}}