{"id":329,"date":"2013-05-06T10:00:49","date_gmt":"2013-05-06T08:00:49","guid":{"rendered":"http:\/\/my-alps.de\/?p=329"},"modified":"2013-05-06T10:00:49","modified_gmt":"2013-05-06T08:00:49","slug":"ein-bild-sagt-mehr-als-1000-worte","status":"publish","type":"post","link":"http:\/\/my-alps.de\/?p=329","title":{"rendered":"Ein Bild sagt mehr als 1000 Worte&#8230;."},"content":{"rendered":"<p>Praktisch, wenn deine Lebensversch\u00f6nerungsgef\u00e4hrtin Geburtstag hat und man gemeinsam etwas vorhat &#8211; es gibt also unz\u00e4hlige Geschenkideen.<br \/>\nHier zum Beispiel:<br \/>\nNeben dem neuen Topfset f\u00fcr&#8217;s WOMO fand ich das mit am Besten &#8211; da hat sich jemand wirklich M\u00fche gegeben und die Sticknadel gewetzt.<\/p>\n<p>&nbsp;<\/p>\n<div id=\"attachment_330\" style=\"width: 814px\" class=\"wp-caption aligncenter\"><a href=\"http:\/\/my-alps.de\/?attachment_id=330\" rel=\"attachment wp-att-330\"><img aria-describedby=\"caption-attachment-330\" data-attachment-id=\"330\" data-permalink=\"http:\/\/my-alps.de\/?attachment_id=330\" data-orig-file=\"https:\/\/i0.wp.com\/my-alps.de\/wp-content\/uploads\/2013\/05\/uuuunnndd-weg.jpg?fit=804%2C480\" data-orig-size=\"804,480\" data-comments-opened=\"1\" data-image-meta=\"{&quot;aperture&quot;:&quot;0&quot;,&quot;credit&quot;:&quot;&quot;,&quot;camera&quot;:&quot;&quot;,&quot;caption&quot;:&quot;&quot;,&quot;created_timestamp&quot;:&quot;0&quot;,&quot;copyright&quot;:&quot;&quot;,&quot;focal_length&quot;:&quot;0&quot;,&quot;iso&quot;:&quot;0&quot;,&quot;shutter_speed&quot;:&quot;0&quot;,&quot;title&quot;:&quot;&quot;}\" data-image-title=\"uuuunnndd weg!\" data-image-description=\"\" data-image-caption=\"&lt;p&gt;zum Geburtstag &#8211; was selbst gebasteltes&lt;\/p&gt;\n\" data-medium-file=\"https:\/\/i0.wp.com\/my-alps.de\/wp-content\/uploads\/2013\/05\/uuuunnndd-weg.jpg?fit=300%2C179\" data-large-file=\"https:\/\/i0.wp.com\/my-alps.de\/wp-content\/uploads\/2013\/05\/uuuunnndd-weg.jpg?fit=625%2C373\" loading=\"lazy\" class=\"size-full wp-image-330\" alt=\"zum Geburtstag - was selbst gebasteltes\" src=\"https:\/\/i0.wp.com\/my-alps.de\/wp-content\/uploads\/2013\/05\/uuuunnndd-weg.jpg?resize=625%2C373\" width=\"625\" height=\"373\" srcset=\"https:\/\/i0.wp.com\/my-alps.de\/wp-content\/uploads\/2013\/05\/uuuunnndd-weg.jpg?w=804 804w, https:\/\/i0.wp.com\/my-alps.de\/wp-content\/uploads\/2013\/05\/uuuunnndd-weg.jpg?resize=300%2C179 300w\" sizes=\"(max-width: 625px) 100vw, 625px\" data-recalc-dims=\"1\" \/><\/a><p id=\"caption-attachment-330\" class=\"wp-caption-text\">zum Geburtstag &#8211; was selbst gebasteltes<\/p><\/div>\n","protected":false},"excerpt":{"rendered":"<p>Praktisch, wenn deine Lebensversch\u00f6nerungsgef\u00e4hrtin Geburtstag hat und man gemeinsam etwas vorhat &#8211; es gibt also unz\u00e4hlige Geschenkideen. Hier zum Beispiel: Neben dem neuen Topfset f\u00fcr&#8217;s WOMO fand ich das mit am Besten &#8211; da hat sich jemand wirklich M\u00fche gegeben und die Sticknadel gewetzt. &nbsp;<\/p>\n","protected":false},"author":1,"featured_media":0,"comment_status":"open","ping_status":"open","sticky":false,"template":"","format":"standard","meta":{"spay_email":"","jetpack_publicize_message":"","jetpack_is_tweetstorm":false,"jetpack_publicize_feature_enabled":true},"categories":[1],"tags":[],"jetpack_featured_media_url":"","jetpack_publicize_connections":[],"jetpack_sharing_enabled":true,"jetpack_shortlink":"https:\/\/wp.me\/p6huce-5j","jetpack-related-posts":[{"id":881,"url":"http:\/\/my-alps.de\/?p=881","url_meta":{"origin":329,"position":0},"title":"Puerto Montt","date":"26. M\u00e4rz 2014","format":"gallery","excerpt":"Nach 8.808 km (und wahrscheinlich ein paar mehr) die wir jetzt hier in S\u00fcdamerika unterwegs sind haben wir unserem WOMO auch mal etwas Gutes geg\u00f6nnt. Hier in Puerto Montt habe ich eine Werkstatt entdeckt die jegliche Art von Service f\u00fcr \u201egesch\u00fcttelte\u201c Autos anbietet. Wir haben uns f\u00fcr: \u00d6lwechsel und Luftfilterwechsel\u2026","rel":"","context":"In &quot;News&quot;","img":{"alt_text":"","src":"https:\/\/i0.wp.com\/my-alps.de\/wp-content\/uploads\/2014\/03\/Pisco-sour-6x6.jpg?resize=350%2C200","width":350,"height":200},"classes":[]},{"id":1091,"url":"http:\/\/my-alps.de\/?p=1091","url_meta":{"origin":329,"position":1},"title":"Weckruf der Mapuche Indianer","date":"4. Mai 2014","format":"gallery","excerpt":"Unser Camp am Rio Malleo, irgendwo im nirgendwo, auf dem Weg zum Vulkan Lanin lag in der N\u00e4he einer Mapuche Siedlung. Wir hatten die Schilder bei der Hin- und R\u00fcckfahrt bemerkt. Da f\u00fcr den 01. Mai sch\u00f6nes Wetter angesagt war, wollten wir den Nationalpark \u201eVolkan Lanin\u201c besuchen. Tja. wie schon\u2026","rel":"","context":"In &quot;unter uns&quot;","img":{"alt_text":"","src":"","width":0,"height":0},"classes":[]},{"id":883,"url":"http:\/\/my-alps.de\/?p=883","url_meta":{"origin":329,"position":2},"title":"Insel Chiloe\u2019","date":"26. M\u00e4rz 2014","format":"gallery","excerpt":"Die Insel Chiloe\u2019 ist von Puerto Montt auf einer gut ausgebauten Autobahn in ca. 1 1\/2 Stunden Fahrt zu erreichen. \u00dcber die Meerenge zwischen dem Festland und der Insel wird (wie in Chile \u00fcblich) mit einer offenen F\u00e4hre \u00fcbergesetzt. Die Fahrtzeit betr\u00e4gt etwa eine halbe Stunde und kostet f\u00fcr unser\u2026","rel":"","context":"In &quot;News&quot;","img":{"alt_text":"","src":"https:\/\/i0.wp.com\/my-alps.de\/wp-content\/uploads\/2014\/03\/wir-sind-auf.....jpg?resize=350%2C200","width":350,"height":200},"classes":[]},{"id":1182,"url":"http:\/\/my-alps.de\/?p=1182","url_meta":{"origin":329,"position":3},"title":"\u2026.immer diese Grenzer!","date":"4. Juni 2014","format":"gallery","excerpt":"Als Angeh\u00f6riger des Schengener Abkommens ist einem der Umgang bei der Grenzabfertigung etwas abhanden gekommen. So haben wir uns bei der \u00dcberquerung der Grenze von Chile nach Argentinien am \u201ePaso Cristo Redentor\u201c von einen netten Herrn erst mal an der falschen Zollstelle anstellen lassen. Die Dame am Zoll hat flei\u00dfig\u2026","rel":"","context":"In &quot;News&quot;","img":{"alt_text":"","src":"https:\/\/i0.wp.com\/my-alps.de\/wp-content\/uploads\/2014\/06\/Via-PanAm-Argentinien.jpg?resize=350%2C200","width":350,"height":200},"classes":[]},{"id":1097,"url":"http:\/\/my-alps.de\/?p=1097","url_meta":{"origin":329,"position":4},"title":"Happy Birthday","date":"4. Mai 2014","format":"gallery","excerpt":"Alles Gute zum Geburtstag! Ein digitaler Blumenstrau\u00df....... und es gibt C&Ampingkuchen........","rel":"","context":"In &quot;unter uns&quot;","img":{"alt_text":"","src":"https:\/\/i0.wp.com\/my-alps.de\/wp-content\/uploads\/2014\/05\/Annette-hat-Geburtstag-II.jpg?resize=350%2C200","width":350,"height":200},"classes":[]},{"id":616,"url":"http:\/\/my-alps.de\/?p=616","url_meta":{"origin":329,"position":5},"title":"Fuchzich und immer noch Kopfschmerzen&#8230;.","date":"27. Januar 2014","format":"gallery","excerpt":"Eine Woche feiern muss reichen OK, es ist n'Runder, und nachdem wir gerade auch Zeit haben wurde im WOMO-Powow beschlossen, dass wir eine Woche lang feiern - sie ist noch nicht rum und das Projekt l\u00e4uft prima, w\u00fcrde ich sagen. Feuerland ist beileibe pr\u00e4destiniert f\u00fcr solche Vorhaben. Wobei \"El Fin\u2026","rel":"","context":"In &quot;News&quot;","img":{"alt_text":"","src":"","width":0,"height":0},"classes":[]}],"_links":{"self":[{"href":"http:\/\/my-alps.de\/index.php?rest_route=\/wp\/v2\/posts\/329"}],"collection":[{"href":"http:\/\/my-alps.de\/index.php?rest_route=\/wp\/v2\/posts"}],"about":[{"href":"http:\/\/my-alps.de\/index.php?rest_route=\/wp\/v2\/types\/post"}],"author":[{"embeddable":true,"href":"http:\/\/my-alps.de\/index.php?rest_route=\/wp\/v2\/users\/1"}],"replies":[{"embeddable":true,"href":"http:\/\/my-alps.de\/index.php?rest_route=%2Fwp%2Fv2%2Fcomments&post=329"}],"version-history":[{"count":3,"href":"http:\/\/my-alps.de\/index.php?rest_route=\/wp\/v2\/posts\/329\/revisions"}],"predecessor-version":[{"id":333,"href":"http:\/\/my-alps.de\/index.php?rest_route=\/wp\/v2\/posts\/329\/revisions\/333"}],"wp:attachment":[{"href":"http:\/\/my-alps.de\/index.php?rest_route=%2Fwp%2Fv2%2Fmedia&parent=329"}],"wp:term":[{"taxonomy":"category","embeddable":true,"href":"http:\/\/my-alps.de\/index.php?rest_route=%2Fwp%2Fv2%2Fcategories&post=329"},{"taxonomy":"post_tag","embeddable":true,"href":"http:\/\/my-alps.de\/index.php?rest_route=%2Fwp%2Fv2%2Ftags&post=329"}],"curies":[{"name":"wp","href":"https:\/\/api.w.org\/{rel}","templated":true}]}}