{"id":325,"date":"2013-04-20T17:48:45","date_gmt":"2013-04-20T15:48:45","guid":{"rendered":"http:\/\/my-alps.de\/?p=325"},"modified":"2013-04-20T17:58:03","modified_gmt":"2013-04-20T15:58:03","slug":"stimmt-nicht-ganz-aber-ich-finde-es-gut","status":"publish","type":"post","link":"http:\/\/my-alps.de\/?p=325","title":{"rendered":"Stimmt nicht ganz, aber ich finde es gut"},"content":{"rendered":"<p><a href=\"https:\/\/i0.wp.com\/my-alps.de\/wp-content\/uploads\/2013\/04\/20130420-174746.jpg\"><img src=\"https:\/\/i0.wp.com\/my-alps.de\/wp-content\/uploads\/2013\/04\/20130420-174746.jpg?w=625\" alt=\"20130420-174746.jpg\" class=\"alignnone size-full\" data-recalc-dims=\"1\" \/><\/a><\/p>\n","protected":false},"excerpt":{"rendered":"","protected":false},"author":1,"featured_media":0,"comment_status":"open","ping_status":"open","sticky":false,"template":"","format":"image","meta":{"spay_email":"","jetpack_publicize_message":"","jetpack_is_tweetstorm":false,"jetpack_publicize_feature_enabled":true},"categories":[1],"tags":[],"jetpack_featured_media_url":"","jetpack_publicize_connections":[],"jetpack_sharing_enabled":true,"jetpack_shortlink":"https:\/\/wp.me\/p6huce-5f","jetpack-related-posts":[{"id":1182,"url":"http:\/\/my-alps.de\/?p=1182","url_meta":{"origin":325,"position":0},"title":"\u2026.immer diese Grenzer!","date":"4. Juni 2014","format":"gallery","excerpt":"Als Angeh\u00f6riger des Schengener Abkommens ist einem der Umgang bei der Grenzabfertigung etwas abhanden gekommen. So haben wir uns bei der \u00dcberquerung der Grenze von Chile nach Argentinien am \u201ePaso Cristo Redentor\u201c von einen netten Herrn erst mal an der falschen Zollstelle anstellen lassen. Die Dame am Zoll hat flei\u00dfig\u2026","rel":"","context":"In &quot;News&quot;","img":{"alt_text":"","src":"https:\/\/i0.wp.com\/my-alps.de\/wp-content\/uploads\/2014\/06\/Via-PanAm-Argentinien.jpg?resize=350%2C200","width":350,"height":200},"classes":[]},{"id":1697,"url":"http:\/\/my-alps.de\/?p=1697","url_meta":{"origin":325,"position":1},"title":"&#8222;La Linea&#8220; &#8211; die n\u00e4chste Herausforderung","date":"6. Oktober 2014","format":"gallery","excerpt":"Aus der W\u00fcste ging es wieder in die Berge, denn dort w\u00e4chst meine legale Droge - KAFFEE! Die erste Etappe dieser - na ja - Schleichfahrt ohne Wasser, war ja noch ganz angenehm. Es ging das Tal des Rio Magdalena in Richtung Bogota weiter nach Norden hinauf. Links immer die\u2026","rel":"","context":"In &quot;News&quot;","img":{"alt_text":"","src":"https:\/\/i0.wp.com\/my-alps.de\/wp-content\/uploads\/2014\/10\/La-Linea-3-ce4.jpg?resize=350%2C200","width":350,"height":200},"classes":[]},{"id":995,"url":"http:\/\/my-alps.de\/?p=995","url_meta":{"origin":325,"position":2},"title":"April, April &#8211; Halbzeit bei der Auszeit","date":"10. April 2014","format":"gallery","excerpt":"Am 11.11.2013 sind wir in Hamburg an Bord der \u201eGrande Cameroon\u201c gegangen und \u00fcber den Atlantik nach S\u00fcdamerika geschippert. Zugegeben, es war nicht immer gerade Hochstimmung mit Karneval und Fasching an Bord, aber es ist uns wirklich nicht langweilig geworden. So eine Frachterreise hat auch etwas besonderes. (Beinahe meditativ!) Nun\u2026","rel":"","context":"In &quot;News&quot;","img":{"alt_text":"","src":"","width":0,"height":0},"classes":[]},{"id":1093,"url":"http:\/\/my-alps.de\/?p=1093","url_meta":{"origin":325,"position":3},"title":"Die chilenische Antwort auf E-Bikes","date":"4. Mai 2014","format":"gallery","excerpt":"Beim schlendern durch Osorno sind wir in ein Viertel gekommen, in dem es ganz viele Werk- St\u00e4tten gibt. Richtige \u201eManufakturen\u201c. So auch eine, in der Fahrr\u00e4der aufgem\u00f6belt und repariert werden. Der Besitzer hat wohl von der E-Bike Welle in Europa Wind bekommen uns sich gedacht: \u201eWir Chilenen, wir k\u00f6nnen das\u2026","rel":"","context":"In &quot;News&quot;","img":{"alt_text":"","src":"https:\/\/i0.wp.com\/my-alps.de\/wp-content\/uploads\/2014\/05\/Die-chilenische-Antwort-auf-E-Bikes-II-sw.jpg?resize=350%2C200","width":350,"height":200},"classes":[]},{"id":806,"url":"http:\/\/my-alps.de\/?p=806","url_meta":{"origin":325,"position":4},"title":"Kalter Regenwald in Puyuhuapi","date":"10. M\u00e4rz 2014","format":"gallery","excerpt":"Hier in Chile gibt es in den Nationalparks \u201ekalten Regenwald\u201c, also richtigen, undurchdringlichen Dschungel. Nur das dieser Dschungel den riesigen Vorteil hat - es gibt so gut wie keine wilden Tiere darin! Man(n) kann also sch\u00f6n darin herumspazieren (wenn ein Pfad vorhanden ist) und sich die Sache mal n\u00e4her betrachten.\u2026","rel":"","context":"In &quot;News&quot;","img":{"alt_text":"","src":"https:\/\/i0.wp.com\/my-alps.de\/wp-content\/uploads\/2014\/03\/unsere-kleine-Farm-HD.jpg?resize=350%2C200","width":350,"height":200},"classes":[]},{"id":1533,"url":"http:\/\/my-alps.de\/?p=1533","url_meta":{"origin":325,"position":5},"title":"Nazca &#8211; die W\u00fcste mal von oben betrachtet","date":"26. August 2014","format":"gallery","excerpt":"Wir waren nun auf unserer Reise nach Norden auch in Nazca (oder Nasca) - es existieren verschiedene Schreibformen. Wir wollten uns die ber\u00fchmten Nazca-Linien mal von oben betrachten, da sich von der Aussichtsplattform an der Panamericana nur ein kleiner Teil sehen l\u00e4sst. So haben wir uns einen Flug in einer\u2026","rel":"","context":"In &quot;News&quot;","img":{"alt_text":"","src":"https:\/\/i0.wp.com\/my-alps.de\/wp-content\/uploads\/2014\/08\/Die-Spinne-sw.jpg?resize=350%2C200","width":350,"height":200},"classes":[]}],"_links":{"self":[{"href":"http:\/\/my-alps.de\/index.php?rest_route=\/wp\/v2\/posts\/325"}],"collection":[{"href":"http:\/\/my-alps.de\/index.php?rest_route=\/wp\/v2\/posts"}],"about":[{"href":"http:\/\/my-alps.de\/index.php?rest_route=\/wp\/v2\/types\/post"}],"author":[{"embeddable":true,"href":"http:\/\/my-alps.de\/index.php?rest_route=\/wp\/v2\/users\/1"}],"replies":[{"embeddable":true,"href":"http:\/\/my-alps.de\/index.php?rest_route=%2Fwp%2Fv2%2Fcomments&post=325"}],"version-history":[{"count":2,"href":"http:\/\/my-alps.de\/index.php?rest_route=\/wp\/v2\/posts\/325\/revisions"}],"predecessor-version":[{"id":328,"href":"http:\/\/my-alps.de\/index.php?rest_route=\/wp\/v2\/posts\/325\/revisions\/328"}],"wp:attachment":[{"href":"http:\/\/my-alps.de\/index.php?rest_route=%2Fwp%2Fv2%2Fmedia&parent=325"}],"wp:term":[{"taxonomy":"category","embeddable":true,"href":"http:\/\/my-alps.de\/index.php?rest_route=%2Fwp%2Fv2%2Fcategories&post=325"},{"taxonomy":"post_tag","embeddable":true,"href":"http:\/\/my-alps.de\/index.php?rest_route=%2Fwp%2Fv2%2Ftags&post=325"}],"curies":[{"name":"wp","href":"https:\/\/api.w.org\/{rel}","templated":true}]}}