{"id":311,"date":"2013-04-04T13:54:45","date_gmt":"2013-04-04T11:54:45","guid":{"rendered":"http:\/\/my-alps.de\/?p=311"},"modified":"2013-04-04T14:19:03","modified_gmt":"2013-04-04T12:19:03","slug":"finale-phase-bei-orthos","status":"publish","type":"post","link":"http:\/\/my-alps.de\/?p=311","title":{"rendered":"finale Phase bei &#8222;orthos&#8220;"},"content":{"rendered":"<p>Bei der Firma &#8222;Orthos&#8220; geht es mit gro\u00dfen Schritten voran um unsere mobile Behausung fertig zu stellen. Der Hecktr\u00e4ger f\u00fcr die beiden Ersatzr\u00e4der &#8211; eine Spezialkonstruktion zum schwenken &#8211; weil sich unsere Heckklappe zwecks der besseren Aussicht aufklappen l\u00e4sst &#8211; wird gerade montiert. Bin schon gespannt!<br \/>\nDie neue Lichtmaschinensteuerung (sch\u00f6nes Wort!) um mehr Leistung auf die Wohnraumbatterie zu bringen wird uns in den Weiten von Patagonien unabh\u00e4ngig von Landstrom machen und unsere Batterie &#8230;..schwuppps wieder aufladen.<br \/>\nVon der Firma V\u00f6lkner ist heute auch ein Paket gekommen mit unseren LED &#8211; Leuchten<br \/>\nf\u00fcr den Innenraum. (Der Akkuschrauber zuckt schon ungeduldig).<br \/>\nWenn wir unser Mobil von der Firma Orthos zur\u00fcckbekommen werden wir mit der \u00dcberarbeitung des Innenraumes beginnen.<\/p>\n<div id=\"attachment_316\" style=\"width: 265px\" class=\"wp-caption aligncenter\"><a href=\"http:\/\/my-alps.de\/?attachment_id=316\" rel=\"attachment wp-att-316\"><img aria-describedby=\"caption-attachment-316\" data-attachment-id=\"316\" data-permalink=\"http:\/\/my-alps.de\/?attachment_id=316\" data-orig-file=\"https:\/\/i0.wp.com\/my-alps.de\/wp-content\/uploads\/2013\/04\/heckklappe.jpg?fit=255%2C291\" data-orig-size=\"255,291\" data-comments-opened=\"1\" data-image-meta=\"{&quot;aperture&quot;:&quot;3.5&quot;,&quot;credit&quot;:&quot;&quot;,&quot;camera&quot;:&quot;PENTAX Optio WG-1 GPS&quot;,&quot;caption&quot;:&quot;&quot;,&quot;created_timestamp&quot;:&quot;1360774864&quot;,&quot;copyright&quot;:&quot;&quot;,&quot;focal_length&quot;:&quot;5&quot;,&quot;iso&quot;:&quot;80&quot;,&quot;shutter_speed&quot;:&quot;0.016666666666667&quot;,&quot;title&quot;:&quot;&quot;}\" data-image-title=\"heckklappe\" data-image-description=\"&lt;p&gt;&#8230;so sieht unser Mobil noch ohne Hecktr\u00e4ger aus&#8230;.&lt;\/p&gt;\n\" data-image-caption=\"\" data-medium-file=\"https:\/\/i0.wp.com\/my-alps.de\/wp-content\/uploads\/2013\/04\/heckklappe.jpg?fit=255%2C291\" data-large-file=\"https:\/\/i0.wp.com\/my-alps.de\/wp-content\/uploads\/2013\/04\/heckklappe.jpg?fit=255%2C291\" loading=\"lazy\" class=\"size-full wp-image-316\" title=\"heckklappe\" alt=\"\" src=\"https:\/\/i0.wp.com\/my-alps.de\/wp-content\/uploads\/2013\/04\/heckklappe.jpg?resize=255%2C291\" width=\"255\" height=\"291\" data-recalc-dims=\"1\" \/><\/a><p id=\"caption-attachment-316\" class=\"wp-caption-text\">&#8230;so sieht unser Mobil noch ohne Hecktr\u00e4ger aus&#8230;.<\/p><\/div>\n","protected":false},"excerpt":{"rendered":"<p>Bei der Firma &#8222;Orthos&#8220; geht es mit gro\u00dfen Schritten voran um unsere mobile Behausung fertig zu stellen. Der Hecktr\u00e4ger f\u00fcr die beiden Ersatzr\u00e4der &#8211; eine Spezialkonstruktion zum schwenken &#8211; weil sich unsere Heckklappe zwecks der besseren Aussicht aufklappen l\u00e4sst &#8211; wird gerade montiert. Bin schon gespannt! Die neue Lichtmaschinensteuerung (sch\u00f6nes Wort!) um mehr Leistung auf [&hellip;]<\/p>\n","protected":false},"author":1,"featured_media":0,"comment_status":"open","ping_status":"open","sticky":false,"template":"","format":"standard","meta":{"spay_email":"","jetpack_publicize_message":"","jetpack_is_tweetstorm":false,"jetpack_publicize_feature_enabled":true},"categories":[8],"tags":[],"jetpack_featured_media_url":"","jetpack_publicize_connections":[],"jetpack_sharing_enabled":true,"jetpack_shortlink":"https:\/\/wp.me\/p6huce-51","jetpack-related-posts":[{"id":347,"url":"http:\/\/my-alps.de\/?p=347","url_meta":{"origin":311,"position":0},"title":"gestern war Basteltag &#8211; oder Jean P\u00fctz l\u00e4sst gr\u00fc\u00dfen","date":"22. Juni 2013","format":"gallery","excerpt":"Ich bin ganz froh selbstst\u00e4ndig zu sein, denn gestern bin ich nach dem Motto: \"Nach EINS macht jeder seins\" verfahren und habe ab Mittag, nachdem ich noch schnell auf meiner Baustelle der Schulsanierung in Eggolsheim Verwirrung stiftete, an unserem Boomer herumgebastelt. Die LED Leuchten waren im Laufe der Woche eingetroffen\u2026","rel":"","context":"In &quot;Wohnmobil&quot;","img":{"alt_text":"","src":"","width":0,"height":0},"classes":[]},{"id":425,"url":"http:\/\/my-alps.de\/?p=425","url_meta":{"origin":311,"position":1},"title":"Verschoben ist nicht aufgehoben","date":"6. November 2013","format":"gallery","excerpt":"Jetzt sind wir soweit - alles fertig! Wir haben p\u00fcnktlich unsere Wohnung zusammengepackt und f\u00fcr unsere Zwischenmieter freigemacht. Unser WOMO ist einsatzbereit. In den letzten Wochen hatten wir noch einige Bastelarbeiten zu erledigen. Die Firma SMV, die unsere Luftfeder hergestellt hat lie\u00df uns eine spezielle Erh\u00f6hungsplatte fertigen um das Seikel\u2026","rel":"","context":"In &quot;News&quot;","img":{"alt_text":"","src":"","width":0,"height":0},"classes":[]},{"id":338,"url":"http:\/\/my-alps.de\/?p=338","url_meta":{"origin":311,"position":2},"title":"mal wieder was von der Ausr\u00fcstungsseite&#8230;.","date":"20. Juni 2013","format":false,"excerpt":"Tja, erst mal ENTSCHULDIGUNG! Hatte in der letzten Zeit einfach keine Mu\u00dfe unsere Seite weiter zu bearbeiten. Es ist viel zu organisieren, zu telefonieren und der Broterwerb h\u00e4lt einen auch noch auf Trab....... Apropos Brot: unsere Ausr\u00fcstungsbox hat in der letzten Zeit einigen Zuwachs bekommen. Wir haben den Paketdienst ganz\u2026","rel":"","context":"In &quot;News&quot;","img":{"alt_text":"","src":"https:\/\/i0.wp.com\/my-alps.de\/wp-content\/uploads\/2013\/06\/erstes-Brot.jpg?resize=350%2C200","width":350,"height":200},"classes":[]},{"id":881,"url":"http:\/\/my-alps.de\/?p=881","url_meta":{"origin":311,"position":3},"title":"Puerto Montt","date":"26. M\u00e4rz 2014","format":"gallery","excerpt":"Nach 8.808 km (und wahrscheinlich ein paar mehr) die wir jetzt hier in S\u00fcdamerika unterwegs sind haben wir unserem WOMO auch mal etwas Gutes geg\u00f6nnt. Hier in Puerto Montt habe ich eine Werkstatt entdeckt die jegliche Art von Service f\u00fcr \u201egesch\u00fcttelte\u201c Autos anbietet. Wir haben uns f\u00fcr: \u00d6lwechsel und Luftfilterwechsel\u2026","rel":"","context":"In &quot;News&quot;","img":{"alt_text":"","src":"https:\/\/i0.wp.com\/my-alps.de\/wp-content\/uploads\/2014\/03\/Pisco-sour-6x6.jpg?resize=350%2C200","width":350,"height":200},"classes":[]},{"id":1390,"url":"http:\/\/my-alps.de\/?p=1390","url_meta":{"origin":311,"position":4},"title":"von Uyuni nach Cochabamba (Teil 1)","date":"24. Juli 2014","format":"gallery","excerpt":"Unsere Route durch Bolivien f\u00fchrt uns von Uyuni \u00fcber Potosi und Sucre weiter nach Cochabamba. Die Strecke f\u00fchrt durch\u2019s bolivianische Altiplano. Das Altiplano liegt eingebettet zwischen den westlichen und den \u00f6stlichen Kordilleren. Hier ist die \u201eBesiedlungsdichte\u201c am gr\u00f6ssten und mit Potosi und Sucre liegen zwei grosse St\u00e4dte auf unserem Weg.\u2026","rel":"","context":"In &quot;News&quot;","img":{"alt_text":"","src":"https:\/\/i0.wp.com\/my-alps.de\/wp-content\/uploads\/2014\/07\/hilft-bestimmt-ce4.jpg?resize=350%2C200","width":350,"height":200},"classes":[]},{"id":450,"url":"http:\/\/my-alps.de\/?p=450","url_meta":{"origin":311,"position":5},"title":"Das sagt sie und das meint ER (1von2)","date":"15. Dezember 2013","format":"gallery","excerpt":"Hallo, ihr ZUHAUSEgebliebenen, wir sind heute in Colonia di Sacramento angekommen und sin somit in Uruguay. Dem esten Fussballweltmeister, und wenn's nach den URU'S geht, auch dem kommenden in Brasilien. Die Bilder zu diesem Blog f\u00fcge ich sp\u00e4ter mal ein, das WIFI hier in Uruguay ist nicht so von der\u2026","rel":"","context":"In &quot;News&quot;","img":{"alt_text":"","src":"","width":0,"height":0},"classes":[]}],"_links":{"self":[{"href":"http:\/\/my-alps.de\/index.php?rest_route=\/wp\/v2\/posts\/311"}],"collection":[{"href":"http:\/\/my-alps.de\/index.php?rest_route=\/wp\/v2\/posts"}],"about":[{"href":"http:\/\/my-alps.de\/index.php?rest_route=\/wp\/v2\/types\/post"}],"author":[{"embeddable":true,"href":"http:\/\/my-alps.de\/index.php?rest_route=\/wp\/v2\/users\/1"}],"replies":[{"embeddable":true,"href":"http:\/\/my-alps.de\/index.php?rest_route=%2Fwp%2Fv2%2Fcomments&post=311"}],"version-history":[{"count":6,"href":"http:\/\/my-alps.de\/index.php?rest_route=\/wp\/v2\/posts\/311\/revisions"}],"predecessor-version":[{"id":313,"href":"http:\/\/my-alps.de\/index.php?rest_route=\/wp\/v2\/posts\/311\/revisions\/313"}],"wp:attachment":[{"href":"http:\/\/my-alps.de\/index.php?rest_route=%2Fwp%2Fv2%2Fmedia&parent=311"}],"wp:term":[{"taxonomy":"category","embeddable":true,"href":"http:\/\/my-alps.de\/index.php?rest_route=%2Fwp%2Fv2%2Fcategories&post=311"},{"taxonomy":"post_tag","embeddable":true,"href":"http:\/\/my-alps.de\/index.php?rest_route=%2Fwp%2Fv2%2Ftags&post=311"}],"curies":[{"name":"wp","href":"https:\/\/api.w.org\/{rel}","templated":true}]}}