{"id":286,"date":"2013-04-01T19:42:25","date_gmt":"2013-04-01T17:42:25","guid":{"rendered":"http:\/\/my-alps.de\/?p=286"},"modified":"2013-04-01T19:45:40","modified_gmt":"2013-04-01T17:45:40","slug":"ostern-oder-tour-de-franken","status":"publish","type":"post","link":"http:\/\/my-alps.de\/?p=286","title":{"rendered":"Ostern &#8211; oder &#8222;Tour de Franken&#8220;"},"content":{"rendered":"<p>Geschafft &#8211; es ist Montag Abend und 19:30 Uhr. Wir sind zur\u00fcck. Nester ausgeraubt, Braten vertilgt und mit alter Pflaume aus dem Holzfass ver&#8220;brannt&#8220;. Diese Ostern war echt anstrengend. Schade &#8211; ich glaube ich br\u00e4uchte noch eine Woche Urlaub und freue mich auf&#8217;s Radfahren.<\/p>\n<p>ct<\/p>\n","protected":false},"excerpt":{"rendered":"<p>Geschafft &#8211; es ist Montag Abend und 19:30 Uhr. Wir sind zur\u00fcck. Nester ausgeraubt, Braten vertilgt und mit alter Pflaume aus dem Holzfass ver&#8220;brannt&#8220;. Diese Ostern war echt anstrengend. Schade &#8211; ich glaube ich br\u00e4uchte noch eine Woche Urlaub und freue mich auf&#8217;s Radfahren. ct<\/p>\n","protected":false},"author":1,"featured_media":0,"comment_status":"open","ping_status":"open","sticky":false,"template":"","format":"standard","meta":{"spay_email":"","jetpack_publicize_message":"","jetpack_is_tweetstorm":false,"jetpack_publicize_feature_enabled":true},"categories":[9],"tags":[],"jetpack_featured_media_url":"","jetpack_publicize_connections":[],"jetpack_sharing_enabled":true,"jetpack_shortlink":"https:\/\/wp.me\/p6huce-4C","jetpack-related-posts":[{"id":1033,"url":"http:\/\/my-alps.de\/?p=1033","url_meta":{"origin":286,"position":0},"title":"Werkstatt &#8211; 911 &#8211; Wurzelbehandlung am Sto\u00dfd\u00e4mpfer","date":"24. April 2014","format":"gallery","excerpt":"Nach dem wir unser lang ersehntes Paket mit den Ersatzteilen in der Hauptpost Puerto Montt in Empfang genommen haben steht einem Werkstattaufenthalt nichts mehr im Weg. Erst mu\u00df ich allerdings noch das \u201eP\u00e4ckchen\u201c durch die halbe Stadt zum Parkplatz tragen. Ich f\u00fchle mich wie ein Lastesel und bin dann doch\u2026","rel":"","context":"In &quot;News&quot;","img":{"alt_text":"","src":"https:\/\/i0.wp.com\/my-alps.de\/wp-content\/uploads\/2014\/04\/zuerst-die-Scheibe.jpg?resize=350%2C200","width":350,"height":200},"classes":[]},{"id":1026,"url":"http:\/\/my-alps.de\/?p=1026","url_meta":{"origin":286,"position":1},"title":"Frohe Ostern","date":"20. April 2014","format":"gallery","excerpt":"Hallo - liebe Leute, wir feiern heute Ostern einmal auf etwas andere Art. Hier in Chile kommt nicht der Osterhase und versteckt die Nester f\u00fcr die braven Kinder, nein hier kommt der Osterpingui. Da die Osterhasen die Zeitverschiebung von Europa nach Chile nicht verkraften, sie leiden f\u00fcrchterlich unter Jetlag, haben\u2026","rel":"","context":"In &quot;News&quot;","img":{"alt_text":"","src":"","width":0,"height":0},"classes":[]},{"id":275,"url":"http:\/\/my-alps.de\/?p=275","url_meta":{"origin":286,"position":2},"title":"Ostersonntag","date":"31. M\u00e4rz 2013","format":"image","excerpt":"Auf unserer Tour durch Franken haben wir die erste Etappe wohl \u00fcberstanden und freuen uns auf rote Ostereier.","rel":"","context":"In &quot;News&quot;","img":{"alt_text":"","src":"https:\/\/i0.wp.com\/my-alps.de\/wp-content\/uploads\/2013\/03\/20130331-090227.jpg?fit=914%2C1024&resize=350%2C200","width":350,"height":200},"classes":[]},{"id":1035,"url":"http:\/\/my-alps.de\/?p=1035","url_meta":{"origin":286,"position":3},"title":"\u201eSuper Mario\u201c","date":"24. April 2014","format":"gallery","excerpt":"Wer kennt es nicht, das legend\u00e4re Spiel: \u201eSuper Mario\u201c? Genauso ist Mario, ein Mann f\u00fcr alle F\u00e4lle. Er hilft und unterst\u00fctzt uns wo es nur geht, er ist ein eingefleischter VW-Wohnmobil Fan und seiner geheimen Garage finden sich einige sch\u00f6ne Karmann Wohnmobile. Er hat auch einen T3 - Syncro und\u2026","rel":"","context":"In &quot;News&quot;","img":{"alt_text":"Mario's \"Super\" Rinder","src":"https:\/\/i0.wp.com\/my-alps.de\/wp-content\/uploads\/2014\/04\/Kalb-2-6x6-ce4.jpg?resize=350%2C200","width":350,"height":200},"classes":[]},{"id":1231,"url":"http:\/\/my-alps.de\/?p=1231","url_meta":{"origin":286,"position":4},"title":"La Difunta Correa &#8211; oder, der kaputte Keilriemen&#8230;","date":"15. Juni 2014","format":"gallery","excerpt":"Vallecito, in der N\u00e4he von San Juan - ein kleiner Punkt auf der Landkarte in Argentinien, doch (nahezu) jeder kennt diesen Ort. Hier spielen sich Tag f\u00fcr Tag r\u00fchrende Szenen aus dem Leben des (autofahrenden) Menschen ab. \u201eLa difunta Correa\u201c, die verstobene Correa, ist ein besonderer Wallfahrtsort. 1841 soll Deolinda\u2026","rel":"","context":"In &quot;News&quot;","img":{"alt_text":"","src":"https:\/\/i0.wp.com\/my-alps.de\/wp-content\/uploads\/2014\/06\/La-Difunta-Correa-II.jpg?resize=350%2C200","width":350,"height":200},"classes":[]},{"id":800,"url":"http:\/\/my-alps.de\/?p=800","url_meta":{"origin":286,"position":5},"title":"Genetischer Code bei M\u00e4nnchen","date":"10. M\u00e4rz 2014","format":"gallery","excerpt":"Ihr alle werdet mir zustimmen, die Frauen neigen eher zum sammeln und der Mann zum Jagen.Ich habe bei mir das mit dem Jagd-Gen schon ganz fr\u00fch entdeckt, aber wir hatten daheim einen Haushalt, da gab es ausser Essbesteck keine Waffen. (obwohl meine beiden Gro\u00dfv\u00e4ter Sch\u00fctzenk\u00f6nige waren!) Und mit einer Gabel\u2026","rel":"","context":"In &quot;unter uns&quot;","img":{"alt_text":"","src":"https:\/\/i0.wp.com\/my-alps.de\/wp-content\/uploads\/2014\/03\/Nummer-Zwei-HD.jpg?resize=350%2C200","width":350,"height":200},"classes":[]}],"_links":{"self":[{"href":"http:\/\/my-alps.de\/index.php?rest_route=\/wp\/v2\/posts\/286"}],"collection":[{"href":"http:\/\/my-alps.de\/index.php?rest_route=\/wp\/v2\/posts"}],"about":[{"href":"http:\/\/my-alps.de\/index.php?rest_route=\/wp\/v2\/types\/post"}],"author":[{"embeddable":true,"href":"http:\/\/my-alps.de\/index.php?rest_route=\/wp\/v2\/users\/1"}],"replies":[{"embeddable":true,"href":"http:\/\/my-alps.de\/index.php?rest_route=%2Fwp%2Fv2%2Fcomments&post=286"}],"version-history":[{"count":2,"href":"http:\/\/my-alps.de\/index.php?rest_route=\/wp\/v2\/posts\/286\/revisions"}],"predecessor-version":[{"id":290,"href":"http:\/\/my-alps.de\/index.php?rest_route=\/wp\/v2\/posts\/286\/revisions\/290"}],"wp:attachment":[{"href":"http:\/\/my-alps.de\/index.php?rest_route=%2Fwp%2Fv2%2Fmedia&parent=286"}],"wp:term":[{"taxonomy":"category","embeddable":true,"href":"http:\/\/my-alps.de\/index.php?rest_route=%2Fwp%2Fv2%2Fcategories&post=286"},{"taxonomy":"post_tag","embeddable":true,"href":"http:\/\/my-alps.de\/index.php?rest_route=%2Fwp%2Fv2%2Ftags&post=286"}],"curies":[{"name":"wp","href":"https:\/\/api.w.org\/{rel}","templated":true}]}}