{"id":230,"date":"2013-03-30T23:40:04","date_gmt":"2013-03-30T22:40:04","guid":{"rendered":"http:\/\/my-alps.de\/?p=230"},"modified":"2013-03-30T23:52:23","modified_gmt":"2013-03-30T22:52:23","slug":"tschampa-fii-und-latschenkiefercreme","status":"publish","type":"post","link":"http:\/\/my-alps.de\/?p=230","title":{"rendered":"Tschampa Fii und Latschenkiefercreme"},"content":{"rendered":"<p>So &#8211; sitze wieder mal mit meinem Senior zusammen und &#8222;filosofieren&#8220; \u00fcber alte Zeiten.<br \/>\nDa gab es doch fr\u00fcher das &#8220; Tschampa Fii&#8220; macht sch\u00f6n braun und pflegt die Haut &#8211; hatten wir fr\u00fcher zum Skitouren gehen. Und Latschenkiefercreme &#8211; ich erinnere mich an Evi und ihre etwas irritierte Haut nach der Benutzung in Frankreich beim Skifahren. Hallo Pap&#8217;s da gibt es das IPad und das Internet. Keine 2 Minuten sp\u00e4ter &#8211; es gibt beides noch &#8211; zwar nicht mehr in der sportlichen Ecke sondern etwas esoterisch angehaucht &#8211; aber das Leben geht halt weiter &#8211; und in gewissen Ma\u00dfe waren wir auch esoterisch unterwegs mit unseren Oldscool Skiern und Keilhosen. So nur noch die Kreditkarte freischalten und die Bestellung aufgeben. Bin mal gespannt auf das Geschrei beim n\u00e4chsten Geburtstag &#8211; he &#8211; toll &#8211; Super ( geil und lol gab es noch nicht!!!)<br \/>\nLinks kommen online<br \/>\nct<\/p>\n","protected":false},"excerpt":{"rendered":"<p>So &#8211; sitze wieder mal mit meinem Senior zusammen und &#8222;filosofieren&#8220; \u00fcber alte Zeiten. Da gab es doch fr\u00fcher das &#8220; Tschampa Fii&#8220; macht sch\u00f6n braun und pflegt die Haut &#8211; hatten wir fr\u00fcher zum Skitouren gehen. Und Latschenkiefercreme &#8211; ich erinnere mich an Evi und ihre etwas irritierte Haut nach der Benutzung in Frankreich [&hellip;]<\/p>\n","protected":false},"author":1,"featured_media":0,"comment_status":"open","ping_status":"open","sticky":false,"template":"","format":"standard","meta":{"spay_email":"","jetpack_publicize_message":"","jetpack_is_tweetstorm":false,"jetpack_publicize_feature_enabled":true},"categories":[9],"tags":[],"jetpack_featured_media_url":"","jetpack_publicize_connections":[],"jetpack_sharing_enabled":true,"jetpack_shortlink":"https:\/\/wp.me\/p6huce-3I","jetpack-related-posts":[{"id":1156,"url":"http:\/\/my-alps.de\/?p=1156","url_meta":{"origin":230,"position":0},"title":"Schnipp &#8211; Schnapp und Haare ab","date":"20. Mai 2014","format":"gallery","excerpt":"Wir haben uns mal etwas ganz besonderes geg\u00f6nnt! Wir waren beim Fris\u00f6r. Im Salon \"Yanet\" - ging ganz schnell und schmerzfrei. Ich war ja mittlerweile schon zwei mal bei der: \"Homecuttingcrew\", aber es musste mal wieder etwas Form in den Sch\u00e4del gebracht werden und bei Frau H. gab es auch\u2026","rel":"","context":"In &quot;News&quot;","img":{"alt_text":"beim Fris\u00c3\u00b6r mit Badem\u00c3\u00bctze","src":"https:\/\/i0.wp.com\/my-alps.de\/wp-content\/uploads\/2014\/05\/beim-Fris\u00c3\u00b6r-1.jpg?resize=350%2C200","width":350,"height":200},"classes":[]},{"id":1091,"url":"http:\/\/my-alps.de\/?p=1091","url_meta":{"origin":230,"position":1},"title":"Weckruf der Mapuche Indianer","date":"4. Mai 2014","format":"gallery","excerpt":"Unser Camp am Rio Malleo, irgendwo im nirgendwo, auf dem Weg zum Vulkan Lanin lag in der N\u00e4he einer Mapuche Siedlung. Wir hatten die Schilder bei der Hin- und R\u00fcckfahrt bemerkt. Da f\u00fcr den 01. Mai sch\u00f6nes Wetter angesagt war, wollten wir den Nationalpark \u201eVolkan Lanin\u201c besuchen. Tja. wie schon\u2026","rel":"","context":"In &quot;unter uns&quot;","img":{"alt_text":"","src":"","width":0,"height":0},"classes":[]},{"id":881,"url":"http:\/\/my-alps.de\/?p=881","url_meta":{"origin":230,"position":2},"title":"Puerto Montt","date":"26. M\u00e4rz 2014","format":"gallery","excerpt":"Nach 8.808 km (und wahrscheinlich ein paar mehr) die wir jetzt hier in S\u00fcdamerika unterwegs sind haben wir unserem WOMO auch mal etwas Gutes geg\u00f6nnt. Hier in Puerto Montt habe ich eine Werkstatt entdeckt die jegliche Art von Service f\u00fcr \u201egesch\u00fcttelte\u201c Autos anbietet. Wir haben uns f\u00fcr: \u00d6lwechsel und Luftfilterwechsel\u2026","rel":"","context":"In &quot;News&quot;","img":{"alt_text":"","src":"https:\/\/i0.wp.com\/my-alps.de\/wp-content\/uploads\/2014\/03\/Pisco-sour-6x6.jpg?resize=350%2C200","width":350,"height":200},"classes":[]},{"id":1773,"url":"http:\/\/my-alps.de\/?p=1773","url_meta":{"origin":230,"position":3},"title":"FAQ &#8211; und die Antworten","date":"22. November 2014","format":"gallery","excerpt":"Wir tingeln in den letzten beiden Wochen von einer Einladung zur anderen. Jeder m\u00f6chte uns sehen und fragen was wir so erlebt haben. Da nat\u00fcrlich (fast) jeder die gleichen Fragen stellt schauen uns wir manchmal selber fragend an..... ja wie war das denn? Deshalb m\u00f6chte ich die FAQ mal kurz\u2026","rel":"","context":"In &quot;News&quot;","img":{"alt_text":"","src":"https:\/\/i0.wp.com\/my-alps.de\/wp-content\/uploads\/2014\/11\/mein-Lama-und-meine-Stadt.jpg?resize=350%2C200","width":350,"height":200},"classes":[]},{"id":995,"url":"http:\/\/my-alps.de\/?p=995","url_meta":{"origin":230,"position":4},"title":"April, April &#8211; Halbzeit bei der Auszeit","date":"10. April 2014","format":"gallery","excerpt":"Am 11.11.2013 sind wir in Hamburg an Bord der \u201eGrande Cameroon\u201c gegangen und \u00fcber den Atlantik nach S\u00fcdamerika geschippert. Zugegeben, es war nicht immer gerade Hochstimmung mit Karneval und Fasching an Bord, aber es ist uns wirklich nicht langweilig geworden. So eine Frachterreise hat auch etwas besonderes. (Beinahe meditativ!) Nun\u2026","rel":"","context":"In &quot;News&quot;","img":{"alt_text":"","src":"","width":0,"height":0},"classes":[]},{"id":851,"url":"http:\/\/my-alps.de\/?p=851","url_meta":{"origin":230,"position":5},"title":"von Chaiten ans Ende der Carretera Austral","date":"19. M\u00e4rz 2014","format":"gallery","excerpt":"Wir sind jetzt fast 4 Wochen lang auf der Ruta 7, der Carretera Austral, aus dem S\u00fcden Chiles Richtung Norden gefahren. Der Eine oder Andere Abstecher hat der einsamen Stra\u00dfe noch etwas mehr Reiz beschert, als sie selbst schon besitzt. Doch jetzt ist es an der Zeit die Zivilisation mal\u2026","rel":"","context":"In &quot;News&quot;","img":{"alt_text":"","src":"https:\/\/i0.wp.com\/my-alps.de\/wp-content\/uploads\/2014\/03\/El-Cap-light-sw.jpg?resize=350%2C200","width":350,"height":200},"classes":[]}],"_links":{"self":[{"href":"http:\/\/my-alps.de\/index.php?rest_route=\/wp\/v2\/posts\/230"}],"collection":[{"href":"http:\/\/my-alps.de\/index.php?rest_route=\/wp\/v2\/posts"}],"about":[{"href":"http:\/\/my-alps.de\/index.php?rest_route=\/wp\/v2\/types\/post"}],"author":[{"embeddable":true,"href":"http:\/\/my-alps.de\/index.php?rest_route=\/wp\/v2\/users\/1"}],"replies":[{"embeddable":true,"href":"http:\/\/my-alps.de\/index.php?rest_route=%2Fwp%2Fv2%2Fcomments&post=230"}],"version-history":[{"count":43,"href":"http:\/\/my-alps.de\/index.php?rest_route=\/wp\/v2\/posts\/230\/revisions"}],"predecessor-version":[{"id":273,"href":"http:\/\/my-alps.de\/index.php?rest_route=\/wp\/v2\/posts\/230\/revisions\/273"}],"wp:attachment":[{"href":"http:\/\/my-alps.de\/index.php?rest_route=%2Fwp%2Fv2%2Fmedia&parent=230"}],"wp:term":[{"taxonomy":"category","embeddable":true,"href":"http:\/\/my-alps.de\/index.php?rest_route=%2Fwp%2Fv2%2Fcategories&post=230"},{"taxonomy":"post_tag","embeddable":true,"href":"http:\/\/my-alps.de\/index.php?rest_route=%2Fwp%2Fv2%2Ftags&post=230"}],"curies":[{"name":"wp","href":"https:\/\/api.w.org\/{rel}","templated":true}]}}