{"id":221,"date":"2013-03-24T17:51:36","date_gmt":"2013-03-24T16:51:36","guid":{"rendered":"http:\/\/my-alps.de\/?p=221"},"modified":"2013-03-24T17:51:36","modified_gmt":"2013-03-24T16:51:36","slug":"haaaben-sie-reserviert","status":"publish","type":"post","link":"http:\/\/my-alps.de\/?p=221","title":{"rendered":"&#8230;haaaben sie RESERVIERT ?????"},"content":{"rendered":"<p>Gestern &#8211; nach einem sch\u00f6nen Spaziergang durch den Hainpark \u00fcberkam uns pl\u00f6tzlich dieses gewisse Gef\u00fchl, das eingefleischte Trinker aus der Fr\u00e4nkischen kennen &#8230;.<\/p>\n<p>DURST<\/p>\n<p>und wir steuerten auch gleich die n\u00e4chstgelegene Kneipe an<br \/>\nsch\u00f6n gelegen mitten in der Altstadt in den Gassen versteckt,<br \/>\nmit einer sch\u00f6nen Sch\u00e4nke und gutem Bier.<br \/>\nWir also frohen Mutes in den inneren Zirkel eingedrungen,<br \/>\nlinks in die Bierstube &#8211; oh &#8211; nur ein Tisch besetzt &#8211; und wir bewegen uns<br \/>\nauf einen freien Tisch zu &#8211; kommt doch ein Kellner auf uns zugesteuert:<br \/>\n&#8222;haben sie r e s e v i e r t &#8211; oder geh\u00f6ren sie zu der geschlossenen Gesellschaft?&#8220;<br \/>\n(wobei die Gesellschaft aus 4 Personen an einem Tisch bestand!)<br \/>\nN\u00f6 &#8211; ach wissen Sie, wir gehen &#8218;r\u00fcber in die Gaststube&#8230;.<br \/>\nAlso wir \u00fcber den Flur und rein in die Gaststube.<br \/>\nOh &#8211; schon voller, aber f\u00fcr eine Bierchen findet man immer einen Platz.<br \/>\nDenkste &#8211; kommt eine Bedienung auf uns zugesteuert und herrscht uns an:<br \/>\n&#8222;haben sie R E S E R V I E R T ?????&#8220;<br \/>\n\u00c4h &#8211; n\u00f6 wir wollen nur ein Bier trinken!<br \/>\n&#8222;Do ist ka Blatz mehr bei uns!&#8220;<br \/>\n\u00c4h &#8211; nur ein Bier &#8211; gerne an der Theke.<br \/>\n&#8222;Naa &#8211; da hockt&#8217;s ihr euch da naa &#8211; genau daa&#8220; (und zeigt auf einen vollen Tisch an dem noch zwei Pl\u00e4tze frei sind &#8211; lustigerweise jeweils an den Kopfenden)<br \/>\nHallo &#8211; wir sind Bamberger und keine Turis! Wir w\u00fcrden gerne nur ein Bier trinken.<\/p>\n<p>Nachdem ich dann den sch\u00e4umenden und geifernden Blicken nicht mehr standhalten kann ohne mir L\u00f6cher in den Frack brennen zu lassen &#8211; verlassen wir fluchtartig die Gastwirtschaft und bringen uns im Freien erst mal in Sicherheit.<\/p>\n<p>Wir sind dann auf dem Weg nach Hause noch beim Heiner eingekehrt und haben dort unser Feierabendbierchen in sch\u00f6ner Gesellschaft genossen.<br \/>\nct<\/p>\n","protected":false},"excerpt":{"rendered":"<p>Gestern &#8211; nach einem sch\u00f6nen Spaziergang durch den Hainpark \u00fcberkam uns pl\u00f6tzlich dieses gewisse Gef\u00fchl, das eingefleischte Trinker aus der Fr\u00e4nkischen kennen &#8230;. DURST und wir steuerten auch gleich die n\u00e4chstgelegene Kneipe an sch\u00f6n gelegen mitten in der Altstadt in den Gassen versteckt, mit einer sch\u00f6nen Sch\u00e4nke und gutem Bier. Wir also frohen Mutes in [&hellip;]<\/p>\n","protected":false},"author":1,"featured_media":0,"comment_status":"open","ping_status":"open","sticky":false,"template":"","format":"standard","meta":{"spay_email":"","jetpack_publicize_message":"","jetpack_is_tweetstorm":false,"jetpack_publicize_feature_enabled":true},"categories":[9],"tags":[],"jetpack_featured_media_url":"","jetpack_publicize_connections":[],"jetpack_sharing_enabled":true,"jetpack_shortlink":"https:\/\/wp.me\/p6huce-3z","jetpack-related-posts":[{"id":1308,"url":"http:\/\/my-alps.de\/?p=1308","url_meta":{"origin":221,"position":0},"title":"Cafayate und durch das Valle Calchaquies nach Salta","date":"30. Juni 2014","format":"gallery","excerpt":"Nach Amaicha haben wir noch die \u201eRuinas de Quilmes\u201c besucht. Die Terrassenanlage wurde teilweise wieder ausgegraben und die Geschichte der Quilmesindianer hat ein trauriges Kapitel. Nach langem Wiederstand gegen die Spanier wurden sie doch unterworfen und der gesamte Stamm nach Buenos Aires deportiert. Nur 600 kamen lebend dort an mehr\u2026","rel":"","context":"In &quot;News&quot;","img":{"alt_text":"","src":"https:\/\/i0.wp.com\/my-alps.de\/wp-content\/uploads\/2014\/06\/Felsfarben-1-Sonnenuntergang-ce4.jpg?resize=350%2C200","width":350,"height":200},"classes":[]},{"id":1327,"url":"http:\/\/my-alps.de\/?p=1327","url_meta":{"origin":221,"position":1},"title":"Tatio Geysire","date":"17. Juli 2014","format":"gallery","excerpt":"Es geht wieder hoch hinauf - \u00a0zu den Tatio Geysiren. Das Geysirfeld,\u2028liegt in 4.300 Meter H\u00f6he, und wir kommen am sp\u00e4ten Nachmittag\u2028dort an. \u00dcberall h\u00e4ngen Dampfschwaden in der Luft und es weht\u2028ein heftiger und eisiger Wind. Wir spazieren zwischen den kleinen\u2028\u201eMinivulkanen\u201c herum und baden in einem salzhaltigem Thermalbecken. Am n\u00e4chsten\u2026","rel":"","context":"In &quot;News&quot;","img":{"alt_text":"","src":"","width":0,"height":0},"classes":[]},{"id":1411,"url":"http:\/\/my-alps.de\/?p=1411","url_meta":{"origin":221,"position":2},"title":"\u00fcber Cochabamba weiter nach La Paz (Teil 2)","date":"27. Juli 2014","format":"gallery","excerpt":"Von Sucre fahren wir durch die wilde und bergige Altiplanolandschaft.\u00a0Es geht durch kleine D\u00f6rfer und in den Flusst\u00e4lern werden Bananen\u00a0und Papayas angebaut. Anfangs ist die Stra\u00dfe noch asphaltiert, doch\u00a0dann sind wir wieder auf einer staubigen Piste. Der puderfeine Staub\u00a0legt sich wie ein Nebelschleier \u00fcber die Landschaft und alles was am\u00a0Stra\u00dfenrand\u2026","rel":"","context":"In &quot;News&quot;","img":{"alt_text":"","src":"https:\/\/i0.wp.com\/my-alps.de\/wp-content\/uploads\/2014\/07\/rauf-und-runter-ce4.jpg?resize=350%2C200","width":350,"height":200},"classes":[]},{"id":1091,"url":"http:\/\/my-alps.de\/?p=1091","url_meta":{"origin":221,"position":3},"title":"Weckruf der Mapuche Indianer","date":"4. Mai 2014","format":"gallery","excerpt":"Unser Camp am Rio Malleo, irgendwo im nirgendwo, auf dem Weg zum Vulkan Lanin lag in der N\u00e4he einer Mapuche Siedlung. Wir hatten die Schilder bei der Hin- und R\u00fcckfahrt bemerkt. Da f\u00fcr den 01. Mai sch\u00f6nes Wetter angesagt war, wollten wir den Nationalpark \u201eVolkan Lanin\u201c besuchen. Tja. wie schon\u2026","rel":"","context":"In &quot;unter uns&quot;","img":{"alt_text":"","src":"","width":0,"height":0},"classes":[]},{"id":1390,"url":"http:\/\/my-alps.de\/?p=1390","url_meta":{"origin":221,"position":4},"title":"von Uyuni nach Cochabamba (Teil 1)","date":"24. Juli 2014","format":"gallery","excerpt":"Unsere Route durch Bolivien f\u00fchrt uns von Uyuni \u00fcber Potosi und Sucre weiter nach Cochabamba. Die Strecke f\u00fchrt durch\u2019s bolivianische Altiplano. Das Altiplano liegt eingebettet zwischen den westlichen und den \u00f6stlichen Kordilleren. Hier ist die \u201eBesiedlungsdichte\u201c am gr\u00f6ssten und mit Potosi und Sucre liegen zwei grosse St\u00e4dte auf unserem Weg.\u2026","rel":"","context":"In &quot;News&quot;","img":{"alt_text":"","src":"https:\/\/i0.wp.com\/my-alps.de\/wp-content\/uploads\/2014\/07\/hilft-bestimmt-ce4.jpg?resize=350%2C200","width":350,"height":200},"classes":[]},{"id":1658,"url":"http:\/\/my-alps.de\/?p=1658","url_meta":{"origin":221,"position":5},"title":"Dschungelcamp in Warami Sinti","date":"28. September 2014","format":"gallery","excerpt":"Na, das mit der klaren Nacht am Vulkan war wohl nichts - ganz kurz am fr\u00fchen morgen bei Sonnenaufgang hat er sich f\u00fcr 2 Minuten gezeigt - als sch\u00f6n rosa schimmernder, mit schneebedeckter Spitze, rauchender Vulkan. Bis ich aus dem Auto war, und die Kamera auf das Stativ geschraubt hatte\u2026","rel":"","context":"In &quot;News&quot;","img":{"alt_text":"","src":"https:\/\/i0.wp.com\/my-alps.de\/wp-content\/uploads\/2014\/09\/Dschungel-I-ce4.jpg?resize=350%2C200","width":350,"height":200},"classes":[]}],"_links":{"self":[{"href":"http:\/\/my-alps.de\/index.php?rest_route=\/wp\/v2\/posts\/221"}],"collection":[{"href":"http:\/\/my-alps.de\/index.php?rest_route=\/wp\/v2\/posts"}],"about":[{"href":"http:\/\/my-alps.de\/index.php?rest_route=\/wp\/v2\/types\/post"}],"author":[{"embeddable":true,"href":"http:\/\/my-alps.de\/index.php?rest_route=\/wp\/v2\/users\/1"}],"replies":[{"embeddable":true,"href":"http:\/\/my-alps.de\/index.php?rest_route=%2Fwp%2Fv2%2Fcomments&post=221"}],"version-history":[{"count":1,"href":"http:\/\/my-alps.de\/index.php?rest_route=\/wp\/v2\/posts\/221\/revisions"}],"predecessor-version":[{"id":222,"href":"http:\/\/my-alps.de\/index.php?rest_route=\/wp\/v2\/posts\/221\/revisions\/222"}],"wp:attachment":[{"href":"http:\/\/my-alps.de\/index.php?rest_route=%2Fwp%2Fv2%2Fmedia&parent=221"}],"wp:term":[{"taxonomy":"category","embeddable":true,"href":"http:\/\/my-alps.de\/index.php?rest_route=%2Fwp%2Fv2%2Fcategories&post=221"},{"taxonomy":"post_tag","embeddable":true,"href":"http:\/\/my-alps.de\/index.php?rest_route=%2Fwp%2Fv2%2Ftags&post=221"}],"curies":[{"name":"wp","href":"https:\/\/api.w.org\/{rel}","templated":true}]}}