{"id":200,"date":"2013-03-18T19:10:39","date_gmt":"2013-03-18T18:10:39","guid":{"rendered":"http:\/\/my-alps.de\/?p=200"},"modified":"2013-03-18T19:13:45","modified_gmt":"2013-03-18T18:13:45","slug":"zuhause-ist-es-doch-am-schonsten","status":"publish","type":"post","link":"http:\/\/my-alps.de\/?p=200","title":{"rendered":"Zuhause ist es doch am sch\u00f6nsten&#8230;."},"content":{"rendered":"<p>Tja, was soll ich sagen &#8211; in Bamberg schneit es schon wieder. Daf\u00fcr sind die Treppen zur Wohnung hoch eine Strapaze f\u00fcr Waden, die 22.000 H\u00f6henmeter ableisten mussten.<br \/>\nIch glaube &#8211; es ist Zeit f\u00fcr ein K\u00e4sepicnick.<\/p>\n<p><a href=\"https:\/\/i0.wp.com\/my-alps.de\/wp-content\/uploads\/2013\/03\/20130318-191336.jpg\"><img src=\"https:\/\/i0.wp.com\/my-alps.de\/wp-content\/uploads\/2013\/03\/20130318-191336.jpg?w=625\" alt=\"20130318-191336.jpg\" class=\"alignnone size-full\" data-recalc-dims=\"1\" \/><\/a><\/p>\n","protected":false},"excerpt":{"rendered":"<p>Tja, was soll ich sagen &#8211; in Bamberg schneit es schon wieder. Daf\u00fcr sind die Treppen zur Wohnung hoch eine Strapaze f\u00fcr Waden, die 22.000 H\u00f6henmeter ableisten mussten. Ich glaube &#8211; es ist Zeit f\u00fcr ein K\u00e4sepicnick.<\/p>\n","protected":false},"author":1,"featured_media":0,"comment_status":"open","ping_status":"open","sticky":false,"template":"","format":"standard","meta":{"spay_email":"","jetpack_publicize_message":"","jetpack_is_tweetstorm":false,"jetpack_publicize_feature_enabled":true},"categories":[1],"tags":[],"jetpack_featured_media_url":"","jetpack_publicize_connections":[],"jetpack_sharing_enabled":true,"jetpack_shortlink":"https:\/\/wp.me\/p6huce-3e","jetpack-related-posts":[{"id":347,"url":"http:\/\/my-alps.de\/?p=347","url_meta":{"origin":200,"position":0},"title":"gestern war Basteltag &#8211; oder Jean P\u00fctz l\u00e4sst gr\u00fc\u00dfen","date":"22. Juni 2013","format":"gallery","excerpt":"Ich bin ganz froh selbstst\u00e4ndig zu sein, denn gestern bin ich nach dem Motto: \"Nach EINS macht jeder seins\" verfahren und habe ab Mittag, nachdem ich noch schnell auf meiner Baustelle der Schulsanierung in Eggolsheim Verwirrung stiftete, an unserem Boomer herumgebastelt. Die LED Leuchten waren im Laufe der Woche eingetroffen\u2026","rel":"","context":"In &quot;Wohnmobil&quot;","img":{"alt_text":"","src":"","width":0,"height":0},"classes":[]},{"id":453,"url":"http:\/\/my-alps.de\/?p=453","url_meta":{"origin":200,"position":1},"title":"Damit habe ich mich blamiert &#8211; echt jetzt!","date":"16. Dezember 2013","format":"gallery","excerpt":"Hay und Hola, Nachdem wir unsere F\u00e4hre nach Buenos Aires erfolgreich gebucht hatten, mussten wir uns kurz mit einem Snack belohnen. Nur ein Salat und ein kleines Beilagensteak. Bei Annette's Bestellung mit dem Salat ist die Welt f\u00fcr die Kellnerin noch in Ordnung, als ich dann \"nur\" ein Mini-Entrecote bestelle,\u2026","rel":"","context":"In &quot;News&quot;","img":{"alt_text":"","src":"","width":0,"height":0},"classes":[]},{"id":579,"url":"http:\/\/my-alps.de\/?p=579","url_meta":{"origin":200,"position":2},"title":"&#8211; Einschub &#8211; f\u00fcr einen Beitrag den ich noch nicht hochgeladen habe:","date":"17. Januar 2014","format":"gallery","excerpt":"Es ging ums GRILLEN: Frau Hack schrieb: Ich habe einen gro\u00dfen Bruder und der hat einen sch\u00f6nen Grill. Ist ja klar, wobei, wenn ich mich recht erinnere ist dieser nicht mal von WEBER. Das mit dem Grillen wird auch zu allen passenden und unpassenden Gelegenheiten zelebriert, und selbst bei der\u2026","rel":"","context":"In &quot;News&quot;","img":{"alt_text":"","src":"https:\/\/i0.wp.com\/my-alps.de\/wp-content\/uploads\/2014\/01\/Eduardo-mit-seiner-Vorspeise.jpg?resize=350%2C200","width":350,"height":200},"classes":[]},{"id":1390,"url":"http:\/\/my-alps.de\/?p=1390","url_meta":{"origin":200,"position":3},"title":"von Uyuni nach Cochabamba (Teil 1)","date":"24. Juli 2014","format":"gallery","excerpt":"Unsere Route durch Bolivien f\u00fchrt uns von Uyuni \u00fcber Potosi und Sucre weiter nach Cochabamba. Die Strecke f\u00fchrt durch\u2019s bolivianische Altiplano. Das Altiplano liegt eingebettet zwischen den westlichen und den \u00f6stlichen Kordilleren. Hier ist die \u201eBesiedlungsdichte\u201c am gr\u00f6ssten und mit Potosi und Sucre liegen zwei grosse St\u00e4dte auf unserem Weg.\u2026","rel":"","context":"In &quot;News&quot;","img":{"alt_text":"","src":"https:\/\/i0.wp.com\/my-alps.de\/wp-content\/uploads\/2014\/07\/hilft-bestimmt-ce4.jpg?resize=350%2C200","width":350,"height":200},"classes":[]},{"id":881,"url":"http:\/\/my-alps.de\/?p=881","url_meta":{"origin":200,"position":4},"title":"Puerto Montt","date":"26. M\u00e4rz 2014","format":"gallery","excerpt":"Nach 8.808 km (und wahrscheinlich ein paar mehr) die wir jetzt hier in S\u00fcdamerika unterwegs sind haben wir unserem WOMO auch mal etwas Gutes geg\u00f6nnt. Hier in Puerto Montt habe ich eine Werkstatt entdeckt die jegliche Art von Service f\u00fcr \u201egesch\u00fcttelte\u201c Autos anbietet. Wir haben uns f\u00fcr: \u00d6lwechsel und Luftfilterwechsel\u2026","rel":"","context":"In &quot;News&quot;","img":{"alt_text":"","src":"https:\/\/i0.wp.com\/my-alps.de\/wp-content\/uploads\/2014\/03\/Pisco-sour-6x6.jpg?resize=350%2C200","width":350,"height":200},"classes":[]},{"id":1491,"url":"http:\/\/my-alps.de\/?p=1491","url_meta":{"origin":200,"position":5},"title":"Die Grabt\u00fcrme von Sillustani","date":"12. August 2014","format":"gallery","excerpt":"Auf dem Weg zur Stra\u00dfe nach Cusco kommen wir wieder recht nahe am Titikakasee vorbei, und so machen wir einen kurzen Abstecher \u00fcber Juliaca, der wohl chaotischsten Stadt in ganz Peru, zu den Grabt\u00fcrmen von Sillustani. Aber erst mal Juliaca - Verkehrschaos pur. Diese Stadt ist ein, ja was eigentlich?\u2026","rel":"","context":"In &quot;News&quot;","img":{"alt_text":"","src":"https:\/\/i0.wp.com\/my-alps.de\/wp-content\/uploads\/2014\/08\/Chaos-in-Juliaca-5.jpg?resize=350%2C200","width":350,"height":200},"classes":[]}],"_links":{"self":[{"href":"http:\/\/my-alps.de\/index.php?rest_route=\/wp\/v2\/posts\/200"}],"collection":[{"href":"http:\/\/my-alps.de\/index.php?rest_route=\/wp\/v2\/posts"}],"about":[{"href":"http:\/\/my-alps.de\/index.php?rest_route=\/wp\/v2\/types\/post"}],"author":[{"embeddable":true,"href":"http:\/\/my-alps.de\/index.php?rest_route=\/wp\/v2\/users\/1"}],"replies":[{"embeddable":true,"href":"http:\/\/my-alps.de\/index.php?rest_route=%2Fwp%2Fv2%2Fcomments&post=200"}],"version-history":[{"count":17,"href":"http:\/\/my-alps.de\/index.php?rest_route=\/wp\/v2\/posts\/200\/revisions"}],"predecessor-version":[{"id":218,"href":"http:\/\/my-alps.de\/index.php?rest_route=\/wp\/v2\/posts\/200\/revisions\/218"}],"wp:attachment":[{"href":"http:\/\/my-alps.de\/index.php?rest_route=%2Fwp%2Fv2%2Fmedia&parent=200"}],"wp:term":[{"taxonomy":"category","embeddable":true,"href":"http:\/\/my-alps.de\/index.php?rest_route=%2Fwp%2Fv2%2Fcategories&post=200"},{"taxonomy":"post_tag","embeddable":true,"href":"http:\/\/my-alps.de\/index.php?rest_route=%2Fwp%2Fv2%2Ftags&post=200"}],"curies":[{"name":"wp","href":"https:\/\/api.w.org\/{rel}","templated":true}]}}