{"id":195,"date":"2013-03-17T15:51:38","date_gmt":"2013-03-17T14:51:38","guid":{"rendered":"http:\/\/my-alps.de\/?p=195"},"modified":"2013-03-17T15:53:40","modified_gmt":"2013-03-17T14:53:40","slug":"sonntag-ist-skitag","status":"publish","type":"post","link":"http:\/\/my-alps.de\/?p=195","title":{"rendered":"Sonntag ist Skitag"},"content":{"rendered":"<p>So verbringt man einen Sonntagnachmittag auf die richtige Art und Weise:<br \/>\nSchmalspur Fr\u00fchst\u00fcck,<br \/>\nSchnell auf die Bretter,<br \/>\nH\u00f6henmeter sammeln,<br \/>\nUnd:<\/p>\n<p><a href=\"https:\/\/i0.wp.com\/my-alps.de\/wp-content\/uploads\/2013\/03\/20130317-155218.jpg\"><img src=\"https:\/\/i0.wp.com\/my-alps.de\/wp-content\/uploads\/2013\/03\/20130317-155218.jpg?w=625\" alt=\"20130317-155218.jpg\" class=\"alignnone size-full\" data-recalc-dims=\"1\" \/><\/a><\/p>\n","protected":false},"excerpt":{"rendered":"<p>So verbringt man einen Sonntagnachmittag auf die richtige Art und Weise: Schmalspur Fr\u00fchst\u00fcck, Schnell auf die Bretter, H\u00f6henmeter sammeln, Und:<\/p>\n","protected":false},"author":1,"featured_media":0,"comment_status":"open","ping_status":"open","sticky":false,"template":"","format":"standard","meta":{"spay_email":"","jetpack_publicize_message":"","jetpack_is_tweetstorm":false,"jetpack_publicize_feature_enabled":true},"categories":[9],"tags":[],"jetpack_featured_media_url":"","jetpack_publicize_connections":[],"jetpack_sharing_enabled":true,"jetpack_shortlink":"https:\/\/wp.me\/p6huce-39","jetpack-related-posts":[{"id":1411,"url":"http:\/\/my-alps.de\/?p=1411","url_meta":{"origin":195,"position":0},"title":"\u00fcber Cochabamba weiter nach La Paz (Teil 2)","date":"27. Juli 2014","format":"gallery","excerpt":"Von Sucre fahren wir durch die wilde und bergige Altiplanolandschaft.\u00a0Es geht durch kleine D\u00f6rfer und in den Flusst\u00e4lern werden Bananen\u00a0und Papayas angebaut. Anfangs ist die Stra\u00dfe noch asphaltiert, doch\u00a0dann sind wir wieder auf einer staubigen Piste. Der puderfeine Staub\u00a0legt sich wie ein Nebelschleier \u00fcber die Landschaft und alles was am\u00a0Stra\u00dfenrand\u2026","rel":"","context":"In &quot;News&quot;","img":{"alt_text":"","src":"https:\/\/i0.wp.com\/my-alps.de\/wp-content\/uploads\/2014\/07\/rauf-und-runter-ce4.jpg?resize=350%2C200","width":350,"height":200},"classes":[]},{"id":834,"url":"http:\/\/my-alps.de\/?p=834","url_meta":{"origin":195,"position":1},"title":"Aggregatszust\u00e4nde von Wasser","date":"12. M\u00e4rz 2014","format":"gallery","excerpt":"In den letzten Tagen war das Wetter - na sagen wir - chilenisch rauh.Da hatten wir die einmalige Gelegenheit alle Formen, in denen Wasser vorkommen kann, mehrfach am Tage wechselnd, zu erleben. Nach einer regnerischen Nacht war in aller Fr\u00fche der erste Schnee auf den umliegenden Bergen zu sehen. Wie\u2026","rel":"","context":"In &quot;unter uns&quot;","img":{"alt_text":"","src":"https:\/\/i0.wp.com\/my-alps.de\/wp-content\/uploads\/2014\/03\/es-reisst-auf-HD1.jpg?fit=1024%2C576&resize=350%2C200","width":350,"height":200},"classes":[]},{"id":1334,"url":"http:\/\/my-alps.de\/?p=1334","url_meta":{"origin":195,"position":2},"title":"Lagunenroute in Bolivien &#8211; Teil 2","date":"17. Juli 2014","format":"gallery","excerpt":"Lagunenroute - 2. Abschnitt Von der Laguna Colorada zu den \u201eRocas\u201c Am n\u00e4chsten Morgen (es hat in der Nacht minus 15 Grad gehabt) sind die R\u00e4nder der Lagune zugefroren und in der Ferne sieht man Salzformationen, die wie Gletscherabbr\u00fcche aussehen. Gegen Mittag ist dann alles Eis geschmolzen und man sieht\u2026","rel":"","context":"In &quot;News&quot;","img":{"alt_text":"","src":"https:\/\/i0.wp.com\/my-alps.de\/wp-content\/uploads\/2014\/07\/Rocas-2.HDR_.jpg?resize=350%2C200","width":350,"height":200},"classes":[]},{"id":883,"url":"http:\/\/my-alps.de\/?p=883","url_meta":{"origin":195,"position":3},"title":"Insel Chiloe\u2019","date":"26. M\u00e4rz 2014","format":"gallery","excerpt":"Die Insel Chiloe\u2019 ist von Puerto Montt auf einer gut ausgebauten Autobahn in ca. 1 1\/2 Stunden Fahrt zu erreichen. \u00dcber die Meerenge zwischen dem Festland und der Insel wird (wie in Chile \u00fcblich) mit einer offenen F\u00e4hre \u00fcbergesetzt. Die Fahrtzeit betr\u00e4gt etwa eine halbe Stunde und kostet f\u00fcr unser\u2026","rel":"","context":"In &quot;News&quot;","img":{"alt_text":"","src":"https:\/\/i0.wp.com\/my-alps.de\/wp-content\/uploads\/2014\/03\/wir-sind-auf.....jpg?resize=350%2C200","width":350,"height":200},"classes":[]},{"id":1301,"url":"http:\/\/my-alps.de\/?p=1301","url_meta":{"origin":195,"position":4},"title":"immer weiter &#8211; immer an den Anden entlang &#8211; Folge 1+2","date":"30. Juni 2014","format":"gallery","excerpt":"\u2026..\u00fcber die Ruta 40. \u00dcberblick f\u00fcr die folgenden Blogbeitr\u00e4ge bis zur Grenze nach Chile! Folge 1: DIE Stra\u00dfe in Argentinien von Norden nach S\u00fcden, oder umgekehrt. Einsame Schotterpisten, ab und zu mal ein kleiner Ort und Staub - Staub und nochmals Staub. So gelangen wir aus den Nationalparks nach Chilecito,\u2026","rel":"","context":"In &quot;News&quot;","img":{"alt_text":"","src":"","width":0,"height":0},"classes":[]},{"id":527,"url":"http:\/\/my-alps.de\/?p=527","url_meta":{"origin":195,"position":5},"title":"ja,ja &#8211; Patagonien &#8211; Land im Wind&#8230;&#8230;","date":"6. Januar 2014","format":"gallery","excerpt":"Da ich ja als Windsurfer und Segler\u00a0das mit dem Wind ganz gut hinbekomme kann ich heute die gr\u00f6sste, jemals von mir miterlebte Windst\u00e4rke vermelden: 119 km\/h Das bedeutet, du f\u00e4hrst st\u00e4ndig im 5. Gang, hast die Lenkung auf eine vierteldrehung nach rechts, und wartest auf die n\u00e4chste Hammerb\u00f6e. derweil geht\u2026","rel":"","context":"In &quot;News&quot;","img":{"alt_text":"","src":"","width":0,"height":0},"classes":[]}],"_links":{"self":[{"href":"http:\/\/my-alps.de\/index.php?rest_route=\/wp\/v2\/posts\/195"}],"collection":[{"href":"http:\/\/my-alps.de\/index.php?rest_route=\/wp\/v2\/posts"}],"about":[{"href":"http:\/\/my-alps.de\/index.php?rest_route=\/wp\/v2\/types\/post"}],"author":[{"embeddable":true,"href":"http:\/\/my-alps.de\/index.php?rest_route=\/wp\/v2\/users\/1"}],"replies":[{"embeddable":true,"href":"http:\/\/my-alps.de\/index.php?rest_route=%2Fwp%2Fv2%2Fcomments&post=195"}],"version-history":[{"count":3,"href":"http:\/\/my-alps.de\/index.php?rest_route=\/wp\/v2\/posts\/195\/revisions"}],"predecessor-version":[{"id":199,"href":"http:\/\/my-alps.de\/index.php?rest_route=\/wp\/v2\/posts\/195\/revisions\/199"}],"wp:attachment":[{"href":"http:\/\/my-alps.de\/index.php?rest_route=%2Fwp%2Fv2%2Fmedia&parent=195"}],"wp:term":[{"taxonomy":"category","embeddable":true,"href":"http:\/\/my-alps.de\/index.php?rest_route=%2Fwp%2Fv2%2Fcategories&post=195"},{"taxonomy":"post_tag","embeddable":true,"href":"http:\/\/my-alps.de\/index.php?rest_route=%2Fwp%2Fv2%2Ftags&post=195"}],"curies":[{"name":"wp","href":"https:\/\/api.w.org\/{rel}","templated":true}]}}