{"id":189,"date":"2013-03-17T15:44:55","date_gmt":"2013-03-17T14:44:55","guid":{"rendered":"http:\/\/my-alps.de\/?p=189"},"modified":"2013-03-24T17:30:10","modified_gmt":"2013-03-24T16:30:10","slug":"super-skitag","status":"publish","type":"post","link":"http:\/\/my-alps.de\/?p=189","title":{"rendered":"Super Skitag"},"content":{"rendered":"<p>So &#8211; Senior liegt mit Schnappatmung im Bett und streckt seine Knochen aus. Wir haben ein sch\u00f6nes &#8222;Vater + Sohn&#8220; Wochenende gezogen und nat\u00fcrlich richtig Gl\u00fcck. Neuschnee und blauer Himmel &#8211; sch\u00f6n kalt und leere Pisten.<br \/>\nDas lohnt sich:<\/p>\n<p><a href=\"https:\/\/i0.wp.com\/my-alps.de\/wp-content\/uploads\/2013\/03\/20130316-175101.jpg\"><img class=\"alignnone size-full\" alt=\"20130316-175101.jpg\" src=\"https:\/\/i0.wp.com\/my-alps.de\/wp-content\/uploads\/2013\/03\/20130316-175101.jpg?w=625\" data-recalc-dims=\"1\" \/><\/a><\/p>\n","protected":false},"excerpt":{"rendered":"<p>So &#8211; Senior liegt mit Schnappatmung im Bett und streckt seine Knochen aus. Wir haben ein sch\u00f6nes &#8222;Vater + Sohn&#8220; Wochenende gezogen und nat\u00fcrlich richtig Gl\u00fcck. Neuschnee und blauer Himmel &#8211; sch\u00f6n kalt und leere Pisten. Das lohnt sich:<\/p>\n","protected":false},"author":1,"featured_media":0,"comment_status":"open","ping_status":"open","sticky":false,"template":"","format":"standard","meta":{"spay_email":"","jetpack_publicize_message":"","jetpack_is_tweetstorm":false,"jetpack_publicize_feature_enabled":true},"categories":[9],"tags":[],"jetpack_featured_media_url":"","jetpack_publicize_connections":[],"jetpack_sharing_enabled":true,"jetpack_shortlink":"https:\/\/wp.me\/p6huce-33","jetpack-related-posts":[{"id":1413,"url":"http:\/\/my-alps.de\/?p=1413","url_meta":{"origin":189,"position":0},"title":"La Paz &#8211; dem Himmel ganz nah!","date":"27. Juli 2014","format":"gallery","excerpt":"Ein Bild sagt mehr als 1.000 Worte - oder? Ok - die Aussicht aus der (neuen) Seilbahn von La Paz hinauf\u00a0nach El Alto (4.000 und ein paar zerquetschte Hm) ist einfach grandios. Bis zum Horizont zieht sich die Bebauung an den Steilh\u00e4ngen hoch. Die Stra\u00dfen sind - gelinde gesagt -\u2026","rel":"","context":"In &quot;News&quot;","img":{"alt_text":"","src":"https:\/\/i0.wp.com\/my-alps.de\/wp-content\/uploads\/2014\/07\/Promorales-I-ce4.jpg?resize=350%2C200","width":350,"height":200},"classes":[]},{"id":1411,"url":"http:\/\/my-alps.de\/?p=1411","url_meta":{"origin":189,"position":1},"title":"\u00fcber Cochabamba weiter nach La Paz (Teil 2)","date":"27. Juli 2014","format":"gallery","excerpt":"Von Sucre fahren wir durch die wilde und bergige Altiplanolandschaft.\u00a0Es geht durch kleine D\u00f6rfer und in den Flusst\u00e4lern werden Bananen\u00a0und Papayas angebaut. Anfangs ist die Stra\u00dfe noch asphaltiert, doch\u00a0dann sind wir wieder auf einer staubigen Piste. Der puderfeine Staub\u00a0legt sich wie ein Nebelschleier \u00fcber die Landschaft und alles was am\u00a0Stra\u00dfenrand\u2026","rel":"","context":"In &quot;News&quot;","img":{"alt_text":"","src":"https:\/\/i0.wp.com\/my-alps.de\/wp-content\/uploads\/2014\/07\/rauf-und-runter-ce4.jpg?resize=350%2C200","width":350,"height":200},"classes":[]},{"id":1765,"url":"http:\/\/my-alps.de\/?p=1765","url_meta":{"origin":189,"position":2},"title":"Auf geht&#8217;s &#8211; nach Hause","date":"10. November 2014","format":"gallery","excerpt":"Servus, alle die uns bis hierhin auf unserer Reise durch S\u00fcdamerika gefolgt sind und uns begleitet haben. Wir kommen wieder nach Hause - und freuen uns auf Bamberg. Vorher haben wir noch unser WOMO im Hafen von Cartagena f\u00fcr die Verschiffung fertiggemacht. Bei knapp 40 Grad war die Drogenkontrolle sehr\u2026","rel":"","context":"In &quot;News&quot;","img":{"alt_text":"","src":"https:\/\/i0.wp.com\/my-alps.de\/wp-content\/uploads\/2014\/11\/zu-und-ab-nach-Hause-ce4.jpg?resize=350%2C200","width":350,"height":200},"classes":[]},{"id":230,"url":"http:\/\/my-alps.de\/?p=230","url_meta":{"origin":189,"position":3},"title":"Tschampa Fii und Latschenkiefercreme","date":"30. M\u00e4rz 2013","format":false,"excerpt":"So - sitze wieder mal mit meinem Senior zusammen und \"filosofieren\" \u00fcber alte Zeiten. Da gab es doch fr\u00fcher das \" Tschampa Fii\" macht sch\u00f6n braun und pflegt die Haut - hatten wir fr\u00fcher zum Skitouren gehen. Und Latschenkiefercreme - ich erinnere mich an Evi und ihre etwas irritierte Haut\u2026","rel":"","context":"In &quot;unter uns&quot;","img":{"alt_text":"","src":"","width":0,"height":0},"classes":[]},{"id":1213,"url":"http:\/\/my-alps.de\/?p=1213","url_meta":{"origin":189,"position":4},"title":"Nationalpark Leoncito","date":"10. Juni 2014","format":"gallery","excerpt":"Von Mendoza sind wir wieder ein St\u00fcck zur\u00fcck gefahren in Richtung Uspallata, um die Ruta 149 nach Norden zu nehmen. Die Strecke f\u00fchrt direkt an den Ausl\u00e4ufern der Anden entlang, und man hat st\u00e4ndig die schneebedeckten Berge im Blick. So fahren wir ca. 100 km (mit dem Kopf leicht nach\u2026","rel":"","context":"In &quot;News&quot;","img":{"alt_text":"","src":"https:\/\/i0.wp.com\/my-alps.de\/wp-content\/uploads\/2014\/06\/Rio-San-Juan-I-ce4.jpg?resize=350%2C200","width":350,"height":200},"classes":[]},{"id":883,"url":"http:\/\/my-alps.de\/?p=883","url_meta":{"origin":189,"position":5},"title":"Insel Chiloe\u2019","date":"26. M\u00e4rz 2014","format":"gallery","excerpt":"Die Insel Chiloe\u2019 ist von Puerto Montt auf einer gut ausgebauten Autobahn in ca. 1 1\/2 Stunden Fahrt zu erreichen. \u00dcber die Meerenge zwischen dem Festland und der Insel wird (wie in Chile \u00fcblich) mit einer offenen F\u00e4hre \u00fcbergesetzt. Die Fahrtzeit betr\u00e4gt etwa eine halbe Stunde und kostet f\u00fcr unser\u2026","rel":"","context":"In &quot;News&quot;","img":{"alt_text":"","src":"https:\/\/i0.wp.com\/my-alps.de\/wp-content\/uploads\/2014\/03\/wir-sind-auf.....jpg?resize=350%2C200","width":350,"height":200},"classes":[]}],"_links":{"self":[{"href":"http:\/\/my-alps.de\/index.php?rest_route=\/wp\/v2\/posts\/189"}],"collection":[{"href":"http:\/\/my-alps.de\/index.php?rest_route=\/wp\/v2\/posts"}],"about":[{"href":"http:\/\/my-alps.de\/index.php?rest_route=\/wp\/v2\/types\/post"}],"author":[{"embeddable":true,"href":"http:\/\/my-alps.de\/index.php?rest_route=\/wp\/v2\/users\/1"}],"replies":[{"embeddable":true,"href":"http:\/\/my-alps.de\/index.php?rest_route=%2Fwp%2Fv2%2Fcomments&post=189"}],"version-history":[{"count":4,"href":"http:\/\/my-alps.de\/index.php?rest_route=\/wp\/v2\/posts\/189\/revisions"}],"predecessor-version":[{"id":220,"href":"http:\/\/my-alps.de\/index.php?rest_route=\/wp\/v2\/posts\/189\/revisions\/220"}],"wp:attachment":[{"href":"http:\/\/my-alps.de\/index.php?rest_route=%2Fwp%2Fv2%2Fmedia&parent=189"}],"wp:term":[{"taxonomy":"category","embeddable":true,"href":"http:\/\/my-alps.de\/index.php?rest_route=%2Fwp%2Fv2%2Fcategories&post=189"},{"taxonomy":"post_tag","embeddable":true,"href":"http:\/\/my-alps.de\/index.php?rest_route=%2Fwp%2Fv2%2Ftags&post=189"}],"curies":[{"name":"wp","href":"https:\/\/api.w.org\/{rel}","templated":true}]}}