{"id":1867,"date":"2016-08-26T11:48:45","date_gmt":"2016-08-26T09:48:45","guid":{"rendered":"http:\/\/my-alps.de\/?p=1867"},"modified":"2016-08-26T11:48:45","modified_gmt":"2016-08-26T09:48:45","slug":"nur-das-original-zaehlt","status":"publish","type":"post","link":"http:\/\/my-alps.de\/?p=1867","title":{"rendered":"Nur das Original z\u00e4hlt&#8230;"},"content":{"rendered":"<p><a href=\"https:\/\/i0.wp.com\/my-alps.de\/wp-content\/uploads\/2016\/08\/snapseed-1.jpg\"><img data-attachment-id=\"1866\" data-permalink=\"http:\/\/my-alps.de\/?attachment_id=1866\" data-orig-file=\"https:\/\/i0.wp.com\/my-alps.de\/wp-content\/uploads\/2016\/08\/snapseed-1.jpg?fit=2448%2C2448\" data-orig-size=\"2448,2448\" data-comments-opened=\"1\" data-image-meta=\"{&quot;aperture&quot;:&quot;2.2&quot;,&quot;credit&quot;:&quot;&quot;,&quot;camera&quot;:&quot;iPhone 6&quot;,&quot;caption&quot;:&quot;&quot;,&quot;created_timestamp&quot;:&quot;1472126293&quot;,&quot;copyright&quot;:&quot;&quot;,&quot;focal_length&quot;:&quot;4.15&quot;,&quot;iso&quot;:&quot;32&quot;,&quot;shutter_speed&quot;:&quot;0.00045495905368517&quot;,&quot;title&quot;:&quot;&quot;,&quot;orientation&quot;:&quot;1&quot;}\" data-image-title=\"snapseed\" data-image-description=\"\" data-image-caption=\"\" data-medium-file=\"https:\/\/i0.wp.com\/my-alps.de\/wp-content\/uploads\/2016\/08\/snapseed-1.jpg?fit=300%2C300\" data-large-file=\"https:\/\/i0.wp.com\/my-alps.de\/wp-content\/uploads\/2016\/08\/snapseed-1.jpg?fit=625%2C625\" loading=\"lazy\" src=\"https:\/\/i0.wp.com\/my-alps.de\/wp-content\/uploads\/2016\/08\/snapseed-1.jpg?resize=625%2C625\" alt=\"\" width=\"625\" height=\"625\" class=\"alignnone size-full wp-image-1866\" srcset=\"https:\/\/i0.wp.com\/my-alps.de\/wp-content\/uploads\/2016\/08\/snapseed-1.jpg?w=2448 2448w, https:\/\/i0.wp.com\/my-alps.de\/wp-content\/uploads\/2016\/08\/snapseed-1.jpg?resize=290%2C290 290w, https:\/\/i0.wp.com\/my-alps.de\/wp-content\/uploads\/2016\/08\/snapseed-1.jpg?resize=300%2C300 300w, https:\/\/i0.wp.com\/my-alps.de\/wp-content\/uploads\/2016\/08\/snapseed-1.jpg?resize=768%2C768 768w, https:\/\/i0.wp.com\/my-alps.de\/wp-content\/uploads\/2016\/08\/snapseed-1.jpg?resize=1024%2C1024 1024w, https:\/\/i0.wp.com\/my-alps.de\/wp-content\/uploads\/2016\/08\/snapseed-1.jpg?resize=624%2C624 624w, https:\/\/i0.wp.com\/my-alps.de\/wp-content\/uploads\/2016\/08\/snapseed-1.jpg?w=1250 1250w, https:\/\/i0.wp.com\/my-alps.de\/wp-content\/uploads\/2016\/08\/snapseed-1.jpg?w=1875 1875w\" sizes=\"(max-width: 625px) 100vw, 625px\" data-recalc-dims=\"1\" \/><\/a><\/p>\n","protected":false},"excerpt":{"rendered":"","protected":false},"author":1,"featured_media":0,"comment_status":"open","ping_status":"open","sticky":false,"template":"","format":"gallery","meta":{"spay_email":"","jetpack_publicize_message":"","jetpack_is_tweetstorm":false,"jetpack_publicize_feature_enabled":true},"categories":[1],"tags":[],"jetpack_featured_media_url":"","jetpack_publicize_connections":[],"jetpack_sharing_enabled":true,"jetpack_shortlink":"https:\/\/wp.me\/p6huce-u7","jetpack-related-posts":[{"id":1521,"url":"http:\/\/my-alps.de\/?p=1521","url_meta":{"origin":1867,"position":0},"title":"Machupicchu","date":"22. August 2014","format":"gallery","excerpt":"Die \u201eaufr\u00fcttelnde\u201c Zugfahrt von Ollantaytambo\u00a0nach \"Aquas Calientes\", dem Ausgangsort um\u00a0nach Machupicchu zu gelangen,\u00a0f\u00fchrt durch ein immer enger werdendes Tal. Es geht fast 800 H\u00f6henmeter abw\u00e4rts und dauert 1,5 Stunden. Die Landschaft, die am Fenster vorbeizieht, wird langsam\u00a0zum Urwald. In der Ferne sieht man schneebedeckte 5 und 6.000er. Die Bahnstrecke schl\u00e4ngelt\u2026","rel":"","context":"In &quot;News&quot;","img":{"alt_text":"","src":"https:\/\/i0.wp.com\/my-alps.de\/wp-content\/uploads\/2014\/08\/Puente-del-Inka-ce4.jpg?resize=350%2C200","width":350,"height":200},"classes":[]},{"id":827,"url":"http:\/\/my-alps.de\/?p=827","url_meta":{"origin":1867,"position":1},"title":"Carretera Austral &#8211; die lange Stra\u00dfe in den S\u00fcden Chile&#8217;s","date":"10. M\u00e4rz 2014","format":"gallery","excerpt":"Da Chile das l\u00e4ngste Land der Welt ist und der S\u00fcden ziemlich schwer erreichbar ist gibt es nur EINE Stra\u00dfe auf der man fahren kann - die Carretera Austral. Die Stra\u00dfe f\u00fchrt durch wundersch\u00f6ne Landschaften - vorbei an Gletschern und Seen, Dschungel und kleinen Siedlerd\u00f6rfern. Dabei ist sie manchmal nur\u2026","rel":"","context":"In &quot;News&quot;","img":{"alt_text":"","src":"https:\/\/i0.wp.com\/my-alps.de\/wp-content\/uploads\/2014\/03\/nach-Norden-HD.jpg?resize=350%2C200","width":350,"height":200},"classes":[]},{"id":1570,"url":"http:\/\/my-alps.de\/?p=1570","url_meta":{"origin":1867,"position":2},"title":"Canyon del Pato &#8211; die &#8222;Entenschlucht&#8220;","date":"9. September 2014","format":"gallery","excerpt":"Nach und nach wird das Tal des Rio Santa immer enger und wilder, bis es durch den Canyon del Pato - die Entenschlucht - nur noch auf der Strecke der alten Eisenbahn weitergeht. Es folgt eine Achterbahnfahrt durch 54 (unbeleuchtete) Tunnel,\u00a0nur einspurig und teilweise asphaltiert. Die Schlucht ist teilweise so\u2026","rel":"","context":"In &quot;News&quot;","img":{"alt_text":"","src":"https:\/\/i0.wp.com\/my-alps.de\/wp-content\/uploads\/2014\/09\/Canyon-del-Pato-IV-ce4.jpg?resize=350%2C200","width":350,"height":200},"classes":[]},{"id":600,"url":"http:\/\/my-alps.de\/?p=600","url_meta":{"origin":1867,"position":3},"title":"Im Herzen von Feuerland","date":"27. Januar 2014","format":"gallery","excerpt":"Nachdem wir von Ushuaia wieder Richtung Norden aufgebrochen sind, haben wir im \"Herzen von Feuerland\" mal eine kurze Pause eingelegt. Hier gibt es viel urspr\u00fcngliche Landschaft und nur wenige Menschen. Die beiden Seen, die wir besuchten sind der Lago Fagnano und der Lago Yehuin. Am Lago Yehuin, ungef\u00e4hr so gro\u00df\u2026","rel":"","context":"In &quot;News&quot;","img":{"alt_text":"","src":"https:\/\/i0.wp.com\/my-alps.de\/wp-content\/uploads\/2014\/01\/Weideland-in-Tierra-del-Fuego.jpg?resize=350%2C200","width":350,"height":200},"classes":[]},{"id":540,"url":"http:\/\/my-alps.de\/?p=540","url_meta":{"origin":1867,"position":4},"title":"S\u00fcdlichste Stadt der Welt &#8211; Ushuaia","date":"14. Januar 2014","format":"gallery","excerpt":"Es ist jetzt 12.17 Uhr Ortszeit - wir fahren am Schild: Ushuaia - Tierra del Fuego - vorbei. Erste gro\u00dfe Etappe geschafft. Nach knapp 4.000 km ( obwohl es direkt nach Buenos Aires auf der RN 3 nur 3.064 km sind) Na ja, die Umwege die es bei uns gibt\u2026","rel":"","context":"In &quot;News&quot;","img":{"alt_text":"","src":"","width":0,"height":0},"classes":[]},{"id":1320,"url":"http:\/\/my-alps.de\/?p=1320","url_meta":{"origin":1867,"position":5},"title":"Auf den Salar de Atacama -und weiter nach Calama","date":"17. Juli 2014","format":"gallery","excerpt":"Nach zwei Tagen \u201eauftanken\u201c in San Pedro de Atacama ,\u2028\u201ezieht\u201c es an einem, dieses Gef\u00fchl wieder hinaus in die Einsamkeit\u2028zu m\u00fcssen. Die ganze Zeit hat man nur grenzenlose Landschaft um\u2028sich, der Horizont existiert nur im Kopf. Selbst die kleine Stadt mit\u2028ihrer h\u00fcbschen Plaza, den Lehmh\u00e4usern und dem bunten Markt \u2028wird\u2026","rel":"","context":"In &quot;News&quot;","img":{"alt_text":"","src":"https:\/\/i0.wp.com\/my-alps.de\/wp-content\/uploads\/2014\/07\/Super-LKW.org_.jpg?resize=350%2C200","width":350,"height":200},"classes":[]}],"_links":{"self":[{"href":"http:\/\/my-alps.de\/index.php?rest_route=\/wp\/v2\/posts\/1867"}],"collection":[{"href":"http:\/\/my-alps.de\/index.php?rest_route=\/wp\/v2\/posts"}],"about":[{"href":"http:\/\/my-alps.de\/index.php?rest_route=\/wp\/v2\/types\/post"}],"author":[{"embeddable":true,"href":"http:\/\/my-alps.de\/index.php?rest_route=\/wp\/v2\/users\/1"}],"replies":[{"embeddable":true,"href":"http:\/\/my-alps.de\/index.php?rest_route=%2Fwp%2Fv2%2Fcomments&post=1867"}],"version-history":[{"count":0,"href":"http:\/\/my-alps.de\/index.php?rest_route=\/wp\/v2\/posts\/1867\/revisions"}],"wp:attachment":[{"href":"http:\/\/my-alps.de\/index.php?rest_route=%2Fwp%2Fv2%2Fmedia&parent=1867"}],"wp:term":[{"taxonomy":"category","embeddable":true,"href":"http:\/\/my-alps.de\/index.php?rest_route=%2Fwp%2Fv2%2Fcategories&post=1867"},{"taxonomy":"post_tag","embeddable":true,"href":"http:\/\/my-alps.de\/index.php?rest_route=%2Fwp%2Fv2%2Ftags&post=1867"}],"curies":[{"name":"wp","href":"https:\/\/api.w.org\/{rel}","templated":true}]}}