{"id":1865,"date":"2016-08-22T14:47:04","date_gmt":"2016-08-22T12:47:04","guid":{"rendered":"http:\/\/my-alps.de\/?p=1865"},"modified":"2016-08-22T14:47:04","modified_gmt":"2016-08-22T12:47:04","slug":"reise-nach-smaland","status":"publish","type":"post","link":"http:\/\/my-alps.de\/?p=1865","title":{"rendered":"Reise nach Sm\u00e5land"},"content":{"rendered":"<p>Wir sind mal wieder unterwegs &#8211; diesmal Richtung Norden. Unterwegs in &#8222;Michl aus L\u00f6nneberga&#8220; Land.<\/p>\n<p><a href=\"https:\/\/i0.wp.com\/my-alps.de\/wp-content\/uploads\/2016\/08\/snapseed.jpg\"><img data-attachment-id=\"1864\" data-permalink=\"http:\/\/my-alps.de\/?attachment_id=1864\" data-orig-file=\"https:\/\/i0.wp.com\/my-alps.de\/wp-content\/uploads\/2016\/08\/snapseed.jpg?fit=3264%2C2448\" data-orig-size=\"3264,2448\" data-comments-opened=\"1\" data-image-meta=\"{&quot;aperture&quot;:&quot;2.2&quot;,&quot;credit&quot;:&quot;&quot;,&quot;camera&quot;:&quot;iPhone 6&quot;,&quot;caption&quot;:&quot;&quot;,&quot;created_timestamp&quot;:&quot;1471792563&quot;,&quot;copyright&quot;:&quot;&quot;,&quot;focal_length&quot;:&quot;4.15&quot;,&quot;iso&quot;:&quot;32&quot;,&quot;shutter_speed&quot;:&quot;0.000625&quot;,&quot;title&quot;:&quot;&quot;,&quot;orientation&quot;:&quot;1&quot;}\" data-image-title=\"snapseed\" data-image-description=\"\" data-image-caption=\"\" data-medium-file=\"https:\/\/i0.wp.com\/my-alps.de\/wp-content\/uploads\/2016\/08\/snapseed.jpg?fit=300%2C225\" data-large-file=\"https:\/\/i0.wp.com\/my-alps.de\/wp-content\/uploads\/2016\/08\/snapseed.jpg?fit=625%2C469\" loading=\"lazy\" src=\"https:\/\/i0.wp.com\/my-alps.de\/wp-content\/uploads\/2016\/08\/snapseed.jpg?resize=625%2C469\" alt=\"\" width=\"625\" height=\"469\" class=\"alignnone size-full wp-image-1864\" srcset=\"https:\/\/i0.wp.com\/my-alps.de\/wp-content\/uploads\/2016\/08\/snapseed.jpg?w=3264 3264w, https:\/\/i0.wp.com\/my-alps.de\/wp-content\/uploads\/2016\/08\/snapseed.jpg?resize=300%2C225 300w, https:\/\/i0.wp.com\/my-alps.de\/wp-content\/uploads\/2016\/08\/snapseed.jpg?resize=768%2C576 768w, https:\/\/i0.wp.com\/my-alps.de\/wp-content\/uploads\/2016\/08\/snapseed.jpg?resize=1024%2C768 1024w, https:\/\/i0.wp.com\/my-alps.de\/wp-content\/uploads\/2016\/08\/snapseed.jpg?resize=624%2C468 624w, https:\/\/i0.wp.com\/my-alps.de\/wp-content\/uploads\/2016\/08\/snapseed.jpg?w=1250 1250w, https:\/\/i0.wp.com\/my-alps.de\/wp-content\/uploads\/2016\/08\/snapseed.jpg?w=1875 1875w\" sizes=\"(max-width: 625px) 100vw, 625px\" data-recalc-dims=\"1\" \/><\/a><\/p>\n","protected":false},"excerpt":{"rendered":"<p>Wir sind mal wieder unterwegs &#8211; diesmal Richtung Norden. Unterwegs in &#8222;Michl aus L\u00f6nneberga&#8220; Land.<\/p>\n","protected":false},"author":1,"featured_media":0,"comment_status":"open","ping_status":"open","sticky":false,"template":"","format":"gallery","meta":{"spay_email":"","jetpack_publicize_message":"","jetpack_is_tweetstorm":false,"jetpack_publicize_feature_enabled":true},"categories":[1],"tags":[],"jetpack_featured_media_url":"","jetpack_publicize_connections":[],"jetpack_sharing_enabled":true,"jetpack_shortlink":"https:\/\/wp.me\/p6huce-u5","jetpack-related-posts":[{"id":446,"url":"http:\/\/my-alps.de\/?p=446","url_meta":{"origin":1865,"position":0},"title":"Zarate &#8211; Argentinien \/ Home of Real Coke","date":"10. Dezember 2013","format":"gallery","excerpt":"Heute durften wir seit 30 Tagen das erste mal wieder an Land. Hier werden ca. 1.500 Autos ausgeladen und ein neuer Teil von VW's Amarok kommt mir. Wir sind in der Stadt unterwegs um unsere Autoversicherung f\u00fcr S\u00fcdamerika klarzumachen - gar nicht so einfach - so ohne Internetvergleichsportal sich das\u2026","rel":"","context":"In &quot;News&quot;","img":{"alt_text":"","src":"","width":0,"height":0},"classes":[]},{"id":1178,"url":"http:\/\/my-alps.de\/?p=1178","url_meta":{"origin":1865,"position":1},"title":"Epilog &#8211; Osorno","date":"3. Juni 2014","format":"gallery","excerpt":"Nach erfolgreicher Implementierung des nagelneuen Steuerger\u00e4tes in unseren Allradantrieb -\u00a0(er funktioniert wieder!) - steht einer Fortsetzung der Reise nach Norden, Richtung Bolivien und Peru nichts mehr im Weg. Doch vorher ein kleiner R\u00fcckblick: Wir haben hier in der Stadt richtige Freunde gefunden, Mario, Gustavo und ihre Familien sind so gastfreundlich\u2026","rel":"","context":"In &quot;News&quot;","img":{"alt_text":"","src":"","width":0,"height":0},"classes":[]},{"id":1308,"url":"http:\/\/my-alps.de\/?p=1308","url_meta":{"origin":1865,"position":2},"title":"Cafayate und durch das Valle Calchaquies nach Salta","date":"30. Juni 2014","format":"gallery","excerpt":"Nach Amaicha haben wir noch die \u201eRuinas de Quilmes\u201c besucht. Die Terrassenanlage wurde teilweise wieder ausgegraben und die Geschichte der Quilmesindianer hat ein trauriges Kapitel. Nach langem Wiederstand gegen die Spanier wurden sie doch unterworfen und der gesamte Stamm nach Buenos Aires deportiert. Nur 600 kamen lebend dort an mehr\u2026","rel":"","context":"In &quot;News&quot;","img":{"alt_text":"","src":"https:\/\/i0.wp.com\/my-alps.de\/wp-content\/uploads\/2014\/06\/Felsfarben-1-Sonnenuntergang-ce4.jpg?resize=350%2C200","width":350,"height":200},"classes":[]},{"id":1673,"url":"http:\/\/my-alps.de\/?p=1673","url_meta":{"origin":1865,"position":3},"title":"Markttag in Otavalo","date":"4. Oktober 2014","format":"gallery","excerpt":"Auf unserer Route nach Norden sind wir durch den Ort Otavalo gekommen, es war (zuf\u00e4llig) Sonntag und in Otavalo findet einer der gr\u00f6\u00dften Stra\u00dfenm\u00e4rkte in Ecuador statt. Ein gute Gelegenheit nochmals ausgiebig \"Marktluft\" zu schnuppern und die letzten Mitbringsel f\u00fcr die Freunde zu Hause einzukaufen. Die Frauen haben hier eine\u2026","rel":"","context":"In &quot;News&quot;","img":{"alt_text":"","src":"https:\/\/i0.wp.com\/my-alps.de\/wp-content\/uploads\/2014\/10\/Markttag-Otavalo-10.jpg?resize=350%2C200","width":350,"height":200},"classes":[]},{"id":745,"url":"http:\/\/my-alps.de\/?p=745","url_meta":{"origin":1865,"position":4},"title":"Carretera Austral &#8211; Richtung Coyhaique","date":"3. M\u00e4rz 2014","format":"gallery","excerpt":"Weiter geht\u2019s Richtung Norden. Weiter auf der Carretera Austral, der Hauptverbindungsstra\u00dfe in den S\u00fcden, die in den 70iger Jahren erst gebaut wurde. Schotterkilometer reiht sich an Schotterkilometer - mal besser - mal f\u00fcrchterlicher zu fahren. An einem Tag schaffen wir gerade mal knapp 170 Kilometer - und ich bin total\u2026","rel":"","context":"In &quot;News&quot;","img":{"alt_text":"","src":"https:\/\/i0.wp.com\/my-alps.de\/wp-content\/uploads\/2014\/03\/das-Ende-des-Schotters.jpg?resize=350%2C200","width":350,"height":200},"classes":[]},{"id":851,"url":"http:\/\/my-alps.de\/?p=851","url_meta":{"origin":1865,"position":5},"title":"von Chaiten ans Ende der Carretera Austral","date":"19. M\u00e4rz 2014","format":"gallery","excerpt":"Wir sind jetzt fast 4 Wochen lang auf der Ruta 7, der Carretera Austral, aus dem S\u00fcden Chiles Richtung Norden gefahren. Der Eine oder Andere Abstecher hat der einsamen Stra\u00dfe noch etwas mehr Reiz beschert, als sie selbst schon besitzt. Doch jetzt ist es an der Zeit die Zivilisation mal\u2026","rel":"","context":"In &quot;News&quot;","img":{"alt_text":"","src":"https:\/\/i0.wp.com\/my-alps.de\/wp-content\/uploads\/2014\/03\/El-Cap-light-sw.jpg?resize=350%2C200","width":350,"height":200},"classes":[]}],"_links":{"self":[{"href":"http:\/\/my-alps.de\/index.php?rest_route=\/wp\/v2\/posts\/1865"}],"collection":[{"href":"http:\/\/my-alps.de\/index.php?rest_route=\/wp\/v2\/posts"}],"about":[{"href":"http:\/\/my-alps.de\/index.php?rest_route=\/wp\/v2\/types\/post"}],"author":[{"embeddable":true,"href":"http:\/\/my-alps.de\/index.php?rest_route=\/wp\/v2\/users\/1"}],"replies":[{"embeddable":true,"href":"http:\/\/my-alps.de\/index.php?rest_route=%2Fwp%2Fv2%2Fcomments&post=1865"}],"version-history":[{"count":0,"href":"http:\/\/my-alps.de\/index.php?rest_route=\/wp\/v2\/posts\/1865\/revisions"}],"wp:attachment":[{"href":"http:\/\/my-alps.de\/index.php?rest_route=%2Fwp%2Fv2%2Fmedia&parent=1865"}],"wp:term":[{"taxonomy":"category","embeddable":true,"href":"http:\/\/my-alps.de\/index.php?rest_route=%2Fwp%2Fv2%2Fcategories&post=1865"},{"taxonomy":"post_tag","embeddable":true,"href":"http:\/\/my-alps.de\/index.php?rest_route=%2Fwp%2Fv2%2Ftags&post=1865"}],"curies":[{"name":"wp","href":"https:\/\/api.w.org\/{rel}","templated":true}]}}