{"id":1831,"date":"2015-09-15T18:54:34","date_gmt":"2015-09-15T16:54:34","guid":{"rendered":"http:\/\/my-alps.de\/?p=1831"},"modified":"2015-09-15T18:54:34","modified_gmt":"2015-09-15T16:54:34","slug":"kaum-zu-glauben-aber-wahr","status":"publish","type":"post","link":"http:\/\/my-alps.de\/?p=1831","title":{"rendered":"Kaum zu glauben &#8211; aber wahr!"},"content":{"rendered":"<p>Das wir das in Deutschland erleben d\u00fcrfen,<br \/>\nein ganzer Tag OHNE Netz und doppelten Boden.<\/p>\n<div id=\"attachment_1832\" style=\"width: 586px\" class=\"wp-caption aligncenter\"><a href=\"https:\/\/i0.wp.com\/my-alps.de\/wp-content\/uploads\/2015\/09\/IMG_0871.jpg\"><img aria-describedby=\"caption-attachment-1832\" data-attachment-id=\"1832\" data-permalink=\"http:\/\/my-alps.de\/?attachment_id=1832\" data-orig-file=\"https:\/\/i0.wp.com\/my-alps.de\/wp-content\/uploads\/2015\/09\/IMG_0871.jpg?fit=750%2C1334\" data-orig-size=\"750,1334\" data-comments-opened=\"1\" data-image-meta=\"{&quot;aperture&quot;:&quot;0&quot;,&quot;credit&quot;:&quot;&quot;,&quot;camera&quot;:&quot;&quot;,&quot;caption&quot;:&quot;&quot;,&quot;created_timestamp&quot;:&quot;1442267163&quot;,&quot;copyright&quot;:&quot;&quot;,&quot;focal_length&quot;:&quot;0&quot;,&quot;iso&quot;:&quot;0&quot;,&quot;shutter_speed&quot;:&quot;0&quot;,&quot;title&quot;:&quot;&quot;,&quot;orientation&quot;:&quot;1&quot;}\" data-image-title=\"screenshot\" data-image-description=\"&lt;p&gt;screenshot&lt;\/p&gt;\n\" data-image-caption=\"&lt;p&gt;screenshot&lt;\/p&gt;\n\" data-medium-file=\"https:\/\/i0.wp.com\/my-alps.de\/wp-content\/uploads\/2015\/09\/IMG_0871.jpg?fit=169%2C300\" data-large-file=\"https:\/\/i0.wp.com\/my-alps.de\/wp-content\/uploads\/2015\/09\/IMG_0871.jpg?fit=576%2C1024\" loading=\"lazy\" class=\"wp-image-1832 size-large\" src=\"https:\/\/i0.wp.com\/my-alps.de\/wp-content\/uploads\/2015\/09\/IMG_0871.jpg?resize=576%2C1024\" alt=\"screenshot\" width=\"576\" height=\"1024\" srcset=\"https:\/\/i0.wp.com\/my-alps.de\/wp-content\/uploads\/2015\/09\/IMG_0871.jpg?resize=576%2C1024 576w, https:\/\/i0.wp.com\/my-alps.de\/wp-content\/uploads\/2015\/09\/IMG_0871.jpg?resize=169%2C300 169w, https:\/\/i0.wp.com\/my-alps.de\/wp-content\/uploads\/2015\/09\/IMG_0871.jpg?resize=624%2C1110 624w, https:\/\/i0.wp.com\/my-alps.de\/wp-content\/uploads\/2015\/09\/IMG_0871.jpg?w=750 750w\" sizes=\"(max-width: 576px) 100vw, 576px\" data-recalc-dims=\"1\" \/><\/a><p id=\"caption-attachment-1832\" class=\"wp-caption-text\">screenshot<\/p><\/div>\n","protected":false},"excerpt":{"rendered":"<p>Das wir das in Deutschland erleben d\u00fcrfen, ein ganzer Tag OHNE Netz und doppelten Boden.<\/p>\n","protected":false},"author":1,"featured_media":0,"comment_status":"open","ping_status":"open","sticky":false,"template":"","format":"gallery","meta":{"spay_email":"","jetpack_publicize_message":"","jetpack_is_tweetstorm":false,"jetpack_publicize_feature_enabled":true},"categories":[1],"tags":[],"jetpack_featured_media_url":"","jetpack_publicize_connections":[],"jetpack_sharing_enabled":true,"jetpack_shortlink":"https:\/\/wp.me\/p6huce-tx","jetpack-related-posts":[{"id":62,"url":"http:\/\/my-alps.de\/?p=62","url_meta":{"origin":1831,"position":0},"title":"Hecktr\u00e4ger bestellt&#8230;.","date":"13. Februar 2013","format":false,"excerpt":"So - und wieder ein St\u00fcck zum hinschrauben bestellt. Da unser Zusatztank den Platz f\u00fcr das Ersatzrad beansprucht lassen wir uns einen Hecktr\u00e4ger, der eigentlich f\u00fcr Fahrr\u00e4der gedacht ist so umbauen das wir darauf unsere beiden Ersatzr\u00e4der befestigen k\u00f6nnen. Das Teil muss zudem noch zum wegschwenken sein, weil wir die\u2026","rel":"","context":"In &quot;Wohnmobil&quot;","img":{"alt_text":"","src":"","width":0,"height":0},"classes":[]},{"id":1182,"url":"http:\/\/my-alps.de\/?p=1182","url_meta":{"origin":1831,"position":1},"title":"\u2026.immer diese Grenzer!","date":"4. Juni 2014","format":"gallery","excerpt":"Als Angeh\u00f6riger des Schengener Abkommens ist einem der Umgang bei der Grenzabfertigung etwas abhanden gekommen. So haben wir uns bei der \u00dcberquerung der Grenze von Chile nach Argentinien am \u201ePaso Cristo Redentor\u201c von einen netten Herrn erst mal an der falschen Zollstelle anstellen lassen. Die Dame am Zoll hat flei\u00dfig\u2026","rel":"","context":"In &quot;News&quot;","img":{"alt_text":"","src":"https:\/\/i0.wp.com\/my-alps.de\/wp-content\/uploads\/2014\/06\/Via-PanAm-Argentinien.jpg?resize=350%2C200","width":350,"height":200},"classes":[]},{"id":496,"url":"http:\/\/my-alps.de\/?p=496","url_meta":{"origin":1831,"position":2},"title":"&#8230;..wir versuchen es ab und zu&#8230;","date":"28. Dezember 2013","format":"gallery","excerpt":"Etwas mit Salat auszuprobieren - doch es geh\u00f6rt sich einfach nicht dem Argentinier seinem Essen das Essen wegzuessen - wir werden das in Zukunft beachten.","rel":"","context":"In &quot;News&quot;","img":{"alt_text":"","src":"","width":0,"height":0},"classes":[]},{"id":800,"url":"http:\/\/my-alps.de\/?p=800","url_meta":{"origin":1831,"position":3},"title":"Genetischer Code bei M\u00e4nnchen","date":"10. M\u00e4rz 2014","format":"gallery","excerpt":"Ihr alle werdet mir zustimmen, die Frauen neigen eher zum sammeln und der Mann zum Jagen.Ich habe bei mir das mit dem Jagd-Gen schon ganz fr\u00fch entdeckt, aber wir hatten daheim einen Haushalt, da gab es ausser Essbesteck keine Waffen. (obwohl meine beiden Gro\u00dfv\u00e4ter Sch\u00fctzenk\u00f6nige waren!) Und mit einer Gabel\u2026","rel":"","context":"In &quot;unter uns&quot;","img":{"alt_text":"","src":"https:\/\/i0.wp.com\/my-alps.de\/wp-content\/uploads\/2014\/03\/Nummer-Zwei-HD.jpg?resize=350%2C200","width":350,"height":200},"classes":[]},{"id":881,"url":"http:\/\/my-alps.de\/?p=881","url_meta":{"origin":1831,"position":4},"title":"Puerto Montt","date":"26. M\u00e4rz 2014","format":"gallery","excerpt":"Nach 8.808 km (und wahrscheinlich ein paar mehr) die wir jetzt hier in S\u00fcdamerika unterwegs sind haben wir unserem WOMO auch mal etwas Gutes geg\u00f6nnt. Hier in Puerto Montt habe ich eine Werkstatt entdeckt die jegliche Art von Service f\u00fcr \u201egesch\u00fcttelte\u201c Autos anbietet. Wir haben uns f\u00fcr: \u00d6lwechsel und Luftfilterwechsel\u2026","rel":"","context":"In &quot;News&quot;","img":{"alt_text":"","src":"https:\/\/i0.wp.com\/my-alps.de\/wp-content\/uploads\/2014\/03\/Pisco-sour-6x6.jpg?resize=350%2C200","width":350,"height":200},"classes":[]},{"id":230,"url":"http:\/\/my-alps.de\/?p=230","url_meta":{"origin":1831,"position":5},"title":"Tschampa Fii und Latschenkiefercreme","date":"30. M\u00e4rz 2013","format":false,"excerpt":"So - sitze wieder mal mit meinem Senior zusammen und \"filosofieren\" \u00fcber alte Zeiten. Da gab es doch fr\u00fcher das \" Tschampa Fii\" macht sch\u00f6n braun und pflegt die Haut - hatten wir fr\u00fcher zum Skitouren gehen. Und Latschenkiefercreme - ich erinnere mich an Evi und ihre etwas irritierte Haut\u2026","rel":"","context":"In &quot;unter uns&quot;","img":{"alt_text":"","src":"","width":0,"height":0},"classes":[]}],"_links":{"self":[{"href":"http:\/\/my-alps.de\/index.php?rest_route=\/wp\/v2\/posts\/1831"}],"collection":[{"href":"http:\/\/my-alps.de\/index.php?rest_route=\/wp\/v2\/posts"}],"about":[{"href":"http:\/\/my-alps.de\/index.php?rest_route=\/wp\/v2\/types\/post"}],"author":[{"embeddable":true,"href":"http:\/\/my-alps.de\/index.php?rest_route=\/wp\/v2\/users\/1"}],"replies":[{"embeddable":true,"href":"http:\/\/my-alps.de\/index.php?rest_route=%2Fwp%2Fv2%2Fcomments&post=1831"}],"version-history":[{"count":1,"href":"http:\/\/my-alps.de\/index.php?rest_route=\/wp\/v2\/posts\/1831\/revisions"}],"predecessor-version":[{"id":1833,"href":"http:\/\/my-alps.de\/index.php?rest_route=\/wp\/v2\/posts\/1831\/revisions\/1833"}],"wp:attachment":[{"href":"http:\/\/my-alps.de\/index.php?rest_route=%2Fwp%2Fv2%2Fmedia&parent=1831"}],"wp:term":[{"taxonomy":"category","embeddable":true,"href":"http:\/\/my-alps.de\/index.php?rest_route=%2Fwp%2Fv2%2Fcategories&post=1831"},{"taxonomy":"post_tag","embeddable":true,"href":"http:\/\/my-alps.de\/index.php?rest_route=%2Fwp%2Fv2%2Ftags&post=1831"}],"curies":[{"name":"wp","href":"https:\/\/api.w.org\/{rel}","templated":true}]}}