{"id":1829,"date":"2015-09-15T18:47:15","date_gmt":"2015-09-15T16:47:15","guid":{"rendered":"http:\/\/my-alps.de\/?p=1829"},"modified":"2015-09-15T18:55:37","modified_gmt":"2015-09-15T16:55:37","slug":"landpartie","status":"publish","type":"post","link":"http:\/\/my-alps.de\/?p=1829","title":{"rendered":"Landpartie"},"content":{"rendered":"<p>Die Landstra\u00dfe hat uns wieder!<\/p>\n<p>Wir haben kurzerhand beschlossen die &#8222;Sch\u00e4ufala &#8211; Ecke&#8220;<br \/>\nmit einer kleinen Weintour durch Franken und&#8217;s &#8222;L\u00e4ndl&#8217;e&#8220; zu tauschen.<br \/>\nAnstatt Bier und Bratwurst gibt&#8217;s Wein und K\u00e4se.<\/p>\n<div id=\"attachment_1827\" style=\"width: 635px\" class=\"wp-caption aligncenter\"><a href=\"https:\/\/i0.wp.com\/my-alps.de\/wp-content\/uploads\/2015\/09\/IMG_0851-0.jpg\"><img aria-describedby=\"caption-attachment-1827\" data-attachment-id=\"1827\" data-permalink=\"http:\/\/my-alps.de\/?attachment_id=1827\" data-orig-file=\"https:\/\/i0.wp.com\/my-alps.de\/wp-content\/uploads\/2015\/09\/IMG_0851-0.jpg?fit=2250%2C3000\" data-orig-size=\"2250,3000\" data-comments-opened=\"1\" data-image-meta=\"{&quot;aperture&quot;:&quot;2.2&quot;,&quot;credit&quot;:&quot;&quot;,&quot;camera&quot;:&quot;iPhone 6&quot;,&quot;caption&quot;:&quot;&quot;,&quot;created_timestamp&quot;:&quot;1441902352&quot;,&quot;copyright&quot;:&quot;&quot;,&quot;focal_length&quot;:&quot;4.15&quot;,&quot;iso&quot;:&quot;32&quot;,&quot;shutter_speed&quot;:&quot;0.0016447368421053&quot;,&quot;title&quot;:&quot;&quot;,&quot;orientation&quot;:&quot;1&quot;}\" data-image-title=\"Alternative fr\u00e4nkische Ern\u00e4hrung\" data-image-description=\"&lt;p&gt;Alternative fr\u00e4nkische Ern\u00e4hrung&lt;\/p&gt;\n\" data-image-caption=\"&lt;p&gt;Alternative fr\u00e4nkische Ern\u00e4hrung&lt;\/p&gt;\n\" data-medium-file=\"https:\/\/i0.wp.com\/my-alps.de\/wp-content\/uploads\/2015\/09\/IMG_0851-0.jpg?fit=225%2C300\" data-large-file=\"https:\/\/i0.wp.com\/my-alps.de\/wp-content\/uploads\/2015\/09\/IMG_0851-0.jpg?fit=625%2C833\" loading=\"lazy\" class=\"wp-image-1827 size-large\" src=\"https:\/\/i0.wp.com\/my-alps.de\/wp-content\/uploads\/2015\/09\/IMG_0851-0.jpg?resize=625%2C833\" alt=\"Alternative fr\u00e4nkische Ern\u00e4hrung\" width=\"625\" height=\"833\" srcset=\"https:\/\/i0.wp.com\/my-alps.de\/wp-content\/uploads\/2015\/09\/IMG_0851-0.jpg?resize=768%2C1024 768w, https:\/\/i0.wp.com\/my-alps.de\/wp-content\/uploads\/2015\/09\/IMG_0851-0.jpg?resize=225%2C300 225w, https:\/\/i0.wp.com\/my-alps.de\/wp-content\/uploads\/2015\/09\/IMG_0851-0.jpg?resize=624%2C832 624w, https:\/\/i0.wp.com\/my-alps.de\/wp-content\/uploads\/2015\/09\/IMG_0851-0.jpg?w=1250 1250w, https:\/\/i0.wp.com\/my-alps.de\/wp-content\/uploads\/2015\/09\/IMG_0851-0.jpg?w=1875 1875w\" sizes=\"(max-width: 625px) 100vw, 625px\" data-recalc-dims=\"1\" \/><\/a><p id=\"caption-attachment-1827\" class=\"wp-caption-text\">Alternative fr\u00e4nkische Ern\u00e4hrung<\/p><\/div>\n<p>In der Buchhandlung sind wir \u00fcber einen F\u00fchrer gestolpert &#8222;Landvergn\u00fcgen&#8220;.<br \/>\nSehr empfehlenswert!<br \/>\nDarin sind viele Bauernh\u00f6fe, Weing\u00fcter und andere sch\u00f6ne Stellpl\u00e4tze aufgef\u00fchrt.<br \/>\nMan meldet sich einfach an und darf dann auf dem Hof mit dem WOMO stehen.<br \/>\nIn Iphofen durften wir auf dem Weingut &#8222;Emmerich&#8220; \u00fcbernachten.<br \/>\nSehr freundlich und das Prosecco Fr\u00fchst\u00fcck hat was!<\/p>\n<p>Mittlerweile sind wir im &#8222;L\u00e4ndl&#8217;e&#8220; und da gibt&#8217;s den Trollinger und Kn\u00f6pfle.<br \/>\nDas sch\u00f6ne ist &#8211; hier sprechen alle Deutsch! Na ja, fast alle.<br \/>\nDie Schwaben sind ja die Uru&#8217;s unter uns. Da zischt und schuscht es gewaltig in der Aussprache. Daf\u00fcr waren in Rothenburg fast nur Japaner. Wir Franken sind halt perfekt Multi-Kulti!<br \/>\nDa Loddard sich&#8217;s halt viel leichter um die Welt.<\/p>\n<p>Morgen geht&#8217;s zur sch\u00f6nen blauen Donau nach Sigmaringen.<\/p>\n","protected":false},"excerpt":{"rendered":"<p>Die Landstra\u00dfe hat uns wieder! Wir haben kurzerhand beschlossen die &#8222;Sch\u00e4ufala &#8211; Ecke&#8220; mit einer kleinen Weintour durch Franken und&#8217;s &#8222;L\u00e4ndl&#8217;e&#8220; zu tauschen. Anstatt Bier und Bratwurst gibt&#8217;s Wein und K\u00e4se. In der Buchhandlung sind wir \u00fcber einen F\u00fchrer gestolpert &#8222;Landvergn\u00fcgen&#8220;. Sehr empfehlenswert! Darin sind viele Bauernh\u00f6fe, Weing\u00fcter und andere sch\u00f6ne Stellpl\u00e4tze aufgef\u00fchrt. Man meldet [&hellip;]<\/p>\n","protected":false},"author":1,"featured_media":0,"comment_status":"open","ping_status":"open","sticky":false,"template":"","format":"gallery","meta":{"spay_email":"","jetpack_publicize_message":"","jetpack_is_tweetstorm":false,"jetpack_publicize_feature_enabled":true},"categories":[1],"tags":[],"jetpack_featured_media_url":"","jetpack_publicize_connections":[],"jetpack_sharing_enabled":true,"jetpack_shortlink":"https:\/\/wp.me\/p6huce-tv","jetpack-related-posts":[{"id":1595,"url":"http:\/\/my-alps.de\/?p=1595","url_meta":{"origin":1829,"position":0},"title":"Die Traumstra\u00dfe (Teil 2) \u00fcber Leymebamba","date":"11. September 2014","format":"gallery","excerpt":"Nach der \u00dcberquerung der sich schier endlos hinziehenden Pass Stra\u00dfe, ver\u00e4ndert sich das Landschaftsbild. Waren die Berge vorher noch mit niedriger Macchia bewachsen, dominiert nun auf einmal sattes Gr\u00fcn. Wie bei uns in den Voralpen sind die Wiesen saftig gr\u00fcn und es weiden K\u00fche. Fehlt nur noch das Gebimmel der\u2026","rel":"","context":"In &quot;News&quot;","img":{"alt_text":"","src":"https:\/\/i0.wp.com\/my-alps.de\/wp-content\/uploads\/2014\/09\/Die-Regenzeit-beginnt-ce4.jpg?resize=350%2C200","width":350,"height":200},"classes":[]},{"id":881,"url":"http:\/\/my-alps.de\/?p=881","url_meta":{"origin":1829,"position":1},"title":"Puerto Montt","date":"26. M\u00e4rz 2014","format":"gallery","excerpt":"Nach 8.808 km (und wahrscheinlich ein paar mehr) die wir jetzt hier in S\u00fcdamerika unterwegs sind haben wir unserem WOMO auch mal etwas Gutes geg\u00f6nnt. Hier in Puerto Montt habe ich eine Werkstatt entdeckt die jegliche Art von Service f\u00fcr \u201egesch\u00fcttelte\u201c Autos anbietet. Wir haben uns f\u00fcr: \u00d6lwechsel und Luftfilterwechsel\u2026","rel":"","context":"In &quot;News&quot;","img":{"alt_text":"","src":"https:\/\/i0.wp.com\/my-alps.de\/wp-content\/uploads\/2014\/03\/Pisco-sour-6x6.jpg?resize=350%2C200","width":350,"height":200},"classes":[]},{"id":508,"url":"http:\/\/my-alps.de\/?p=508","url_meta":{"origin":1829,"position":2},"title":"Rada Tilly &#8211; und der WAP Waschb\u00e4r","date":"6. Januar 2014","format":"gallery","excerpt":"Kurz hinter Comodore Rivadavia, also gleich \u00fcber\u2019n Berg liegt Rada Tilly. Eine kleine, aufstrebende Stadt mit h\u00fcbschen H\u00e4usern direkt am Atlantik gelegen. Hier ist unser n\u00e4chster Stop. Rada Tilly verf\u00fcgt \u00fcber einen WAP Waschb\u00e4r! Und dort machen wir erst mal unser WOMO sauber. Mit dem Hochdruckreiniger werden die getrockneten Schlammbatzen\u2026","rel":"","context":"In &quot;News&quot;","img":{"alt_text":"","src":"https:\/\/i0.wp.com\/my-alps.de\/wp-content\/uploads\/2014\/01\/Dreckschleuder-300x225.jpg?resize=350%2C200","width":350,"height":200},"classes":[]},{"id":883,"url":"http:\/\/my-alps.de\/?p=883","url_meta":{"origin":1829,"position":3},"title":"Insel Chiloe\u2019","date":"26. M\u00e4rz 2014","format":"gallery","excerpt":"Die Insel Chiloe\u2019 ist von Puerto Montt auf einer gut ausgebauten Autobahn in ca. 1 1\/2 Stunden Fahrt zu erreichen. \u00dcber die Meerenge zwischen dem Festland und der Insel wird (wie in Chile \u00fcblich) mit einer offenen F\u00e4hre \u00fcbergesetzt. Die Fahrtzeit betr\u00e4gt etwa eine halbe Stunde und kostet f\u00fcr unser\u2026","rel":"","context":"In &quot;News&quot;","img":{"alt_text":"","src":"https:\/\/i0.wp.com\/my-alps.de\/wp-content\/uploads\/2014\/03\/wir-sind-auf.....jpg?resize=350%2C200","width":350,"height":200},"classes":[]},{"id":646,"url":"http:\/\/my-alps.de\/?p=646","url_meta":{"origin":1829,"position":4},"title":"&#8222;Plattfuss&#8220; in S\u00fcdamerika","date":"6. Februar 2014","format":"gallery","excerpt":"Erster Plattfuss: Nach ca. 6.500 km haben wir unseren ersten Platten gefahren. Erst hat sich der Luftverlust beim hinten rechts noch in Grenzen gehalten - doch dann haben wir einen Metallgegenstand im Reifen entdeckt. Sch\u00f6n zwischen den Profilrippen versteckt. Die Notreperatur mit Reifenpilot hat uns noch bis El Calafate gebracht.\u2026","rel":"","context":"In &quot;Wohnmobil&quot;","img":{"alt_text":"Gomeria Gallardo","src":"https:\/\/i0.wp.com\/my-alps.de\/wp-content\/uploads\/2014\/02\/Gomeria-Gallardo-HD.jpg?resize=350%2C200","width":350,"height":200},"classes":[]},{"id":995,"url":"http:\/\/my-alps.de\/?p=995","url_meta":{"origin":1829,"position":5},"title":"April, April &#8211; Halbzeit bei der Auszeit","date":"10. April 2014","format":"gallery","excerpt":"Am 11.11.2013 sind wir in Hamburg an Bord der \u201eGrande Cameroon\u201c gegangen und \u00fcber den Atlantik nach S\u00fcdamerika geschippert. Zugegeben, es war nicht immer gerade Hochstimmung mit Karneval und Fasching an Bord, aber es ist uns wirklich nicht langweilig geworden. So eine Frachterreise hat auch etwas besonderes. (Beinahe meditativ!) Nun\u2026","rel":"","context":"In &quot;News&quot;","img":{"alt_text":"","src":"","width":0,"height":0},"classes":[]}],"_links":{"self":[{"href":"http:\/\/my-alps.de\/index.php?rest_route=\/wp\/v2\/posts\/1829"}],"collection":[{"href":"http:\/\/my-alps.de\/index.php?rest_route=\/wp\/v2\/posts"}],"about":[{"href":"http:\/\/my-alps.de\/index.php?rest_route=\/wp\/v2\/types\/post"}],"author":[{"embeddable":true,"href":"http:\/\/my-alps.de\/index.php?rest_route=\/wp\/v2\/users\/1"}],"replies":[{"embeddable":true,"href":"http:\/\/my-alps.de\/index.php?rest_route=%2Fwp%2Fv2%2Fcomments&post=1829"}],"version-history":[{"count":2,"href":"http:\/\/my-alps.de\/index.php?rest_route=\/wp\/v2\/posts\/1829\/revisions"}],"predecessor-version":[{"id":1834,"href":"http:\/\/my-alps.de\/index.php?rest_route=\/wp\/v2\/posts\/1829\/revisions\/1834"}],"wp:attachment":[{"href":"http:\/\/my-alps.de\/index.php?rest_route=%2Fwp%2Fv2%2Fmedia&parent=1829"}],"wp:term":[{"taxonomy":"category","embeddable":true,"href":"http:\/\/my-alps.de\/index.php?rest_route=%2Fwp%2Fv2%2Fcategories&post=1829"},{"taxonomy":"post_tag","embeddable":true,"href":"http:\/\/my-alps.de\/index.php?rest_route=%2Fwp%2Fv2%2Ftags&post=1829"}],"curies":[{"name":"wp","href":"https:\/\/api.w.org\/{rel}","templated":true}]}}