{"id":1822,"date":"2015-07-19T11:05:52","date_gmt":"2015-07-19T09:05:52","guid":{"rendered":"http:\/\/my-alps.de\/?p=1822"},"modified":"2015-07-19T11:05:52","modified_gmt":"2015-07-19T09:05:52","slug":"overpfahl-1-suedamerika-treffen","status":"publish","type":"post","link":"http:\/\/my-alps.de\/?p=1822","title":{"rendered":"&#8222;Overpfahl&#8220; &#8211; 1. S\u00fcdamerika Treffen\u00a0"},"content":{"rendered":"<p>das Wochenende haben wir mit vielen Reisenden in Pfahldorf verbracht. Argentinische Grillmengen haben sich mit bayerischen Bierkonsum vermischt und f\u00fcr kurze Zeit ist es so wie vergangenes Jahr gewesen. Sch\u00f6ne Erinnerungen und viele Freunde getroffen.<\/p>\n<p>&nbsp;<a href=\"https:\/\/i0.wp.com\/my-alps.de\/wp-content\/uploads\/2015\/07\/IMG_0226.jpg\"><img src=\"https:\/\/i0.wp.com\/my-alps.de\/wp-content\/uploads\/2015\/07\/IMG_0226.jpg?w=625\" alt=\"\" data-recalc-dims=\"1\"><\/a>&nbsp;<\/p>\n","protected":false},"excerpt":{"rendered":"<p>das Wochenende haben wir mit vielen Reisenden in Pfahldorf verbracht. Argentinische Grillmengen haben sich mit bayerischen Bierkonsum vermischt und f\u00fcr kurze Zeit ist es so wie vergangenes Jahr gewesen. Sch\u00f6ne Erinnerungen und viele Freunde getroffen. &nbsp;&nbsp;<\/p>\n","protected":false},"author":1,"featured_media":0,"comment_status":"open","ping_status":"open","sticky":false,"template":"","format":"gallery","meta":{"spay_email":"","jetpack_publicize_message":"","jetpack_is_tweetstorm":false,"jetpack_publicize_feature_enabled":true},"categories":[1],"tags":[],"jetpack_featured_media_url":"","jetpack_publicize_connections":[],"jetpack_sharing_enabled":true,"jetpack_shortlink":"https:\/\/wp.me\/p6huce-to","jetpack-related-posts":[{"id":881,"url":"http:\/\/my-alps.de\/?p=881","url_meta":{"origin":1822,"position":0},"title":"Puerto Montt","date":"26. M\u00e4rz 2014","format":"gallery","excerpt":"Nach 8.808 km (und wahrscheinlich ein paar mehr) die wir jetzt hier in S\u00fcdamerika unterwegs sind haben wir unserem WOMO auch mal etwas Gutes geg\u00f6nnt. Hier in Puerto Montt habe ich eine Werkstatt entdeckt die jegliche Art von Service f\u00fcr \u201egesch\u00fcttelte\u201c Autos anbietet. Wir haben uns f\u00fcr: \u00d6lwechsel und Luftfilterwechsel\u2026","rel":"","context":"In &quot;News&quot;","img":{"alt_text":"","src":"https:\/\/i0.wp.com\/my-alps.de\/wp-content\/uploads\/2014\/03\/Pisco-sour-6x6.jpg?resize=350%2C200","width":350,"height":200},"classes":[]},{"id":748,"url":"http:\/\/my-alps.de\/?p=748","url_meta":{"origin":1822,"position":1},"title":"Von Puerto Tranquilo in\u2019s Valle de Exploradores mit dem \u201eKlapperfritz\u201c","date":"3. M\u00e4rz 2014","format":"gallery","excerpt":"Dann geht\u2019s wieder weiter, die \u201eCarretera Austral\u201c hinauf. Immer wieder halten wir an und bestaunen die Fjordlandschaft mit den tief eingeschnittenen Buchten und den kleinen Inseln. In \u201ePuerto Tranquilo\u201c biegen wir links ab in das Tal: \u201eValle de Exploradores\u201c. Die Schotterpiste f\u00e4hrt sich wie ein besseres Flussbett und zu allem\u2026","rel":"","context":"In &quot;News&quot;","img":{"alt_text":"","src":"https:\/\/i0.wp.com\/my-alps.de\/wp-content\/uploads\/2014\/03\/kalter-Regenwald-HD.jpg?resize=350%2C200","width":350,"height":200},"classes":[]},{"id":883,"url":"http:\/\/my-alps.de\/?p=883","url_meta":{"origin":1822,"position":2},"title":"Insel Chiloe\u2019","date":"26. M\u00e4rz 2014","format":"gallery","excerpt":"Die Insel Chiloe\u2019 ist von Puerto Montt auf einer gut ausgebauten Autobahn in ca. 1 1\/2 Stunden Fahrt zu erreichen. \u00dcber die Meerenge zwischen dem Festland und der Insel wird (wie in Chile \u00fcblich) mit einer offenen F\u00e4hre \u00fcbergesetzt. Die Fahrtzeit betr\u00e4gt etwa eine halbe Stunde und kostet f\u00fcr unser\u2026","rel":"","context":"In &quot;News&quot;","img":{"alt_text":"","src":"https:\/\/i0.wp.com\/my-alps.de\/wp-content\/uploads\/2014\/03\/wir-sind-auf.....jpg?resize=350%2C200","width":350,"height":200},"classes":[]},{"id":1472,"url":"http:\/\/my-alps.de\/?p=1472","url_meta":{"origin":1822,"position":3},"title":"vom Sajama, dem h\u00f6chsten Berg Boliviens nach Peru","date":"8. August 2014","format":"gallery","excerpt":"Da wir vom Titikakasee etwas entt\u00e4uscht waren, haben wir uns kurzerhand entschlossen doch noch einen Abstecher zum \"Sajama\" zu fahren. Er liegt zwar auf dem Weg Richtung Chile, aber\u00a0das haben wir dann mit dem Grenz\u00fcbergang in Arica\u00a0verkn\u00fcpft. auf dem AltiplanoDer \"Sajama\" ist ein wundersch\u00f6ner Vulkankegel, der sich wie eine Zipfelm\u00fctze\u2026","rel":"","context":"In &quot;News&quot;","img":{"alt_text":"","src":"https:\/\/i0.wp.com\/my-alps.de\/wp-content\/uploads\/2014\/08\/Vulkanausbruch-1-ce4.jpg?resize=350%2C200","width":350,"height":200},"classes":[]},{"id":693,"url":"http:\/\/my-alps.de\/?p=693","url_meta":{"origin":1822,"position":4},"title":"&#8230;.wieder mal ein Lebenszeichen!","date":"22. Februar 2014","format":"gallery","excerpt":"Hallo wir geben mal ein kleines Lebenszeichen von uns. Die letzten Tage seit unserem Aufenhalt am Lago Roca haben wir mit viel Abenteur verbracht. Erst waren wir in El Chalten am Cerro Torre und am Fitz Roy und haben tolle Trekkingtouren unternommen. Fitz Roy im Vollmond und bei Sonnenaufgang -\u2026","rel":"","context":"In &quot;News&quot;","img":{"alt_text":"","src":"","width":0,"height":0},"classes":[]},{"id":148,"url":"http:\/\/my-alps.de\/?p=148","url_meta":{"origin":1822,"position":5},"title":"Alpakas &#8211; 2.0","date":"4. M\u00e4rz 2013","format":false,"excerpt":"Wir haben am Wochenende mal unsere neuen Freunde besucht und mit ihnen ein wenig spanisch gesprochen. Allerdings hat sich das Interesse dann doch schnell auf Futter konzentriert.","rel":"","context":"In &quot;News&quot;","img":{"alt_text":"","src":"https:\/\/i0.wp.com\/my-alps.de\/wp-content\/uploads\/2013\/03\/Alpaka-black-and-white-300x300.jpg?resize=350%2C200","width":350,"height":200},"classes":[]}],"_links":{"self":[{"href":"http:\/\/my-alps.de\/index.php?rest_route=\/wp\/v2\/posts\/1822"}],"collection":[{"href":"http:\/\/my-alps.de\/index.php?rest_route=\/wp\/v2\/posts"}],"about":[{"href":"http:\/\/my-alps.de\/index.php?rest_route=\/wp\/v2\/types\/post"}],"author":[{"embeddable":true,"href":"http:\/\/my-alps.de\/index.php?rest_route=\/wp\/v2\/users\/1"}],"replies":[{"embeddable":true,"href":"http:\/\/my-alps.de\/index.php?rest_route=%2Fwp%2Fv2%2Fcomments&post=1822"}],"version-history":[{"count":1,"href":"http:\/\/my-alps.de\/index.php?rest_route=\/wp\/v2\/posts\/1822\/revisions"}],"predecessor-version":[{"id":1823,"href":"http:\/\/my-alps.de\/index.php?rest_route=\/wp\/v2\/posts\/1822\/revisions\/1823"}],"wp:attachment":[{"href":"http:\/\/my-alps.de\/index.php?rest_route=%2Fwp%2Fv2%2Fmedia&parent=1822"}],"wp:term":[{"taxonomy":"category","embeddable":true,"href":"http:\/\/my-alps.de\/index.php?rest_route=%2Fwp%2Fv2%2Fcategories&post=1822"},{"taxonomy":"post_tag","embeddable":true,"href":"http:\/\/my-alps.de\/index.php?rest_route=%2Fwp%2Fv2%2Ftags&post=1822"}],"curies":[{"name":"wp","href":"https:\/\/api.w.org\/{rel}","templated":true}]}}