{"id":1793,"date":"2015-03-23T20:27:57","date_gmt":"2015-03-23T19:27:57","guid":{"rendered":"http:\/\/my-alps.de\/?p=1793"},"modified":"2015-03-23T20:30:41","modified_gmt":"2015-03-23T19:30:41","slug":"multi-media-vortrag-in-kulmbach-am-24-04-2015","status":"publish","type":"post","link":"http:\/\/my-alps.de\/?p=1793","title":{"rendered":"Multi Media Vortrag in Kulmbach &#8211; am 23.04.2015"},"content":{"rendered":"<p>F\u00fcr alle die Interesse an einem sch\u00f6nen &#8222;Dia-Abend&#8220; haben:<\/p>\n<p>Am 23.04.2015 ab 19:30 Uhr im Brauereimuseum in Kulmbach.<\/p>\n<div id=\"attachment_1792\" style=\"width: 484px\" class=\"wp-caption aligncenter\"><a href=\"https:\/\/i0.wp.com\/my-alps.de\/wp-content\/uploads\/2015\/03\/Plakat-DIN-A-3-S\u00fcdamerika-Vortrag.jpg\"><img aria-describedby=\"caption-attachment-1792\" data-attachment-id=\"1792\" data-permalink=\"http:\/\/my-alps.de\/?attachment_id=1792\" data-orig-file=\"https:\/\/i0.wp.com\/my-alps.de\/wp-content\/uploads\/2015\/03\/Plakat-DIN-A-3-S\u00fcdamerika-Vortrag.jpg?fit=1200%2C848\" data-orig-size=\"1200,848\" data-comments-opened=\"1\" data-image-meta=\"{&quot;aperture&quot;:&quot;0&quot;,&quot;credit&quot;:&quot;&quot;,&quot;camera&quot;:&quot;&quot;,&quot;caption&quot;:&quot;&quot;,&quot;created_timestamp&quot;:&quot;0&quot;,&quot;copyright&quot;:&quot;&quot;,&quot;focal_length&quot;:&quot;0&quot;,&quot;iso&quot;:&quot;0&quot;,&quot;shutter_speed&quot;:&quot;0&quot;,&quot;title&quot;:&quot;&quot;,&quot;orientation&quot;:&quot;0&quot;}\" data-image-title=\"Plakat DIN A 3 &#8211; S\u00fcdamerika Vortrag\" data-image-description=\"&lt;p&gt;S\u00fcdamerika Vortrag&lt;\/p&gt;\n\" data-image-caption=\"&lt;p&gt;S\u00fcdamerika Vortrag&lt;\/p&gt;\n\" data-medium-file=\"https:\/\/i0.wp.com\/my-alps.de\/wp-content\/uploads\/2015\/03\/Plakat-DIN-A-3-S\u00fcdamerika-Vortrag.jpg?fit=300%2C212\" data-large-file=\"https:\/\/i0.wp.com\/my-alps.de\/wp-content\/uploads\/2015\/03\/Plakat-DIN-A-3-S\u00fcdamerika-Vortrag.jpg?fit=625%2C442\" loading=\"lazy\" class=\"size-large wp-image-1792\" src=\"https:\/\/i0.wp.com\/my-alps.de\/wp-content\/uploads\/2015\/03\/Plakat-DIN-A-3-S\u00fcdamerika-Vortrag.jpg?resize=474%2C335\" alt=\"S\u00fcdamerika Vortrag\" width=\"474\" height=\"335\" srcset=\"https:\/\/i0.wp.com\/my-alps.de\/wp-content\/uploads\/2015\/03\/Plakat-DIN-A-3-S\u00fcdamerika-Vortrag.jpg?resize=1024%2C724 1024w, https:\/\/i0.wp.com\/my-alps.de\/wp-content\/uploads\/2015\/03\/Plakat-DIN-A-3-S\u00fcdamerika-Vortrag.jpg?resize=300%2C212 300w, https:\/\/i0.wp.com\/my-alps.de\/wp-content\/uploads\/2015\/03\/Plakat-DIN-A-3-S\u00fcdamerika-Vortrag.jpg?w=1200 1200w\" sizes=\"(max-width: 474px) 100vw, 474px\" data-recalc-dims=\"1\" \/><\/a><p id=\"caption-attachment-1792\" class=\"wp-caption-text\">S\u00fcdamerika Vortrag<\/p><\/div>\n","protected":false},"excerpt":{"rendered":"<p>F\u00fcr alle die Interesse an einem sch\u00f6nen &#8222;Dia-Abend&#8220; haben: Am 23.04.2015 ab 19:30 Uhr im Brauereimuseum in Kulmbach.<\/p>\n","protected":false},"author":1,"featured_media":0,"comment_status":"open","ping_status":"open","sticky":false,"template":"","format":"gallery","meta":{"spay_email":"","jetpack_publicize_message":"","jetpack_is_tweetstorm":false,"jetpack_publicize_feature_enabled":true},"categories":[1],"tags":[],"jetpack_featured_media_url":"","jetpack_publicize_connections":[],"jetpack_sharing_enabled":true,"jetpack_shortlink":"https:\/\/wp.me\/p6huce-sV","jetpack-related-posts":[{"id":160,"url":"http:\/\/my-alps.de\/?p=160","url_meta":{"origin":1793,"position":0},"title":"Uuhhhh &#8211; Bayreuth liegt weiter weg als gedacht","date":"8. M\u00e4rz 2013","format":false,"excerpt":"Hmm, wir haben gedacht auf dem Weg nach Kulmbach machen wir mal nen' Abstecher in die Weltstadt Bayreuth. Aber es h\u00e4tte uns klar sein m\u00fcssen - mit jedem Kilometer nach Norden entfernt man sich von ordentlichem Kaffee! Espresso mit Dosenmilch - Na Super ! Es wird Zeit das wir wegkommen\u2026","rel":"","context":"In &quot;unter uns&quot;","img":{"alt_text":"","src":"","width":0,"height":0},"classes":[]},{"id":885,"url":"http:\/\/my-alps.de\/?p=885","url_meta":{"origin":1793,"position":1},"title":"Cerveza artesanal","date":"26. M\u00e4rz 2014","format":"gallery","excerpt":"Ich bin ja in Kulmbach geboren und aufgewachsen, jetzt wohne ich (nach einigen Umwegen) in Bamberg. Da hat man im Laufe der Zeit einen besonderen Bezug zu Bier aufgebaut. In Puerto Montt habe ich beim Einkaufen im Supermarkt ein Regal mit \u201eLandbier\u201c entdeckt. Die musste ich unbedingt probieren, das war\u2026","rel":"","context":"In &quot;unter uns&quot;","img":{"alt_text":"","src":"https:\/\/i0.wp.com\/my-alps.de\/wp-content\/uploads\/2014\/03\/Chilenische-Bierprobe.jpg?resize=350%2C200","width":350,"height":200},"classes":[]},{"id":1031,"url":"http:\/\/my-alps.de\/?p=1031","url_meta":{"origin":1793,"position":2},"title":"Leberk\u00e4s\u2019 a la pobre","date":"24. April 2014","format":"gallery","excerpt":"Zugegeben, wir Franken, wir verstehen was von Brotzeit, so mit richtig gutem Bier und Leberk\u00e4s\u2019. Und wie \u00fcberall auf der Welt, wo es richtige Franken hin verschlagen hat,\u00a0gibt es logischerweise gute Brotzeit. Sogar hier in Osorno! Unser Freund Mario - ihr kennt ihn vom Grillen - OHNE Grillrost - hat\u2026","rel":"","context":"In &quot;News&quot;","img":{"alt_text":"","src":"","width":0,"height":0},"classes":[]},{"id":1788,"url":"http:\/\/my-alps.de\/?p=1788","url_meta":{"origin":1793,"position":3},"title":"ein Jahr geht zu Ende&#8230;.","date":"30. Dezember 2014","format":"gallery","excerpt":"So langsam aber sicher neigt sich das (wohl sch\u00f6nste) Jahr dem Ende entgegen. Wir haben viel erlebt, liebe Menschen kennengelernt und die sch\u00f6nsten Landschaften gesehen. Viele unserer Freunde w\u00fcrden auch gerne so ein Jahr \"Auszeit\" nehmen - was hindert euch daran? Nur der eigene Kopf - mehr nicht. Ich habe\u2026","rel":"","context":"In &quot;News&quot;","img":{"alt_text":"2015 - Neujahrsgr\u00c3\u00bcsse","src":"https:\/\/i0.wp.com\/my-alps.de\/wp-content\/uploads\/2013\/01\/2015-Neujahrsgr\u00c3\u00bcsse.jpg?resize=350%2C200","width":350,"height":200},"classes":[]}],"_links":{"self":[{"href":"http:\/\/my-alps.de\/index.php?rest_route=\/wp\/v2\/posts\/1793"}],"collection":[{"href":"http:\/\/my-alps.de\/index.php?rest_route=\/wp\/v2\/posts"}],"about":[{"href":"http:\/\/my-alps.de\/index.php?rest_route=\/wp\/v2\/types\/post"}],"author":[{"embeddable":true,"href":"http:\/\/my-alps.de\/index.php?rest_route=\/wp\/v2\/users\/1"}],"replies":[{"embeddable":true,"href":"http:\/\/my-alps.de\/index.php?rest_route=%2Fwp%2Fv2%2Fcomments&post=1793"}],"version-history":[{"count":3,"href":"http:\/\/my-alps.de\/index.php?rest_route=\/wp\/v2\/posts\/1793\/revisions"}],"predecessor-version":[{"id":1796,"href":"http:\/\/my-alps.de\/index.php?rest_route=\/wp\/v2\/posts\/1793\/revisions\/1796"}],"wp:attachment":[{"href":"http:\/\/my-alps.de\/index.php?rest_route=%2Fwp%2Fv2%2Fmedia&parent=1793"}],"wp:term":[{"taxonomy":"category","embeddable":true,"href":"http:\/\/my-alps.de\/index.php?rest_route=%2Fwp%2Fv2%2Fcategories&post=1793"},{"taxonomy":"post_tag","embeddable":true,"href":"http:\/\/my-alps.de\/index.php?rest_route=%2Fwp%2Fv2%2Ftags&post=1793"}],"curies":[{"name":"wp","href":"https:\/\/api.w.org\/{rel}","templated":true}]}}