{"id":1788,"date":"2014-12-30T12:47:04","date_gmt":"2014-12-30T11:47:04","guid":{"rendered":"http:\/\/my-alps.de\/?p=1788"},"modified":"2014-12-30T12:47:04","modified_gmt":"2014-12-30T11:47:04","slug":"ein-jahr-geht-zu-ende","status":"publish","type":"post","link":"http:\/\/my-alps.de\/?p=1788","title":{"rendered":"ein Jahr geht zu Ende&#8230;."},"content":{"rendered":"<p>So langsam aber sicher neigt sich das (wohl sch\u00f6nste) Jahr dem Ende entgegen. Wir haben viel erlebt, liebe Menschen kennengelernt und die sch\u00f6nsten Landschaften gesehen.<br \/>\nViele unserer Freunde w\u00fcrden auch gerne so ein Jahr &#8222;Auszeit&#8220; nehmen &#8211; was hindert euch daran? Nur der eigene Kopf &#8211; mehr nicht.<\/p>\n<div id=\"attachment_1783\" style=\"width: 2490px\" class=\"wp-caption aligncenter\"><a href=\"https:\/\/i0.wp.com\/my-alps.de\/wp-content\/uploads\/2013\/01\/2015-Neujahrsgr\u00fcsse.jpg\"><img aria-describedby=\"caption-attachment-1783\" data-attachment-id=\"1783\" data-permalink=\"http:\/\/my-alps.de\/?attachment_id=1783\" data-orig-file=\"https:\/\/i0.wp.com\/my-alps.de\/wp-content\/uploads\/2013\/01\/2015-Neujahrsgr\u00fcsse.jpg?fit=2480%2C1395\" data-orig-size=\"2480,1395\" data-comments-opened=\"1\" data-image-meta=\"{&quot;aperture&quot;:&quot;8&quot;,&quot;credit&quot;:&quot;&quot;,&quot;camera&quot;:&quot;NEX-7&quot;,&quot;caption&quot;:&quot;&quot;,&quot;created_timestamp&quot;:&quot;1419885599&quot;,&quot;copyright&quot;:&quot;&quot;,&quot;focal_length&quot;:&quot;13&quot;,&quot;iso&quot;:&quot;200&quot;,&quot;shutter_speed&quot;:&quot;30&quot;,&quot;title&quot;:&quot;&quot;}\" data-image-title=\"2015 &#8211; Neujahrsgr\u00fcsse\" data-image-description=\"&lt;p&gt;2015 &#8211; Neujahrsgr\u00fcsse&lt;\/p&gt;\n\" data-image-caption=\"&lt;p&gt;2015 &#8211; Neujahrsgr\u00fcsse&lt;\/p&gt;\n\" data-medium-file=\"https:\/\/i0.wp.com\/my-alps.de\/wp-content\/uploads\/2013\/01\/2015-Neujahrsgr\u00fcsse.jpg?fit=300%2C168\" data-large-file=\"https:\/\/i0.wp.com\/my-alps.de\/wp-content\/uploads\/2013\/01\/2015-Neujahrsgr\u00fcsse.jpg?fit=625%2C352\" loading=\"lazy\" class=\"size-full wp-image-1783\" alt=\"2015 - Neujahrsgr\u00fcsse\" src=\"https:\/\/i0.wp.com\/my-alps.de\/wp-content\/uploads\/2013\/01\/2015-Neujahrsgr\u00fcsse.jpg?resize=625%2C352\" width=\"625\" height=\"352\" srcset=\"https:\/\/i0.wp.com\/my-alps.de\/wp-content\/uploads\/2013\/01\/2015-Neujahrsgr\u00fcsse.jpg?w=2480 2480w, https:\/\/i0.wp.com\/my-alps.de\/wp-content\/uploads\/2013\/01\/2015-Neujahrsgr\u00fcsse.jpg?resize=300%2C168 300w, https:\/\/i0.wp.com\/my-alps.de\/wp-content\/uploads\/2013\/01\/2015-Neujahrsgr\u00fcsse.jpg?resize=1024%2C576 1024w, https:\/\/i0.wp.com\/my-alps.de\/wp-content\/uploads\/2013\/01\/2015-Neujahrsgr\u00fcsse.jpg?w=1250 1250w, https:\/\/i0.wp.com\/my-alps.de\/wp-content\/uploads\/2013\/01\/2015-Neujahrsgr\u00fcsse.jpg?w=1875 1875w\" sizes=\"(max-width: 625px) 100vw, 625px\" data-recalc-dims=\"1\" \/><\/a><p id=\"caption-attachment-1783\" class=\"wp-caption-text\">2015 &#8211; Neujahrsgr\u00fcsse<\/p><\/div>\n<p>Ich habe einen sch\u00f6nen Spruch neulich in einem Buch gelesen:<\/p>\n<p>&#8222;Wer niemals fortgeht kann niemals ankommen&#8220;,<br \/>\nich glaube der ist von Wilhelm Busch<br \/>\nund ich finde er hat recht.<\/p>\n<p>Ich werde jetzt die Seiten und den Blog umstellen und die<br \/>\n&#8222;Reise nach S\u00fcdamerika&#8220; archivieren.<\/p>\n<p>Die Fotob\u00fccher sind fast fertig und der Vortrag nimmt langsam Gestalt an.<br \/>\nWir geben Bescheid, wenn alles fertig ist.<\/p>\n<p>Liebe Gr\u00fc\u00dfe,<br \/>\nAnnette und Claus<\/p>\n","protected":false},"excerpt":{"rendered":"<p>So langsam aber sicher neigt sich das (wohl sch\u00f6nste) Jahr dem Ende entgegen. Wir haben viel erlebt, liebe Menschen kennengelernt und die sch\u00f6nsten Landschaften gesehen. Viele unserer Freunde w\u00fcrden auch gerne so ein Jahr &#8222;Auszeit&#8220; nehmen &#8211; was hindert euch daran? Nur der eigene Kopf &#8211; mehr nicht. Ich habe einen sch\u00f6nen Spruch neulich in [&hellip;]<\/p>\n","protected":false},"author":1,"featured_media":0,"comment_status":"open","ping_status":"open","sticky":false,"template":"","format":"gallery","meta":{"spay_email":"","jetpack_publicize_message":"","jetpack_is_tweetstorm":false,"jetpack_publicize_feature_enabled":true},"categories":[1],"tags":[],"jetpack_featured_media_url":"","jetpack_publicize_connections":[],"jetpack_sharing_enabled":true,"jetpack_shortlink":"https:\/\/wp.me\/p6huce-sQ","jetpack-related-posts":[{"id":1732,"url":"http:\/\/my-alps.de\/?p=1732","url_meta":{"origin":1788,"position":0},"title":"auf die letzte Rille!","date":"16. Oktober 2014","format":"gallery","excerpt":"Langsam aber unaufhaltsam n\u00e4hert sich unsere Reise durch S\u00fcdamerika, immer an den Anden entlang, dem Ende. Nordw\u00e4rts, und es wir immer heisser und schw\u00fcler. Unwetter und sinflutartige Regenf\u00e4lle jeden Nachmittag verk\u00fcnden den Beginn der Regenzeit. Auf den befestigten Stra\u00dfen in Kolumbien w\u00fcnschen wir uns oft die chilenischen Schotterpisten zur\u00fcck. Es\u2026","rel":"","context":"In &quot;News&quot;","img":{"alt_text":"","src":"https:\/\/i0.wp.com\/my-alps.de\/wp-content\/uploads\/2014\/10\/Karibik-ce4-HD.jpg?resize=350%2C200","width":350,"height":200},"classes":[]},{"id":360,"url":"http:\/\/my-alps.de\/?p=360","url_meta":{"origin":1788,"position":1},"title":"Sippentreffen &#8211; oder &#8222;Der Wilde Osten&#8220;","date":"15. Juli 2013","format":"gallery","excerpt":"So - das letzte Wochenende waren wir wieder mal in Sachen \"Die Familie\" unterwegs. Also war nichts mit herumbasteln an unserem Schneckenhaus. Wir sind also mal zu dem Familienteil von meinem \"Stiefvater\" gefahren um uns dem j\u00e4hrlichen Sippentreffen in Scharfenstein anzuschlie\u00dfen. Dieses Treffen findet jedes Jahr bei einem anderen Familienteil\u2026","rel":"","context":"In &quot;News&quot;","img":{"alt_text":"","src":"https:\/\/i0.wp.com\/my-alps.de\/wp-content\/uploads\/2013\/07\/Der-kleine-Drache-II.jpg?resize=350%2C200","width":350,"height":200},"classes":[]},{"id":1759,"url":"http:\/\/my-alps.de\/?p=1759","url_meta":{"origin":1788,"position":2},"title":"Vorblick minus R\u00fcckblick = aktuelle H\u00f6he","date":"29. Oktober 2014","format":"gallery","excerpt":"Na ja, was soll ich sagen ohne zu \u00fcbertreiben, das vergangene Jahr hat uns so viele Abenteuer geschenkt, bis wir die in unserer K\u00f6pfen verarbeitet haben nuckeln wir wahrscheinlich beide aus der Schnabeltasse. Das WOMO steht im Hafen, morgen kommt noch die Prozedur mit der Drogen Kontrolle (ob die auch\u2026","rel":"","context":"In &quot;News&quot;","img":{"alt_text":"","src":"https:\/\/i0.wp.com\/my-alps.de\/wp-content\/uploads\/2014\/10\/Colombia-somos-todos-ce4.jpg?resize=350%2C200","width":350,"height":200},"classes":[]},{"id":1631,"url":"http:\/\/my-alps.de\/?p=1631","url_meta":{"origin":1788,"position":3},"title":"IslaMar &#8211; der Pazifik &#8211; viel Wasser","date":"19. September 2014","format":"gallery","excerpt":"Wir haben in den letzten Tagen viel an unserem WOMO geschraubt - \u00e4hhhhh besser wohl - geschrubbt! Passend zum vielen Wasser im Pazifik hat sich der gesamte Inhalt unseres Wassertanks (100 Liter) w\u00e4hrend dem fahren in das Innere der Kabine entleert. Durch die ganze R\u00fcttelei auf den Pisten im vergangenen\u2026","rel":"","context":"In &quot;News&quot;","img":{"alt_text":"","src":"https:\/\/i0.wp.com\/my-alps.de\/wp-content\/uploads\/2014\/09\/Wellenschaum-I-ce4.jpg?resize=350%2C200","width":350,"height":200},"classes":[]},{"id":883,"url":"http:\/\/my-alps.de\/?p=883","url_meta":{"origin":1788,"position":4},"title":"Insel Chiloe\u2019","date":"26. M\u00e4rz 2014","format":"gallery","excerpt":"Die Insel Chiloe\u2019 ist von Puerto Montt auf einer gut ausgebauten Autobahn in ca. 1 1\/2 Stunden Fahrt zu erreichen. \u00dcber die Meerenge zwischen dem Festland und der Insel wird (wie in Chile \u00fcblich) mit einer offenen F\u00e4hre \u00fcbergesetzt. Die Fahrtzeit betr\u00e4gt etwa eine halbe Stunde und kostet f\u00fcr unser\u2026","rel":"","context":"In &quot;News&quot;","img":{"alt_text":"","src":"https:\/\/i0.wp.com\/my-alps.de\/wp-content\/uploads\/2014\/03\/wir-sind-auf.....jpg?resize=350%2C200","width":350,"height":200},"classes":[]},{"id":1149,"url":"http:\/\/my-alps.de\/?p=1149","url_meta":{"origin":1788,"position":5},"title":"Schlaf &#8211; St\u00f6rung","date":"19. Mai 2014","format":"gallery","excerpt":"Wenn man so auf Reisen ist, dann stellt sich jeden Tag, \u2028an dem man unterwegs ist, das gleiche Problem: Einen ruhigen und sicheren \u00dcbernachtungsplatz zu finden. Nun haben wir im letzten halben Jahr schon viele Pl\u00e4tze gefunden an denen wir \u00fcbernachtet haben. Mal mehr oder weniger ruhig,\u2028Angst hatten wir (fast)\u2026","rel":"","context":"In &quot;News&quot;","img":{"alt_text":"","src":"","width":0,"height":0},"classes":[]}],"_links":{"self":[{"href":"http:\/\/my-alps.de\/index.php?rest_route=\/wp\/v2\/posts\/1788"}],"collection":[{"href":"http:\/\/my-alps.de\/index.php?rest_route=\/wp\/v2\/posts"}],"about":[{"href":"http:\/\/my-alps.de\/index.php?rest_route=\/wp\/v2\/types\/post"}],"author":[{"embeddable":true,"href":"http:\/\/my-alps.de\/index.php?rest_route=\/wp\/v2\/users\/1"}],"replies":[{"embeddable":true,"href":"http:\/\/my-alps.de\/index.php?rest_route=%2Fwp%2Fv2%2Fcomments&post=1788"}],"version-history":[{"count":1,"href":"http:\/\/my-alps.de\/index.php?rest_route=\/wp\/v2\/posts\/1788\/revisions"}],"predecessor-version":[{"id":1789,"href":"http:\/\/my-alps.de\/index.php?rest_route=\/wp\/v2\/posts\/1788\/revisions\/1789"}],"wp:attachment":[{"href":"http:\/\/my-alps.de\/index.php?rest_route=%2Fwp%2Fv2%2Fmedia&parent=1788"}],"wp:term":[{"taxonomy":"category","embeddable":true,"href":"http:\/\/my-alps.de\/index.php?rest_route=%2Fwp%2Fv2%2Fcategories&post=1788"},{"taxonomy":"post_tag","embeddable":true,"href":"http:\/\/my-alps.de\/index.php?rest_route=%2Fwp%2Fv2%2Ftags&post=1788"}],"curies":[{"name":"wp","href":"https:\/\/api.w.org\/{rel}","templated":true}]}}