{"id":178,"date":"2013-03-14T13:26:55","date_gmt":"2013-03-14T12:26:55","guid":{"rendered":"http:\/\/my-alps.de\/?p=178"},"modified":"2013-03-14T13:30:42","modified_gmt":"2013-03-14T12:30:42","slug":"aaaaahhhhh-es-geht-auch-besser","status":"publish","type":"post","link":"http:\/\/my-alps.de\/?p=178","title":{"rendered":"Aaaaahhhhh &#8211; es geht auch besser"},"content":{"rendered":"<p>Sooo &#8211; auf dem Weg unseren Boomer wieder in Rosenheim abzuholen kurz einen Einkehrschwung beim Dinzler.<br \/>\nRichtung S\u00fcden und schon ist der Cappo wieder so wie er sein soll.<br \/>\nEin Kaffeeparadies beim Dinzler!<\/p>\n<p><a href=\"https:\/\/i0.wp.com\/my-alps.de\/wp-content\/uploads\/2013\/03\/20130314-132943.jpg\"><img src=\"https:\/\/i0.wp.com\/my-alps.de\/wp-content\/uploads\/2013\/03\/20130314-132943.jpg?w=625\" alt=\"20130314-132943.jpg\" class=\"alignnone size-full\" data-recalc-dims=\"1\" \/><\/a><\/p>\n","protected":false},"excerpt":{"rendered":"<p>Sooo &#8211; auf dem Weg unseren Boomer wieder in Rosenheim abzuholen kurz einen Einkehrschwung beim Dinzler. Richtung S\u00fcden und schon ist der Cappo wieder so wie er sein soll. Ein Kaffeeparadies beim Dinzler!<\/p>\n","protected":false},"author":1,"featured_media":0,"comment_status":"open","ping_status":"open","sticky":false,"template":"","format":"standard","meta":{"spay_email":"","jetpack_publicize_message":"","jetpack_is_tweetstorm":false,"jetpack_publicize_feature_enabled":true},"categories":[9],"tags":[],"jetpack_featured_media_url":"","jetpack_publicize_connections":[],"jetpack_sharing_enabled":true,"jetpack_shortlink":"https:\/\/wp.me\/p6huce-2S","jetpack-related-posts":[{"id":1156,"url":"http:\/\/my-alps.de\/?p=1156","url_meta":{"origin":178,"position":0},"title":"Schnipp &#8211; Schnapp und Haare ab","date":"20. Mai 2014","format":"gallery","excerpt":"Wir haben uns mal etwas ganz besonderes geg\u00f6nnt! Wir waren beim Fris\u00f6r. Im Salon \"Yanet\" - ging ganz schnell und schmerzfrei. Ich war ja mittlerweile schon zwei mal bei der: \"Homecuttingcrew\", aber es musste mal wieder etwas Form in den Sch\u00e4del gebracht werden und bei Frau H. gab es auch\u2026","rel":"","context":"In &quot;News&quot;","img":{"alt_text":"beim Fris\u00c3\u00b6r mit Badem\u00c3\u00bctze","src":"https:\/\/i0.wp.com\/my-alps.de\/wp-content\/uploads\/2014\/05\/beim-Fris\u00c3\u00b6r-1.jpg?resize=350%2C200","width":350,"height":200},"classes":[]},{"id":230,"url":"http:\/\/my-alps.de\/?p=230","url_meta":{"origin":178,"position":1},"title":"Tschampa Fii und Latschenkiefercreme","date":"30. M\u00e4rz 2013","format":false,"excerpt":"So - sitze wieder mal mit meinem Senior zusammen und \"filosofieren\" \u00fcber alte Zeiten. Da gab es doch fr\u00fcher das \" Tschampa Fii\" macht sch\u00f6n braun und pflegt die Haut - hatten wir fr\u00fcher zum Skitouren gehen. Und Latschenkiefercreme - ich erinnere mich an Evi und ihre etwas irritierte Haut\u2026","rel":"","context":"In &quot;unter uns&quot;","img":{"alt_text":"","src":"","width":0,"height":0},"classes":[]},{"id":740,"url":"http:\/\/my-alps.de\/?p=740","url_meta":{"origin":178,"position":2},"title":"Von Cochcrane nach Puerto Guadal","date":"3. M\u00e4rz 2014","format":"gallery","excerpt":"Von Cochrane folgen wir dem Lauf des Rio Baker stromaufw\u00e4rts durch tief eingeschnittene T\u00e4ler, gr\u00fcne S\u00fcdbuchenw\u00e4lder und von Gletschern glattgeschliffenen Felsen. Unser n\u00e4chster Ort heisst \u201ePuerto Guadal\u201c, am Lago General Carrera. Man k\u00f6nnte fast den Eindruck bekommen die Reise f\u00fchrt am Comer See, oder am Lago Maggiore vorbei - nur\u2026","rel":"","context":"In &quot;News&quot;","img":{"alt_text":"","src":"https:\/\/i0.wp.com\/my-alps.de\/wp-content\/uploads\/2014\/03\/Lago-Gen.-Carrera-und-Andengipfel-HD1.jpg?resize=350%2C200","width":350,"height":200},"classes":[]},{"id":748,"url":"http:\/\/my-alps.de\/?p=748","url_meta":{"origin":178,"position":3},"title":"Von Puerto Tranquilo in\u2019s Valle de Exploradores mit dem \u201eKlapperfritz\u201c","date":"3. M\u00e4rz 2014","format":"gallery","excerpt":"Dann geht\u2019s wieder weiter, die \u201eCarretera Austral\u201c hinauf. Immer wieder halten wir an und bestaunen die Fjordlandschaft mit den tief eingeschnittenen Buchten und den kleinen Inseln. In \u201ePuerto Tranquilo\u201c biegen wir links ab in das Tal: \u201eValle de Exploradores\u201c. Die Schotterpiste f\u00e4hrt sich wie ein besseres Flussbett und zu allem\u2026","rel":"","context":"In &quot;News&quot;","img":{"alt_text":"","src":"https:\/\/i0.wp.com\/my-alps.de\/wp-content\/uploads\/2014\/03\/kalter-Regenwald-HD.jpg?resize=350%2C200","width":350,"height":200},"classes":[]},{"id":851,"url":"http:\/\/my-alps.de\/?p=851","url_meta":{"origin":178,"position":4},"title":"von Chaiten ans Ende der Carretera Austral","date":"19. M\u00e4rz 2014","format":"gallery","excerpt":"Wir sind jetzt fast 4 Wochen lang auf der Ruta 7, der Carretera Austral, aus dem S\u00fcden Chiles Richtung Norden gefahren. Der Eine oder Andere Abstecher hat der einsamen Stra\u00dfe noch etwas mehr Reiz beschert, als sie selbst schon besitzt. Doch jetzt ist es an der Zeit die Zivilisation mal\u2026","rel":"","context":"In &quot;News&quot;","img":{"alt_text":"","src":"https:\/\/i0.wp.com\/my-alps.de\/wp-content\/uploads\/2014\/03\/El-Cap-light-sw.jpg?resize=350%2C200","width":350,"height":200},"classes":[]},{"id":1059,"url":"http:\/\/my-alps.de\/?p=1059","url_meta":{"origin":178,"position":5},"title":"Indian Summer im Mapuche Land","date":"28. April 2014","format":"gallery","excerpt":"Nachdem wir unsere Ersatzteile f\u00fcr die Reparatur unseres Allradantriebes in Deutschland bestellt hatten, war es an der Zeit in Osorno aufzubrechen. Wir werden einige Tage nach Argentinien fahren, da unser 90 Tage Aufenthaltsvisum in Chile bald abl\u00e4uft, und wir durch den Grenz\u00fcbertritt das Visum ganz einfach wieder erneuern k\u00f6nnen. Es\u2026","rel":"","context":"In &quot;News&quot;","img":{"alt_text":"","src":"https:\/\/i0.wp.com\/my-alps.de\/wp-content\/uploads\/2014\/04\/Lago-Villarino-ce4-beschnitten.jpg?resize=350%2C200","width":350,"height":200},"classes":[]}],"_links":{"self":[{"href":"http:\/\/my-alps.de\/index.php?rest_route=\/wp\/v2\/posts\/178"}],"collection":[{"href":"http:\/\/my-alps.de\/index.php?rest_route=\/wp\/v2\/posts"}],"about":[{"href":"http:\/\/my-alps.de\/index.php?rest_route=\/wp\/v2\/types\/post"}],"author":[{"embeddable":true,"href":"http:\/\/my-alps.de\/index.php?rest_route=\/wp\/v2\/users\/1"}],"replies":[{"embeddable":true,"href":"http:\/\/my-alps.de\/index.php?rest_route=%2Fwp%2Fv2%2Fcomments&post=178"}],"version-history":[{"count":9,"href":"http:\/\/my-alps.de\/index.php?rest_route=\/wp\/v2\/posts\/178\/revisions"}],"predecessor-version":[{"id":188,"href":"http:\/\/my-alps.de\/index.php?rest_route=\/wp\/v2\/posts\/178\/revisions\/188"}],"wp:attachment":[{"href":"http:\/\/my-alps.de\/index.php?rest_route=%2Fwp%2Fv2%2Fmedia&parent=178"}],"wp:term":[{"taxonomy":"category","embeddable":true,"href":"http:\/\/my-alps.de\/index.php?rest_route=%2Fwp%2Fv2%2Fcategories&post=178"},{"taxonomy":"post_tag","embeddable":true,"href":"http:\/\/my-alps.de\/index.php?rest_route=%2Fwp%2Fv2%2Ftags&post=178"}],"curies":[{"name":"wp","href":"https:\/\/api.w.org\/{rel}","templated":true}]}}