{"id":1773,"date":"2014-11-22T10:49:28","date_gmt":"2014-11-22T09:49:28","guid":{"rendered":"http:\/\/my-alps.de\/?p=1773"},"modified":"2014-11-22T10:56:39","modified_gmt":"2014-11-22T09:56:39","slug":"faq-und-die-antworten","status":"publish","type":"post","link":"http:\/\/my-alps.de\/?p=1773","title":{"rendered":"FAQ &#8211; und die Antworten"},"content":{"rendered":"<p>Wir tingeln in den letzten beiden Wochen von einer Einladung zur anderen. Jeder m\u00f6chte uns sehen und fragen was wir so erlebt haben. Da nat\u00fcrlich (fast) jeder die gleichen Fragen stellt schauen uns wir manchmal selber fragend an&#8230;.. ja wie war das denn?<\/p>\n<div id=\"attachment_1779\" style=\"width: 2458px\" class=\"wp-caption aligncenter\"><a href=\"https:\/\/i0.wp.com\/my-alps.de\/wp-content\/uploads\/2014\/11\/mein-Lama-und-meine-Stadt.jpg\"><img aria-describedby=\"caption-attachment-1779\" data-attachment-id=\"1779\" data-permalink=\"http:\/\/my-alps.de\/?attachment_id=1779\" data-orig-file=\"https:\/\/i0.wp.com\/my-alps.de\/wp-content\/uploads\/2014\/11\/mein-Lama-und-meine-Stadt.jpg?fit=2448%2C3264\" data-orig-size=\"2448,3264\" data-comments-opened=\"1\" data-image-meta=\"{&quot;aperture&quot;:&quot;2.4&quot;,&quot;credit&quot;:&quot;&quot;,&quot;camera&quot;:&quot;iPhone 5c&quot;,&quot;caption&quot;:&quot;&quot;,&quot;created_timestamp&quot;:&quot;1407932160&quot;,&quot;copyright&quot;:&quot;&quot;,&quot;focal_length&quot;:&quot;4.12&quot;,&quot;iso&quot;:&quot;50&quot;,&quot;shutter_speed&quot;:&quot;0.00070077084793273&quot;,&quot;title&quot;:&quot;&quot;}\" data-image-title=\"mein Lama und meine Stadt\" data-image-description=\"&lt;p&gt;mein Lama und meine Stadt&lt;\/p&gt;\n\" data-image-caption=\"&lt;p&gt;mein Lama und meine Stadt&lt;\/p&gt;\n\" data-medium-file=\"https:\/\/i0.wp.com\/my-alps.de\/wp-content\/uploads\/2014\/11\/mein-Lama-und-meine-Stadt.jpg?fit=225%2C300\" data-large-file=\"https:\/\/i0.wp.com\/my-alps.de\/wp-content\/uploads\/2014\/11\/mein-Lama-und-meine-Stadt.jpg?fit=625%2C833\" loading=\"lazy\" class=\"size-full wp-image-1779\" alt=\"mein Lama und meine Stadt\" src=\"https:\/\/i0.wp.com\/my-alps.de\/wp-content\/uploads\/2014\/11\/mein-Lama-und-meine-Stadt.jpg?resize=625%2C833\" width=\"625\" height=\"833\" srcset=\"https:\/\/i0.wp.com\/my-alps.de\/wp-content\/uploads\/2014\/11\/mein-Lama-und-meine-Stadt.jpg?w=2448 2448w, https:\/\/i0.wp.com\/my-alps.de\/wp-content\/uploads\/2014\/11\/mein-Lama-und-meine-Stadt.jpg?resize=225%2C300 225w, https:\/\/i0.wp.com\/my-alps.de\/wp-content\/uploads\/2014\/11\/mein-Lama-und-meine-Stadt.jpg?resize=768%2C1024 768w, https:\/\/i0.wp.com\/my-alps.de\/wp-content\/uploads\/2014\/11\/mein-Lama-und-meine-Stadt.jpg?w=1250 1250w, https:\/\/i0.wp.com\/my-alps.de\/wp-content\/uploads\/2014\/11\/mein-Lama-und-meine-Stadt.jpg?w=1875 1875w\" sizes=\"(max-width: 625px) 100vw, 625px\" data-recalc-dims=\"1\" \/><\/a><p id=\"caption-attachment-1779\" class=\"wp-caption-text\">mein Lama und meine Stadt<\/p><\/div>\n<p>Deshalb m\u00f6chte ich die FAQ mal kurz zusammenstellen:<br \/>\n<!--more--><\/p>\n<p><span style=\"text-decoration: underline;\">1. Welches Land hat euch am Besten gefallen?<\/span><br \/>\n&#8211; schwere Frage, und gar nicht so leicht zu beantworten.<br \/>\nJedes Land das wir bereist haben war sch\u00f6n.<br \/>\nAls erstes sagen wir immer spontan &#8222;Bolivien&#8220;. Die Landschaft dort an der Lagunenroute und auf dem Salar waren einfach unbeschreiblich sch\u00f6n. Damit werden wir aber Chile nicht gerecht, denn dort sind die Landschaften so abwechslungsreich wie nirgends anders sonst. Und die Menschen in Chile sind die herzlichsten in ganz S\u00fcdamerika.<\/p>\n<p><span style=\"text-decoration: underline;\">2. Habt ihr Schwierigkeiten euch wieder zu Hause zu f\u00fchlen?<\/span><br \/>\n&#8211; Nein, \u00fcberhaupt nicht! Wir waren ein ganzes Jahr unterwegs, aber haben nicht mit dem Gedanken gespielt auszuwandern. Es gibt noch so vieles zu entdecken auf der Welt und dazu braucht man eine Heimat um dorthin zur\u00fcckzukommen. Sonst ist man nie richtig weg, wenn man nicht irgendwo einen festen Punkt hat. Das Jahr ist auch so schnell vergangen, es ist als ob wir uns nur kurz herumgedreht haben und dort wieder ankommen wo wir losgezogen sind.<\/p>\n<p><span style=\"text-decoration: underline;\">3. Habt ihr irgendwann mal Angst gehabt?<\/span><br \/>\n&#8211; Nein, wir brauchten keine Angst haben, denn wir sind niemals bedroht oder angegriffen worden. Alle Menschen die uns begegnet sind waren so freundlich zu uns, wie wir zu ihnen. Und als uns ein Mann in Peru mal als &#8222;Gringos&#8220; bezeichnet hat, ja da reichte ein kurzer Hinweis das wir Fu\u00dfballweltmeister sind &#8211; schon war die Sache geritzt. In Kolumbien waren die M\u00e4nner von der Polizei und dem Milit\u00e4r immer zuvorkommend und neugierig. Sie waren stolz darauf, das wir die M\u00fchen auf uns genommen hatten IHR Land mit dem eigenen Wagen zu bereisen.<\/p>\n<p><span style=\"text-decoration: underline;\">4. Hattet ihr Probleme mit der Sprache?<\/span><br \/>\n&#8211; Nein, \u00fcberhaupt nicht. Alle S\u00fcdamerikaner (auf unserer Reiseroute) sprechen ganz hervorragend spanisch. Und wenn wir etwas nicht verstanden haben, ja dann haben wir nochmal gefragt.<br \/>\nUnd wenn wir es \u00fcberhaupt nicht kapiert haben, dann wurde das Problem verlagert und anders gel\u00f6st.<\/p>\n<p><span style=\"text-decoration: underline;\">5. Was habt ihr am meisten vermisst?<\/span><br \/>\n&#8211; Nix, ausser einem vern\u00fcnftigen Bauernbrot und einem guten Bier.<\/p>\n<p><span style=\"text-decoration: underline;\">6. Und was habt ihr jetzt vor?<\/span><br \/>\n&#8211; Die Reise hat unsere innere Haltung ver\u00e4ndert. Den Horizont erweitert und uns gezeigt was wirklich zum Leben notwendig ist.<br \/>\nBeim Einr\u00e4umen unserer Wohnung haben wir nochmals kr\u00e4ftig ausgemistet und uns erleichtert. Die Konsumkomponente muss auf der gesamten Welt hinterfragt werden. Es gibt kein grenzenloses Wachstum und die Umwelt wird missbraucht.<br \/>\nWir haben unser Denken ver\u00e4ndert.<br \/>\nUnd damit sollten wir auch etwas ver\u00e4ndern k\u00f6nnen.<\/p>\n","protected":false},"excerpt":{"rendered":"<p>Wir tingeln in den letzten beiden Wochen von einer Einladung zur anderen. Jeder m\u00f6chte uns sehen und fragen was wir so erlebt haben. Da nat\u00fcrlich (fast) jeder die gleichen Fragen stellt schauen uns wir manchmal selber fragend an&#8230;.. ja wie war das denn? Deshalb m\u00f6chte ich die FAQ mal kurz zusammenstellen:<\/p>\n","protected":false},"author":1,"featured_media":0,"comment_status":"open","ping_status":"open","sticky":false,"template":"","format":"gallery","meta":{"spay_email":"","jetpack_publicize_message":"","jetpack_is_tweetstorm":false,"jetpack_publicize_feature_enabled":true},"categories":[1],"tags":[],"jetpack_featured_media_url":"","jetpack_publicize_connections":[],"jetpack_sharing_enabled":true,"jetpack_shortlink":"https:\/\/wp.me\/p6huce-sB","jetpack-related-posts":[{"id":995,"url":"http:\/\/my-alps.de\/?p=995","url_meta":{"origin":1773,"position":0},"title":"April, April &#8211; Halbzeit bei der Auszeit","date":"10. April 2014","format":"gallery","excerpt":"Am 11.11.2013 sind wir in Hamburg an Bord der \u201eGrande Cameroon\u201c gegangen und \u00fcber den Atlantik nach S\u00fcdamerika geschippert. Zugegeben, es war nicht immer gerade Hochstimmung mit Karneval und Fasching an Bord, aber es ist uns wirklich nicht langweilig geworden. So eine Frachterreise hat auch etwas besonderes. (Beinahe meditativ!) Nun\u2026","rel":"","context":"In &quot;News&quot;","img":{"alt_text":"","src":"","width":0,"height":0},"classes":[]},{"id":1759,"url":"http:\/\/my-alps.de\/?p=1759","url_meta":{"origin":1773,"position":1},"title":"Vorblick minus R\u00fcckblick = aktuelle H\u00f6he","date":"29. Oktober 2014","format":"gallery","excerpt":"Na ja, was soll ich sagen ohne zu \u00fcbertreiben, das vergangene Jahr hat uns so viele Abenteuer geschenkt, bis wir die in unserer K\u00f6pfen verarbeitet haben nuckeln wir wahrscheinlich beide aus der Schnabeltasse. Das WOMO steht im Hafen, morgen kommt noch die Prozedur mit der Drogen Kontrolle (ob die auch\u2026","rel":"","context":"In &quot;News&quot;","img":{"alt_text":"","src":"https:\/\/i0.wp.com\/my-alps.de\/wp-content\/uploads\/2014\/10\/Colombia-somos-todos-ce4.jpg?resize=350%2C200","width":350,"height":200},"classes":[]},{"id":1149,"url":"http:\/\/my-alps.de\/?p=1149","url_meta":{"origin":1773,"position":2},"title":"Schlaf &#8211; St\u00f6rung","date":"19. Mai 2014","format":"gallery","excerpt":"Wenn man so auf Reisen ist, dann stellt sich jeden Tag, \u2028an dem man unterwegs ist, das gleiche Problem: Einen ruhigen und sicheren \u00dcbernachtungsplatz zu finden. Nun haben wir im letzten halben Jahr schon viele Pl\u00e4tze gefunden an denen wir \u00fcbernachtet haben. Mal mehr oder weniger ruhig,\u2028Angst hatten wir (fast)\u2026","rel":"","context":"In &quot;News&quot;","img":{"alt_text":"","src":"","width":0,"height":0},"classes":[]},{"id":1091,"url":"http:\/\/my-alps.de\/?p=1091","url_meta":{"origin":1773,"position":3},"title":"Weckruf der Mapuche Indianer","date":"4. Mai 2014","format":"gallery","excerpt":"Unser Camp am Rio Malleo, irgendwo im nirgendwo, auf dem Weg zum Vulkan Lanin lag in der N\u00e4he einer Mapuche Siedlung. Wir hatten die Schilder bei der Hin- und R\u00fcckfahrt bemerkt. Da f\u00fcr den 01. Mai sch\u00f6nes Wetter angesagt war, wollten wir den Nationalpark \u201eVolkan Lanin\u201c besuchen. Tja. wie schon\u2026","rel":"","context":"In &quot;unter uns&quot;","img":{"alt_text":"","src":"","width":0,"height":0},"classes":[]},{"id":1327,"url":"http:\/\/my-alps.de\/?p=1327","url_meta":{"origin":1773,"position":4},"title":"Tatio Geysire","date":"17. Juli 2014","format":"gallery","excerpt":"Es geht wieder hoch hinauf - \u00a0zu den Tatio Geysiren. Das Geysirfeld,\u2028liegt in 4.300 Meter H\u00f6he, und wir kommen am sp\u00e4ten Nachmittag\u2028dort an. \u00dcberall h\u00e4ngen Dampfschwaden in der Luft und es weht\u2028ein heftiger und eisiger Wind. Wir spazieren zwischen den kleinen\u2028\u201eMinivulkanen\u201c herum und baden in einem salzhaltigem Thermalbecken. Am n\u00e4chsten\u2026","rel":"","context":"In &quot;News&quot;","img":{"alt_text":"","src":"","width":0,"height":0},"classes":[]},{"id":448,"url":"http:\/\/my-alps.de\/?p=448","url_meta":{"origin":1773,"position":5},"title":"Das sagt SIE und das meint er (2von2)","date":"15. Dezember 2013","format":false,"excerpt":"Hallo zu Hause, Wir haben WiFi und schwitzen. Die Emails sind gecheckt und wie erwartet gehts zu Hause munter weiter - die Vorweihnachtszeit steht an. Davon ist hier nicht viel zu merken, nicht einmal die wahnsinnigen Einkaufsorgien gibts hier, das ist sehr entspannend:-) Traurig ist nat\u00fcrlich die (nicht vorhandene) Leistung\u2026","rel":"","context":"In &quot;News&quot;","img":{"alt_text":"","src":"","width":0,"height":0},"classes":[]}],"_links":{"self":[{"href":"http:\/\/my-alps.de\/index.php?rest_route=\/wp\/v2\/posts\/1773"}],"collection":[{"href":"http:\/\/my-alps.de\/index.php?rest_route=\/wp\/v2\/posts"}],"about":[{"href":"http:\/\/my-alps.de\/index.php?rest_route=\/wp\/v2\/types\/post"}],"author":[{"embeddable":true,"href":"http:\/\/my-alps.de\/index.php?rest_route=\/wp\/v2\/users\/1"}],"replies":[{"embeddable":true,"href":"http:\/\/my-alps.de\/index.php?rest_route=%2Fwp%2Fv2%2Fcomments&post=1773"}],"version-history":[{"count":4,"href":"http:\/\/my-alps.de\/index.php?rest_route=\/wp\/v2\/posts\/1773\/revisions"}],"predecessor-version":[{"id":1781,"href":"http:\/\/my-alps.de\/index.php?rest_route=\/wp\/v2\/posts\/1773\/revisions\/1781"}],"wp:attachment":[{"href":"http:\/\/my-alps.de\/index.php?rest_route=%2Fwp%2Fv2%2Fmedia&parent=1773"}],"wp:term":[{"taxonomy":"category","embeddable":true,"href":"http:\/\/my-alps.de\/index.php?rest_route=%2Fwp%2Fv2%2Fcategories&post=1773"},{"taxonomy":"post_tag","embeddable":true,"href":"http:\/\/my-alps.de\/index.php?rest_route=%2Fwp%2Fv2%2Ftags&post=1773"}],"curies":[{"name":"wp","href":"https:\/\/api.w.org\/{rel}","templated":true}]}}