{"id":1765,"date":"2014-11-10T16:56:32","date_gmt":"2014-11-10T15:56:32","guid":{"rendered":"http:\/\/my-alps.de\/?p=1765"},"modified":"2014-11-10T16:56:32","modified_gmt":"2014-11-10T15:56:32","slug":"auf-gehts-nach-hause","status":"publish","type":"post","link":"http:\/\/my-alps.de\/?p=1765","title":{"rendered":"Auf geht&#8217;s &#8211; nach Hause"},"content":{"rendered":"<p>Servus, alle die uns bis hierhin auf unserer Reise durch S\u00fcdamerika gefolgt sind und uns begleitet haben. Wir kommen wieder nach Hause &#8211; und freuen uns auf Bamberg.<\/p>\n<div id=\"attachment_1768\" style=\"width: 1034px\" class=\"wp-caption aligncenter\"><a href=\"https:\/\/i0.wp.com\/my-alps.de\/wp-content\/uploads\/2014\/11\/wir-sagen-Danke-und-Servus-S\u00fcdamerika-ce4.jpg\"><img aria-describedby=\"caption-attachment-1768\" data-attachment-id=\"1768\" data-permalink=\"http:\/\/my-alps.de\/?attachment_id=1768\" data-orig-file=\"https:\/\/i0.wp.com\/my-alps.de\/wp-content\/uploads\/2014\/11\/wir-sagen-Danke-und-Servus-S\u00fcdamerika-ce4.jpg?fit=1024%2C768\" data-orig-size=\"1024,768\" data-comments-opened=\"1\" data-image-meta=\"{&quot;aperture&quot;:&quot;2.4&quot;,&quot;credit&quot;:&quot;&quot;,&quot;camera&quot;:&quot;iPhone 5c&quot;,&quot;caption&quot;:&quot;&quot;,&quot;created_timestamp&quot;:&quot;1414611165&quot;,&quot;copyright&quot;:&quot;&quot;,&quot;focal_length&quot;:&quot;2.15&quot;,&quot;iso&quot;:&quot;1600&quot;,&quot;shutter_speed&quot;:&quot;0.066666666666667&quot;,&quot;title&quot;:&quot;&quot;}\" data-image-title=\"wir sagen Danke und Servus S\u00fcdamerika-ce4\" data-image-description=\"\" data-image-caption=\"&lt;p&gt;wir sagen Danke und Servus S\u00fcdamerika&lt;\/p&gt;\n\" data-medium-file=\"https:\/\/i0.wp.com\/my-alps.de\/wp-content\/uploads\/2014\/11\/wir-sagen-Danke-und-Servus-S\u00fcdamerika-ce4.jpg?fit=300%2C225\" data-large-file=\"https:\/\/i0.wp.com\/my-alps.de\/wp-content\/uploads\/2014\/11\/wir-sagen-Danke-und-Servus-S\u00fcdamerika-ce4.jpg?fit=625%2C469\" loading=\"lazy\" class=\"size-full wp-image-1768\" alt=\"wir sagen Danke und Servus S\u00fcdamerika\" src=\"https:\/\/i0.wp.com\/my-alps.de\/wp-content\/uploads\/2014\/11\/wir-sagen-Danke-und-Servus-S\u00fcdamerika-ce4.jpg?resize=625%2C469\" width=\"625\" height=\"469\" srcset=\"https:\/\/i0.wp.com\/my-alps.de\/wp-content\/uploads\/2014\/11\/wir-sagen-Danke-und-Servus-S\u00fcdamerika-ce4.jpg?w=1024 1024w, https:\/\/i0.wp.com\/my-alps.de\/wp-content\/uploads\/2014\/11\/wir-sagen-Danke-und-Servus-S\u00fcdamerika-ce4.jpg?resize=300%2C225 300w\" sizes=\"(max-width: 625px) 100vw, 625px\" data-recalc-dims=\"1\" \/><\/a><p id=\"caption-attachment-1768\" class=\"wp-caption-text\">wir sagen Danke und Servus S\u00fcdamerika<\/p><\/div>\n<p><!--more--><br \/>\nVorher haben wir noch unser WOMO im Hafen von Cartagena<br \/>\nf\u00fcr die Verschiffung fertiggemacht. Bei knapp 40 Grad war die Drogenkontrolle sehr gn\u00e4dig mit uns (und sich selber).<br \/>\nDie netten Herren haben sogar geholfen unsere ganzen Kisten und alles was wir vor das WOMO r\u00e4umen mussten, wieder im Auto zu verstauen.<\/p>\n<div id=\"attachment_1767\" style=\"width: 1034px\" class=\"wp-caption aligncenter\"><a href=\"https:\/\/i0.wp.com\/my-alps.de\/wp-content\/uploads\/2014\/11\/Safer-Shipping....-ce4.jpg\"><img aria-describedby=\"caption-attachment-1767\" data-attachment-id=\"1767\" data-permalink=\"http:\/\/my-alps.de\/?attachment_id=1767\" data-orig-file=\"https:\/\/i0.wp.com\/my-alps.de\/wp-content\/uploads\/2014\/11\/Safer-Shipping....-ce4.jpg?fit=1024%2C1024\" data-orig-size=\"1024,1024\" data-comments-opened=\"1\" data-image-meta=\"{&quot;aperture&quot;:&quot;2.4&quot;,&quot;credit&quot;:&quot;&quot;,&quot;camera&quot;:&quot;iPhone 5c&quot;,&quot;caption&quot;:&quot;&quot;,&quot;created_timestamp&quot;:&quot;1414596675&quot;,&quot;copyright&quot;:&quot;&quot;,&quot;focal_length&quot;:&quot;4.12&quot;,&quot;iso&quot;:&quot;50&quot;,&quot;shutter_speed&quot;:&quot;0.0012360939431397&quot;,&quot;title&quot;:&quot;&quot;}\" data-image-title=\"Safer Shipping&#8230;.-ce4\" data-image-description=\"&lt;p&gt;Safer Shipping&#8230;.&lt;\/p&gt;\n\" data-image-caption=\"&lt;p&gt;Safer Shipping&#8230;.&lt;\/p&gt;\n\" data-medium-file=\"https:\/\/i0.wp.com\/my-alps.de\/wp-content\/uploads\/2014\/11\/Safer-Shipping....-ce4.jpg?fit=300%2C300\" data-large-file=\"https:\/\/i0.wp.com\/my-alps.de\/wp-content\/uploads\/2014\/11\/Safer-Shipping....-ce4.jpg?fit=625%2C625\" loading=\"lazy\" class=\"size-full wp-image-1767\" alt=\"Safer Shipping....\" src=\"https:\/\/i0.wp.com\/my-alps.de\/wp-content\/uploads\/2014\/11\/Safer-Shipping....-ce4.jpg?resize=625%2C625\" width=\"625\" height=\"625\" srcset=\"https:\/\/i0.wp.com\/my-alps.de\/wp-content\/uploads\/2014\/11\/Safer-Shipping....-ce4.jpg?w=1024 1024w, https:\/\/i0.wp.com\/my-alps.de\/wp-content\/uploads\/2014\/11\/Safer-Shipping....-ce4.jpg?resize=290%2C290 290w, https:\/\/i0.wp.com\/my-alps.de\/wp-content\/uploads\/2014\/11\/Safer-Shipping....-ce4.jpg?resize=300%2C300 300w\" sizes=\"(max-width: 625px) 100vw, 625px\" data-recalc-dims=\"1\" \/><\/a><p id=\"caption-attachment-1767\" class=\"wp-caption-text\">Safer Shipping&#8230;.<\/p><\/div>\n<p>Dann hat der Inspektor vom Zoll alle Klappen und T\u00fcren versiegelt.<br \/>\nAlles was wir\u00a0<span style=\"line-height: 1.5;\">auf unseren Flug\u00a0<\/span><span style=\"line-height: 1.5;\">mitnehmen wollen ist verpackt und verzurrt.<\/span><\/p>\n<div id=\"attachment_1769\" style=\"width: 1034px\" class=\"wp-caption aligncenter\"><a href=\"https:\/\/i0.wp.com\/my-alps.de\/wp-content\/uploads\/2014\/11\/zu-und-ab-nach-Hause-ce4.jpg\"><img aria-describedby=\"caption-attachment-1769\" data-attachment-id=\"1769\" data-permalink=\"http:\/\/my-alps.de\/?attachment_id=1769\" data-orig-file=\"https:\/\/i0.wp.com\/my-alps.de\/wp-content\/uploads\/2014\/11\/zu-und-ab-nach-Hause-ce4.jpg?fit=1024%2C1024\" data-orig-size=\"1024,1024\" data-comments-opened=\"1\" data-image-meta=\"{&quot;aperture&quot;:&quot;2.4&quot;,&quot;credit&quot;:&quot;&quot;,&quot;camera&quot;:&quot;iPhone 5c&quot;,&quot;caption&quot;:&quot;&quot;,&quot;created_timestamp&quot;:&quot;1414596703&quot;,&quot;copyright&quot;:&quot;&quot;,&quot;focal_length&quot;:&quot;4.12&quot;,&quot;iso&quot;:&quot;50&quot;,&quot;shutter_speed&quot;:&quot;0.0048076923076923&quot;,&quot;title&quot;:&quot;&quot;}\" data-image-title=\"zu und ab nach Hause-ce4\" data-image-description=\"&lt;p&gt;zu und ab nach Hause&lt;\/p&gt;\n\" data-image-caption=\"&lt;p&gt;zu und ab nach Hause&lt;\/p&gt;\n\" data-medium-file=\"https:\/\/i0.wp.com\/my-alps.de\/wp-content\/uploads\/2014\/11\/zu-und-ab-nach-Hause-ce4.jpg?fit=300%2C300\" data-large-file=\"https:\/\/i0.wp.com\/my-alps.de\/wp-content\/uploads\/2014\/11\/zu-und-ab-nach-Hause-ce4.jpg?fit=625%2C625\" loading=\"lazy\" class=\"size-full wp-image-1769\" alt=\"zu und ab nach Hause\" src=\"https:\/\/i0.wp.com\/my-alps.de\/wp-content\/uploads\/2014\/11\/zu-und-ab-nach-Hause-ce4.jpg?resize=625%2C625\" width=\"625\" height=\"625\" srcset=\"https:\/\/i0.wp.com\/my-alps.de\/wp-content\/uploads\/2014\/11\/zu-und-ab-nach-Hause-ce4.jpg?w=1024 1024w, https:\/\/i0.wp.com\/my-alps.de\/wp-content\/uploads\/2014\/11\/zu-und-ab-nach-Hause-ce4.jpg?resize=290%2C290 290w, https:\/\/i0.wp.com\/my-alps.de\/wp-content\/uploads\/2014\/11\/zu-und-ab-nach-Hause-ce4.jpg?resize=300%2C300 300w\" sizes=\"(max-width: 625px) 100vw, 625px\" data-recalc-dims=\"1\" \/><\/a><p id=\"caption-attachment-1769\" class=\"wp-caption-text\">zu und ab nach Hause<\/p><\/div>\n<p>Noch eine letzte Kontrolle ob alles abgesperrt ist und dann verabschiede wir uns f\u00fcr eine kleine Weile von unserem rollenden Zuhause, das uns sicher und ohne Unfall durch S\u00fcdamerika gebracht hat. WOMO &#8211; wir sind stolz auf dich!<\/p>\n<div id=\"attachment_1766\" style=\"width: 1034px\" class=\"wp-caption aligncenter\"><a href=\"https:\/\/i0.wp.com\/my-alps.de\/wp-content\/uploads\/2014\/11\/Geschafft-fertig-zum-Verschiffen-ce4.jpg\"><img aria-describedby=\"caption-attachment-1766\" data-attachment-id=\"1766\" data-permalink=\"http:\/\/my-alps.de\/?attachment_id=1766\" data-orig-file=\"https:\/\/i0.wp.com\/my-alps.de\/wp-content\/uploads\/2014\/11\/Geschafft-fertig-zum-Verschiffen-ce4.jpg?fit=1024%2C768\" data-orig-size=\"1024,768\" data-comments-opened=\"1\" data-image-meta=\"{&quot;aperture&quot;:&quot;2.4&quot;,&quot;credit&quot;:&quot;&quot;,&quot;camera&quot;:&quot;iPhone 5c&quot;,&quot;caption&quot;:&quot;&quot;,&quot;created_timestamp&quot;:&quot;1414596940&quot;,&quot;copyright&quot;:&quot;&quot;,&quot;focal_length&quot;:&quot;4.12&quot;,&quot;iso&quot;:&quot;50&quot;,&quot;shutter_speed&quot;:&quot;0.0005720823798627&quot;,&quot;title&quot;:&quot;&quot;}\" data-image-title=\"Geschafft &#8211; fertig zum Verschiffen-ce4\" data-image-description=\"&lt;p&gt;Geschafft &#8211; fertig zum Verschiffen&lt;\/p&gt;\n\" data-image-caption=\"&lt;p&gt;Geschafft &#8211; fertig zum Verschiffen&lt;\/p&gt;\n\" data-medium-file=\"https:\/\/i0.wp.com\/my-alps.de\/wp-content\/uploads\/2014\/11\/Geschafft-fertig-zum-Verschiffen-ce4.jpg?fit=300%2C225\" data-large-file=\"https:\/\/i0.wp.com\/my-alps.de\/wp-content\/uploads\/2014\/11\/Geschafft-fertig-zum-Verschiffen-ce4.jpg?fit=625%2C469\" loading=\"lazy\" class=\"size-full wp-image-1766\" alt=\"Geschafft - fertig zum Verschiffen\" src=\"https:\/\/i0.wp.com\/my-alps.de\/wp-content\/uploads\/2014\/11\/Geschafft-fertig-zum-Verschiffen-ce4.jpg?resize=625%2C469\" width=\"625\" height=\"469\" srcset=\"https:\/\/i0.wp.com\/my-alps.de\/wp-content\/uploads\/2014\/11\/Geschafft-fertig-zum-Verschiffen-ce4.jpg?w=1024 1024w, https:\/\/i0.wp.com\/my-alps.de\/wp-content\/uploads\/2014\/11\/Geschafft-fertig-zum-Verschiffen-ce4.jpg?resize=300%2C225 300w\" sizes=\"(max-width: 625px) 100vw, 625px\" data-recalc-dims=\"1\" \/><\/a><p id=\"caption-attachment-1766\" class=\"wp-caption-text\">Geschafft &#8211; fertig zum Verschiffen<\/p><\/div>\n<p>&nbsp;<\/p>\n","protected":false},"excerpt":{"rendered":"<p>Servus, alle die uns bis hierhin auf unserer Reise durch S\u00fcdamerika gefolgt sind und uns begleitet haben. Wir kommen wieder nach Hause &#8211; und freuen uns auf Bamberg.<\/p>\n","protected":false},"author":1,"featured_media":0,"comment_status":"open","ping_status":"open","sticky":false,"template":"","format":"gallery","meta":{"spay_email":"","jetpack_publicize_message":"","jetpack_is_tweetstorm":false,"jetpack_publicize_feature_enabled":true},"categories":[1],"tags":[],"jetpack_featured_media_url":"","jetpack_publicize_connections":[],"jetpack_sharing_enabled":true,"jetpack_shortlink":"https:\/\/wp.me\/p6huce-st","jetpack-related-posts":[{"id":1759,"url":"http:\/\/my-alps.de\/?p=1759","url_meta":{"origin":1765,"position":0},"title":"Vorblick minus R\u00fcckblick = aktuelle H\u00f6he","date":"29. Oktober 2014","format":"gallery","excerpt":"Na ja, was soll ich sagen ohne zu \u00fcbertreiben, das vergangene Jahr hat uns so viele Abenteuer geschenkt, bis wir die in unserer K\u00f6pfen verarbeitet haben nuckeln wir wahrscheinlich beide aus der Schnabeltasse. Das WOMO steht im Hafen, morgen kommt noch die Prozedur mit der Drogen Kontrolle (ob die auch\u2026","rel":"","context":"In &quot;News&quot;","img":{"alt_text":"","src":"https:\/\/i0.wp.com\/my-alps.de\/wp-content\/uploads\/2014\/10\/Colombia-somos-todos-ce4.jpg?resize=350%2C200","width":350,"height":200},"classes":[]},{"id":995,"url":"http:\/\/my-alps.de\/?p=995","url_meta":{"origin":1765,"position":1},"title":"April, April &#8211; Halbzeit bei der Auszeit","date":"10. April 2014","format":"gallery","excerpt":"Am 11.11.2013 sind wir in Hamburg an Bord der \u201eGrande Cameroon\u201c gegangen und \u00fcber den Atlantik nach S\u00fcdamerika geschippert. Zugegeben, es war nicht immer gerade Hochstimmung mit Karneval und Fasching an Bord, aber es ist uns wirklich nicht langweilig geworden. So eine Frachterreise hat auch etwas besonderes. (Beinahe meditativ!) Nun\u2026","rel":"","context":"In &quot;News&quot;","img":{"alt_text":"","src":"","width":0,"height":0},"classes":[]},{"id":1732,"url":"http:\/\/my-alps.de\/?p=1732","url_meta":{"origin":1765,"position":2},"title":"auf die letzte Rille!","date":"16. Oktober 2014","format":"gallery","excerpt":"Langsam aber unaufhaltsam n\u00e4hert sich unsere Reise durch S\u00fcdamerika, immer an den Anden entlang, dem Ende. Nordw\u00e4rts, und es wir immer heisser und schw\u00fcler. Unwetter und sinflutartige Regenf\u00e4lle jeden Nachmittag verk\u00fcnden den Beginn der Regenzeit. Auf den befestigten Stra\u00dfen in Kolumbien w\u00fcnschen wir uns oft die chilenischen Schotterpisten zur\u00fcck. Es\u2026","rel":"","context":"In &quot;News&quot;","img":{"alt_text":"","src":"https:\/\/i0.wp.com\/my-alps.de\/wp-content\/uploads\/2014\/10\/Karibik-ce4-HD.jpg?resize=350%2C200","width":350,"height":200},"classes":[]},{"id":793,"url":"http:\/\/my-alps.de\/?p=793","url_meta":{"origin":1765,"position":3},"title":"Mate-Teestunde und biologisches Gem\u00fcse","date":"4. M\u00e4rz 2014","format":"gallery","excerpt":"Wir sind aus der \"Gro\u00dfstadt\" Coyhaique nach unseren Erledigungen ein kleines St\u00fcck Richtung \"Puerto Aysen\" weitergefahren. Denn unser WOMO ist auf Hochglanz poliert, innen ist es fast staubfrei und alle verf\u00fcgbaren Tanks sind randvoll. Wie es der Zufall will, stolpern wir \u00fcber ein sch\u00f6nes Holzschild am Stra\u00dfenrand - CAMPING -\u2026","rel":"","context":"In &quot;News&quot;","img":{"alt_text":"","src":"https:\/\/i0.wp.com\/my-alps.de\/wp-content\/uploads\/2014\/03\/Mateteestunde-300x225.jpg?resize=350%2C200","width":350,"height":200},"classes":[]},{"id":456,"url":"http:\/\/my-alps.de\/?p=456","url_meta":{"origin":1765,"position":4},"title":"GlobeTrottel &#8211; 1von?","date":"16. Dezember 2013","format":"gallery","excerpt":"Yuppiii, unsere Einreisedokumente nach Argentinien liegen frisch ausgedruckt vor uns! Mit unserem Holperspanisch haben wir es sogar geschafft das unser WOMO ein eigenes Ticket bekommen hat. Wir warten jetzt auf die F\u00e4hre und freuen uns auf einen leckeren Caffe' im Wartebereich. Claus","rel":"","context":"In &quot;News&quot;","img":{"alt_text":"","src":"","width":0,"height":0},"classes":[]},{"id":881,"url":"http:\/\/my-alps.de\/?p=881","url_meta":{"origin":1765,"position":5},"title":"Puerto Montt","date":"26. M\u00e4rz 2014","format":"gallery","excerpt":"Nach 8.808 km (und wahrscheinlich ein paar mehr) die wir jetzt hier in S\u00fcdamerika unterwegs sind haben wir unserem WOMO auch mal etwas Gutes geg\u00f6nnt. Hier in Puerto Montt habe ich eine Werkstatt entdeckt die jegliche Art von Service f\u00fcr \u201egesch\u00fcttelte\u201c Autos anbietet. Wir haben uns f\u00fcr: \u00d6lwechsel und Luftfilterwechsel\u2026","rel":"","context":"In &quot;News&quot;","img":{"alt_text":"","src":"https:\/\/i0.wp.com\/my-alps.de\/wp-content\/uploads\/2014\/03\/Pisco-sour-6x6.jpg?resize=350%2C200","width":350,"height":200},"classes":[]}],"_links":{"self":[{"href":"http:\/\/my-alps.de\/index.php?rest_route=\/wp\/v2\/posts\/1765"}],"collection":[{"href":"http:\/\/my-alps.de\/index.php?rest_route=\/wp\/v2\/posts"}],"about":[{"href":"http:\/\/my-alps.de\/index.php?rest_route=\/wp\/v2\/types\/post"}],"author":[{"embeddable":true,"href":"http:\/\/my-alps.de\/index.php?rest_route=\/wp\/v2\/users\/1"}],"replies":[{"embeddable":true,"href":"http:\/\/my-alps.de\/index.php?rest_route=%2Fwp%2Fv2%2Fcomments&post=1765"}],"version-history":[{"count":1,"href":"http:\/\/my-alps.de\/index.php?rest_route=\/wp\/v2\/posts\/1765\/revisions"}],"predecessor-version":[{"id":1770,"href":"http:\/\/my-alps.de\/index.php?rest_route=\/wp\/v2\/posts\/1765\/revisions\/1770"}],"wp:attachment":[{"href":"http:\/\/my-alps.de\/index.php?rest_route=%2Fwp%2Fv2%2Fmedia&parent=1765"}],"wp:term":[{"taxonomy":"category","embeddable":true,"href":"http:\/\/my-alps.de\/index.php?rest_route=%2Fwp%2Fv2%2Fcategories&post=1765"},{"taxonomy":"post_tag","embeddable":true,"href":"http:\/\/my-alps.de\/index.php?rest_route=%2Fwp%2Fv2%2Ftags&post=1765"}],"curies":[{"name":"wp","href":"https:\/\/api.w.org\/{rel}","templated":true}]}}