{"id":1759,"date":"2014-10-29T00:43:42","date_gmt":"2014-10-28T23:43:42","guid":{"rendered":"http:\/\/my-alps.de\/?p=1759"},"modified":"2014-10-29T00:45:23","modified_gmt":"2014-10-28T23:45:23","slug":"vorblick-minus-rueckblick-aktuelle-hoehe","status":"publish","type":"post","link":"http:\/\/my-alps.de\/?p=1759","title":{"rendered":"Vorblick minus R\u00fcckblick = aktuelle H\u00f6he"},"content":{"rendered":"<p>Na ja, was soll ich sagen ohne zu \u00fcbertreiben,<br \/>\ndas vergangene Jahr hat uns so viele Abenteuer geschenkt, bis wir die in unserer K\u00f6pfen verarbeitet haben nuckeln wir wahrscheinlich beide aus der Schnabeltasse. Das WOMO steht im Hafen, morgen kommt noch die Prozedur mit der Drogen Kontrolle (ob die auch in meinen Kopf schauen werden?) und dann geht&#8217;s zur\u00fcck in die Heimat.<\/p>\n<div id=\"attachment_1760\" style=\"width: 693px\" class=\"wp-caption aligncenter\"><a href=\"https:\/\/i0.wp.com\/my-alps.de\/wp-content\/uploads\/2014\/10\/Colombia-somos-todos-ce4.jpg\"><img aria-describedby=\"caption-attachment-1760\" data-attachment-id=\"1760\" data-permalink=\"http:\/\/my-alps.de\/?attachment_id=1760\" data-orig-file=\"https:\/\/i0.wp.com\/my-alps.de\/wp-content\/uploads\/2014\/10\/Colombia-somos-todos-ce4.jpg?fit=683%2C1024\" data-orig-size=\"683,1024\" data-comments-opened=\"1\" data-image-meta=\"{&quot;aperture&quot;:&quot;9.5&quot;,&quot;credit&quot;:&quot;&quot;,&quot;camera&quot;:&quot;SLT-A77V&quot;,&quot;caption&quot;:&quot;&quot;,&quot;created_timestamp&quot;:&quot;1414512164&quot;,&quot;copyright&quot;:&quot;&quot;,&quot;focal_length&quot;:&quot;60&quot;,&quot;iso&quot;:&quot;200&quot;,&quot;shutter_speed&quot;:&quot;0.011111111111111&quot;,&quot;title&quot;:&quot;&quot;}\" data-image-title=\"Colombia somos todos-ce4\" data-image-description=\"&lt;p&gt;Colombia somos todos&lt;\/p&gt;\n\" data-image-caption=\"&lt;p&gt;Colombia somos todos&lt;\/p&gt;\n\" data-medium-file=\"https:\/\/i0.wp.com\/my-alps.de\/wp-content\/uploads\/2014\/10\/Colombia-somos-todos-ce4.jpg?fit=200%2C300\" data-large-file=\"https:\/\/i0.wp.com\/my-alps.de\/wp-content\/uploads\/2014\/10\/Colombia-somos-todos-ce4.jpg?fit=625%2C937\" loading=\"lazy\" class=\"size-full wp-image-1760\" alt=\"Colombia somos todos\" src=\"https:\/\/i0.wp.com\/my-alps.de\/wp-content\/uploads\/2014\/10\/Colombia-somos-todos-ce4.jpg?resize=625%2C937\" width=\"625\" height=\"937\" srcset=\"https:\/\/i0.wp.com\/my-alps.de\/wp-content\/uploads\/2014\/10\/Colombia-somos-todos-ce4.jpg?w=683 683w, https:\/\/i0.wp.com\/my-alps.de\/wp-content\/uploads\/2014\/10\/Colombia-somos-todos-ce4.jpg?resize=200%2C300 200w\" sizes=\"(max-width: 625px) 100vw, 625px\" data-recalc-dims=\"1\" \/><\/a><p id=\"caption-attachment-1760\" class=\"wp-caption-text\">Colombia somos todos<\/p><\/div>\n<p><!--more-->Wenn wir nun zur\u00fcckschauen, mir ist es als ob wir erst gestern in Montevideo vom Frachter gefahren w\u00e4hren, so haben wir hier in S\u00fcdamerika auch ein St\u00fcckchen Heimat gefunden. In Uruguay gab es die kleine Kolonie der Schweizer und dort gab es was es sonst in S\u00fcdamerika nicht gibt &#8211; K\u00c4SE, und zwar sehr guten! In Argentinien wurden wir in die &#8222;Ich habe Feuer gemacht&#8220; Mentalit\u00e4t eingeweiht und so wird es bei mir keine &#8222;Gem\u00fcsest\u00fccke&#8220; mehr auf dem Grill geben! Und wenn, dann gibt es daf\u00fcr ein extra Grill&#8217;chen. In Chile haben wir Freunde gefunden die uns sehr an&#8217;s Herz gewachsen sind. Hilfe ohne zu fragen und Gastfreundschaft die schon Familienanschluss war.<br \/>\nIn Bolivien haben wir den scheuen Indigenas manchmal ein L\u00e4cheln entlocken k\u00f6nnen und die einzigartige Landschaft hat uns oft den Atem geraubt (nicht nur wegen der H\u00f6he). Mit Peru wurden wir am Anfang nicht so recht warm, aber ein grandioses Naturspektakel hat uns am Schluss wieder vers\u00f6hnt. Ecuador stand &#8222;eigentlich&#8220; gar nicht auf dem Programm, aber wenn wir es nicht mit eigenen Augen gesehen h\u00e4tten w\u00fcrden wir es nicht glauben. Ecuador hat Wiedersehens\u00fcchte geweckt. Na ja &#8211; und Kolumbien? Die Kolumbianer haben ihr Herz am rechten Fleck und wer Kolumbien nicht selbst erlebt hat wird nicht die Herzlichkeit der Menschen erlebt haben. Sie sind so stolz darauf, das wir ihr Land bereisen und uns nicht von Vorurteilen leiten lassen.<\/p>\n<p>So empfinden wir die aktuelle H\u00f6he als befriedigendes Gef\u00fchl im Reiseherz. Was wollen wir mehr? Nichts! Die Sinneseindr\u00fccke waren in Extase und werden es bleiben. Wir haben auf Megahippes verzichtet und brauchen keinen Bungeejump um dort gewesen zu sein und mitgemacht zu haben. Wenn man unterwegs ist braucht man nur die Augen offen zu halten (und ich habe vieles absichtlich nicht fotografiert, weil ich es somit nur f\u00fcr mich behalten kann).<br \/>\nMan schmunzelt \u00fcber vieles am Wegesrand, wenn etwas im umherschweifenden Blick h\u00e4ngenbleibt und ein Bild im Hirn formt. Unersetzliche Netzhautpolaroids &#8211; bleiben f\u00fcr immer.<\/p>\n<p>N\u00e4chstes Projekt? Deutschland ist auch sch\u00f6n! Ausserdem fehlt mir nach einem Jahr so langsam mein Fahrrad!<\/p>\n<p>Was haben wir vermisst?<br \/>\nNur ein gutes Butterbrot mit Schnittlauch!<\/p>\n<p>Ciao, bis sp\u00e4ter&#8230;&#8230;&#8230;&#8230;..<\/p>\n","protected":false},"excerpt":{"rendered":"<p>Na ja, was soll ich sagen ohne zu \u00fcbertreiben, das vergangene Jahr hat uns so viele Abenteuer geschenkt, bis wir die in unserer K\u00f6pfen verarbeitet haben nuckeln wir wahrscheinlich beide aus der Schnabeltasse. Das WOMO steht im Hafen, morgen kommt noch die Prozedur mit der Drogen Kontrolle (ob die auch in meinen Kopf schauen werden?) [&hellip;]<\/p>\n","protected":false},"author":1,"featured_media":0,"comment_status":"open","ping_status":"open","sticky":false,"template":"","format":"gallery","meta":{"spay_email":"","jetpack_publicize_message":"","jetpack_is_tweetstorm":false,"jetpack_publicize_feature_enabled":true},"categories":[1],"tags":[],"jetpack_featured_media_url":"","jetpack_publicize_connections":[],"jetpack_sharing_enabled":true,"jetpack_shortlink":"https:\/\/wp.me\/p6huce-sn","jetpack-related-posts":[{"id":1773,"url":"http:\/\/my-alps.de\/?p=1773","url_meta":{"origin":1759,"position":0},"title":"FAQ &#8211; und die Antworten","date":"22. November 2014","format":"gallery","excerpt":"Wir tingeln in den letzten beiden Wochen von einer Einladung zur anderen. Jeder m\u00f6chte uns sehen und fragen was wir so erlebt haben. Da nat\u00fcrlich (fast) jeder die gleichen Fragen stellt schauen uns wir manchmal selber fragend an..... ja wie war das denn? Deshalb m\u00f6chte ich die FAQ mal kurz\u2026","rel":"","context":"In &quot;News&quot;","img":{"alt_text":"","src":"https:\/\/i0.wp.com\/my-alps.de\/wp-content\/uploads\/2014\/11\/mein-Lama-und-meine-Stadt.jpg?resize=350%2C200","width":350,"height":200},"classes":[]},{"id":1765,"url":"http:\/\/my-alps.de\/?p=1765","url_meta":{"origin":1759,"position":1},"title":"Auf geht&#8217;s &#8211; nach Hause","date":"10. November 2014","format":"gallery","excerpt":"Servus, alle die uns bis hierhin auf unserer Reise durch S\u00fcdamerika gefolgt sind und uns begleitet haben. Wir kommen wieder nach Hause - und freuen uns auf Bamberg. Vorher haben wir noch unser WOMO im Hafen von Cartagena f\u00fcr die Verschiffung fertiggemacht. Bei knapp 40 Grad war die Drogenkontrolle sehr\u2026","rel":"","context":"In &quot;News&quot;","img":{"alt_text":"","src":"https:\/\/i0.wp.com\/my-alps.de\/wp-content\/uploads\/2014\/11\/zu-und-ab-nach-Hause-ce4.jpg?resize=350%2C200","width":350,"height":200},"classes":[]},{"id":995,"url":"http:\/\/my-alps.de\/?p=995","url_meta":{"origin":1759,"position":2},"title":"April, April &#8211; Halbzeit bei der Auszeit","date":"10. April 2014","format":"gallery","excerpt":"Am 11.11.2013 sind wir in Hamburg an Bord der \u201eGrande Cameroon\u201c gegangen und \u00fcber den Atlantik nach S\u00fcdamerika geschippert. Zugegeben, es war nicht immer gerade Hochstimmung mit Karneval und Fasching an Bord, aber es ist uns wirklich nicht langweilig geworden. So eine Frachterreise hat auch etwas besonderes. (Beinahe meditativ!) Nun\u2026","rel":"","context":"In &quot;News&quot;","img":{"alt_text":"","src":"","width":0,"height":0},"classes":[]},{"id":1679,"url":"http:\/\/my-alps.de\/?p=1679","url_meta":{"origin":1759,"position":3},"title":"Guerillas im Nebel &#8211; Trampolin of Death","date":"4. Oktober 2014","format":"gallery","excerpt":"Ecuador haben wir hinter uns gelassen und jetzt sind wir in unserem (vorerst) letzten Land in S\u00fcdamerika durch das unsere Reise Einklang der Anden f\u00fchrt. Als erster Anlaufpunkt nach der Erledigung der Grenzformalit\u00e4ten bei der Ausreise von Ecuador und der Einreise nach Kolumbien (diesmal alles ganz harmlos), bietet sich die\u2026","rel":"","context":"In &quot;News&quot;","img":{"alt_text":"","src":"https:\/\/i0.wp.com\/my-alps.de\/wp-content\/uploads\/2014\/10\/Trampolin-of-Death-4-ce4.jpg?resize=350%2C200","width":350,"height":200},"classes":[]},{"id":1732,"url":"http:\/\/my-alps.de\/?p=1732","url_meta":{"origin":1759,"position":4},"title":"auf die letzte Rille!","date":"16. Oktober 2014","format":"gallery","excerpt":"Langsam aber unaufhaltsam n\u00e4hert sich unsere Reise durch S\u00fcdamerika, immer an den Anden entlang, dem Ende. Nordw\u00e4rts, und es wir immer heisser und schw\u00fcler. Unwetter und sinflutartige Regenf\u00e4lle jeden Nachmittag verk\u00fcnden den Beginn der Regenzeit. Auf den befestigten Stra\u00dfen in Kolumbien w\u00fcnschen wir uns oft die chilenischen Schotterpisten zur\u00fcck. Es\u2026","rel":"","context":"In &quot;News&quot;","img":{"alt_text":"","src":"https:\/\/i0.wp.com\/my-alps.de\/wp-content\/uploads\/2014\/10\/Karibik-ce4-HD.jpg?resize=350%2C200","width":350,"height":200},"classes":[]},{"id":646,"url":"http:\/\/my-alps.de\/?p=646","url_meta":{"origin":1759,"position":5},"title":"&#8222;Plattfuss&#8220; in S\u00fcdamerika","date":"6. Februar 2014","format":"gallery","excerpt":"Erster Plattfuss: Nach ca. 6.500 km haben wir unseren ersten Platten gefahren. Erst hat sich der Luftverlust beim hinten rechts noch in Grenzen gehalten - doch dann haben wir einen Metallgegenstand im Reifen entdeckt. Sch\u00f6n zwischen den Profilrippen versteckt. Die Notreperatur mit Reifenpilot hat uns noch bis El Calafate gebracht.\u2026","rel":"","context":"In &quot;Wohnmobil&quot;","img":{"alt_text":"Gomeria Gallardo","src":"https:\/\/i0.wp.com\/my-alps.de\/wp-content\/uploads\/2014\/02\/Gomeria-Gallardo-HD.jpg?resize=350%2C200","width":350,"height":200},"classes":[]}],"_links":{"self":[{"href":"http:\/\/my-alps.de\/index.php?rest_route=\/wp\/v2\/posts\/1759"}],"collection":[{"href":"http:\/\/my-alps.de\/index.php?rest_route=\/wp\/v2\/posts"}],"about":[{"href":"http:\/\/my-alps.de\/index.php?rest_route=\/wp\/v2\/types\/post"}],"author":[{"embeddable":true,"href":"http:\/\/my-alps.de\/index.php?rest_route=\/wp\/v2\/users\/1"}],"replies":[{"embeddable":true,"href":"http:\/\/my-alps.de\/index.php?rest_route=%2Fwp%2Fv2%2Fcomments&post=1759"}],"version-history":[{"count":3,"href":"http:\/\/my-alps.de\/index.php?rest_route=\/wp\/v2\/posts\/1759\/revisions"}],"predecessor-version":[{"id":1763,"href":"http:\/\/my-alps.de\/index.php?rest_route=\/wp\/v2\/posts\/1759\/revisions\/1763"}],"wp:attachment":[{"href":"http:\/\/my-alps.de\/index.php?rest_route=%2Fwp%2Fv2%2Fmedia&parent=1759"}],"wp:term":[{"taxonomy":"category","embeddable":true,"href":"http:\/\/my-alps.de\/index.php?rest_route=%2Fwp%2Fv2%2Fcategories&post=1759"},{"taxonomy":"post_tag","embeddable":true,"href":"http:\/\/my-alps.de\/index.php?rest_route=%2Fwp%2Fv2%2Ftags&post=1759"}],"curies":[{"name":"wp","href":"https:\/\/api.w.org\/{rel}","templated":true}]}}