{"id":1752,"date":"2014-10-28T02:36:45","date_gmt":"2014-10-28T01:36:45","guid":{"rendered":"http:\/\/my-alps.de\/?p=1752"},"modified":"2014-10-28T02:36:45","modified_gmt":"2014-10-28T01:36:45","slug":"baltic-pirate-in-cartagena","status":"publish","type":"post","link":"http:\/\/my-alps.de\/?p=1752","title":{"rendered":"Baltic Pirate in Cartagena"},"content":{"rendered":"<p>So, morgen ist&#8217;s soweit &#8211; wir geben das WOMO im Hafen von Cartagena ab und hoffen das es Ende November sicher in Bremerhafen ausgeladen wird. In der Zwischenzeit haben wir unser kleines Hotel bezogen, keine 5 Minuten von der wundersch\u00f6nen Altstadt von Cartagena entfernt. Karibisches Flair mit bunten H\u00e4usern, Obstst\u00e4nden und vielen Stra\u00dfenh\u00e4ndlern.<\/p>\n<div id=\"attachment_1753\" style=\"width: 693px\" class=\"wp-caption aligncenter\"><a href=\"https:\/\/i0.wp.com\/my-alps.de\/wp-content\/uploads\/2014\/10\/Black-Fishermens-Friend-ce4.jpg\"><img aria-describedby=\"caption-attachment-1753\" data-attachment-id=\"1753\" data-permalink=\"http:\/\/my-alps.de\/?attachment_id=1753\" data-orig-file=\"https:\/\/i0.wp.com\/my-alps.de\/wp-content\/uploads\/2014\/10\/Black-Fishermens-Friend-ce4.jpg?fit=683%2C1024\" data-orig-size=\"683,1024\" data-comments-opened=\"1\" data-image-meta=\"{&quot;aperture&quot;:&quot;8&quot;,&quot;credit&quot;:&quot;&quot;,&quot;camera&quot;:&quot;NEX-7&quot;,&quot;caption&quot;:&quot;&quot;,&quot;created_timestamp&quot;:&quot;1414326429&quot;,&quot;copyright&quot;:&quot;&quot;,&quot;focal_length&quot;:&quot;32&quot;,&quot;iso&quot;:&quot;100&quot;,&quot;shutter_speed&quot;:&quot;0.004&quot;,&quot;title&quot;:&quot;&quot;}\" data-image-title=\"Black Fishermens Friend-ce4\" data-image-description=\"&lt;p&gt;Black Fishermens Friend&lt;\/p&gt;\n\" data-image-caption=\"&lt;p&gt;Black Fishermens Friend&lt;\/p&gt;\n\" data-medium-file=\"https:\/\/i0.wp.com\/my-alps.de\/wp-content\/uploads\/2014\/10\/Black-Fishermens-Friend-ce4.jpg?fit=200%2C300\" data-large-file=\"https:\/\/i0.wp.com\/my-alps.de\/wp-content\/uploads\/2014\/10\/Black-Fishermens-Friend-ce4.jpg?fit=625%2C937\" loading=\"lazy\" class=\"size-full wp-image-1753\" alt=\"Black Fishermens Friend\" src=\"https:\/\/i0.wp.com\/my-alps.de\/wp-content\/uploads\/2014\/10\/Black-Fishermens-Friend-ce4.jpg?resize=625%2C937\" width=\"625\" height=\"937\" srcset=\"https:\/\/i0.wp.com\/my-alps.de\/wp-content\/uploads\/2014\/10\/Black-Fishermens-Friend-ce4.jpg?w=683 683w, https:\/\/i0.wp.com\/my-alps.de\/wp-content\/uploads\/2014\/10\/Black-Fishermens-Friend-ce4.jpg?resize=200%2C300 200w\" sizes=\"(max-width: 625px) 100vw, 625px\" data-recalc-dims=\"1\" \/><\/a><p id=\"caption-attachment-1753\" class=\"wp-caption-text\">Black Fishermens Friend<\/p><\/div>\n<p><!--more-->Zwischen den ersten Terminen, die wir seit einem Jahr wieder haben um das Auto zu verschiffen (eine endlose Geschichte&#8230;) strolchen wir durch die alte Hafenstadt und bestaunen die sch\u00f6nen Patios und die Sch\u00f6ne von Botero, aber davon haben wir ja auch eine in Bamberg.<br \/>\nDie Witterung ist jetzt richtig tropisch, und jeden Abend geht ein Regenguss nieder, der die (eh&#8216; nicht mehr vorhandenen) Kanaldeckel wegschwimmen l\u00e4sst. Da steht schon mal kurz die Altstadt unter Wasser. Aber den Menschen macht das gar nichts aus, da wird einfach eine Plastikt\u00fcte als Regenschutz \u00fcber den Kopf gezogen, der Obstwagen ein paar Stufen hochgeschoben und abgewartet und Kaffee getrunken. Das Wasser kommt &#8211; das Wasser geht.<\/p>\n<div id=\"attachment_1754\" style=\"width: 778px\" class=\"wp-caption aligncenter\"><a href=\"https:\/\/i0.wp.com\/my-alps.de\/wp-content\/uploads\/2014\/10\/Starkregen-in-Cartagena.jpg\"><img aria-describedby=\"caption-attachment-1754\" data-attachment-id=\"1754\" data-permalink=\"http:\/\/my-alps.de\/?attachment_id=1754\" data-orig-file=\"https:\/\/i0.wp.com\/my-alps.de\/wp-content\/uploads\/2014\/10\/Starkregen-in-Cartagena.jpg?fit=768%2C1024\" data-orig-size=\"768,1024\" data-comments-opened=\"1\" data-image-meta=\"{&quot;aperture&quot;:&quot;0&quot;,&quot;credit&quot;:&quot;&quot;,&quot;camera&quot;:&quot;&quot;,&quot;caption&quot;:&quot;&quot;,&quot;created_timestamp&quot;:&quot;0&quot;,&quot;copyright&quot;:&quot;&quot;,&quot;focal_length&quot;:&quot;0&quot;,&quot;iso&quot;:&quot;0&quot;,&quot;shutter_speed&quot;:&quot;0&quot;,&quot;title&quot;:&quot;&quot;}\" data-image-title=\"Starkregen in Cartagena\" data-image-description=\"&lt;p&gt;Starkregen in Cartagena&lt;\/p&gt;\n\" data-image-caption=\"&lt;p&gt;Starkregen in Cartagena&lt;\/p&gt;\n\" data-medium-file=\"https:\/\/i0.wp.com\/my-alps.de\/wp-content\/uploads\/2014\/10\/Starkregen-in-Cartagena.jpg?fit=225%2C300\" data-large-file=\"https:\/\/i0.wp.com\/my-alps.de\/wp-content\/uploads\/2014\/10\/Starkregen-in-Cartagena.jpg?fit=625%2C833\" loading=\"lazy\" class=\"size-full wp-image-1754\" alt=\"Starkregen in Cartagena\" src=\"https:\/\/i0.wp.com\/my-alps.de\/wp-content\/uploads\/2014\/10\/Starkregen-in-Cartagena.jpg?resize=625%2C833\" width=\"625\" height=\"833\" srcset=\"https:\/\/i0.wp.com\/my-alps.de\/wp-content\/uploads\/2014\/10\/Starkregen-in-Cartagena.jpg?w=768 768w, https:\/\/i0.wp.com\/my-alps.de\/wp-content\/uploads\/2014\/10\/Starkregen-in-Cartagena.jpg?resize=225%2C300 225w\" sizes=\"(max-width: 625px) 100vw, 625px\" data-recalc-dims=\"1\" \/><\/a><p id=\"caption-attachment-1754\" class=\"wp-caption-text\">Starkregen in Cartagena<\/p><\/div>\n<p>Dann scheint wieder die Sonne und die Luftfeuchtigkeit ist noch um einige Prozentpunkte gestiegen.<\/p>\n<div id=\"attachment_1756\" style=\"width: 1034px\" class=\"wp-caption aligncenter\"><a href=\"https:\/\/i0.wp.com\/my-alps.de\/wp-content\/uploads\/2014\/10\/Cartagena-3-ce4.jpg\"><img aria-describedby=\"caption-attachment-1756\" data-attachment-id=\"1756\" data-permalink=\"http:\/\/my-alps.de\/?attachment_id=1756\" data-orig-file=\"https:\/\/i0.wp.com\/my-alps.de\/wp-content\/uploads\/2014\/10\/Cartagena-3-ce4.jpg?fit=1024%2C683\" data-orig-size=\"1024,683\" data-comments-opened=\"1\" data-image-meta=\"{&quot;aperture&quot;:&quot;11&quot;,&quot;credit&quot;:&quot;&quot;,&quot;camera&quot;:&quot;NEX-7&quot;,&quot;caption&quot;:&quot;&quot;,&quot;created_timestamp&quot;:&quot;1414320705&quot;,&quot;copyright&quot;:&quot;&quot;,&quot;focal_length&quot;:&quot;10&quot;,&quot;iso&quot;:&quot;100&quot;,&quot;shutter_speed&quot;:&quot;0.008&quot;,&quot;title&quot;:&quot;&quot;}\" data-image-title=\"Cartagena-3-ce4\" data-image-description=\"&lt;p&gt;Cartagena&lt;\/p&gt;\n\" data-image-caption=\"&lt;p&gt;Cartagena&lt;\/p&gt;\n\" data-medium-file=\"https:\/\/i0.wp.com\/my-alps.de\/wp-content\/uploads\/2014\/10\/Cartagena-3-ce4.jpg?fit=300%2C200\" data-large-file=\"https:\/\/i0.wp.com\/my-alps.de\/wp-content\/uploads\/2014\/10\/Cartagena-3-ce4.jpg?fit=625%2C417\" loading=\"lazy\" class=\"size-full wp-image-1756\" alt=\"Cartagena\" src=\"https:\/\/i0.wp.com\/my-alps.de\/wp-content\/uploads\/2014\/10\/Cartagena-3-ce4.jpg?resize=625%2C417\" width=\"625\" height=\"417\" srcset=\"https:\/\/i0.wp.com\/my-alps.de\/wp-content\/uploads\/2014\/10\/Cartagena-3-ce4.jpg?w=1024 1024w, https:\/\/i0.wp.com\/my-alps.de\/wp-content\/uploads\/2014\/10\/Cartagena-3-ce4.jpg?resize=300%2C200 300w\" sizes=\"(max-width: 625px) 100vw, 625px\" data-recalc-dims=\"1\" \/><\/a><p id=\"caption-attachment-1756\" class=\"wp-caption-text\">Cartagena<\/p><\/div>\n<div id=\"attachment_1755\" style=\"width: 1034px\" class=\"wp-caption aligncenter\"><a href=\"https:\/\/i0.wp.com\/my-alps.de\/wp-content\/uploads\/2014\/10\/Cartagena-2-ce4.jpg\"><img aria-describedby=\"caption-attachment-1755\" data-attachment-id=\"1755\" data-permalink=\"http:\/\/my-alps.de\/?attachment_id=1755\" data-orig-file=\"https:\/\/i0.wp.com\/my-alps.de\/wp-content\/uploads\/2014\/10\/Cartagena-2-ce4.jpg?fit=1024%2C683\" data-orig-size=\"1024,683\" data-comments-opened=\"1\" data-image-meta=\"{&quot;aperture&quot;:&quot;9&quot;,&quot;credit&quot;:&quot;&quot;,&quot;camera&quot;:&quot;NEX-7&quot;,&quot;caption&quot;:&quot;&quot;,&quot;created_timestamp&quot;:&quot;1414329567&quot;,&quot;copyright&quot;:&quot;&quot;,&quot;focal_length&quot;:&quot;32&quot;,&quot;iso&quot;:&quot;100&quot;,&quot;shutter_speed&quot;:&quot;0.004&quot;,&quot;title&quot;:&quot;&quot;}\" data-image-title=\"Cartagena-2-ce4\" data-image-description=\"&lt;p&gt;Cartagena&lt;\/p&gt;\n\" data-image-caption=\"&lt;p&gt;Cartagena&lt;\/p&gt;\n\" data-medium-file=\"https:\/\/i0.wp.com\/my-alps.de\/wp-content\/uploads\/2014\/10\/Cartagena-2-ce4.jpg?fit=300%2C200\" data-large-file=\"https:\/\/i0.wp.com\/my-alps.de\/wp-content\/uploads\/2014\/10\/Cartagena-2-ce4.jpg?fit=625%2C417\" loading=\"lazy\" class=\"size-full wp-image-1755\" alt=\"Cartagena\" src=\"https:\/\/i0.wp.com\/my-alps.de\/wp-content\/uploads\/2014\/10\/Cartagena-2-ce4.jpg?resize=625%2C417\" width=\"625\" height=\"417\" srcset=\"https:\/\/i0.wp.com\/my-alps.de\/wp-content\/uploads\/2014\/10\/Cartagena-2-ce4.jpg?w=1024 1024w, https:\/\/i0.wp.com\/my-alps.de\/wp-content\/uploads\/2014\/10\/Cartagena-2-ce4.jpg?resize=300%2C200 300w\" sizes=\"(max-width: 625px) 100vw, 625px\" data-recalc-dims=\"1\" \/><\/a><p id=\"caption-attachment-1755\" class=\"wp-caption-text\">Cartagena<\/p><\/div>\n<div id=\"attachment_1757\" style=\"width: 693px\" class=\"wp-caption aligncenter\"><a href=\"https:\/\/i0.wp.com\/my-alps.de\/wp-content\/uploads\/2014\/10\/Cartagena-1-ce4.jpg\"><img aria-describedby=\"caption-attachment-1757\" data-attachment-id=\"1757\" data-permalink=\"http:\/\/my-alps.de\/?attachment_id=1757\" data-orig-file=\"https:\/\/i0.wp.com\/my-alps.de\/wp-content\/uploads\/2014\/10\/Cartagena-1-ce4.jpg?fit=683%2C1024\" data-orig-size=\"683,1024\" data-comments-opened=\"1\" data-image-meta=\"{&quot;aperture&quot;:&quot;9&quot;,&quot;credit&quot;:&quot;&quot;,&quot;camera&quot;:&quot;NEX-7&quot;,&quot;caption&quot;:&quot;&quot;,&quot;created_timestamp&quot;:&quot;1414326264&quot;,&quot;copyright&quot;:&quot;&quot;,&quot;focal_length&quot;:&quot;32&quot;,&quot;iso&quot;:&quot;100&quot;,&quot;shutter_speed&quot;:&quot;0.004&quot;,&quot;title&quot;:&quot;&quot;}\" data-image-title=\"Cartagena-1-ce4\" data-image-description=\"&lt;p&gt;Cartagena&lt;\/p&gt;\n\" data-image-caption=\"&lt;p&gt;Cartagena&lt;\/p&gt;\n\" data-medium-file=\"https:\/\/i0.wp.com\/my-alps.de\/wp-content\/uploads\/2014\/10\/Cartagena-1-ce4.jpg?fit=200%2C300\" data-large-file=\"https:\/\/i0.wp.com\/my-alps.de\/wp-content\/uploads\/2014\/10\/Cartagena-1-ce4.jpg?fit=625%2C937\" loading=\"lazy\" class=\"size-full wp-image-1757\" alt=\"Cartagena\" src=\"https:\/\/i0.wp.com\/my-alps.de\/wp-content\/uploads\/2014\/10\/Cartagena-1-ce4.jpg?resize=625%2C937\" width=\"625\" height=\"937\" srcset=\"https:\/\/i0.wp.com\/my-alps.de\/wp-content\/uploads\/2014\/10\/Cartagena-1-ce4.jpg?w=683 683w, https:\/\/i0.wp.com\/my-alps.de\/wp-content\/uploads\/2014\/10\/Cartagena-1-ce4.jpg?resize=200%2C300 200w\" sizes=\"(max-width: 625px) 100vw, 625px\" data-recalc-dims=\"1\" \/><\/a><p id=\"caption-attachment-1757\" class=\"wp-caption-text\">Cartagena<\/p><\/div>\n","protected":false},"excerpt":{"rendered":"<p>So, morgen ist&#8217;s soweit &#8211; wir geben das WOMO im Hafen von Cartagena ab und hoffen das es Ende November sicher in Bremerhafen ausgeladen wird. In der Zwischenzeit haben wir unser kleines Hotel bezogen, keine 5 Minuten von der wundersch\u00f6nen Altstadt von Cartagena entfernt. Karibisches Flair mit bunten H\u00e4usern, Obstst\u00e4nden und vielen Stra\u00dfenh\u00e4ndlern.<\/p>\n","protected":false},"author":1,"featured_media":0,"comment_status":"open","ping_status":"open","sticky":false,"template":"","format":"gallery","meta":{"spay_email":"","jetpack_publicize_message":"","jetpack_is_tweetstorm":false,"jetpack_publicize_feature_enabled":true},"categories":[1],"tags":[36],"jetpack_featured_media_url":"","jetpack_publicize_connections":[],"jetpack_sharing_enabled":true,"jetpack_shortlink":"https:\/\/wp.me\/p6huce-sg","jetpack-related-posts":[{"id":1765,"url":"http:\/\/my-alps.de\/?p=1765","url_meta":{"origin":1752,"position":0},"title":"Auf geht&#8217;s &#8211; nach Hause","date":"10. November 2014","format":"gallery","excerpt":"Servus, alle die uns bis hierhin auf unserer Reise durch S\u00fcdamerika gefolgt sind und uns begleitet haben. Wir kommen wieder nach Hause - und freuen uns auf Bamberg. Vorher haben wir noch unser WOMO im Hafen von Cartagena f\u00fcr die Verschiffung fertiggemacht. Bei knapp 40 Grad war die Drogenkontrolle sehr\u2026","rel":"","context":"In &quot;News&quot;","img":{"alt_text":"","src":"https:\/\/i0.wp.com\/my-alps.de\/wp-content\/uploads\/2014\/11\/zu-und-ab-nach-Hause-ce4.jpg?resize=350%2C200","width":350,"height":200},"classes":[]},{"id":881,"url":"http:\/\/my-alps.de\/?p=881","url_meta":{"origin":1752,"position":1},"title":"Puerto Montt","date":"26. M\u00e4rz 2014","format":"gallery","excerpt":"Nach 8.808 km (und wahrscheinlich ein paar mehr) die wir jetzt hier in S\u00fcdamerika unterwegs sind haben wir unserem WOMO auch mal etwas Gutes geg\u00f6nnt. Hier in Puerto Montt habe ich eine Werkstatt entdeckt die jegliche Art von Service f\u00fcr \u201egesch\u00fcttelte\u201c Autos anbietet. Wir haben uns f\u00fcr: \u00d6lwechsel und Luftfilterwechsel\u2026","rel":"","context":"In &quot;News&quot;","img":{"alt_text":"","src":"https:\/\/i0.wp.com\/my-alps.de\/wp-content\/uploads\/2014\/03\/Pisco-sour-6x6.jpg?resize=350%2C200","width":350,"height":200},"classes":[]},{"id":1738,"url":"http:\/\/my-alps.de\/?p=1738","url_meta":{"origin":1752,"position":2},"title":"Leckt&#8217;s mi am Oarsch &#8211; is des woarm","date":"23. Oktober 2014","format":"gallery","excerpt":"So - jetzt leckt's mi numoll im Oarsch! Ganzen Text gel\u00f6scht weil mir das Tauwasser vom Bier auf's IPad getropft ist! Also- wir sind gut in Cartagena angekommen und haben unsere Tour bis hierher unfallfrei und ohne Schaden \u00fcberstanden!!!! Heute hat es gute 35 Grad und die Luftfeuchtigkeit liegt auf\u2026","rel":"","context":"In &quot;News&quot;","img":{"alt_text":"","src":"","width":0,"height":0},"classes":[]},{"id":883,"url":"http:\/\/my-alps.de\/?p=883","url_meta":{"origin":1752,"position":3},"title":"Insel Chiloe\u2019","date":"26. M\u00e4rz 2014","format":"gallery","excerpt":"Die Insel Chiloe\u2019 ist von Puerto Montt auf einer gut ausgebauten Autobahn in ca. 1 1\/2 Stunden Fahrt zu erreichen. \u00dcber die Meerenge zwischen dem Festland und der Insel wird (wie in Chile \u00fcblich) mit einer offenen F\u00e4hre \u00fcbergesetzt. Die Fahrtzeit betr\u00e4gt etwa eine halbe Stunde und kostet f\u00fcr unser\u2026","rel":"","context":"In &quot;News&quot;","img":{"alt_text":"","src":"https:\/\/i0.wp.com\/my-alps.de\/wp-content\/uploads\/2014\/03\/wir-sind-auf.....jpg?resize=350%2C200","width":350,"height":200},"classes":[]},{"id":1704,"url":"http:\/\/my-alps.de\/?p=1704","url_meta":{"origin":1752,"position":4},"title":"Kreuz und Quer durch Kolumbien ist (k)eine Kaffeefahrt","date":"12. Oktober 2014","format":"gallery","excerpt":"Kolumbien wird durch drei Gebirgsformationen der Anden in der L\u00e4nge nach, nebeneinander durchzogen. Das bedeutet, man kreuzt st\u00e4ndig zwischen Gebirge und dem dazwischenliegenden gro\u00dfen Flusstal. Wir sind in die Kaffeeregion im Herzen von Kolumbien, nach Salento gefahren. Dort haben wir unsere ersten eigenen Kaffeebohnen geerntet und gelernt wie viele Arbeitsschritte\u2026","rel":"","context":"In &quot;News&quot;","img":{"alt_text":"","src":"https:\/\/i0.wp.com\/my-alps.de\/wp-content\/uploads\/2014\/10\/superricccccoooo.jpg?resize=350%2C200","width":350,"height":200},"classes":[]},{"id":1549,"url":"http:\/\/my-alps.de\/?p=1549","url_meta":{"origin":1752,"position":5},"title":"Die Nationalparks Paracas und Lachay","date":"29. August 2014","format":"gallery","excerpt":"Auf unserem Weg von Nazca nach Lima haben wir in dem Naturpark \u201eParacas\u201c einen kleinen Zwischenstopp eingelegt. Wir kamen ziemlich sp\u00e4t an, und die untergehende Sonne hat mit den unz\u00e4hligen Sand-und Salzpartikeln in der Luft eine wundersch\u00f6ne F\u00e4rbung erhalten (es war ziemlich windig). In dem NP kann man das direkte\u2026","rel":"","context":"In &quot;News&quot;","img":{"alt_text":"Sonnenuntergang in der W\u00c3\u00bcste","src":"https:\/\/i0.wp.com\/my-alps.de\/wp-content\/uploads\/2014\/08\/Sonnenuntergang-in-der-W\u00c3\u00bcste-ce4-dfine-HD.jpg?resize=350%2C200","width":350,"height":200},"classes":[]}],"_links":{"self":[{"href":"http:\/\/my-alps.de\/index.php?rest_route=\/wp\/v2\/posts\/1752"}],"collection":[{"href":"http:\/\/my-alps.de\/index.php?rest_route=\/wp\/v2\/posts"}],"about":[{"href":"http:\/\/my-alps.de\/index.php?rest_route=\/wp\/v2\/types\/post"}],"author":[{"embeddable":true,"href":"http:\/\/my-alps.de\/index.php?rest_route=\/wp\/v2\/users\/1"}],"replies":[{"embeddable":true,"href":"http:\/\/my-alps.de\/index.php?rest_route=%2Fwp%2Fv2%2Fcomments&post=1752"}],"version-history":[{"count":1,"href":"http:\/\/my-alps.de\/index.php?rest_route=\/wp\/v2\/posts\/1752\/revisions"}],"predecessor-version":[{"id":1758,"href":"http:\/\/my-alps.de\/index.php?rest_route=\/wp\/v2\/posts\/1752\/revisions\/1758"}],"wp:attachment":[{"href":"http:\/\/my-alps.de\/index.php?rest_route=%2Fwp%2Fv2%2Fmedia&parent=1752"}],"wp:term":[{"taxonomy":"category","embeddable":true,"href":"http:\/\/my-alps.de\/index.php?rest_route=%2Fwp%2Fv2%2Fcategories&post=1752"},{"taxonomy":"post_tag","embeddable":true,"href":"http:\/\/my-alps.de\/index.php?rest_route=%2Fwp%2Fv2%2Ftags&post=1752"}],"curies":[{"name":"wp","href":"https:\/\/api.w.org\/{rel}","templated":true}]}}