{"id":1743,"date":"2014-10-24T19:57:08","date_gmt":"2014-10-24T17:57:08","guid":{"rendered":"http:\/\/my-alps.de\/?p=1743"},"modified":"2014-10-24T19:57:08","modified_gmt":"2014-10-24T17:57:08","slug":"der-chilligste-job-der-welt","status":"publish","type":"post","link":"http:\/\/my-alps.de\/?p=1743","title":{"rendered":"Der chilligste Job der Welt"},"content":{"rendered":"<p>Kommentar zwecklos &#8211; oder?<\/p>\n<p><a href=\"https:\/\/i0.wp.com\/my-alps.de\/wp-content\/uploads\/2014\/10\/image.jpg\"><img data-attachment-id=\"1746\" data-permalink=\"http:\/\/my-alps.de\/?attachment_id=1746\" data-orig-file=\"https:\/\/i0.wp.com\/my-alps.de\/wp-content\/uploads\/2014\/10\/image.jpg?fit=3264%2C2448\" data-orig-size=\"3264,2448\" data-comments-opened=\"1\" data-image-meta=\"{&quot;aperture&quot;:&quot;0&quot;,&quot;credit&quot;:&quot;&quot;,&quot;camera&quot;:&quot;&quot;,&quot;caption&quot;:&quot;&quot;,&quot;created_timestamp&quot;:&quot;0&quot;,&quot;copyright&quot;:&quot;&quot;,&quot;focal_length&quot;:&quot;0&quot;,&quot;iso&quot;:&quot;0&quot;,&quot;shutter_speed&quot;:&quot;0&quot;,&quot;title&quot;:&quot;&quot;}\" data-image-title=\"image\" data-image-description=\"\" data-image-caption=\"\" data-medium-file=\"https:\/\/i0.wp.com\/my-alps.de\/wp-content\/uploads\/2014\/10\/image.jpg?fit=300%2C225\" data-large-file=\"https:\/\/i0.wp.com\/my-alps.de\/wp-content\/uploads\/2014\/10\/image.jpg?fit=625%2C469\" loading=\"lazy\" class=\"aligncenter size-full wp-image-1746\" alt=\"image\" src=\"https:\/\/i0.wp.com\/my-alps.de\/wp-content\/uploads\/2014\/10\/image.jpg?resize=625%2C469\" width=\"625\" height=\"469\" srcset=\"https:\/\/i0.wp.com\/my-alps.de\/wp-content\/uploads\/2014\/10\/image.jpg?w=3264 3264w, https:\/\/i0.wp.com\/my-alps.de\/wp-content\/uploads\/2014\/10\/image.jpg?resize=300%2C225 300w, https:\/\/i0.wp.com\/my-alps.de\/wp-content\/uploads\/2014\/10\/image.jpg?resize=1024%2C768 1024w, https:\/\/i0.wp.com\/my-alps.de\/wp-content\/uploads\/2014\/10\/image.jpg?w=1250 1250w, https:\/\/i0.wp.com\/my-alps.de\/wp-content\/uploads\/2014\/10\/image.jpg?w=1875 1875w\" sizes=\"(max-width: 625px) 100vw, 625px\" data-recalc-dims=\"1\" \/><\/a><\/p>\n","protected":false},"excerpt":{"rendered":"<p>Kommentar zwecklos &#8211; oder?<\/p>\n","protected":false},"author":1,"featured_media":0,"comment_status":"closed","ping_status":"closed","sticky":false,"template":"","format":"gallery","meta":{"spay_email":"","jetpack_publicize_message":"","jetpack_is_tweetstorm":false,"jetpack_publicize_feature_enabled":true},"categories":[1],"tags":[],"jetpack_featured_media_url":"","jetpack_publicize_connections":[],"jetpack_sharing_enabled":true,"jetpack_shortlink":"https:\/\/wp.me\/p6huce-s7","jetpack-related-posts":[{"id":1180,"url":"http:\/\/my-alps.de\/?p=1180","url_meta":{"origin":1743,"position":0},"title":"Ruta 5 &#8211; die l\u00e4ngste Einkaufsmeile der Welt","date":"4. Juni 2014","format":"gallery","excerpt":"Die Ruta 5 f\u00fchrt von Santiago aus nach S\u00fcden und nach Norden, sie ist ein Teil der Pan Amerikana. Es ist eine 4-spurige Autobahn mit dem Charme einer italienischen Autostrada und s\u00fcdamerikanischer Gelassenheit. So werden am Stra\u00dfenrand kleine H\u00fctten gebaut und man kann Honig, K\u00e4se oder Empanadas kaufen. Man f\u00e4hrt\u2026","rel":"","context":"In &quot;News&quot;","img":{"alt_text":"","src":"","width":0,"height":0},"classes":[]},{"id":545,"url":"http:\/\/my-alps.de\/?p=545","url_meta":{"origin":1743,"position":1},"title":"Ushuaia &#8211; wir sind am &#8222;Arsch der Welt&#8220;","date":"17. Januar 2014","format":"gallery","excerpt":"Heute am 17. Januar 2014 sitzen wir in der Skih\u00fctte auf DEM Campingplatz der Globetrotter. In den letzten Tagen haben wir uns in Zauberw\u00e4ldern, tiefen Vulkankratern und Nationalparks herumgetrieben - nicht gerade die Regionen der Welt in denen man mit Breitbandinternet versorg wird. Deshalb eine kleine Zusammenfassung der letzten Tage:\u2026","rel":"","context":"In &quot;News&quot;","img":{"alt_text":"","src":"https:\/\/i0.wp.com\/my-alps.de\/wp-content\/uploads\/2014\/01\/wpid-Guanakos-im-Regen-2.jpg?resize=350%2C200","width":350,"height":200},"classes":[]},{"id":571,"url":"http:\/\/my-alps.de\/?p=571","url_meta":{"origin":1743,"position":2},"title":"&#8222;Arsch&#8220; der Welt ist nicht richtig &#8211; es kann ja auch der Anfang sein &#8211; oder?","date":"17. Januar 2014","format":"gallery","excerpt":"Also jetzt bin ich wieder mal \u00fcber's Ziel hinausgeschossen - nat\u00fcrlich war es im NP Monte Leon sehr sch\u00f6n - deshalb haben wir dort zwei Tage zugebracht und sind dann weiter nach \u00a0Puerto San Julian gefahren - weiter ging es nicht bei dem Wind. Der Spritverbrauch kratzt an der 20\u2026","rel":"","context":"In &quot;News&quot;","img":{"alt_text":"","src":"https:\/\/i0.wp.com\/my-alps.de\/wp-content\/uploads\/2014\/01\/neues-Kaperschiff-der-Baltic-Pirates-300x225.jpg?resize=350%2C200","width":350,"height":200},"classes":[]},{"id":616,"url":"http:\/\/my-alps.de\/?p=616","url_meta":{"origin":1743,"position":3},"title":"Fuchzich und immer noch Kopfschmerzen&#8230;.","date":"27. Januar 2014","format":"gallery","excerpt":"Eine Woche feiern muss reichen OK, es ist n'Runder, und nachdem wir gerade auch Zeit haben wurde im WOMO-Powow beschlossen, dass wir eine Woche lang feiern - sie ist noch nicht rum und das Projekt l\u00e4uft prima, w\u00fcrde ich sagen. Feuerland ist beileibe pr\u00e4destiniert f\u00fcr solche Vorhaben. Wobei \"El Fin\u2026","rel":"","context":"In &quot;News&quot;","img":{"alt_text":"","src":"","width":0,"height":0},"classes":[]},{"id":688,"url":"http:\/\/my-alps.de\/?p=688","url_meta":{"origin":1743,"position":4},"title":"&#8230;aus der Serie: &#8222;Warnhinweise in Patagonien&#8220; &#8211; wird laufend erweitert","date":"9. Februar 2014","format":"gallery","excerpt":"\u00dcberall auf der Welt gibt es Schilder - die meisten bei uns in Deutschland - hier in Patagonien gibt es die sch\u00f6nsten: Aber - wie immer - Warnhinweise sollte man ernst nehmen!","rel":"","context":"In &quot;News&quot;","img":{"alt_text":"Warnhinweis - ernst gemeint","src":"https:\/\/i0.wp.com\/my-alps.de\/wp-content\/uploads\/2014\/02\/Warnhinweis-ernst-gemeint.jpg?resize=350%2C200","width":350,"height":200},"classes":[]},{"id":827,"url":"http:\/\/my-alps.de\/?p=827","url_meta":{"origin":1743,"position":5},"title":"Carretera Austral &#8211; die lange Stra\u00dfe in den S\u00fcden Chile&#8217;s","date":"10. M\u00e4rz 2014","format":"gallery","excerpt":"Da Chile das l\u00e4ngste Land der Welt ist und der S\u00fcden ziemlich schwer erreichbar ist gibt es nur EINE Stra\u00dfe auf der man fahren kann - die Carretera Austral. Die Stra\u00dfe f\u00fchrt durch wundersch\u00f6ne Landschaften - vorbei an Gletschern und Seen, Dschungel und kleinen Siedlerd\u00f6rfern. Dabei ist sie manchmal nur\u2026","rel":"","context":"In &quot;News&quot;","img":{"alt_text":"","src":"https:\/\/i0.wp.com\/my-alps.de\/wp-content\/uploads\/2014\/03\/nach-Norden-HD.jpg?resize=350%2C200","width":350,"height":200},"classes":[]}],"_links":{"self":[{"href":"http:\/\/my-alps.de\/index.php?rest_route=\/wp\/v2\/posts\/1743"}],"collection":[{"href":"http:\/\/my-alps.de\/index.php?rest_route=\/wp\/v2\/posts"}],"about":[{"href":"http:\/\/my-alps.de\/index.php?rest_route=\/wp\/v2\/types\/post"}],"author":[{"embeddable":true,"href":"http:\/\/my-alps.de\/index.php?rest_route=\/wp\/v2\/users\/1"}],"replies":[{"embeddable":true,"href":"http:\/\/my-alps.de\/index.php?rest_route=%2Fwp%2Fv2%2Fcomments&post=1743"}],"version-history":[{"count":2,"href":"http:\/\/my-alps.de\/index.php?rest_route=\/wp\/v2\/posts\/1743\/revisions"}],"predecessor-version":[{"id":1748,"href":"http:\/\/my-alps.de\/index.php?rest_route=\/wp\/v2\/posts\/1743\/revisions\/1748"}],"wp:attachment":[{"href":"http:\/\/my-alps.de\/index.php?rest_route=%2Fwp%2Fv2%2Fmedia&parent=1743"}],"wp:term":[{"taxonomy":"category","embeddable":true,"href":"http:\/\/my-alps.de\/index.php?rest_route=%2Fwp%2Fv2%2Fcategories&post=1743"},{"taxonomy":"post_tag","embeddable":true,"href":"http:\/\/my-alps.de\/index.php?rest_route=%2Fwp%2Fv2%2Ftags&post=1743"}],"curies":[{"name":"wp","href":"https:\/\/api.w.org\/{rel}","templated":true}]}}