{"id":1738,"date":"2014-10-23T23:23:54","date_gmt":"2014-10-23T21:23:54","guid":{"rendered":"http:\/\/my-alps.de\/?p=1738"},"modified":"2014-10-24T19:56:10","modified_gmt":"2014-10-24T17:56:10","slug":"leckts-mi-am-oarsch-is-des-woarm","status":"publish","type":"post","link":"http:\/\/my-alps.de\/?p=1738","title":{"rendered":"Leckt&#8217;s mi am Oarsch &#8211; is des woarm"},"content":{"rendered":"<p>So &#8211; jetzt leckt&#8217;s mi numoll im Oarsch! Ganzen Text gel\u00f6scht weil mir das Tauwasser vom Bier auf&#8217;s IPad getropft ist! Also- wir sind gut in Cartagena angekommen und haben unsere Tour bis hierher unfallfrei und ohne Schaden \u00fcberstanden!!!! Heute hat es gute 35 Grad und die Luftfeuchtigkeit liegt auf Dampfbadniveau. Wir regulieren erst mal unseren Feuchtigkeitshaushalt im K\u00f6rper mit Zitronensaft und Club Colombia- abwechselnd. Nun beginnt die Prozedur mit der Verschiffung des WOMO- und dann geht&#8217;s nach Hause in die Heimat &#8211; der Bratwurststand am &#8222;Gabelmoo&#8220; wartet und hier gibt es definitiv keinen Schnee &#8211; nur den Kolumbianischen, und auf dem kann ich nicht Skifahren &#8211; davon bekomme ich h\u00f6chstens Schneeschnupfen, weil der so arg in er Nase kitzelt.<\/p>\n<p><a href=\"https:\/\/i0.wp.com\/my-alps.de\/wp-content\/uploads\/2014\/10\/IMG_0425.jpg\"><img class=\"alignnone size-full\" alt=\"IMG_0425.JPG\" src=\"https:\/\/i0.wp.com\/my-alps.de\/wp-content\/uploads\/2014\/10\/IMG_0425.jpg?w=625\" data-recalc-dims=\"1\" \/><\/a><\/p>\n","protected":false},"excerpt":{"rendered":"<p>So &#8211; jetzt leckt&#8217;s mi numoll im Oarsch! Ganzen Text gel\u00f6scht weil mir das Tauwasser vom Bier auf&#8217;s IPad getropft ist! Also- wir sind gut in Cartagena angekommen und haben unsere Tour bis hierher unfallfrei und ohne Schaden \u00fcberstanden!!!! Heute hat es gute 35 Grad und die Luftfeuchtigkeit liegt auf Dampfbadniveau. Wir regulieren erst mal [&hellip;]<\/p>\n","protected":false},"author":1,"featured_media":0,"comment_status":"open","ping_status":"open","sticky":false,"template":"","format":"gallery","meta":{"spay_email":"","jetpack_publicize_message":"","jetpack_is_tweetstorm":false,"jetpack_publicize_feature_enabled":true},"categories":[1],"tags":[],"jetpack_featured_media_url":"","jetpack_publicize_connections":[],"jetpack_sharing_enabled":true,"jetpack_shortlink":"https:\/\/wp.me\/p6huce-s2","jetpack-related-posts":[{"id":545,"url":"http:\/\/my-alps.de\/?p=545","url_meta":{"origin":1738,"position":0},"title":"Ushuaia &#8211; wir sind am &#8222;Arsch der Welt&#8220;","date":"17. Januar 2014","format":"gallery","excerpt":"Heute am 17. Januar 2014 sitzen wir in der Skih\u00fctte auf DEM Campingplatz der Globetrotter. In den letzten Tagen haben wir uns in Zauberw\u00e4ldern, tiefen Vulkankratern und Nationalparks herumgetrieben - nicht gerade die Regionen der Welt in denen man mit Breitbandinternet versorg wird. Deshalb eine kleine Zusammenfassung der letzten Tage:\u2026","rel":"","context":"In &quot;News&quot;","img":{"alt_text":"","src":"https:\/\/i0.wp.com\/my-alps.de\/wp-content\/uploads\/2014\/01\/wpid-Guanakos-im-Regen-2.jpg?resize=350%2C200","width":350,"height":200},"classes":[]},{"id":1712,"url":"http:\/\/my-alps.de\/?p=1712","url_meta":{"origin":1738,"position":1},"title":"Festgefahren","date":"12. Oktober 2014","format":"gallery","excerpt":"Wir hatten bis jetzt ja immer Gl\u00fcck auf unserer gesamten Fahrt durch S\u00fcdamerika - keine Pannen und wir sind immer gut durchgekommen. Doch auf der Fahrt von Salento nach Villa de Leyva hat es uns doch mal erwischt. Es hat in der Nacht ein schweres Unwetter gegeben, und wir haben\u2026","rel":"","context":"In &quot;News&quot;","img":{"alt_text":"","src":"https:\/\/i0.wp.com\/my-alps.de\/wp-content\/uploads\/2014\/10\/es-wird-Regen-geben-ce4.jpg?resize=350%2C200","width":350,"height":200},"classes":[]},{"id":1759,"url":"http:\/\/my-alps.de\/?p=1759","url_meta":{"origin":1738,"position":2},"title":"Vorblick minus R\u00fcckblick = aktuelle H\u00f6he","date":"29. Oktober 2014","format":"gallery","excerpt":"Na ja, was soll ich sagen ohne zu \u00fcbertreiben, das vergangene Jahr hat uns so viele Abenteuer geschenkt, bis wir die in unserer K\u00f6pfen verarbeitet haben nuckeln wir wahrscheinlich beide aus der Schnabeltasse. Das WOMO steht im Hafen, morgen kommt noch die Prozedur mit der Drogen Kontrolle (ob die auch\u2026","rel":"","context":"In &quot;News&quot;","img":{"alt_text":"","src":"https:\/\/i0.wp.com\/my-alps.de\/wp-content\/uploads\/2014\/10\/Colombia-somos-todos-ce4.jpg?resize=350%2C200","width":350,"height":200},"classes":[]},{"id":1327,"url":"http:\/\/my-alps.de\/?p=1327","url_meta":{"origin":1738,"position":3},"title":"Tatio Geysire","date":"17. Juli 2014","format":"gallery","excerpt":"Es geht wieder hoch hinauf - \u00a0zu den Tatio Geysiren. Das Geysirfeld,\u2028liegt in 4.300 Meter H\u00f6he, und wir kommen am sp\u00e4ten Nachmittag\u2028dort an. \u00dcberall h\u00e4ngen Dampfschwaden in der Luft und es weht\u2028ein heftiger und eisiger Wind. Wir spazieren zwischen den kleinen\u2028\u201eMinivulkanen\u201c herum und baden in einem salzhaltigem Thermalbecken. Am n\u00e4chsten\u2026","rel":"","context":"In &quot;News&quot;","img":{"alt_text":"","src":"","width":0,"height":0},"classes":[]},{"id":646,"url":"http:\/\/my-alps.de\/?p=646","url_meta":{"origin":1738,"position":4},"title":"&#8222;Plattfuss&#8220; in S\u00fcdamerika","date":"6. Februar 2014","format":"gallery","excerpt":"Erster Plattfuss: Nach ca. 6.500 km haben wir unseren ersten Platten gefahren. Erst hat sich der Luftverlust beim hinten rechts noch in Grenzen gehalten - doch dann haben wir einen Metallgegenstand im Reifen entdeckt. Sch\u00f6n zwischen den Profilrippen versteckt. Die Notreperatur mit Reifenpilot hat uns noch bis El Calafate gebracht.\u2026","rel":"","context":"In &quot;Wohnmobil&quot;","img":{"alt_text":"Gomeria Gallardo","src":"https:\/\/i0.wp.com\/my-alps.de\/wp-content\/uploads\/2014\/02\/Gomeria-Gallardo-HD.jpg?resize=350%2C200","width":350,"height":200},"classes":[]},{"id":450,"url":"http:\/\/my-alps.de\/?p=450","url_meta":{"origin":1738,"position":5},"title":"Das sagt sie und das meint ER (1von2)","date":"15. Dezember 2013","format":"gallery","excerpt":"Hallo, ihr ZUHAUSEgebliebenen, wir sind heute in Colonia di Sacramento angekommen und sin somit in Uruguay. Dem esten Fussballweltmeister, und wenn's nach den URU'S geht, auch dem kommenden in Brasilien. Die Bilder zu diesem Blog f\u00fcge ich sp\u00e4ter mal ein, das WIFI hier in Uruguay ist nicht so von der\u2026","rel":"","context":"In &quot;News&quot;","img":{"alt_text":"","src":"","width":0,"height":0},"classes":[]}],"_links":{"self":[{"href":"http:\/\/my-alps.de\/index.php?rest_route=\/wp\/v2\/posts\/1738"}],"collection":[{"href":"http:\/\/my-alps.de\/index.php?rest_route=\/wp\/v2\/posts"}],"about":[{"href":"http:\/\/my-alps.de\/index.php?rest_route=\/wp\/v2\/types\/post"}],"author":[{"embeddable":true,"href":"http:\/\/my-alps.de\/index.php?rest_route=\/wp\/v2\/users\/1"}],"replies":[{"embeddable":true,"href":"http:\/\/my-alps.de\/index.php?rest_route=%2Fwp%2Fv2%2Fcomments&post=1738"}],"version-history":[{"count":4,"href":"http:\/\/my-alps.de\/index.php?rest_route=\/wp\/v2\/posts\/1738\/revisions"}],"predecessor-version":[{"id":1747,"href":"http:\/\/my-alps.de\/index.php?rest_route=\/wp\/v2\/posts\/1738\/revisions\/1747"}],"wp:attachment":[{"href":"http:\/\/my-alps.de\/index.php?rest_route=%2Fwp%2Fv2%2Fmedia&parent=1738"}],"wp:term":[{"taxonomy":"category","embeddable":true,"href":"http:\/\/my-alps.de\/index.php?rest_route=%2Fwp%2Fv2%2Fcategories&post=1738"},{"taxonomy":"post_tag","embeddable":true,"href":"http:\/\/my-alps.de\/index.php?rest_route=%2Fwp%2Fv2%2Ftags&post=1738"}],"curies":[{"name":"wp","href":"https:\/\/api.w.org\/{rel}","templated":true}]}}