{"id":1732,"date":"2014-10-16T20:30:55","date_gmt":"2014-10-16T18:30:55","guid":{"rendered":"http:\/\/my-alps.de\/?p=1732"},"modified":"2014-10-16T20:31:56","modified_gmt":"2014-10-16T18:31:56","slug":"auf-die-letzte-rille","status":"publish","type":"post","link":"http:\/\/my-alps.de\/?p=1732","title":{"rendered":"auf die letzte Rille!"},"content":{"rendered":"<div id=\"attachment_1733\" style=\"width: 1034px\" class=\"wp-caption aligncenter\"><a href=\"https:\/\/i0.wp.com\/my-alps.de\/wp-content\/uploads\/2014\/10\/Kolumbien-Land-der-Regenbogen-ce4.jpg\"><img aria-describedby=\"caption-attachment-1733\" data-attachment-id=\"1733\" data-permalink=\"http:\/\/my-alps.de\/?attachment_id=1733\" data-orig-file=\"https:\/\/i0.wp.com\/my-alps.de\/wp-content\/uploads\/2014\/10\/Kolumbien-Land-der-Regenbogen-ce4.jpg?fit=1024%2C683\" data-orig-size=\"1024,683\" data-comments-opened=\"1\" data-image-meta=\"{&quot;aperture&quot;:&quot;8&quot;,&quot;credit&quot;:&quot;&quot;,&quot;camera&quot;:&quot;SLT-A99V&quot;,&quot;caption&quot;:&quot;&quot;,&quot;created_timestamp&quot;:&quot;1413219180&quot;,&quot;copyright&quot;:&quot;&quot;,&quot;focal_length&quot;:&quot;24&quot;,&quot;iso&quot;:&quot;200&quot;,&quot;shutter_speed&quot;:&quot;0.005&quot;,&quot;title&quot;:&quot;&quot;}\" data-image-title=\"Kolumbien &#8211; Land der Regenbogen-ce4\" data-image-description=\"&lt;p&gt;Kolumbien &#8211; Land der Regenbogen&lt;\/p&gt;\n\" data-image-caption=\"&lt;p&gt;Kolumbien &#8211; Land der Regenbogen&lt;\/p&gt;\n\" data-medium-file=\"https:\/\/i0.wp.com\/my-alps.de\/wp-content\/uploads\/2014\/10\/Kolumbien-Land-der-Regenbogen-ce4.jpg?fit=300%2C200\" data-large-file=\"https:\/\/i0.wp.com\/my-alps.de\/wp-content\/uploads\/2014\/10\/Kolumbien-Land-der-Regenbogen-ce4.jpg?fit=625%2C417\" loading=\"lazy\" class=\"size-full wp-image-1733\" alt=\"Kolumbien - Land der Regenbogen\" src=\"https:\/\/i0.wp.com\/my-alps.de\/wp-content\/uploads\/2014\/10\/Kolumbien-Land-der-Regenbogen-ce4.jpg?resize=625%2C417\" width=\"625\" height=\"417\" srcset=\"https:\/\/i0.wp.com\/my-alps.de\/wp-content\/uploads\/2014\/10\/Kolumbien-Land-der-Regenbogen-ce4.jpg?w=1024 1024w, https:\/\/i0.wp.com\/my-alps.de\/wp-content\/uploads\/2014\/10\/Kolumbien-Land-der-Regenbogen-ce4.jpg?resize=300%2C200 300w\" sizes=\"(max-width: 625px) 100vw, 625px\" data-recalc-dims=\"1\" \/><\/a><p id=\"caption-attachment-1733\" class=\"wp-caption-text\">Kolumbien &#8211; Land der Regenbogen<\/p><\/div>\n<p>Langsam aber unaufhaltsam n\u00e4hert sich unsere Reise<br \/>\ndurch S\u00fcdamerika, immer an den Anden entlang, dem Ende.<br \/>\n<!--more--><\/p>\n<p>Nordw\u00e4rts, und es wir immer heisser und schw\u00fcler.<br \/>\nUnwetter und sinflutartige Regenf\u00e4lle jeden Nachmittag<br \/>\nverk\u00fcnden den Beginn der Regenzeit.<br \/>\nAuf den befestigten Stra\u00dfen in Kolumbien w\u00fcnschen wir uns oft<br \/>\ndie chilenischen Schotterpisten zur\u00fcck.<br \/>\nEs gibt Schlagl\u00f6cher im Asphalt, da kann man problemlos<br \/>\neinen Fu\u00dfball verstecken.<br \/>\nBodenwellen, und abgesackte Fahrbahnh\u00e4lften die einen<br \/>\nBekanntschaft mit dem eigenen (Fahrzeug)Himmel machen lassen<br \/>\nDiese Tortur f\u00fcr Mensch und Maschine fordert so langsam ihren Tribut.\u00a0Die rechte, hintere Luftfeder gibt ihren Geist auf und entl\u00e4sst angestrengt\u00a0und ger\u00e4uschvoll die Luft die wir vorne hineinpumpen. So m\u00fcssen wir\u00a0notgedrungen nur auf dem Sto\u00dfd\u00e4mpfer weiterhoppeln.\u00a0Dann entfleucht das Leben mit einem Sto\u00dfseufzer aus der Klimaanlage\u00a0und gnadenlos schwitzen ist angesagt.<br \/>\nEs ist als ob unser WOMO auch sp\u00fcrt das es dem Ende entgegengeht.<br \/>\nWir haben jetzt den n\u00f6rdlichsten Punkt unserer Reise auf<br \/>\ndem s\u00fcdamerikanischen Kontinent erreicht.<br \/>\nNun wird noch ein wenig Karibik mit Palmen und weissem Sandstrand\u00a0genossen, bevor es nach Cartagena geht, wo wir das WOMO zur\u00a0Verschiffung, zur\u00fcck nach Deutschland, fertig machen.<\/p>\n<div id=\"attachment_1734\" style=\"width: 1034px\" class=\"wp-caption aligncenter\"><a href=\"https:\/\/i0.wp.com\/my-alps.de\/wp-content\/uploads\/2014\/10\/die-letzte-Rille-ce4.jpg\"><img aria-describedby=\"caption-attachment-1734\" data-attachment-id=\"1734\" data-permalink=\"http:\/\/my-alps.de\/?attachment_id=1734\" data-orig-file=\"https:\/\/i0.wp.com\/my-alps.de\/wp-content\/uploads\/2014\/10\/die-letzte-Rille-ce4.jpg?fit=1024%2C683\" data-orig-size=\"1024,683\" data-comments-opened=\"1\" data-image-meta=\"{&quot;aperture&quot;:&quot;8&quot;,&quot;credit&quot;:&quot;&quot;,&quot;camera&quot;:&quot;SLT-A99V&quot;,&quot;caption&quot;:&quot;&quot;,&quot;created_timestamp&quot;:&quot;1413372159&quot;,&quot;copyright&quot;:&quot;&quot;,&quot;focal_length&quot;:&quot;50&quot;,&quot;iso&quot;:&quot;100&quot;,&quot;shutter_speed&quot;:&quot;0.004&quot;,&quot;title&quot;:&quot;&quot;}\" data-image-title=\"die letzte Rille-ce4\" data-image-description=\"&lt;p&gt;die letzte Rille&lt;\/p&gt;\n\" data-image-caption=\"&lt;p&gt;die letzte Rille&lt;\/p&gt;\n\" data-medium-file=\"https:\/\/i0.wp.com\/my-alps.de\/wp-content\/uploads\/2014\/10\/die-letzte-Rille-ce4.jpg?fit=300%2C200\" data-large-file=\"https:\/\/i0.wp.com\/my-alps.de\/wp-content\/uploads\/2014\/10\/die-letzte-Rille-ce4.jpg?fit=625%2C417\" loading=\"lazy\" class=\"size-full wp-image-1734\" alt=\"die letzte Rille\" src=\"https:\/\/i0.wp.com\/my-alps.de\/wp-content\/uploads\/2014\/10\/die-letzte-Rille-ce4.jpg?resize=625%2C417\" width=\"625\" height=\"417\" srcset=\"https:\/\/i0.wp.com\/my-alps.de\/wp-content\/uploads\/2014\/10\/die-letzte-Rille-ce4.jpg?w=1024 1024w, https:\/\/i0.wp.com\/my-alps.de\/wp-content\/uploads\/2014\/10\/die-letzte-Rille-ce4.jpg?resize=300%2C200 300w\" sizes=\"(max-width: 625px) 100vw, 625px\" data-recalc-dims=\"1\" \/><\/a><p id=\"caption-attachment-1734\" class=\"wp-caption-text\">die letzte Rille<\/p><\/div>\n<p>Wieso der Blog \u201eauf die letzte Rille\u201c hei\u00dft?<br \/>\nnun, in ganz S\u00fcdamerika gibt es k\u00fcnstliche Fahrbahnwellen, die vor<br \/>\nSchulen, in Ortschaften und wenn man es nicht erwartet, die Geschwindigkeit\u00a0der Fahrer begrenzen sollen.<br \/>\nUnd ehrlich gesagt &#8211; langsam aber sicher nerven\u00a0mich diese \u201eschlafenden Polizisten\u201c.<br \/>\nJedesmal schaukelt man sich im\u00a0Schritttempo \u00fcber diese Dinger.<br \/>\nDas Auto \u00e4chzt und knarzt in allen Fugen.<br \/>\nGanz flotte Fahrer zw\u00e4ngen sich, trotz Gegenverkehr, schnell noch an\u00a0einem vorbei, werden aber in 50 Metern selber wieder ausgebremst, und \u00a0dr\u00e4ngeln, noch so gerade eben, vor einem Zusammenprall vor dir in\u00a0die kleine L\u00fccke.<br \/>\nJetzt haben sich die erfinderischen Kolumbianer noch eine\u00a0weitere Spielart ausgedacht &#8211; nicht nur (positiv) Hubbel &#8211; nein zus\u00e4tzlich\u00a0fr\u00e4sen sie den Belag auch noch (negativ) aus.<\/p>\n<p>Das erm\u00f6glicht den fliegenden H\u00e4ndlern, die an diesen markanten<br \/>\nPunkten Stellung bezogen haben, dir noch l\u00e4nger irgendwelche<br \/>\nAdapter, Sonnenbrillen, USB-Sticks oder selbstgemachte<br \/>\nMarmelade durch\u2019s offene Fenster zu reichen.<\/p>\n<p>Ich werde mir diesen\u00a0Vermarktungstrick f\u00fcr die Lange Stra\u00dfe<br \/>\num 5 Uhr Abends merken.<br \/>\nAm Kranen kann ich dann jedem ein frisches Leberk\u00e4sbr\u00f6tla in\u2019s Auto reichen,\u00a0da geht der \u201eMac Donalds Drive In\u201c bald pleite\u2026\u2026.<\/p>\n<div id=\"attachment_1735\" style=\"width: 1034px\" class=\"wp-caption aligncenter\"><a href=\"https:\/\/i0.wp.com\/my-alps.de\/wp-content\/uploads\/2014\/10\/Karibik-ce4-HD.jpg\"><img aria-describedby=\"caption-attachment-1735\" data-attachment-id=\"1735\" data-permalink=\"http:\/\/my-alps.de\/?attachment_id=1735\" data-orig-file=\"https:\/\/i0.wp.com\/my-alps.de\/wp-content\/uploads\/2014\/10\/Karibik-ce4-HD.jpg?fit=1024%2C576\" data-orig-size=\"1024,576\" data-comments-opened=\"1\" data-image-meta=\"{&quot;aperture&quot;:&quot;6.7&quot;,&quot;credit&quot;:&quot;&quot;,&quot;camera&quot;:&quot;SLT-A99V&quot;,&quot;caption&quot;:&quot;&quot;,&quot;created_timestamp&quot;:&quot;1413390415&quot;,&quot;copyright&quot;:&quot;&quot;,&quot;focal_length&quot;:&quot;70&quot;,&quot;iso&quot;:&quot;100&quot;,&quot;shutter_speed&quot;:&quot;0.005&quot;,&quot;title&quot;:&quot;&quot;}\" data-image-title=\"Karibik-ce4-HD\" data-image-description=\"&lt;p&gt;Karibik&lt;\/p&gt;\n\" data-image-caption=\"&lt;p&gt;Karibik&lt;\/p&gt;\n\" data-medium-file=\"https:\/\/i0.wp.com\/my-alps.de\/wp-content\/uploads\/2014\/10\/Karibik-ce4-HD.jpg?fit=300%2C168\" data-large-file=\"https:\/\/i0.wp.com\/my-alps.de\/wp-content\/uploads\/2014\/10\/Karibik-ce4-HD.jpg?fit=625%2C352\" loading=\"lazy\" class=\"size-full wp-image-1735\" alt=\"Karibik\" src=\"https:\/\/i0.wp.com\/my-alps.de\/wp-content\/uploads\/2014\/10\/Karibik-ce4-HD.jpg?resize=625%2C352\" width=\"625\" height=\"352\" srcset=\"https:\/\/i0.wp.com\/my-alps.de\/wp-content\/uploads\/2014\/10\/Karibik-ce4-HD.jpg?w=1024 1024w, https:\/\/i0.wp.com\/my-alps.de\/wp-content\/uploads\/2014\/10\/Karibik-ce4-HD.jpg?resize=300%2C168 300w\" sizes=\"(max-width: 625px) 100vw, 625px\" data-recalc-dims=\"1\" \/><\/a><p id=\"caption-attachment-1735\" class=\"wp-caption-text\">Karibik<\/p><\/div>\n<p>Aber jetzt geh\u2019 ich erst mal an den Strand<br \/>\n&#8211; muss mal Urlaub vom Reisen machen und aufpassen,<br \/>\ndas mir keine Kokosnuss auf den Kopf f\u00e4llt!<\/p>\n","protected":false},"excerpt":{"rendered":"<p>Langsam aber unaufhaltsam n\u00e4hert sich unsere Reise durch S\u00fcdamerika, immer an den Anden entlang, dem Ende.<\/p>\n","protected":false},"author":1,"featured_media":0,"comment_status":"open","ping_status":"open","sticky":false,"template":"","format":"gallery","meta":{"spay_email":"","jetpack_publicize_message":"","jetpack_is_tweetstorm":false,"jetpack_publicize_feature_enabled":true},"categories":[1],"tags":[36],"jetpack_featured_media_url":"","jetpack_publicize_connections":[],"jetpack_sharing_enabled":true,"jetpack_shortlink":"https:\/\/wp.me\/p6huce-rW","jetpack-related-posts":[{"id":1704,"url":"http:\/\/my-alps.de\/?p=1704","url_meta":{"origin":1732,"position":0},"title":"Kreuz und Quer durch Kolumbien ist (k)eine Kaffeefahrt","date":"12. Oktober 2014","format":"gallery","excerpt":"Kolumbien wird durch drei Gebirgsformationen der Anden in der L\u00e4nge nach, nebeneinander durchzogen. Das bedeutet, man kreuzt st\u00e4ndig zwischen Gebirge und dem dazwischenliegenden gro\u00dfen Flusstal. Wir sind in die Kaffeeregion im Herzen von Kolumbien, nach Salento gefahren. Dort haben wir unsere ersten eigenen Kaffeebohnen geerntet und gelernt wie viele Arbeitsschritte\u2026","rel":"","context":"In &quot;News&quot;","img":{"alt_text":"","src":"https:\/\/i0.wp.com\/my-alps.de\/wp-content\/uploads\/2014\/10\/superricccccoooo.jpg?resize=350%2C200","width":350,"height":200},"classes":[]},{"id":1679,"url":"http:\/\/my-alps.de\/?p=1679","url_meta":{"origin":1732,"position":1},"title":"Guerillas im Nebel &#8211; Trampolin of Death","date":"4. Oktober 2014","format":"gallery","excerpt":"Ecuador haben wir hinter uns gelassen und jetzt sind wir in unserem (vorerst) letzten Land in S\u00fcdamerika durch das unsere Reise Einklang der Anden f\u00fchrt. Als erster Anlaufpunkt nach der Erledigung der Grenzformalit\u00e4ten bei der Ausreise von Ecuador und der Einreise nach Kolumbien (diesmal alles ganz harmlos), bietet sich die\u2026","rel":"","context":"In &quot;News&quot;","img":{"alt_text":"","src":"https:\/\/i0.wp.com\/my-alps.de\/wp-content\/uploads\/2014\/10\/Trampolin-of-Death-4-ce4.jpg?resize=350%2C200","width":350,"height":200},"classes":[]},{"id":1712,"url":"http:\/\/my-alps.de\/?p=1712","url_meta":{"origin":1732,"position":2},"title":"Festgefahren","date":"12. Oktober 2014","format":"gallery","excerpt":"Wir hatten bis jetzt ja immer Gl\u00fcck auf unserer gesamten Fahrt durch S\u00fcdamerika - keine Pannen und wir sind immer gut durchgekommen. Doch auf der Fahrt von Salento nach Villa de Leyva hat es uns doch mal erwischt. Es hat in der Nacht ein schweres Unwetter gegeben, und wir haben\u2026","rel":"","context":"In &quot;News&quot;","img":{"alt_text":"","src":"https:\/\/i0.wp.com\/my-alps.de\/wp-content\/uploads\/2014\/10\/es-wird-Regen-geben-ce4.jpg?resize=350%2C200","width":350,"height":200},"classes":[]},{"id":1691,"url":"http:\/\/my-alps.de\/?p=1691","url_meta":{"origin":1732,"position":3},"title":"Desertio Tatacoa","date":"6. Oktober 2014","format":"gallery","excerpt":"Auf unserem Weg durch Kolumbien reihen sich wieder die verschiedensten und sch\u00f6nsten Landschaften aneinander. Erst ist man umgeben von Bergwald, der sich meist in Wolken und Nebel versteckt, dann kommen Zuckerrohrplantagen und die Gegend wird Landwirtschaftlich genutzt. Die beiden Gebirgsz\u00fcge werden durch den Rio Magdalena getrennt. Und auf einmal liegt\u2026","rel":"","context":"In &quot;News&quot;","img":{"alt_text":"","src":"https:\/\/i0.wp.com\/my-alps.de\/wp-content\/uploads\/2014\/10\/Desertio-Tatacoa-2-ce4.jpg?resize=350%2C200","width":350,"height":200},"classes":[]},{"id":1759,"url":"http:\/\/my-alps.de\/?p=1759","url_meta":{"origin":1732,"position":4},"title":"Vorblick minus R\u00fcckblick = aktuelle H\u00f6he","date":"29. Oktober 2014","format":"gallery","excerpt":"Na ja, was soll ich sagen ohne zu \u00fcbertreiben, das vergangene Jahr hat uns so viele Abenteuer geschenkt, bis wir die in unserer K\u00f6pfen verarbeitet haben nuckeln wir wahrscheinlich beide aus der Schnabeltasse. Das WOMO steht im Hafen, morgen kommt noch die Prozedur mit der Drogen Kontrolle (ob die auch\u2026","rel":"","context":"In &quot;News&quot;","img":{"alt_text":"","src":"https:\/\/i0.wp.com\/my-alps.de\/wp-content\/uploads\/2014\/10\/Colombia-somos-todos-ce4.jpg?resize=350%2C200","width":350,"height":200},"classes":[]},{"id":1773,"url":"http:\/\/my-alps.de\/?p=1773","url_meta":{"origin":1732,"position":5},"title":"FAQ &#8211; und die Antworten","date":"22. November 2014","format":"gallery","excerpt":"Wir tingeln in den letzten beiden Wochen von einer Einladung zur anderen. Jeder m\u00f6chte uns sehen und fragen was wir so erlebt haben. Da nat\u00fcrlich (fast) jeder die gleichen Fragen stellt schauen uns wir manchmal selber fragend an..... ja wie war das denn? Deshalb m\u00f6chte ich die FAQ mal kurz\u2026","rel":"","context":"In &quot;News&quot;","img":{"alt_text":"","src":"https:\/\/i0.wp.com\/my-alps.de\/wp-content\/uploads\/2014\/11\/mein-Lama-und-meine-Stadt.jpg?resize=350%2C200","width":350,"height":200},"classes":[]}],"_links":{"self":[{"href":"http:\/\/my-alps.de\/index.php?rest_route=\/wp\/v2\/posts\/1732"}],"collection":[{"href":"http:\/\/my-alps.de\/index.php?rest_route=\/wp\/v2\/posts"}],"about":[{"href":"http:\/\/my-alps.de\/index.php?rest_route=\/wp\/v2\/types\/post"}],"author":[{"embeddable":true,"href":"http:\/\/my-alps.de\/index.php?rest_route=\/wp\/v2\/users\/1"}],"replies":[{"embeddable":true,"href":"http:\/\/my-alps.de\/index.php?rest_route=%2Fwp%2Fv2%2Fcomments&post=1732"}],"version-history":[{"count":2,"href":"http:\/\/my-alps.de\/index.php?rest_route=\/wp\/v2\/posts\/1732\/revisions"}],"predecessor-version":[{"id":1737,"href":"http:\/\/my-alps.de\/index.php?rest_route=\/wp\/v2\/posts\/1732\/revisions\/1737"}],"wp:attachment":[{"href":"http:\/\/my-alps.de\/index.php?rest_route=%2Fwp%2Fv2%2Fmedia&parent=1732"}],"wp:term":[{"taxonomy":"category","embeddable":true,"href":"http:\/\/my-alps.de\/index.php?rest_route=%2Fwp%2Fv2%2Fcategories&post=1732"},{"taxonomy":"post_tag","embeddable":true,"href":"http:\/\/my-alps.de\/index.php?rest_route=%2Fwp%2Fv2%2Ftags&post=1732"}],"curies":[{"name":"wp","href":"https:\/\/api.w.org\/{rel}","templated":true}]}}