{"id":1704,"date":"2014-10-12T00:30:05","date_gmt":"2014-10-11T22:30:05","guid":{"rendered":"http:\/\/my-alps.de\/?p=1704"},"modified":"2014-10-12T00:30:05","modified_gmt":"2014-10-11T22:30:05","slug":"kreuz-und-quer-durch-kolumbien-ist-keine-kaffeefahrt","status":"publish","type":"post","link":"http:\/\/my-alps.de\/?p=1704","title":{"rendered":"Kreuz und Quer durch Kolumbien ist (k)eine Kaffeefahrt"},"content":{"rendered":"<p>Kolumbien wird durch drei Gebirgsformationen der Anden in der L\u00e4nge nach, nebeneinander durchzogen. Das bedeutet, man kreuzt st\u00e4ndig zwischen Gebirge und dem dazwischenliegenden gro\u00dfen Flusstal. Wir sind in die Kaffeeregion im Herzen von Kolumbien, nach Salento gefahren. Dort haben wir unsere ersten eigenen Kaffeebohnen geerntet und gelernt wie viele Arbeitsschritte notwendig sind bis die Kaffeebohne in den Sack kommt&#8230;..<\/p>\n<div id=\"attachment_1705\" style=\"width: 1034px\" class=\"wp-caption aligncenter\"><a href=\"https:\/\/i0.wp.com\/my-alps.de\/wp-content\/uploads\/2014\/10\/so-sieht-Kolumbien-aus-ce4.jpg\"><img aria-describedby=\"caption-attachment-1705\" data-attachment-id=\"1705\" data-permalink=\"http:\/\/my-alps.de\/?attachment_id=1705\" data-orig-file=\"https:\/\/i0.wp.com\/my-alps.de\/wp-content\/uploads\/2014\/10\/so-sieht-Kolumbien-aus-ce4.jpg?fit=1024%2C683\" data-orig-size=\"1024,683\" data-comments-opened=\"1\" data-image-meta=\"{&quot;aperture&quot;:&quot;6.7&quot;,&quot;credit&quot;:&quot;&quot;,&quot;camera&quot;:&quot;SLT-A99V&quot;,&quot;caption&quot;:&quot;&quot;,&quot;created_timestamp&quot;:&quot;1412782440&quot;,&quot;copyright&quot;:&quot;&quot;,&quot;focal_length&quot;:&quot;35&quot;,&quot;iso&quot;:&quot;100&quot;,&quot;shutter_speed&quot;:&quot;0.005&quot;,&quot;title&quot;:&quot;&quot;}\" data-image-title=\"so sieht Kolumbien aus-ce4\" data-image-description=\"&lt;p&gt;so sieht Kolumbien aus&lt;\/p&gt;\n\" data-image-caption=\"&lt;p&gt;so sieht Kolumbien aus&lt;\/p&gt;\n\" data-medium-file=\"https:\/\/i0.wp.com\/my-alps.de\/wp-content\/uploads\/2014\/10\/so-sieht-Kolumbien-aus-ce4.jpg?fit=300%2C200\" data-large-file=\"https:\/\/i0.wp.com\/my-alps.de\/wp-content\/uploads\/2014\/10\/so-sieht-Kolumbien-aus-ce4.jpg?fit=625%2C417\" loading=\"lazy\" class=\"size-full wp-image-1705\" alt=\"so sieht Kolumbien aus\" src=\"https:\/\/i0.wp.com\/my-alps.de\/wp-content\/uploads\/2014\/10\/so-sieht-Kolumbien-aus-ce4.jpg?resize=625%2C417\" width=\"625\" height=\"417\" srcset=\"https:\/\/i0.wp.com\/my-alps.de\/wp-content\/uploads\/2014\/10\/so-sieht-Kolumbien-aus-ce4.jpg?w=1024 1024w, https:\/\/i0.wp.com\/my-alps.de\/wp-content\/uploads\/2014\/10\/so-sieht-Kolumbien-aus-ce4.jpg?resize=300%2C200 300w\" sizes=\"(max-width: 625px) 100vw, 625px\" data-recalc-dims=\"1\" \/><\/a><p id=\"caption-attachment-1705\" class=\"wp-caption-text\">so sieht Kolumbien aus<\/p><\/div>\n<p><!--more-->Das Wetter in der \u00c4quatorregion n\u00e4hert sich langsam der Regenzeit, und es wird immer unbest\u00e4ndiger. Zwischen starken Regenschauern, dichtem Bergnebel und feinem Nieselregen ist alles geboten was nass macht. Wir haben uns trotzdem aufgemacht und sind auf die abgelegene Kaffee-Finca, die komplett \u00f6kologisch und organisch arbeitet, gefahren um zu lernen wie die schwarze Bohne entsteht.<\/p>\n<div id=\"attachment_1706\" style=\"width: 1034px\" class=\"wp-caption aligncenter\"><a href=\"https:\/\/i0.wp.com\/my-alps.de\/wp-content\/uploads\/2014\/10\/unser-eigener-Kaffee.jpg\"><img aria-describedby=\"caption-attachment-1706\" data-attachment-id=\"1706\" data-permalink=\"http:\/\/my-alps.de\/?attachment_id=1706\" data-orig-file=\"https:\/\/i0.wp.com\/my-alps.de\/wp-content\/uploads\/2014\/10\/unser-eigener-Kaffee.jpg?fit=1024%2C683\" data-orig-size=\"1024,683\" data-comments-opened=\"1\" data-image-meta=\"{&quot;aperture&quot;:&quot;4&quot;,&quot;credit&quot;:&quot;&quot;,&quot;camera&quot;:&quot;SLT-A99V&quot;,&quot;caption&quot;:&quot;&quot;,&quot;created_timestamp&quot;:&quot;1412699126&quot;,&quot;copyright&quot;:&quot;&quot;,&quot;focal_length&quot;:&quot;24&quot;,&quot;iso&quot;:&quot;125&quot;,&quot;shutter_speed&quot;:&quot;0.005&quot;,&quot;title&quot;:&quot;&quot;}\" data-image-title=\"unser eigener Kaffee\" data-image-description=\"&lt;p&gt;unser eigener Kaffee&lt;\/p&gt;\n\" data-image-caption=\"&lt;p&gt;unser eigener Kaffee&lt;\/p&gt;\n\" data-medium-file=\"https:\/\/i0.wp.com\/my-alps.de\/wp-content\/uploads\/2014\/10\/unser-eigener-Kaffee.jpg?fit=300%2C200\" data-large-file=\"https:\/\/i0.wp.com\/my-alps.de\/wp-content\/uploads\/2014\/10\/unser-eigener-Kaffee.jpg?fit=625%2C417\" loading=\"lazy\" class=\"size-full wp-image-1706\" alt=\"unser eigener Kaffee\" src=\"https:\/\/i0.wp.com\/my-alps.de\/wp-content\/uploads\/2014\/10\/unser-eigener-Kaffee.jpg?resize=625%2C417\" width=\"625\" height=\"417\" srcset=\"https:\/\/i0.wp.com\/my-alps.de\/wp-content\/uploads\/2014\/10\/unser-eigener-Kaffee.jpg?w=1024 1024w, https:\/\/i0.wp.com\/my-alps.de\/wp-content\/uploads\/2014\/10\/unser-eigener-Kaffee.jpg?resize=300%2C200 300w\" sizes=\"(max-width: 625px) 100vw, 625px\" data-recalc-dims=\"1\" \/><\/a><p id=\"caption-attachment-1706\" class=\"wp-caption-text\">unser eigener Kaffee<\/p><\/div>\n<p>\u00dcberrascht mussten wir feststellen, das die Bohne eigentlich gr\u00fcn ist. Wenn sie reif genug ist, das sie geerntet werden kann ist sie rot wie eine Hagebutte. Wir sind durch die B\u00fcsche gekrochen, immer auf der Hut vor Krabbel- und Schleichviechern, und haben uns eine Portion von den Str\u00e4uchern gepfl\u00fcckt. Dann werden die Kaffeebeeren durch eine spezielle Maschine gedreht. Auf der einen Seite fallen die (wei\u00dfen) Bohnen heraus. Die Schalen werden als D\u00fcnger in den Plantagen verteilt.<\/p>\n<div id=\"attachment_1707\" style=\"width: 1034px\" class=\"wp-caption aligncenter\"><a href=\"https:\/\/i0.wp.com\/my-alps.de\/wp-content\/uploads\/2014\/10\/Kaffeeplantage-ce4.jpg\"><img aria-describedby=\"caption-attachment-1707\" data-attachment-id=\"1707\" data-permalink=\"http:\/\/my-alps.de\/?attachment_id=1707\" data-orig-file=\"https:\/\/i0.wp.com\/my-alps.de\/wp-content\/uploads\/2014\/10\/Kaffeeplantage-ce4.jpg?fit=1024%2C683\" data-orig-size=\"1024,683\" data-comments-opened=\"1\" data-image-meta=\"{&quot;aperture&quot;:&quot;6.7&quot;,&quot;credit&quot;:&quot;&quot;,&quot;camera&quot;:&quot;SLT-A99V&quot;,&quot;caption&quot;:&quot;&quot;,&quot;created_timestamp&quot;:&quot;1412693841&quot;,&quot;copyright&quot;:&quot;&quot;,&quot;focal_length&quot;:&quot;24&quot;,&quot;iso&quot;:&quot;320&quot;,&quot;shutter_speed&quot;:&quot;0.011111111111111&quot;,&quot;title&quot;:&quot;&quot;}\" data-image-title=\"Kaffeeplantage-ce4\" data-image-description=\"&lt;p&gt;Kaffeeplantage&lt;\/p&gt;\n\" data-image-caption=\"&lt;p&gt;Kaffeeplantage&lt;\/p&gt;\n\" data-medium-file=\"https:\/\/i0.wp.com\/my-alps.de\/wp-content\/uploads\/2014\/10\/Kaffeeplantage-ce4.jpg?fit=300%2C200\" data-large-file=\"https:\/\/i0.wp.com\/my-alps.de\/wp-content\/uploads\/2014\/10\/Kaffeeplantage-ce4.jpg?fit=625%2C417\" loading=\"lazy\" class=\"size-full wp-image-1707\" alt=\"Kaffeeplantage\" src=\"https:\/\/i0.wp.com\/my-alps.de\/wp-content\/uploads\/2014\/10\/Kaffeeplantage-ce4.jpg?resize=625%2C417\" width=\"625\" height=\"417\" srcset=\"https:\/\/i0.wp.com\/my-alps.de\/wp-content\/uploads\/2014\/10\/Kaffeeplantage-ce4.jpg?w=1024 1024w, https:\/\/i0.wp.com\/my-alps.de\/wp-content\/uploads\/2014\/10\/Kaffeeplantage-ce4.jpg?resize=300%2C200 300w\" sizes=\"(max-width: 625px) 100vw, 625px\" data-recalc-dims=\"1\" \/><\/a><p id=\"caption-attachment-1707\" class=\"wp-caption-text\">Kaffeeplantage<span style=\"color: #2b2b2b; font-size: 16px; line-height: 1.5;\"><\/span><\/p><\/div>\n<p>Dann werden die Bohnen gewaschen und getrocknet. Danach k\u00f6nnen sie (von HAND!) verlesen werden. Die schlechten werden f\u00fcr Pulverkaffe verarbeitet, die guten kommen in S\u00e4cke und werden in alle Welt verkauft, wo sie anschlie\u00dfend mit anderen Sorten gemischt und ger\u00f6stet werden.<\/p>\n<div id=\"attachment_1708\" style=\"width: 1034px\" class=\"wp-caption aligncenter\"><a href=\"https:\/\/i0.wp.com\/my-alps.de\/wp-content\/uploads\/2014\/10\/Coffeeshop-ce4.jpg\"><img aria-describedby=\"caption-attachment-1708\" data-attachment-id=\"1708\" data-permalink=\"http:\/\/my-alps.de\/?attachment_id=1708\" data-orig-file=\"https:\/\/i0.wp.com\/my-alps.de\/wp-content\/uploads\/2014\/10\/Coffeeshop-ce4.jpg?fit=1024%2C683\" data-orig-size=\"1024,683\" data-comments-opened=\"1\" data-image-meta=\"{&quot;aperture&quot;:&quot;4.5&quot;,&quot;credit&quot;:&quot;&quot;,&quot;camera&quot;:&quot;SLT-A99V&quot;,&quot;caption&quot;:&quot;&quot;,&quot;created_timestamp&quot;:&quot;1412690338&quot;,&quot;copyright&quot;:&quot;&quot;,&quot;focal_length&quot;:&quot;35&quot;,&quot;iso&quot;:&quot;100&quot;,&quot;shutter_speed&quot;:&quot;0.011111111111111&quot;,&quot;title&quot;:&quot;&quot;}\" data-image-title=\"Coffeeshop-ce4\" data-image-description=\"&lt;p&gt;Coffeeshop&lt;\/p&gt;\n\" data-image-caption=\"&lt;p&gt;Coffeeshop&lt;\/p&gt;\n\" data-medium-file=\"https:\/\/i0.wp.com\/my-alps.de\/wp-content\/uploads\/2014\/10\/Coffeeshop-ce4.jpg?fit=300%2C200\" data-large-file=\"https:\/\/i0.wp.com\/my-alps.de\/wp-content\/uploads\/2014\/10\/Coffeeshop-ce4.jpg?fit=625%2C417\" loading=\"lazy\" class=\"size-full wp-image-1708\" alt=\"Coffeeshop\" src=\"https:\/\/i0.wp.com\/my-alps.de\/wp-content\/uploads\/2014\/10\/Coffeeshop-ce4.jpg?resize=625%2C417\" width=\"625\" height=\"417\" srcset=\"https:\/\/i0.wp.com\/my-alps.de\/wp-content\/uploads\/2014\/10\/Coffeeshop-ce4.jpg?w=1024 1024w, https:\/\/i0.wp.com\/my-alps.de\/wp-content\/uploads\/2014\/10\/Coffeeshop-ce4.jpg?resize=300%2C200 300w\" sizes=\"(max-width: 625px) 100vw, 625px\" data-recalc-dims=\"1\" \/><\/a><p id=\"caption-attachment-1708\" class=\"wp-caption-text\">Coffeeshop<\/p><\/div>\n<p>Wir haben anschlie\u00dfend Bohnen frisch gemahlen und Melitta, unsere Kaffeefee hat uns einen tollen Espresso aufgegossen.<\/p>\n<div id=\"attachment_1709\" style=\"width: 693px\" class=\"wp-caption aligncenter\"><a href=\"https:\/\/i0.wp.com\/my-alps.de\/wp-content\/uploads\/2014\/10\/Melitta-die-Kaffeefee.org_.jpg\"><img aria-describedby=\"caption-attachment-1709\" data-attachment-id=\"1709\" data-permalink=\"http:\/\/my-alps.de\/?attachment_id=1709\" data-orig-file=\"https:\/\/i0.wp.com\/my-alps.de\/wp-content\/uploads\/2014\/10\/Melitta-die-Kaffeefee.org_.jpg?fit=683%2C1024\" data-orig-size=\"683,1024\" data-comments-opened=\"1\" data-image-meta=\"{&quot;aperture&quot;:&quot;4&quot;,&quot;credit&quot;:&quot;&quot;,&quot;camera&quot;:&quot;SLT-A99V&quot;,&quot;caption&quot;:&quot;&quot;,&quot;created_timestamp&quot;:&quot;1412690817&quot;,&quot;copyright&quot;:&quot;&quot;,&quot;focal_length&quot;:&quot;26&quot;,&quot;iso&quot;:&quot;320&quot;,&quot;shutter_speed&quot;:&quot;0.016666666666667&quot;,&quot;title&quot;:&quot;&quot;}\" data-image-title=\"Melitta die Kaffeefee.org\" data-image-description=\"&lt;p&gt;Melitta die Kaffeefee&lt;\/p&gt;\n\" data-image-caption=\"&lt;p&gt;Melitta die Kaffeefee&lt;\/p&gt;\n\" data-medium-file=\"https:\/\/i0.wp.com\/my-alps.de\/wp-content\/uploads\/2014\/10\/Melitta-die-Kaffeefee.org_.jpg?fit=200%2C300\" data-large-file=\"https:\/\/i0.wp.com\/my-alps.de\/wp-content\/uploads\/2014\/10\/Melitta-die-Kaffeefee.org_.jpg?fit=625%2C937\" loading=\"lazy\" class=\"size-full wp-image-1709\" alt=\"Melitta die Kaffeefee\" src=\"https:\/\/i0.wp.com\/my-alps.de\/wp-content\/uploads\/2014\/10\/Melitta-die-Kaffeefee.org_.jpg?resize=625%2C937\" width=\"625\" height=\"937\" srcset=\"https:\/\/i0.wp.com\/my-alps.de\/wp-content\/uploads\/2014\/10\/Melitta-die-Kaffeefee.org_.jpg?w=683 683w, https:\/\/i0.wp.com\/my-alps.de\/wp-content\/uploads\/2014\/10\/Melitta-die-Kaffeefee.org_.jpg?resize=200%2C300 200w\" sizes=\"(max-width: 625px) 100vw, 625px\" data-recalc-dims=\"1\" \/><\/a><p id=\"caption-attachment-1709\" class=\"wp-caption-text\">Melitta die Kaffeefee<\/p><\/div>\n<p>Bei Frau Melitta durften wir auch mal an der Kurbel drehen und den frischen Kaffeeduft geniessen.<\/p>\n<div id=\"attachment_1710\" style=\"width: 1034px\" class=\"wp-caption aligncenter\"><a href=\"https:\/\/i0.wp.com\/my-alps.de\/wp-content\/uploads\/2014\/10\/superricccccoooo.jpg\"><img aria-describedby=\"caption-attachment-1710\" data-attachment-id=\"1710\" data-permalink=\"http:\/\/my-alps.de\/?attachment_id=1710\" data-orig-file=\"https:\/\/i0.wp.com\/my-alps.de\/wp-content\/uploads\/2014\/10\/superricccccoooo.jpg?fit=1024%2C683\" data-orig-size=\"1024,683\" data-comments-opened=\"1\" data-image-meta=\"{&quot;aperture&quot;:&quot;4&quot;,&quot;credit&quot;:&quot;&quot;,&quot;camera&quot;:&quot;SLT-A99V&quot;,&quot;caption&quot;:&quot;&quot;,&quot;created_timestamp&quot;:&quot;1412690640&quot;,&quot;copyright&quot;:&quot;&quot;,&quot;focal_length&quot;:&quot;40&quot;,&quot;iso&quot;:&quot;160&quot;,&quot;shutter_speed&quot;:&quot;0.016666666666667&quot;,&quot;title&quot;:&quot;&quot;}\" data-image-title=\"superricccccoooo\" data-image-description=\"&lt;p&gt;superricccccoooo&lt;\/p&gt;\n\" data-image-caption=\"&lt;p&gt;superricccccoooo&lt;\/p&gt;\n\" data-medium-file=\"https:\/\/i0.wp.com\/my-alps.de\/wp-content\/uploads\/2014\/10\/superricccccoooo.jpg?fit=300%2C200\" data-large-file=\"https:\/\/i0.wp.com\/my-alps.de\/wp-content\/uploads\/2014\/10\/superricccccoooo.jpg?fit=625%2C417\" loading=\"lazy\" class=\"size-full wp-image-1710\" alt=\"superricccccoooo\" src=\"https:\/\/i0.wp.com\/my-alps.de\/wp-content\/uploads\/2014\/10\/superricccccoooo.jpg?resize=625%2C417\" width=\"625\" height=\"417\" srcset=\"https:\/\/i0.wp.com\/my-alps.de\/wp-content\/uploads\/2014\/10\/superricccccoooo.jpg?w=1024 1024w, https:\/\/i0.wp.com\/my-alps.de\/wp-content\/uploads\/2014\/10\/superricccccoooo.jpg?resize=300%2C200 300w\" sizes=\"(max-width: 625px) 100vw, 625px\" data-recalc-dims=\"1\" \/><\/a><p id=\"caption-attachment-1710\" class=\"wp-caption-text\">superricccccoooo<\/p><\/div>\n<p>Es dauert von der Aufzucht der kleinen Kaffepflanzen \u00fcber die Ernte bis hin zur Verarbeitung fast 2,5 Jahre, bis der Bohne in den Sack kommt. Wir trinken ab jetzt unseren t\u00e4glichen, frisch gebr\u00fchten Kaffee mit etwas mehr Anerkennung f\u00fcr die viele Arbeit die dahinter steckt.<\/p>\n<p>&nbsp;<\/p>\n<p>&nbsp;<\/p>\n<p>&nbsp;<\/p>\n","protected":false},"excerpt":{"rendered":"<p>Kolumbien wird durch drei Gebirgsformationen der Anden in der L\u00e4nge nach, nebeneinander durchzogen. Das bedeutet, man kreuzt st\u00e4ndig zwischen Gebirge und dem dazwischenliegenden gro\u00dfen Flusstal. Wir sind in die Kaffeeregion im Herzen von Kolumbien, nach Salento gefahren. Dort haben wir unsere ersten eigenen Kaffeebohnen geerntet und gelernt wie viele Arbeitsschritte notwendig sind bis die Kaffeebohne [&hellip;]<\/p>\n","protected":false},"author":1,"featured_media":0,"comment_status":"open","ping_status":"open","sticky":false,"template":"","format":"gallery","meta":{"spay_email":"","jetpack_publicize_message":"","jetpack_is_tweetstorm":false,"jetpack_publicize_feature_enabled":true},"categories":[1],"tags":[36],"jetpack_featured_media_url":"","jetpack_publicize_connections":[],"jetpack_sharing_enabled":true,"jetpack_shortlink":"https:\/\/wp.me\/p6huce-ru","jetpack-related-posts":[{"id":1679,"url":"http:\/\/my-alps.de\/?p=1679","url_meta":{"origin":1704,"position":0},"title":"Guerillas im Nebel &#8211; Trampolin of Death","date":"4. Oktober 2014","format":"gallery","excerpt":"Ecuador haben wir hinter uns gelassen und jetzt sind wir in unserem (vorerst) letzten Land in S\u00fcdamerika durch das unsere Reise Einklang der Anden f\u00fchrt. Als erster Anlaufpunkt nach der Erledigung der Grenzformalit\u00e4ten bei der Ausreise von Ecuador und der Einreise nach Kolumbien (diesmal alles ganz harmlos), bietet sich die\u2026","rel":"","context":"In &quot;News&quot;","img":{"alt_text":"","src":"https:\/\/i0.wp.com\/my-alps.de\/wp-content\/uploads\/2014\/10\/Trampolin-of-Death-4-ce4.jpg?resize=350%2C200","width":350,"height":200},"classes":[]},{"id":1712,"url":"http:\/\/my-alps.de\/?p=1712","url_meta":{"origin":1704,"position":1},"title":"Festgefahren","date":"12. Oktober 2014","format":"gallery","excerpt":"Wir hatten bis jetzt ja immer Gl\u00fcck auf unserer gesamten Fahrt durch S\u00fcdamerika - keine Pannen und wir sind immer gut durchgekommen. Doch auf der Fahrt von Salento nach Villa de Leyva hat es uns doch mal erwischt. Es hat in der Nacht ein schweres Unwetter gegeben, und wir haben\u2026","rel":"","context":"In &quot;News&quot;","img":{"alt_text":"","src":"https:\/\/i0.wp.com\/my-alps.de\/wp-content\/uploads\/2014\/10\/es-wird-Regen-geben-ce4.jpg?resize=350%2C200","width":350,"height":200},"classes":[]},{"id":1732,"url":"http:\/\/my-alps.de\/?p=1732","url_meta":{"origin":1704,"position":2},"title":"auf die letzte Rille!","date":"16. Oktober 2014","format":"gallery","excerpt":"Langsam aber unaufhaltsam n\u00e4hert sich unsere Reise durch S\u00fcdamerika, immer an den Anden entlang, dem Ende. Nordw\u00e4rts, und es wir immer heisser und schw\u00fcler. Unwetter und sinflutartige Regenf\u00e4lle jeden Nachmittag verk\u00fcnden den Beginn der Regenzeit. Auf den befestigten Stra\u00dfen in Kolumbien w\u00fcnschen wir uns oft die chilenischen Schotterpisten zur\u00fcck. Es\u2026","rel":"","context":"In &quot;News&quot;","img":{"alt_text":"","src":"https:\/\/i0.wp.com\/my-alps.de\/wp-content\/uploads\/2014\/10\/Karibik-ce4-HD.jpg?resize=350%2C200","width":350,"height":200},"classes":[]},{"id":1691,"url":"http:\/\/my-alps.de\/?p=1691","url_meta":{"origin":1704,"position":3},"title":"Desertio Tatacoa","date":"6. Oktober 2014","format":"gallery","excerpt":"Auf unserem Weg durch Kolumbien reihen sich wieder die verschiedensten und sch\u00f6nsten Landschaften aneinander. Erst ist man umgeben von Bergwald, der sich meist in Wolken und Nebel versteckt, dann kommen Zuckerrohrplantagen und die Gegend wird Landwirtschaftlich genutzt. Die beiden Gebirgsz\u00fcge werden durch den Rio Magdalena getrennt. Und auf einmal liegt\u2026","rel":"","context":"In &quot;News&quot;","img":{"alt_text":"","src":"https:\/\/i0.wp.com\/my-alps.de\/wp-content\/uploads\/2014\/10\/Desertio-Tatacoa-2-ce4.jpg?resize=350%2C200","width":350,"height":200},"classes":[]},{"id":1752,"url":"http:\/\/my-alps.de\/?p=1752","url_meta":{"origin":1704,"position":4},"title":"Baltic Pirate in Cartagena","date":"28. Oktober 2014","format":"gallery","excerpt":"So, morgen ist's soweit - wir geben das WOMO im Hafen von Cartagena ab und hoffen das es Ende November sicher in Bremerhafen ausgeladen wird. In der Zwischenzeit haben wir unser kleines Hotel bezogen, keine 5 Minuten von der wundersch\u00f6nen Altstadt von Cartagena entfernt. Karibisches Flair mit bunten H\u00e4usern, Obstst\u00e4nden\u2026","rel":"","context":"In &quot;News&quot;","img":{"alt_text":"","src":"https:\/\/i0.wp.com\/my-alps.de\/wp-content\/uploads\/2014\/10\/Cartagena-1-ce4.jpg?resize=350%2C200","width":350,"height":200},"classes":[]},{"id":1759,"url":"http:\/\/my-alps.de\/?p=1759","url_meta":{"origin":1704,"position":5},"title":"Vorblick minus R\u00fcckblick = aktuelle H\u00f6he","date":"29. Oktober 2014","format":"gallery","excerpt":"Na ja, was soll ich sagen ohne zu \u00fcbertreiben, das vergangene Jahr hat uns so viele Abenteuer geschenkt, bis wir die in unserer K\u00f6pfen verarbeitet haben nuckeln wir wahrscheinlich beide aus der Schnabeltasse. Das WOMO steht im Hafen, morgen kommt noch die Prozedur mit der Drogen Kontrolle (ob die auch\u2026","rel":"","context":"In &quot;News&quot;","img":{"alt_text":"","src":"https:\/\/i0.wp.com\/my-alps.de\/wp-content\/uploads\/2014\/10\/Colombia-somos-todos-ce4.jpg?resize=350%2C200","width":350,"height":200},"classes":[]}],"_links":{"self":[{"href":"http:\/\/my-alps.de\/index.php?rest_route=\/wp\/v2\/posts\/1704"}],"collection":[{"href":"http:\/\/my-alps.de\/index.php?rest_route=\/wp\/v2\/posts"}],"about":[{"href":"http:\/\/my-alps.de\/index.php?rest_route=\/wp\/v2\/types\/post"}],"author":[{"embeddable":true,"href":"http:\/\/my-alps.de\/index.php?rest_route=\/wp\/v2\/users\/1"}],"replies":[{"embeddable":true,"href":"http:\/\/my-alps.de\/index.php?rest_route=%2Fwp%2Fv2%2Fcomments&post=1704"}],"version-history":[{"count":1,"href":"http:\/\/my-alps.de\/index.php?rest_route=\/wp\/v2\/posts\/1704\/revisions"}],"predecessor-version":[{"id":1711,"href":"http:\/\/my-alps.de\/index.php?rest_route=\/wp\/v2\/posts\/1704\/revisions\/1711"}],"wp:attachment":[{"href":"http:\/\/my-alps.de\/index.php?rest_route=%2Fwp%2Fv2%2Fmedia&parent=1704"}],"wp:term":[{"taxonomy":"category","embeddable":true,"href":"http:\/\/my-alps.de\/index.php?rest_route=%2Fwp%2Fv2%2Fcategories&post=1704"},{"taxonomy":"post_tag","embeddable":true,"href":"http:\/\/my-alps.de\/index.php?rest_route=%2Fwp%2Fv2%2Ftags&post=1704"}],"curies":[{"name":"wp","href":"https:\/\/api.w.org\/{rel}","templated":true}]}}