{"id":1697,"date":"2014-10-06T20:55:46","date_gmt":"2014-10-06T18:55:46","guid":{"rendered":"http:\/\/my-alps.de\/?p=1697"},"modified":"2014-10-06T20:57:01","modified_gmt":"2014-10-06T18:57:01","slug":"la-linea-die-naechste-herausforderung","status":"publish","type":"post","link":"http:\/\/my-alps.de\/?p=1697","title":{"rendered":"&#8222;La Linea&#8220; &#8211; die n\u00e4chste Herausforderung"},"content":{"rendered":"<p>Aus der W\u00fcste ging es wieder in die Berge, denn dort w\u00e4chst meine legale Droge &#8211; KAFFEE!<\/p>\n<div id=\"attachment_1698\" style=\"width: 1034px\" class=\"wp-caption aligncenter\"><a href=\"https:\/\/i0.wp.com\/my-alps.de\/wp-content\/uploads\/2014\/10\/La-Linea-1-ce4-HD.jpg\"><img aria-describedby=\"caption-attachment-1698\" data-attachment-id=\"1698\" data-permalink=\"http:\/\/my-alps.de\/?attachment_id=1698\" data-orig-file=\"https:\/\/i0.wp.com\/my-alps.de\/wp-content\/uploads\/2014\/10\/La-Linea-1-ce4-HD.jpg?fit=1024%2C576\" data-orig-size=\"1024,576\" data-comments-opened=\"1\" data-image-meta=\"{&quot;aperture&quot;:&quot;7.1&quot;,&quot;credit&quot;:&quot;&quot;,&quot;camera&quot;:&quot;SLT-A77V&quot;,&quot;caption&quot;:&quot;&quot;,&quot;created_timestamp&quot;:&quot;1412518513&quot;,&quot;copyright&quot;:&quot;&quot;,&quot;focal_length&quot;:&quot;17&quot;,&quot;iso&quot;:&quot;100&quot;,&quot;shutter_speed&quot;:&quot;0.003125&quot;,&quot;title&quot;:&quot;&quot;}\" data-image-title=\"La Linea-1-ce4-HD\" data-image-description=\"&lt;p&gt;La Linea-1&lt;\/p&gt;\n\" data-image-caption=\"&lt;p&gt;La Linea-1&lt;\/p&gt;\n\" data-medium-file=\"https:\/\/i0.wp.com\/my-alps.de\/wp-content\/uploads\/2014\/10\/La-Linea-1-ce4-HD.jpg?fit=300%2C168\" data-large-file=\"https:\/\/i0.wp.com\/my-alps.de\/wp-content\/uploads\/2014\/10\/La-Linea-1-ce4-HD.jpg?fit=625%2C352\" loading=\"lazy\" class=\"size-full wp-image-1698\" alt=\"La Linea-1\" src=\"https:\/\/i0.wp.com\/my-alps.de\/wp-content\/uploads\/2014\/10\/La-Linea-1-ce4-HD.jpg?resize=625%2C352\" width=\"625\" height=\"352\" srcset=\"https:\/\/i0.wp.com\/my-alps.de\/wp-content\/uploads\/2014\/10\/La-Linea-1-ce4-HD.jpg?w=1024 1024w, https:\/\/i0.wp.com\/my-alps.de\/wp-content\/uploads\/2014\/10\/La-Linea-1-ce4-HD.jpg?resize=300%2C168 300w\" sizes=\"(max-width: 625px) 100vw, 625px\" data-recalc-dims=\"1\" \/><\/a><p id=\"caption-attachment-1698\" class=\"wp-caption-text\">La Linea-1<\/p><\/div>\n<p><!--more-->Die erste Etappe dieser &#8211; na ja &#8211; Schleichfahrt ohne Wasser, war ja noch ganz angenehm. Es ging das Tal des Rio Magdalena in Richtung Bogota weiter nach Norden hinauf. Links immer die nebelverhangenen Berge mit riesigen Wolkenbergen im Blick.<br \/>\nDann zieht sich die Stra\u00dfe durch immer engere Bergt\u00e4ler zweispurig in die H\u00f6he. Wachspalmen, riesige Bambushaine und Bananenpalmen wachsen an den H\u00e4ngen.<\/p>\n<div id=\"attachment_1699\" style=\"width: 1034px\" class=\"wp-caption aligncenter\"><a href=\"https:\/\/i0.wp.com\/my-alps.de\/wp-content\/uploads\/2014\/10\/La-Linea-2-ce4-HD.jpg\"><img aria-describedby=\"caption-attachment-1699\" data-attachment-id=\"1699\" data-permalink=\"http:\/\/my-alps.de\/?attachment_id=1699\" data-orig-file=\"https:\/\/i0.wp.com\/my-alps.de\/wp-content\/uploads\/2014\/10\/La-Linea-2-ce4-HD.jpg?fit=1024%2C576\" data-orig-size=\"1024,576\" data-comments-opened=\"1\" data-image-meta=\"{&quot;aperture&quot;:&quot;4.5&quot;,&quot;credit&quot;:&quot;&quot;,&quot;camera&quot;:&quot;SLT-A77V&quot;,&quot;caption&quot;:&quot;&quot;,&quot;created_timestamp&quot;:&quot;1412518303&quot;,&quot;copyright&quot;:&quot;&quot;,&quot;focal_length&quot;:&quot;30&quot;,&quot;iso&quot;:&quot;100&quot;,&quot;shutter_speed&quot;:&quot;0.004&quot;,&quot;title&quot;:&quot;&quot;}\" data-image-title=\"La Linea-2-ce4-HD\" data-image-description=\"&lt;p&gt;La Linea-2&lt;\/p&gt;\n\" data-image-caption=\"&lt;p&gt;La Linea-2&lt;\/p&gt;\n\" data-medium-file=\"https:\/\/i0.wp.com\/my-alps.de\/wp-content\/uploads\/2014\/10\/La-Linea-2-ce4-HD.jpg?fit=300%2C168\" data-large-file=\"https:\/\/i0.wp.com\/my-alps.de\/wp-content\/uploads\/2014\/10\/La-Linea-2-ce4-HD.jpg?fit=625%2C352\" loading=\"lazy\" class=\"size-full wp-image-1699\" alt=\"La Linea-2\" src=\"https:\/\/i0.wp.com\/my-alps.de\/wp-content\/uploads\/2014\/10\/La-Linea-2-ce4-HD.jpg?resize=625%2C352\" width=\"625\" height=\"352\" srcset=\"https:\/\/i0.wp.com\/my-alps.de\/wp-content\/uploads\/2014\/10\/La-Linea-2-ce4-HD.jpg?w=1024 1024w, https:\/\/i0.wp.com\/my-alps.de\/wp-content\/uploads\/2014\/10\/La-Linea-2-ce4-HD.jpg?resize=300%2C168 300w\" sizes=\"(max-width: 625px) 100vw, 625px\" data-recalc-dims=\"1\" \/><\/a><p id=\"caption-attachment-1699\" class=\"wp-caption-text\">La Linea-2<\/p><\/div>\n<p>Der Verkehr ist gepr\u00e4gt von riesigen Sattelschleppern, also richtigen LKW&#8217;s &#8211; nicht solche &#8222;Flachnasen&#8220; wie bei uns in Europa.<br \/>\n&#8222;Mack&#8220;, &#8222;Kenworth&#8220;, &#8222;Ford&#8220; und &#8222;Dodge&#8220; zieren die gigantischen K\u00fchlerhauben. Chrom gl\u00e4nzt an jeder Ecke und die Auspuffrohre w\u00fcrden auch f\u00fcr ein Kohlekraftwerk ausreichen. Die Strecke ist so kurvig, steil und eng, dagegen ist der alte Brennerpass eine Rennstrecke. Die LKW&#8217;s zockeln mit 10 bis 20 Km\/h den Berg hinauf und \u00fcberholen tut der Kolumbianer bei JEDER sich bietenden Gelegenheit. Ein unachtsamer Augenblick gen\u00fcgt und neben dir erscheint ein Reisebus oder ein leichterer LKW und dr\u00e4ngt sich in die (noch) nicht vorhandene L\u00fccke.<\/p>\n<div id=\"attachment_1700\" style=\"width: 1034px\" class=\"wp-caption aligncenter\"><a href=\"https:\/\/i0.wp.com\/my-alps.de\/wp-content\/uploads\/2014\/10\/La-Linea-3-ce4.jpg\"><img aria-describedby=\"caption-attachment-1700\" data-attachment-id=\"1700\" data-permalink=\"http:\/\/my-alps.de\/?attachment_id=1700\" data-orig-file=\"https:\/\/i0.wp.com\/my-alps.de\/wp-content\/uploads\/2014\/10\/La-Linea-3-ce4.jpg?fit=1024%2C683\" data-orig-size=\"1024,683\" data-comments-opened=\"1\" data-image-meta=\"{&quot;aperture&quot;:&quot;5.6&quot;,&quot;credit&quot;:&quot;&quot;,&quot;camera&quot;:&quot;SLT-A77V&quot;,&quot;caption&quot;:&quot;&quot;,&quot;created_timestamp&quot;:&quot;1412518459&quot;,&quot;copyright&quot;:&quot;&quot;,&quot;focal_length&quot;:&quot;17&quot;,&quot;iso&quot;:&quot;100&quot;,&quot;shutter_speed&quot;:&quot;0.003125&quot;,&quot;title&quot;:&quot;&quot;}\" data-image-title=\"La Linea-3-ce4\" data-image-description=\"&lt;p&gt;La Linea-3&lt;\/p&gt;\n\" data-image-caption=\"&lt;p&gt;La Linea-3&lt;\/p&gt;\n\" data-medium-file=\"https:\/\/i0.wp.com\/my-alps.de\/wp-content\/uploads\/2014\/10\/La-Linea-3-ce4.jpg?fit=300%2C200\" data-large-file=\"https:\/\/i0.wp.com\/my-alps.de\/wp-content\/uploads\/2014\/10\/La-Linea-3-ce4.jpg?fit=625%2C417\" loading=\"lazy\" class=\"size-full wp-image-1700\" alt=\"La Linea-3\" src=\"https:\/\/i0.wp.com\/my-alps.de\/wp-content\/uploads\/2014\/10\/La-Linea-3-ce4.jpg?resize=625%2C417\" width=\"625\" height=\"417\" srcset=\"https:\/\/i0.wp.com\/my-alps.de\/wp-content\/uploads\/2014\/10\/La-Linea-3-ce4.jpg?w=1024 1024w, https:\/\/i0.wp.com\/my-alps.de\/wp-content\/uploads\/2014\/10\/La-Linea-3-ce4.jpg?resize=300%2C200 300w\" sizes=\"(max-width: 625px) 100vw, 625px\" data-recalc-dims=\"1\" \/><\/a><p id=\"caption-attachment-1700\" class=\"wp-caption-text\">La Linea-3<\/p><\/div>\n<p>Jung&#8217;s, hab&#8216; ich mir gedacht &#8211; nicht mit mir &#8211; euer Spiel kann ich auch.<br \/>\nSchnell der Beifahrerin ein paar Beruhigungspillen gegeben und die LKW&#8217;s den Berg &#8218;raufgescheucht. Geht ja nur auf 3.400 Meter hoch.<br \/>\n&#8218;Runterschalten, Blick um die Spitzkehre werfen, und innen durchgehen. &#8211; &#8218;Raufschalten, Blinker links und der n\u00e4chste ist f\u00e4llig.<br \/>\nHa &#8211; das macht Spa\u00df. Mit meinem alten 944er w\u00e4re ich der King in diesem Dschungel! Aber mit dem 3,5 Tonner geht das auch ganz gut.<br \/>\nKomisch &#8211; nach den 100 Kilometer Schleichfahrt war ich v\u00f6llig nass geschwitzt &#8211; und da sage noch einer Motorsport ist nicht anstrengend&#8230;&#8230;&#8230;&#8230;<\/p>\n","protected":false},"excerpt":{"rendered":"<p>Aus der W\u00fcste ging es wieder in die Berge, denn dort w\u00e4chst meine legale Droge &#8211; KAFFEE!<\/p>\n","protected":false},"author":1,"featured_media":0,"comment_status":"open","ping_status":"open","sticky":false,"template":"","format":"gallery","meta":{"spay_email":"","jetpack_publicize_message":"","jetpack_is_tweetstorm":false,"jetpack_publicize_feature_enabled":true},"categories":[1],"tags":[36],"jetpack_featured_media_url":"","jetpack_publicize_connections":[],"jetpack_sharing_enabled":true,"jetpack_shortlink":"https:\/\/wp.me\/p6huce-rn","jetpack-related-posts":[{"id":1304,"url":"http:\/\/my-alps.de\/?p=1304","url_meta":{"origin":1697,"position":0},"title":"Chilecito, Hualko, Amaicha und Tafi del Valles","date":"30. Juni 2014","format":"gallery","excerpt":"Chronologisch unserer Reiseroute ging es nach dem NP Talampaya in Richtung Chilecito. Da die Ruta 40 zur dieser Zeit \u00fcber die\u00a0\u201eCuesta de Miranda\u201c gesperrt war, mussten wir einen \u201ekleinen\u201c\u00a0Umweg von ca. 250 Kilometer machen. Die Fahrt ging zur\u00fcck \u00fcber die Ruta 76 bis nach Pataguia und dann die Ruta 74\u2026","rel":"","context":"In &quot;News&quot;","img":{"alt_text":"","src":"https:\/\/i0.wp.com\/my-alps.de\/wp-content\/uploads\/2014\/06\/DSC03910.jpg?resize=350%2C200","width":350,"height":200},"classes":[]},{"id":1411,"url":"http:\/\/my-alps.de\/?p=1411","url_meta":{"origin":1697,"position":1},"title":"\u00fcber Cochabamba weiter nach La Paz (Teil 2)","date":"27. Juli 2014","format":"gallery","excerpt":"Von Sucre fahren wir durch die wilde und bergige Altiplanolandschaft.\u00a0Es geht durch kleine D\u00f6rfer und in den Flusst\u00e4lern werden Bananen\u00a0und Papayas angebaut. Anfangs ist die Stra\u00dfe noch asphaltiert, doch\u00a0dann sind wir wieder auf einer staubigen Piste. Der puderfeine Staub\u00a0legt sich wie ein Nebelschleier \u00fcber die Landschaft und alles was am\u00a0Stra\u00dfenrand\u2026","rel":"","context":"In &quot;News&quot;","img":{"alt_text":"","src":"https:\/\/i0.wp.com\/my-alps.de\/wp-content\/uploads\/2014\/07\/rauf-und-runter-ce4.jpg?resize=350%2C200","width":350,"height":200},"classes":[]},{"id":1213,"url":"http:\/\/my-alps.de\/?p=1213","url_meta":{"origin":1697,"position":2},"title":"Nationalpark Leoncito","date":"10. Juni 2014","format":"gallery","excerpt":"Von Mendoza sind wir wieder ein St\u00fcck zur\u00fcck gefahren in Richtung Uspallata, um die Ruta 149 nach Norden zu nehmen. Die Strecke f\u00fchrt direkt an den Ausl\u00e4ufern der Anden entlang, und man hat st\u00e4ndig die schneebedeckten Berge im Blick. So fahren wir ca. 100 km (mit dem Kopf leicht nach\u2026","rel":"","context":"In &quot;News&quot;","img":{"alt_text":"","src":"https:\/\/i0.wp.com\/my-alps.de\/wp-content\/uploads\/2014\/06\/Rio-San-Juan-I-ce4.jpg?resize=350%2C200","width":350,"height":200},"classes":[]},{"id":1712,"url":"http:\/\/my-alps.de\/?p=1712","url_meta":{"origin":1697,"position":3},"title":"Festgefahren","date":"12. Oktober 2014","format":"gallery","excerpt":"Wir hatten bis jetzt ja immer Gl\u00fcck auf unserer gesamten Fahrt durch S\u00fcdamerika - keine Pannen und wir sind immer gut durchgekommen. Doch auf der Fahrt von Salento nach Villa de Leyva hat es uns doch mal erwischt. Es hat in der Nacht ein schweres Unwetter gegeben, und wir haben\u2026","rel":"","context":"In &quot;News&quot;","img":{"alt_text":"","src":"https:\/\/i0.wp.com\/my-alps.de\/wp-content\/uploads\/2014\/10\/es-wird-Regen-geben-ce4.jpg?resize=350%2C200","width":350,"height":200},"classes":[]},{"id":1564,"url":"http:\/\/my-alps.de\/?p=1564","url_meta":{"origin":1697,"position":4},"title":"Cordillera Blanca","date":"9. September 2014","format":"gallery","excerpt":"Nachdem wir Lima verlassen hatten wollten wir nicht\u00a0unn\u00f6tig weiter an der K\u00fcste hochfahren, und haben die\u00a0n\u00e4chste M\u00f6glichkeit genutzt um in die Bergwelt der \"Cordillera Blanca\" abzubiegen. Bei Paramonga am Pazifik biegt man in das Tal des\u00a0Rio Fortaleza ab und f\u00e4hrt von Meeresh\u00f6he wieder\u00a0hinauf auf ca. 4.000 Meter. Dann steht man\u2026","rel":"","context":"In &quot;News&quot;","img":{"alt_text":"","src":"https:\/\/i0.wp.com\/my-alps.de\/wp-content\/uploads\/2014\/09\/Lago-Llanganuco-Orkoncocha-ce4.jpg?resize=350%2C200","width":350,"height":200},"classes":[]},{"id":695,"url":"http:\/\/my-alps.de\/?p=695","url_meta":{"origin":1697,"position":5},"title":"Von El Calafate nach El Chalten &#8211; Fitz Roy und Cerro Torre","date":"23. Februar 2014","format":"gallery","excerpt":"Nachdem wir den Campingplatz Marke SUPERLUXUS am Lago Roca ausgiebig genossen haben, sind wir in den n\u00e4chsten Nationalpark auf unserer Route weitergezogen. Die Fahrt ging auf der Ruta 40 weiter von El Calafate Richtung Norden nach El Chalten Hier stehen die ber\u00fchmten Namen, die das Herz eines Alpinisten h\u00f6her schlagen\u2026","rel":"","context":"In &quot;News&quot;","img":{"alt_text":"","src":"https:\/\/i0.wp.com\/my-alps.de\/wp-content\/uploads\/2014\/02\/Panorama-El-Chalten-HD.jpg?resize=350%2C200","width":350,"height":200},"classes":[]}],"_links":{"self":[{"href":"http:\/\/my-alps.de\/index.php?rest_route=\/wp\/v2\/posts\/1697"}],"collection":[{"href":"http:\/\/my-alps.de\/index.php?rest_route=\/wp\/v2\/posts"}],"about":[{"href":"http:\/\/my-alps.de\/index.php?rest_route=\/wp\/v2\/types\/post"}],"author":[{"embeddable":true,"href":"http:\/\/my-alps.de\/index.php?rest_route=\/wp\/v2\/users\/1"}],"replies":[{"embeddable":true,"href":"http:\/\/my-alps.de\/index.php?rest_route=%2Fwp%2Fv2%2Fcomments&post=1697"}],"version-history":[{"count":2,"href":"http:\/\/my-alps.de\/index.php?rest_route=\/wp\/v2\/posts\/1697\/revisions"}],"predecessor-version":[{"id":1702,"href":"http:\/\/my-alps.de\/index.php?rest_route=\/wp\/v2\/posts\/1697\/revisions\/1702"}],"wp:attachment":[{"href":"http:\/\/my-alps.de\/index.php?rest_route=%2Fwp%2Fv2%2Fmedia&parent=1697"}],"wp:term":[{"taxonomy":"category","embeddable":true,"href":"http:\/\/my-alps.de\/index.php?rest_route=%2Fwp%2Fv2%2Fcategories&post=1697"},{"taxonomy":"post_tag","embeddable":true,"href":"http:\/\/my-alps.de\/index.php?rest_route=%2Fwp%2Fv2%2Ftags&post=1697"}],"curies":[{"name":"wp","href":"https:\/\/api.w.org\/{rel}","templated":true}]}}