{"id":1691,"date":"2014-10-06T20:35:40","date_gmt":"2014-10-06T18:35:40","guid":{"rendered":"http:\/\/my-alps.de\/?p=1691"},"modified":"2014-10-06T20:35:40","modified_gmt":"2014-10-06T18:35:40","slug":"desertio-tatacoa","status":"publish","type":"post","link":"http:\/\/my-alps.de\/?p=1691","title":{"rendered":"Desertio Tatacoa"},"content":{"rendered":"<p>Auf unserem Weg durch Kolumbien reihen sich wieder die verschiedensten und sch\u00f6nsten Landschaften aneinander.<br \/>\nErst ist man umgeben von Bergwald, der sich meist in Wolken und Nebel versteckt, dann kommen Zuckerrohrplantagen und die Gegend wird Landwirtschaftlich genutzt. Die beiden Gebirgsz\u00fcge werden durch den Rio Magdalena getrennt.<\/p>\n<div id=\"attachment_1693\" style=\"width: 1034px\" class=\"wp-caption aligncenter\"><a href=\"https:\/\/i0.wp.com\/my-alps.de\/wp-content\/uploads\/2014\/10\/Flusstal-Rio-Magdalena-ce4.jpg\"><img aria-describedby=\"caption-attachment-1693\" data-attachment-id=\"1693\" data-permalink=\"http:\/\/my-alps.de\/?attachment_id=1693\" data-orig-file=\"https:\/\/i0.wp.com\/my-alps.de\/wp-content\/uploads\/2014\/10\/Flusstal-Rio-Magdalena-ce4.jpg?fit=1024%2C683\" data-orig-size=\"1024,683\" data-comments-opened=\"1\" data-image-meta=\"{&quot;aperture&quot;:&quot;9.5&quot;,&quot;credit&quot;:&quot;&quot;,&quot;camera&quot;:&quot;SLT-A99V&quot;,&quot;caption&quot;:&quot;&quot;,&quot;created_timestamp&quot;:&quot;1412348283&quot;,&quot;copyright&quot;:&quot;&quot;,&quot;focal_length&quot;:&quot;70&quot;,&quot;iso&quot;:&quot;100&quot;,&quot;shutter_speed&quot;:&quot;0.004&quot;,&quot;title&quot;:&quot;&quot;}\" data-image-title=\"Flusstal Rio Magdalena-ce4\" data-image-description=\"&lt;p&gt;Flusstal Rio Magdalena&lt;\/p&gt;\n\" data-image-caption=\"&lt;p&gt;Flusstal Rio Magdalena&lt;\/p&gt;\n\" data-medium-file=\"https:\/\/i0.wp.com\/my-alps.de\/wp-content\/uploads\/2014\/10\/Flusstal-Rio-Magdalena-ce4.jpg?fit=300%2C200\" data-large-file=\"https:\/\/i0.wp.com\/my-alps.de\/wp-content\/uploads\/2014\/10\/Flusstal-Rio-Magdalena-ce4.jpg?fit=625%2C417\" loading=\"lazy\" class=\"size-full wp-image-1693\" alt=\"Flusstal Rio Magdalena\" src=\"https:\/\/i0.wp.com\/my-alps.de\/wp-content\/uploads\/2014\/10\/Flusstal-Rio-Magdalena-ce4.jpg?resize=625%2C417\" width=\"625\" height=\"417\" srcset=\"https:\/\/i0.wp.com\/my-alps.de\/wp-content\/uploads\/2014\/10\/Flusstal-Rio-Magdalena-ce4.jpg?w=1024 1024w, https:\/\/i0.wp.com\/my-alps.de\/wp-content\/uploads\/2014\/10\/Flusstal-Rio-Magdalena-ce4.jpg?resize=300%2C200 300w\" sizes=\"(max-width: 625px) 100vw, 625px\" data-recalc-dims=\"1\" \/><\/a><p id=\"caption-attachment-1693\" class=\"wp-caption-text\">Flusstal Rio Magdalena<\/p><\/div>\n<p><!--more--><\/p>\n<p>Und auf einmal liegt am Wegesrand ein arides, w\u00fcstenhaftes Fleckchen Erde:<\/p>\n<div id=\"attachment_1694\" style=\"width: 1034px\" class=\"wp-caption aligncenter\"><a href=\"https:\/\/i0.wp.com\/my-alps.de\/wp-content\/uploads\/2014\/10\/Desertio-Tatacoa-1-ce4.jpg\"><img aria-describedby=\"caption-attachment-1694\" data-attachment-id=\"1694\" data-permalink=\"http:\/\/my-alps.de\/?attachment_id=1694\" data-orig-file=\"https:\/\/i0.wp.com\/my-alps.de\/wp-content\/uploads\/2014\/10\/Desertio-Tatacoa-1-ce4.jpg?fit=1024%2C683\" data-orig-size=\"1024,683\" data-comments-opened=\"1\" data-image-meta=\"{&quot;aperture&quot;:&quot;9.5&quot;,&quot;credit&quot;:&quot;&quot;,&quot;camera&quot;:&quot;SLT-A99V&quot;,&quot;caption&quot;:&quot;&quot;,&quot;created_timestamp&quot;:&quot;1412425864&quot;,&quot;copyright&quot;:&quot;&quot;,&quot;focal_length&quot;:&quot;30&quot;,&quot;iso&quot;:&quot;100&quot;,&quot;shutter_speed&quot;:&quot;0.004&quot;,&quot;title&quot;:&quot;&quot;}\" data-image-title=\"Desertio Tatacoa-1-ce4\" data-image-description=\"&lt;p&gt;Desertio Tatacoa-1&lt;\/p&gt;\n\" data-image-caption=\"&lt;p&gt;Desertio Tatacoa-1&lt;\/p&gt;\n\" data-medium-file=\"https:\/\/i0.wp.com\/my-alps.de\/wp-content\/uploads\/2014\/10\/Desertio-Tatacoa-1-ce4.jpg?fit=300%2C200\" data-large-file=\"https:\/\/i0.wp.com\/my-alps.de\/wp-content\/uploads\/2014\/10\/Desertio-Tatacoa-1-ce4.jpg?fit=625%2C417\" loading=\"lazy\" class=\"size-full wp-image-1694\" alt=\"Desertio Tatacoa-1\" src=\"https:\/\/i0.wp.com\/my-alps.de\/wp-content\/uploads\/2014\/10\/Desertio-Tatacoa-1-ce4.jpg?resize=625%2C417\" width=\"625\" height=\"417\" srcset=\"https:\/\/i0.wp.com\/my-alps.de\/wp-content\/uploads\/2014\/10\/Desertio-Tatacoa-1-ce4.jpg?w=1024 1024w, https:\/\/i0.wp.com\/my-alps.de\/wp-content\/uploads\/2014\/10\/Desertio-Tatacoa-1-ce4.jpg?resize=300%2C200 300w\" sizes=\"(max-width: 625px) 100vw, 625px\" data-recalc-dims=\"1\" \/><\/a><p id=\"caption-attachment-1694\" class=\"wp-caption-text\">Desertio Tatacoa-1<\/p><\/div>\n<p>Die Tatacoa W\u00fcste. Wir haben die kleine W\u00fcstenei f\u00fcr zwei Tage durchstreift und das trockene und hei\u00dfe Klima genossen. Es hatte immerhin knapp 45 Grad. Es gibt riesige Kakteen und wundersch\u00f6n erodierte Sandsteingebilde. Normalerweise ist der Himmel \u00fcber der W\u00fcste (fast) immer Wolkenfrei und es gibt ein kleines Observatorium. Allerdings war uns der Wolkengott nicht gut gesonnen und hat Nachts schnell den Himmel zugezogen.<\/p>\n<div id=\"attachment_1695\" style=\"width: 1034px\" class=\"wp-caption aligncenter\"><a href=\"https:\/\/i0.wp.com\/my-alps.de\/wp-content\/uploads\/2014\/10\/Desertio-Tatacoa-2-ce4.jpg\"><img aria-describedby=\"caption-attachment-1695\" data-attachment-id=\"1695\" data-permalink=\"http:\/\/my-alps.de\/?attachment_id=1695\" data-orig-file=\"https:\/\/i0.wp.com\/my-alps.de\/wp-content\/uploads\/2014\/10\/Desertio-Tatacoa-2-ce4.jpg?fit=1024%2C683\" data-orig-size=\"1024,683\" data-comments-opened=\"1\" data-image-meta=\"{&quot;aperture&quot;:&quot;8&quot;,&quot;credit&quot;:&quot;&quot;,&quot;camera&quot;:&quot;SLT-A99V&quot;,&quot;caption&quot;:&quot;&quot;,&quot;created_timestamp&quot;:&quot;1412443746&quot;,&quot;copyright&quot;:&quot;&quot;,&quot;focal_length&quot;:&quot;70&quot;,&quot;iso&quot;:&quot;250&quot;,&quot;shutter_speed&quot;:&quot;0.004&quot;,&quot;title&quot;:&quot;&quot;}\" data-image-title=\"Desertio Tatacoa-2-ce4\" data-image-description=\"&lt;p&gt;Desertio Tatacoa-2&lt;\/p&gt;\n\" data-image-caption=\"&lt;p&gt;Desertio Tatacoa-2&lt;\/p&gt;\n\" data-medium-file=\"https:\/\/i0.wp.com\/my-alps.de\/wp-content\/uploads\/2014\/10\/Desertio-Tatacoa-2-ce4.jpg?fit=300%2C200\" data-large-file=\"https:\/\/i0.wp.com\/my-alps.de\/wp-content\/uploads\/2014\/10\/Desertio-Tatacoa-2-ce4.jpg?fit=625%2C417\" loading=\"lazy\" class=\"size-full wp-image-1695\" alt=\"Desertio Tatacoa-2\" src=\"https:\/\/i0.wp.com\/my-alps.de\/wp-content\/uploads\/2014\/10\/Desertio-Tatacoa-2-ce4.jpg?resize=625%2C417\" width=\"625\" height=\"417\" srcset=\"https:\/\/i0.wp.com\/my-alps.de\/wp-content\/uploads\/2014\/10\/Desertio-Tatacoa-2-ce4.jpg?w=1024 1024w, https:\/\/i0.wp.com\/my-alps.de\/wp-content\/uploads\/2014\/10\/Desertio-Tatacoa-2-ce4.jpg?resize=300%2C200 300w\" sizes=\"(max-width: 625px) 100vw, 625px\" data-recalc-dims=\"1\" \/><\/a><p id=\"caption-attachment-1695\" class=\"wp-caption-text\">Desertio Tatacoa-2<\/p><\/div>\n<p>Statt Sternenhimmel gab es daf\u00fcr einen wundersch\u00f6nen Sonnenuntergang, der die Wolken von unten so richtig zum leuchten gebracht hat. &#8222;Tatacoa&#8220; hei\u00dft \u00fcbrigens &#8222;Klapperschlange&#8220; in der Sprache der Indios, die das Gebiet hier besiedelt hatten &#8211; ich habe (GottSEIDank) keine gesehen&#8230;&#8230;&#8230;<\/p>\n","protected":false},"excerpt":{"rendered":"<p>Auf unserem Weg durch Kolumbien reihen sich wieder die verschiedensten und sch\u00f6nsten Landschaften aneinander. Erst ist man umgeben von Bergwald, der sich meist in Wolken und Nebel versteckt, dann kommen Zuckerrohrplantagen und die Gegend wird Landwirtschaftlich genutzt. Die beiden Gebirgsz\u00fcge werden durch den Rio Magdalena getrennt.<\/p>\n","protected":false},"author":1,"featured_media":0,"comment_status":"open","ping_status":"open","sticky":false,"template":"","format":"gallery","meta":{"spay_email":"","jetpack_publicize_message":"","jetpack_is_tweetstorm":false,"jetpack_publicize_feature_enabled":true},"categories":[1],"tags":[36],"jetpack_featured_media_url":"","jetpack_publicize_connections":[],"jetpack_sharing_enabled":true,"jetpack_shortlink":"https:\/\/wp.me\/p6huce-rh","jetpack-related-posts":[{"id":1697,"url":"http:\/\/my-alps.de\/?p=1697","url_meta":{"origin":1691,"position":0},"title":"&#8222;La Linea&#8220; &#8211; die n\u00e4chste Herausforderung","date":"6. Oktober 2014","format":"gallery","excerpt":"Aus der W\u00fcste ging es wieder in die Berge, denn dort w\u00e4chst meine legale Droge - KAFFEE! Die erste Etappe dieser - na ja - Schleichfahrt ohne Wasser, war ja noch ganz angenehm. Es ging das Tal des Rio Magdalena in Richtung Bogota weiter nach Norden hinauf. Links immer die\u2026","rel":"","context":"In &quot;News&quot;","img":{"alt_text":"","src":"https:\/\/i0.wp.com\/my-alps.de\/wp-content\/uploads\/2014\/10\/La-Linea-3-ce4.jpg?resize=350%2C200","width":350,"height":200},"classes":[]},{"id":1704,"url":"http:\/\/my-alps.de\/?p=1704","url_meta":{"origin":1691,"position":1},"title":"Kreuz und Quer durch Kolumbien ist (k)eine Kaffeefahrt","date":"12. Oktober 2014","format":"gallery","excerpt":"Kolumbien wird durch drei Gebirgsformationen der Anden in der L\u00e4nge nach, nebeneinander durchzogen. Das bedeutet, man kreuzt st\u00e4ndig zwischen Gebirge und dem dazwischenliegenden gro\u00dfen Flusstal. Wir sind in die Kaffeeregion im Herzen von Kolumbien, nach Salento gefahren. Dort haben wir unsere ersten eigenen Kaffeebohnen geerntet und gelernt wie viele Arbeitsschritte\u2026","rel":"","context":"In &quot;News&quot;","img":{"alt_text":"","src":"https:\/\/i0.wp.com\/my-alps.de\/wp-content\/uploads\/2014\/10\/superricccccoooo.jpg?resize=350%2C200","width":350,"height":200},"classes":[]},{"id":1679,"url":"http:\/\/my-alps.de\/?p=1679","url_meta":{"origin":1691,"position":2},"title":"Guerillas im Nebel &#8211; Trampolin of Death","date":"4. Oktober 2014","format":"gallery","excerpt":"Ecuador haben wir hinter uns gelassen und jetzt sind wir in unserem (vorerst) letzten Land in S\u00fcdamerika durch das unsere Reise Einklang der Anden f\u00fchrt. Als erster Anlaufpunkt nach der Erledigung der Grenzformalit\u00e4ten bei der Ausreise von Ecuador und der Einreise nach Kolumbien (diesmal alles ganz harmlos), bietet sich die\u2026","rel":"","context":"In &quot;News&quot;","img":{"alt_text":"","src":"https:\/\/i0.wp.com\/my-alps.de\/wp-content\/uploads\/2014\/10\/Trampolin-of-Death-4-ce4.jpg?resize=350%2C200","width":350,"height":200},"classes":[]},{"id":1732,"url":"http:\/\/my-alps.de\/?p=1732","url_meta":{"origin":1691,"position":3},"title":"auf die letzte Rille!","date":"16. Oktober 2014","format":"gallery","excerpt":"Langsam aber unaufhaltsam n\u00e4hert sich unsere Reise durch S\u00fcdamerika, immer an den Anden entlang, dem Ende. Nordw\u00e4rts, und es wir immer heisser und schw\u00fcler. Unwetter und sinflutartige Regenf\u00e4lle jeden Nachmittag verk\u00fcnden den Beginn der Regenzeit. Auf den befestigten Stra\u00dfen in Kolumbien w\u00fcnschen wir uns oft die chilenischen Schotterpisten zur\u00fcck. Es\u2026","rel":"","context":"In &quot;News&quot;","img":{"alt_text":"","src":"https:\/\/i0.wp.com\/my-alps.de\/wp-content\/uploads\/2014\/10\/Karibik-ce4-HD.jpg?resize=350%2C200","width":350,"height":200},"classes":[]},{"id":1595,"url":"http:\/\/my-alps.de\/?p=1595","url_meta":{"origin":1691,"position":4},"title":"Die Traumstra\u00dfe (Teil 2) \u00fcber Leymebamba","date":"11. September 2014","format":"gallery","excerpt":"Nach der \u00dcberquerung der sich schier endlos hinziehenden Pass Stra\u00dfe, ver\u00e4ndert sich das Landschaftsbild. Waren die Berge vorher noch mit niedriger Macchia bewachsen, dominiert nun auf einmal sattes Gr\u00fcn. Wie bei uns in den Voralpen sind die Wiesen saftig gr\u00fcn und es weiden K\u00fche. Fehlt nur noch das Gebimmel der\u2026","rel":"","context":"In &quot;News&quot;","img":{"alt_text":"","src":"https:\/\/i0.wp.com\/my-alps.de\/wp-content\/uploads\/2014\/09\/Die-Regenzeit-beginnt-ce4.jpg?resize=350%2C200","width":350,"height":200},"classes":[]},{"id":1712,"url":"http:\/\/my-alps.de\/?p=1712","url_meta":{"origin":1691,"position":5},"title":"Festgefahren","date":"12. Oktober 2014","format":"gallery","excerpt":"Wir hatten bis jetzt ja immer Gl\u00fcck auf unserer gesamten Fahrt durch S\u00fcdamerika - keine Pannen und wir sind immer gut durchgekommen. Doch auf der Fahrt von Salento nach Villa de Leyva hat es uns doch mal erwischt. Es hat in der Nacht ein schweres Unwetter gegeben, und wir haben\u2026","rel":"","context":"In &quot;News&quot;","img":{"alt_text":"","src":"https:\/\/i0.wp.com\/my-alps.de\/wp-content\/uploads\/2014\/10\/es-wird-Regen-geben-ce4.jpg?resize=350%2C200","width":350,"height":200},"classes":[]}],"_links":{"self":[{"href":"http:\/\/my-alps.de\/index.php?rest_route=\/wp\/v2\/posts\/1691"}],"collection":[{"href":"http:\/\/my-alps.de\/index.php?rest_route=\/wp\/v2\/posts"}],"about":[{"href":"http:\/\/my-alps.de\/index.php?rest_route=\/wp\/v2\/types\/post"}],"author":[{"embeddable":true,"href":"http:\/\/my-alps.de\/index.php?rest_route=\/wp\/v2\/users\/1"}],"replies":[{"embeddable":true,"href":"http:\/\/my-alps.de\/index.php?rest_route=%2Fwp%2Fv2%2Fcomments&post=1691"}],"version-history":[{"count":2,"href":"http:\/\/my-alps.de\/index.php?rest_route=\/wp\/v2\/posts\/1691\/revisions"}],"predecessor-version":[{"id":1696,"href":"http:\/\/my-alps.de\/index.php?rest_route=\/wp\/v2\/posts\/1691\/revisions\/1696"}],"wp:attachment":[{"href":"http:\/\/my-alps.de\/index.php?rest_route=%2Fwp%2Fv2%2Fmedia&parent=1691"}],"wp:term":[{"taxonomy":"category","embeddable":true,"href":"http:\/\/my-alps.de\/index.php?rest_route=%2Fwp%2Fv2%2Fcategories&post=1691"},{"taxonomy":"post_tag","embeddable":true,"href":"http:\/\/my-alps.de\/index.php?rest_route=%2Fwp%2Fv2%2Ftags&post=1691"}],"curies":[{"name":"wp","href":"https:\/\/api.w.org\/{rel}","templated":true}]}}