{"id":1679,"date":"2014-10-04T01:14:50","date_gmt":"2014-10-03T23:14:50","guid":{"rendered":"http:\/\/my-alps.de\/?p=1679"},"modified":"2014-10-04T01:53:47","modified_gmt":"2014-10-03T23:53:47","slug":"guerillas-im-nebel-trampolin-of-death","status":"publish","type":"post","link":"http:\/\/my-alps.de\/?p=1679","title":{"rendered":"Guerillas im Nebel &#8211; Trampolin of Death"},"content":{"rendered":"<p>Ecuador haben wir hinter uns gelassen und jetzt sind wir in unserem (vorerst) letzten Land in S\u00fcdamerika durch das unsere Reise Einklang der Anden f\u00fchrt.<br \/>\nAls erster Anlaufpunkt nach der Erledigung der Grenzformalit\u00e4ten bei der Ausreise von Ecuador und der Einreise nach Kolumbien (diesmal alles ganz harmlos), bietet sich die Wallfahrtskirche von Las Lajas an.<\/p>\n<div id=\"attachment_1683\" style=\"width: 1034px\" class=\"wp-caption aligncenter\"><a href=\"https:\/\/i0.wp.com\/my-alps.de\/wp-content\/uploads\/2014\/10\/Las-Lajas-ce4.jpg\"><img aria-describedby=\"caption-attachment-1683\" data-attachment-id=\"1683\" data-permalink=\"http:\/\/my-alps.de\/?attachment_id=1683\" data-orig-file=\"https:\/\/i0.wp.com\/my-alps.de\/wp-content\/uploads\/2014\/10\/Las-Lajas-ce4.jpg?fit=1024%2C683\" data-orig-size=\"1024,683\" data-comments-opened=\"1\" data-image-meta=\"{&quot;aperture&quot;:&quot;6.7&quot;,&quot;credit&quot;:&quot;&quot;,&quot;camera&quot;:&quot;SLT-A99V&quot;,&quot;caption&quot;:&quot;&quot;,&quot;created_timestamp&quot;:&quot;1412012788&quot;,&quot;copyright&quot;:&quot;&quot;,&quot;focal_length&quot;:&quot;40&quot;,&quot;iso&quot;:&quot;200&quot;,&quot;shutter_speed&quot;:&quot;0.011111111111111&quot;,&quot;title&quot;:&quot;&quot;}\" data-image-title=\"Las Lajas-ce4\" data-image-description=\"&lt;p&gt;Las Lajas&lt;\/p&gt;\n\" data-image-caption=\"&lt;p&gt;Las Lajas&lt;\/p&gt;\n\" data-medium-file=\"https:\/\/i0.wp.com\/my-alps.de\/wp-content\/uploads\/2014\/10\/Las-Lajas-ce4.jpg?fit=300%2C200\" data-large-file=\"https:\/\/i0.wp.com\/my-alps.de\/wp-content\/uploads\/2014\/10\/Las-Lajas-ce4.jpg?fit=625%2C417\" loading=\"lazy\" class=\"size-full wp-image-1683\" alt=\"Las Lajas\" src=\"https:\/\/i0.wp.com\/my-alps.de\/wp-content\/uploads\/2014\/10\/Las-Lajas-ce4.jpg?resize=625%2C417\" width=\"625\" height=\"417\" srcset=\"https:\/\/i0.wp.com\/my-alps.de\/wp-content\/uploads\/2014\/10\/Las-Lajas-ce4.jpg?w=1024 1024w, https:\/\/i0.wp.com\/my-alps.de\/wp-content\/uploads\/2014\/10\/Las-Lajas-ce4.jpg?resize=300%2C200 300w\" sizes=\"(max-width: 625px) 100vw, 625px\" data-recalc-dims=\"1\" \/><\/a><p id=\"caption-attachment-1683\" class=\"wp-caption-text\">Las Lajas<\/p><\/div>\n<p>Hier haben wir auch unsere erste \u00dcbernachtung in Kolumbien gemacht &#8211; sch\u00f6n sicher hinter einer Bretterwand auf einem privaten Stellplatz eines Busunternehmers. (Sic!)<!--more--><\/p>\n<p>Danach haben wir uns entschieden den k\u00fcrzeren Weg \u00fcber die &#8222;Anden Orinetal&#8220;, also den ersten Gebirgszug der Anden, der etwas niedriger ist als die &#8222;Anden Central&#8220;.<br \/>\nDer Weg f\u00fchrt von Pasto nach Mocoa &#8211; ca. 200 Kilometer die es in sich haben. Ist die Stra\u00dfe am Anfang noch gut ausgebaut und befestigt wird sie nach dem kleinen Ort &#8222;San Francisco&#8220; zum &#8222;Trampolin of Death&#8220;.<\/p>\n<div id=\"attachment_1682\" style=\"width: 1034px\" class=\"wp-caption aligncenter\"><a href=\"https:\/\/i0.wp.com\/my-alps.de\/wp-content\/uploads\/2014\/10\/Trampolin-of-Death.jpg\"><img aria-describedby=\"caption-attachment-1682\" data-attachment-id=\"1682\" data-permalink=\"http:\/\/my-alps.de\/?attachment_id=1682\" data-orig-file=\"https:\/\/i0.wp.com\/my-alps.de\/wp-content\/uploads\/2014\/10\/Trampolin-of-Death.jpg?fit=1024%2C683\" data-orig-size=\"1024,683\" data-comments-opened=\"1\" data-image-meta=\"{&quot;aperture&quot;:&quot;4&quot;,&quot;credit&quot;:&quot;&quot;,&quot;camera&quot;:&quot;SLT-A99V&quot;,&quot;caption&quot;:&quot;&quot;,&quot;created_timestamp&quot;:&quot;1412153573&quot;,&quot;copyright&quot;:&quot;&quot;,&quot;focal_length&quot;:&quot;70&quot;,&quot;iso&quot;:&quot;100&quot;,&quot;shutter_speed&quot;:&quot;0.011111111111111&quot;,&quot;title&quot;:&quot;&quot;}\" data-image-title=\"Trampolin of Death\" data-image-description=\"&lt;p&gt;Trampolin of Death&lt;\/p&gt;\n\" data-image-caption=\"&lt;p&gt;Trampolin of Death&lt;\/p&gt;\n\" data-medium-file=\"https:\/\/i0.wp.com\/my-alps.de\/wp-content\/uploads\/2014\/10\/Trampolin-of-Death.jpg?fit=300%2C200\" data-large-file=\"https:\/\/i0.wp.com\/my-alps.de\/wp-content\/uploads\/2014\/10\/Trampolin-of-Death.jpg?fit=625%2C417\" loading=\"lazy\" class=\"size-full wp-image-1682\" alt=\"Trampolin of Death\" src=\"https:\/\/i0.wp.com\/my-alps.de\/wp-content\/uploads\/2014\/10\/Trampolin-of-Death.jpg?resize=625%2C417\" width=\"625\" height=\"417\" srcset=\"https:\/\/i0.wp.com\/my-alps.de\/wp-content\/uploads\/2014\/10\/Trampolin-of-Death.jpg?w=1024 1024w, https:\/\/i0.wp.com\/my-alps.de\/wp-content\/uploads\/2014\/10\/Trampolin-of-Death.jpg?resize=300%2C200 300w\" sizes=\"(max-width: 625px) 100vw, 625px\" data-recalc-dims=\"1\" \/><\/a><p id=\"caption-attachment-1682\" class=\"wp-caption-text\">Trampolin of Death<\/p><\/div>\n<p>Einspurig und als Ger\u00f6ll- und Schotterpiste zieht sie sich an den Abh\u00e4ngen entlang und l\u00e4sst einen direkt in die gr\u00fcne H\u00f6lle blicken.<\/p>\n<div id=\"attachment_1684\" style=\"width: 1034px\" class=\"wp-caption aligncenter\"><a href=\"https:\/\/i0.wp.com\/my-alps.de\/wp-content\/uploads\/2014\/10\/Trampolin-of-Death-1-ce4.jpg\"><img aria-describedby=\"caption-attachment-1684\" data-attachment-id=\"1684\" data-permalink=\"http:\/\/my-alps.de\/?attachment_id=1684\" data-orig-file=\"https:\/\/i0.wp.com\/my-alps.de\/wp-content\/uploads\/2014\/10\/Trampolin-of-Death-1-ce4.jpg?fit=1024%2C683\" data-orig-size=\"1024,683\" data-comments-opened=\"1\" data-image-meta=\"{&quot;aperture&quot;:&quot;6.7&quot;,&quot;credit&quot;:&quot;&quot;,&quot;camera&quot;:&quot;SLT-A99V&quot;,&quot;caption&quot;:&quot;&quot;,&quot;created_timestamp&quot;:&quot;1412089542&quot;,&quot;copyright&quot;:&quot;&quot;,&quot;focal_length&quot;:&quot;24&quot;,&quot;iso&quot;:&quot;100&quot;,&quot;shutter_speed&quot;:&quot;0.005&quot;,&quot;title&quot;:&quot;&quot;}\" data-image-title=\"Trampolin of Death-1-ce4\" data-image-description=\"&lt;p&gt;Trampolin of Death-1&lt;\/p&gt;\n\" data-image-caption=\"&lt;p&gt;Trampolin of Death-1&lt;\/p&gt;\n\" data-medium-file=\"https:\/\/i0.wp.com\/my-alps.de\/wp-content\/uploads\/2014\/10\/Trampolin-of-Death-1-ce4.jpg?fit=300%2C200\" data-large-file=\"https:\/\/i0.wp.com\/my-alps.de\/wp-content\/uploads\/2014\/10\/Trampolin-of-Death-1-ce4.jpg?fit=625%2C417\" loading=\"lazy\" class=\"size-full wp-image-1684\" alt=\"Trampolin of Death-1\" src=\"https:\/\/i0.wp.com\/my-alps.de\/wp-content\/uploads\/2014\/10\/Trampolin-of-Death-1-ce4.jpg?resize=625%2C417\" width=\"625\" height=\"417\" srcset=\"https:\/\/i0.wp.com\/my-alps.de\/wp-content\/uploads\/2014\/10\/Trampolin-of-Death-1-ce4.jpg?w=1024 1024w, https:\/\/i0.wp.com\/my-alps.de\/wp-content\/uploads\/2014\/10\/Trampolin-of-Death-1-ce4.jpg?resize=300%2C200 300w\" sizes=\"(max-width: 625px) 100vw, 625px\" data-recalc-dims=\"1\" \/><\/a><p id=\"caption-attachment-1684\" class=\"wp-caption-text\">Trampolin of Death-1<\/p><\/div>\n<p>Streckenweise sind viele Stellen durch Erdrutsche zerst\u00f6rt worden, und m\u00fcssen nach ergiebigen Regenf\u00e4llen wieder freiger\u00e4umt werden. Die Leitplanken, wenn einmal weggerissen werden dann durch gelbe B\u00e4nder ersetzt &#8211; sehr vertrauenserweckend!<\/p>\n<div id=\"attachment_1685\" style=\"width: 1034px\" class=\"wp-caption aligncenter\"><a href=\"https:\/\/i0.wp.com\/my-alps.de\/wp-content\/uploads\/2014\/10\/Trampolin-of-Death-2-ce4.jpg\"><img aria-describedby=\"caption-attachment-1685\" data-attachment-id=\"1685\" data-permalink=\"http:\/\/my-alps.de\/?attachment_id=1685\" data-orig-file=\"https:\/\/i0.wp.com\/my-alps.de\/wp-content\/uploads\/2014\/10\/Trampolin-of-Death-2-ce4.jpg?fit=1024%2C683\" data-orig-size=\"1024,683\" data-comments-opened=\"1\" data-image-meta=\"{&quot;aperture&quot;:&quot;4&quot;,&quot;credit&quot;:&quot;&quot;,&quot;camera&quot;:&quot;SLT-A99V&quot;,&quot;caption&quot;:&quot;&quot;,&quot;created_timestamp&quot;:&quot;1412090190&quot;,&quot;copyright&quot;:&quot;&quot;,&quot;focal_length&quot;:&quot;24&quot;,&quot;iso&quot;:&quot;125&quot;,&quot;shutter_speed&quot;:&quot;0.016666666666667&quot;,&quot;title&quot;:&quot;&quot;}\" data-image-title=\"Trampolin of Death-2-ce4\" data-image-description=\"&lt;p&gt;Trampolin of Death-2&lt;\/p&gt;\n\" data-image-caption=\"&lt;p&gt;Trampolin of Death-2&lt;\/p&gt;\n\" data-medium-file=\"https:\/\/i0.wp.com\/my-alps.de\/wp-content\/uploads\/2014\/10\/Trampolin-of-Death-2-ce4.jpg?fit=300%2C200\" data-large-file=\"https:\/\/i0.wp.com\/my-alps.de\/wp-content\/uploads\/2014\/10\/Trampolin-of-Death-2-ce4.jpg?fit=625%2C417\" loading=\"lazy\" class=\"size-full wp-image-1685\" alt=\"Trampolin of Death-2\" src=\"https:\/\/i0.wp.com\/my-alps.de\/wp-content\/uploads\/2014\/10\/Trampolin-of-Death-2-ce4.jpg?resize=625%2C417\" width=\"625\" height=\"417\" srcset=\"https:\/\/i0.wp.com\/my-alps.de\/wp-content\/uploads\/2014\/10\/Trampolin-of-Death-2-ce4.jpg?w=1024 1024w, https:\/\/i0.wp.com\/my-alps.de\/wp-content\/uploads\/2014\/10\/Trampolin-of-Death-2-ce4.jpg?resize=300%2C200 300w\" sizes=\"(max-width: 625px) 100vw, 625px\" data-recalc-dims=\"1\" \/><\/a><p id=\"caption-attachment-1685\" class=\"wp-caption-text\">Trampolin of Death-2<\/p><\/div>\n<p>Die Strecke befindet sich im Guerilla Gebiet, die aber mittlerweile sich zur\u00fcckhalten und es so gut wie keine Anschl\u00e4ge und Entf\u00fchrungen mehr gibt.<\/p>\n<div id=\"attachment_1686\" style=\"width: 1034px\" class=\"wp-caption aligncenter\"><a href=\"https:\/\/i0.wp.com\/my-alps.de\/wp-content\/uploads\/2014\/10\/Trampolin-of-Death-3.jpg\"><img aria-describedby=\"caption-attachment-1686\" data-attachment-id=\"1686\" data-permalink=\"http:\/\/my-alps.de\/?attachment_id=1686\" data-orig-file=\"https:\/\/i0.wp.com\/my-alps.de\/wp-content\/uploads\/2014\/10\/Trampolin-of-Death-3.jpg?fit=1024%2C768\" data-orig-size=\"1024,768\" data-comments-opened=\"1\" data-image-meta=\"{&quot;aperture&quot;:&quot;2.8&quot;,&quot;credit&quot;:&quot;&quot;,&quot;camera&quot;:&quot;HERO3+ Black Edition&quot;,&quot;caption&quot;:&quot;&quot;,&quot;created_timestamp&quot;:&quot;1412151468&quot;,&quot;copyright&quot;:&quot;&quot;,&quot;focal_length&quot;:&quot;2.77&quot;,&quot;iso&quot;:&quot;109&quot;,&quot;shutter_speed&quot;:&quot;0.0083402835696414&quot;,&quot;title&quot;:&quot;DCIM100GOPRO&quot;}\" data-image-title=\"Trampolin-of-Death-3\" data-image-description=\"&lt;p&gt;Trampolin-of-Death-3&lt;\/p&gt;\n\" data-image-caption=\"&lt;p&gt;Trampolin-of-Death-3&lt;\/p&gt;\n\" data-medium-file=\"https:\/\/i0.wp.com\/my-alps.de\/wp-content\/uploads\/2014\/10\/Trampolin-of-Death-3.jpg?fit=300%2C225\" data-large-file=\"https:\/\/i0.wp.com\/my-alps.de\/wp-content\/uploads\/2014\/10\/Trampolin-of-Death-3.jpg?fit=625%2C469\" loading=\"lazy\" class=\"size-full wp-image-1686\" alt=\"Trampolin-of-Death-3\" src=\"https:\/\/i0.wp.com\/my-alps.de\/wp-content\/uploads\/2014\/10\/Trampolin-of-Death-3.jpg?resize=625%2C469\" width=\"625\" height=\"469\" srcset=\"https:\/\/i0.wp.com\/my-alps.de\/wp-content\/uploads\/2014\/10\/Trampolin-of-Death-3.jpg?w=1024 1024w, https:\/\/i0.wp.com\/my-alps.de\/wp-content\/uploads\/2014\/10\/Trampolin-of-Death-3.jpg?resize=300%2C225 300w\" sizes=\"(max-width: 625px) 100vw, 625px\" data-recalc-dims=\"1\" \/><\/a><p id=\"caption-attachment-1686\" class=\"wp-caption-text\">Trampolin-of-Death-3<\/p><\/div>\n<p>Wir haben uns vorher bei einer Polizeistation erkundigt ob der Weg sicher ist, und haben ein ok bekommen. Unterwegs waren auch ganze zwei Milit\u00e4rkontrollen aufgebaut. Wir haben uns stets sicher gef\u00fchlt und alle denen wir begegnet sind waren aufgeschlossen und freundlich. (Die Strecke ist gef\u00e4hrlich genug!)<\/p>\n<div id=\"attachment_1687\" style=\"width: 1034px\" class=\"wp-caption aligncenter\"><a href=\"https:\/\/i0.wp.com\/my-alps.de\/wp-content\/uploads\/2014\/10\/Trampolin-of-Death-4-ce4.jpg\"><img aria-describedby=\"caption-attachment-1687\" data-attachment-id=\"1687\" data-permalink=\"http:\/\/my-alps.de\/?attachment_id=1687\" data-orig-file=\"https:\/\/i0.wp.com\/my-alps.de\/wp-content\/uploads\/2014\/10\/Trampolin-of-Death-4-ce4.jpg?fit=1024%2C768\" data-orig-size=\"1024,768\" data-comments-opened=\"1\" data-image-meta=\"{&quot;aperture&quot;:&quot;2.8&quot;,&quot;credit&quot;:&quot;&quot;,&quot;camera&quot;:&quot;HERO3+ Black Edition&quot;,&quot;caption&quot;:&quot;&quot;,&quot;created_timestamp&quot;:&quot;1412156545&quot;,&quot;copyright&quot;:&quot;&quot;,&quot;focal_length&quot;:&quot;2.77&quot;,&quot;iso&quot;:&quot;100&quot;,&quot;shutter_speed&quot;:&quot;0.00032711808963036&quot;,&quot;title&quot;:&quot;DCIM100GOPRO&quot;}\" data-image-title=\"Trampolin-of-Death-4\" data-image-description=\"&lt;p&gt;Trampolin-of-Death-4&lt;\/p&gt;\n\" data-image-caption=\"&lt;p&gt;Trampolin-of-Death-4&lt;\/p&gt;\n\" data-medium-file=\"https:\/\/i0.wp.com\/my-alps.de\/wp-content\/uploads\/2014\/10\/Trampolin-of-Death-4-ce4.jpg?fit=300%2C225\" data-large-file=\"https:\/\/i0.wp.com\/my-alps.de\/wp-content\/uploads\/2014\/10\/Trampolin-of-Death-4-ce4.jpg?fit=625%2C469\" loading=\"lazy\" class=\"size-full wp-image-1687\" alt=\"Trampolin-of-Death-4\" src=\"https:\/\/i0.wp.com\/my-alps.de\/wp-content\/uploads\/2014\/10\/Trampolin-of-Death-4-ce4.jpg?resize=625%2C469\" width=\"625\" height=\"469\" srcset=\"https:\/\/i0.wp.com\/my-alps.de\/wp-content\/uploads\/2014\/10\/Trampolin-of-Death-4-ce4.jpg?w=1024 1024w, https:\/\/i0.wp.com\/my-alps.de\/wp-content\/uploads\/2014\/10\/Trampolin-of-Death-4-ce4.jpg?resize=300%2C225 300w\" sizes=\"(max-width: 625px) 100vw, 625px\" data-recalc-dims=\"1\" \/><\/a><p id=\"caption-attachment-1687\" class=\"wp-caption-text\">Trampolin-of-Death-4<\/p><\/div>\n<p>Wir mussten unterwegs \u00fcbernachten, da wir die Strecke in einem nicht fahren wollten, denn in der Nacht ist es wirklich gef\u00e4hrlich &#8211; da fahren nur noch die LKW&#8217;s und es gibt wirklich viele, viele Kreuze am Stra\u00dfenrand.\u00a0Die Bilder haben wir teilweise mit einer GoPro gemacht, die wir vorne am Alkoven montiert hatten. Wie \u00fcblich kommt die Steilheit und die Enge der Piste auf den Fotos nicht im Ansatz &#8218;r\u00fcber. Also wer \u00a0nochmals etwas erleben m\u00f6chte in seinem Autofahrerleben, das von Staus und Ampeln gepr\u00e4gt ist &#8211; auf nach Kolumbien und diese Stra\u00dfe fahren.<\/p>\n<p>Es gab in den Alpen noch den &#8222;Passo de Gavia&#8220;, einen alten Pass hin\u00fcber nach Italien &#8211; die Stra\u00dfe ist \u00e4hnlich&#8230;&#8230;&#8230;&#8230;<\/p>\n<p>&nbsp;<\/p>\n","protected":false},"excerpt":{"rendered":"<p>Ecuador haben wir hinter uns gelassen und jetzt sind wir in unserem (vorerst) letzten Land in S\u00fcdamerika durch das unsere Reise Einklang der Anden f\u00fchrt. Als erster Anlaufpunkt nach der Erledigung der Grenzformalit\u00e4ten bei der Ausreise von Ecuador und der Einreise nach Kolumbien (diesmal alles ganz harmlos), bietet sich die Wallfahrtskirche von Las Lajas an. [&hellip;]<\/p>\n","protected":false},"author":1,"featured_media":0,"comment_status":"open","ping_status":"open","sticky":false,"template":"","format":"gallery","meta":{"spay_email":"","jetpack_publicize_message":"","jetpack_is_tweetstorm":false,"jetpack_publicize_feature_enabled":true},"categories":[1],"tags":[36],"jetpack_featured_media_url":"","jetpack_publicize_connections":[],"jetpack_sharing_enabled":true,"jetpack_shortlink":"https:\/\/wp.me\/p6huce-r5","jetpack-related-posts":[{"id":1704,"url":"http:\/\/my-alps.de\/?p=1704","url_meta":{"origin":1679,"position":0},"title":"Kreuz und Quer durch Kolumbien ist (k)eine Kaffeefahrt","date":"12. Oktober 2014","format":"gallery","excerpt":"Kolumbien wird durch drei Gebirgsformationen der Anden in der L\u00e4nge nach, nebeneinander durchzogen. Das bedeutet, man kreuzt st\u00e4ndig zwischen Gebirge und dem dazwischenliegenden gro\u00dfen Flusstal. Wir sind in die Kaffeeregion im Herzen von Kolumbien, nach Salento gefahren. Dort haben wir unsere ersten eigenen Kaffeebohnen geerntet und gelernt wie viele Arbeitsschritte\u2026","rel":"","context":"In &quot;News&quot;","img":{"alt_text":"","src":"https:\/\/i0.wp.com\/my-alps.de\/wp-content\/uploads\/2014\/10\/superricccccoooo.jpg?resize=350%2C200","width":350,"height":200},"classes":[]},{"id":575,"url":"http:\/\/my-alps.de\/?p=575","url_meta":{"origin":1679,"position":1},"title":"Endlich &#8211; s\u00fcdlichster (Wende) &#8211; Punkt der Reise&#8230;..","date":"17. Januar 2014","format":"gallery","excerpt":"Nach unserem ersten Grenz\u00fcbertritt nach Chile (wir haben nat\u00fcrlich alles richtig gemacht!) sind wir mit zwei Zwischenstopps in Rio Grande - (Club Nautica - sehr zu empfehlen - vielen Dank an die Kiter und Kajak(en) die uns dort haben \u00fcbernachten lassen) und am Lago Fagnano (Tolhuin) sind wir schlie\u00dflich in:\u2026","rel":"","context":"In &quot;News&quot;","img":{"alt_text":"s\u00c3\u00bcdlicher kann man nicht fahren","src":"https:\/\/i0.wp.com\/my-alps.de\/wp-content\/uploads\/2014\/01\/s\u00c3\u00bcdlicher-kann-man-nicht-fahren.jpg?resize=350%2C200","width":350,"height":200},"classes":[]},{"id":1732,"url":"http:\/\/my-alps.de\/?p=1732","url_meta":{"origin":1679,"position":2},"title":"auf die letzte Rille!","date":"16. Oktober 2014","format":"gallery","excerpt":"Langsam aber unaufhaltsam n\u00e4hert sich unsere Reise durch S\u00fcdamerika, immer an den Anden entlang, dem Ende. Nordw\u00e4rts, und es wir immer heisser und schw\u00fcler. Unwetter und sinflutartige Regenf\u00e4lle jeden Nachmittag verk\u00fcnden den Beginn der Regenzeit. Auf den befestigten Stra\u00dfen in Kolumbien w\u00fcnschen wir uns oft die chilenischen Schotterpisten zur\u00fcck. Es\u2026","rel":"","context":"In &quot;News&quot;","img":{"alt_text":"","src":"https:\/\/i0.wp.com\/my-alps.de\/wp-content\/uploads\/2014\/10\/Karibik-ce4-HD.jpg?resize=350%2C200","width":350,"height":200},"classes":[]},{"id":1059,"url":"http:\/\/my-alps.de\/?p=1059","url_meta":{"origin":1679,"position":3},"title":"Indian Summer im Mapuche Land","date":"28. April 2014","format":"gallery","excerpt":"Nachdem wir unsere Ersatzteile f\u00fcr die Reparatur unseres Allradantriebes in Deutschland bestellt hatten, war es an der Zeit in Osorno aufzubrechen. Wir werden einige Tage nach Argentinien fahren, da unser 90 Tage Aufenthaltsvisum in Chile bald abl\u00e4uft, und wir durch den Grenz\u00fcbertritt das Visum ganz einfach wieder erneuern k\u00f6nnen. Es\u2026","rel":"","context":"In &quot;News&quot;","img":{"alt_text":"","src":"https:\/\/i0.wp.com\/my-alps.de\/wp-content\/uploads\/2014\/04\/Lago-Villarino-ce4-beschnitten.jpg?resize=350%2C200","width":350,"height":200},"classes":[]},{"id":1712,"url":"http:\/\/my-alps.de\/?p=1712","url_meta":{"origin":1679,"position":4},"title":"Festgefahren","date":"12. Oktober 2014","format":"gallery","excerpt":"Wir hatten bis jetzt ja immer Gl\u00fcck auf unserer gesamten Fahrt durch S\u00fcdamerika - keine Pannen und wir sind immer gut durchgekommen. Doch auf der Fahrt von Salento nach Villa de Leyva hat es uns doch mal erwischt. Es hat in der Nacht ein schweres Unwetter gegeben, und wir haben\u2026","rel":"","context":"In &quot;News&quot;","img":{"alt_text":"","src":"https:\/\/i0.wp.com\/my-alps.de\/wp-content\/uploads\/2014\/10\/es-wird-Regen-geben-ce4.jpg?resize=350%2C200","width":350,"height":200},"classes":[]},{"id":1759,"url":"http:\/\/my-alps.de\/?p=1759","url_meta":{"origin":1679,"position":5},"title":"Vorblick minus R\u00fcckblick = aktuelle H\u00f6he","date":"29. Oktober 2014","format":"gallery","excerpt":"Na ja, was soll ich sagen ohne zu \u00fcbertreiben, das vergangene Jahr hat uns so viele Abenteuer geschenkt, bis wir die in unserer K\u00f6pfen verarbeitet haben nuckeln wir wahrscheinlich beide aus der Schnabeltasse. Das WOMO steht im Hafen, morgen kommt noch die Prozedur mit der Drogen Kontrolle (ob die auch\u2026","rel":"","context":"In &quot;News&quot;","img":{"alt_text":"","src":"https:\/\/i0.wp.com\/my-alps.de\/wp-content\/uploads\/2014\/10\/Colombia-somos-todos-ce4.jpg?resize=350%2C200","width":350,"height":200},"classes":[]}],"_links":{"self":[{"href":"http:\/\/my-alps.de\/index.php?rest_route=\/wp\/v2\/posts\/1679"}],"collection":[{"href":"http:\/\/my-alps.de\/index.php?rest_route=\/wp\/v2\/posts"}],"about":[{"href":"http:\/\/my-alps.de\/index.php?rest_route=\/wp\/v2\/types\/post"}],"author":[{"embeddable":true,"href":"http:\/\/my-alps.de\/index.php?rest_route=\/wp\/v2\/users\/1"}],"replies":[{"embeddable":true,"href":"http:\/\/my-alps.de\/index.php?rest_route=%2Fwp%2Fv2%2Fcomments&post=1679"}],"version-history":[{"count":3,"href":"http:\/\/my-alps.de\/index.php?rest_route=\/wp\/v2\/posts\/1679\/revisions"}],"predecessor-version":[{"id":1689,"href":"http:\/\/my-alps.de\/index.php?rest_route=\/wp\/v2\/posts\/1679\/revisions\/1689"}],"wp:attachment":[{"href":"http:\/\/my-alps.de\/index.php?rest_route=%2Fwp%2Fv2%2Fmedia&parent=1679"}],"wp:term":[{"taxonomy":"category","embeddable":true,"href":"http:\/\/my-alps.de\/index.php?rest_route=%2Fwp%2Fv2%2Fcategories&post=1679"},{"taxonomy":"post_tag","embeddable":true,"href":"http:\/\/my-alps.de\/index.php?rest_route=%2Fwp%2Fv2%2Ftags&post=1679"}],"curies":[{"name":"wp","href":"https:\/\/api.w.org\/{rel}","templated":true}]}}