{"id":1673,"date":"2014-10-04T00:53:54","date_gmt":"2014-10-03T22:53:54","guid":{"rendered":"http:\/\/my-alps.de\/?p=1673"},"modified":"2014-10-04T00:53:54","modified_gmt":"2014-10-03T22:53:54","slug":"markttag-in-otavalo","status":"publish","type":"post","link":"http:\/\/my-alps.de\/?p=1673","title":{"rendered":"Markttag in Otavalo"},"content":{"rendered":"<p>Auf unserer Route nach Norden sind wir durch den Ort Otavalo gekommen, es war (zuf\u00e4llig) Sonntag und in Otavalo findet einer der gr\u00f6\u00dften Stra\u00dfenm\u00e4rkte in Ecuador statt.<br \/>\nEin gute Gelegenheit nochmals ausgiebig &#8222;Marktluft&#8220; zu schnuppern und die letzten Mitbringsel f\u00fcr die Freunde zu Hause einzukaufen.<br \/>\n<!--more--><\/p>\n<div id=\"attachment_1674\" style=\"width: 586px\" class=\"wp-caption aligncenter\"><a href=\"https:\/\/i0.wp.com\/my-alps.de\/wp-content\/uploads\/2014\/10\/Markttag-Otavalo-2.jpg\"><img aria-describedby=\"caption-attachment-1674\" data-attachment-id=\"1674\" data-permalink=\"http:\/\/my-alps.de\/?attachment_id=1674\" data-orig-file=\"https:\/\/i0.wp.com\/my-alps.de\/wp-content\/uploads\/2014\/10\/Markttag-Otavalo-2.jpg?fit=576%2C1024\" data-orig-size=\"576,1024\" data-comments-opened=\"1\" data-image-meta=\"{&quot;aperture&quot;:&quot;6.7&quot;,&quot;credit&quot;:&quot;&quot;,&quot;camera&quot;:&quot;SLT-A99V&quot;,&quot;caption&quot;:&quot;&quot;,&quot;created_timestamp&quot;:&quot;1411825572&quot;,&quot;copyright&quot;:&quot;&quot;,&quot;focal_length&quot;:&quot;24&quot;,&quot;iso&quot;:&quot;100&quot;,&quot;shutter_speed&quot;:&quot;0.005&quot;,&quot;title&quot;:&quot;&quot;}\" data-image-title=\"Markttag Otavalo-2\" data-image-description=\"&lt;p&gt;Markttag Otavalo-2&lt;\/p&gt;\n\" data-image-caption=\"&lt;p&gt;Markttag Otavalo-2&lt;\/p&gt;\n\" data-medium-file=\"https:\/\/i0.wp.com\/my-alps.de\/wp-content\/uploads\/2014\/10\/Markttag-Otavalo-2.jpg?fit=168%2C300\" data-large-file=\"https:\/\/i0.wp.com\/my-alps.de\/wp-content\/uploads\/2014\/10\/Markttag-Otavalo-2.jpg?fit=576%2C1024\" loading=\"lazy\" class=\"size-full wp-image-1674\" alt=\"Markttag Otavalo-2\" src=\"https:\/\/i0.wp.com\/my-alps.de\/wp-content\/uploads\/2014\/10\/Markttag-Otavalo-2.jpg?resize=576%2C1024\" width=\"576\" height=\"1024\" srcset=\"https:\/\/i0.wp.com\/my-alps.de\/wp-content\/uploads\/2014\/10\/Markttag-Otavalo-2.jpg?w=576 576w, https:\/\/i0.wp.com\/my-alps.de\/wp-content\/uploads\/2014\/10\/Markttag-Otavalo-2.jpg?resize=168%2C300 168w\" sizes=\"(max-width: 576px) 100vw, 576px\" data-recalc-dims=\"1\" \/><\/a><p id=\"caption-attachment-1674\" class=\"wp-caption-text\">Markttag Otavalo-2<\/p><\/div>\n<p>Die Frauen haben hier eine Tracht, die aus einem gewickelten Rock, einer bestickten Bluse und einem breiten, geflochtenen G\u00fcrtel besteht. Wir haben sehr viele Fotos aus dem Handgelenk geschossen, um die Menschen in ihren nat\u00fcrlichen Situationen des Marktes nicht zu einem gestellten L\u00e4cheln herauszufordern. Die Menschen hier im Norden von Ecuador sind nicht so eingestellt, das sie &#8222;Bares gegen Foto&#8220; tauschen. Wir haben auch Bilder von traditionellen Trachten aus Deutschland dabei, und die waren f\u00fcr die Menschen total interessant.<br \/>\n(Die gr\u00f6ssten Lacher ernteten die Lederhosen!)<\/p>\n<div id=\"attachment_1675\" style=\"width: 586px\" class=\"wp-caption aligncenter\"><a href=\"https:\/\/i0.wp.com\/my-alps.de\/wp-content\/uploads\/2014\/10\/Markttag-Otavalo-3.jpg\"><img aria-describedby=\"caption-attachment-1675\" data-attachment-id=\"1675\" data-permalink=\"http:\/\/my-alps.de\/?attachment_id=1675\" data-orig-file=\"https:\/\/i0.wp.com\/my-alps.de\/wp-content\/uploads\/2014\/10\/Markttag-Otavalo-3.jpg?fit=576%2C1024\" data-orig-size=\"576,1024\" data-comments-opened=\"1\" data-image-meta=\"{&quot;aperture&quot;:&quot;8&quot;,&quot;credit&quot;:&quot;&quot;,&quot;camera&quot;:&quot;SLT-A99V&quot;,&quot;caption&quot;:&quot;&quot;,&quot;created_timestamp&quot;:&quot;1411825622&quot;,&quot;copyright&quot;:&quot;&quot;,&quot;focal_length&quot;:&quot;24&quot;,&quot;iso&quot;:&quot;100&quot;,&quot;shutter_speed&quot;:&quot;0.004&quot;,&quot;title&quot;:&quot;&quot;}\" data-image-title=\"Markttag Otavalo-3\" data-image-description=\"&lt;p&gt;Markttag Otavalo-3&lt;\/p&gt;\n\" data-image-caption=\"&lt;p&gt;Markttag Otavalo-3&lt;\/p&gt;\n\" data-medium-file=\"https:\/\/i0.wp.com\/my-alps.de\/wp-content\/uploads\/2014\/10\/Markttag-Otavalo-3.jpg?fit=168%2C300\" data-large-file=\"https:\/\/i0.wp.com\/my-alps.de\/wp-content\/uploads\/2014\/10\/Markttag-Otavalo-3.jpg?fit=576%2C1024\" loading=\"lazy\" class=\"size-full wp-image-1675\" alt=\"Markttag Otavalo-3\" src=\"https:\/\/i0.wp.com\/my-alps.de\/wp-content\/uploads\/2014\/10\/Markttag-Otavalo-3.jpg?resize=576%2C1024\" width=\"576\" height=\"1024\" srcset=\"https:\/\/i0.wp.com\/my-alps.de\/wp-content\/uploads\/2014\/10\/Markttag-Otavalo-3.jpg?w=576 576w, https:\/\/i0.wp.com\/my-alps.de\/wp-content\/uploads\/2014\/10\/Markttag-Otavalo-3.jpg?resize=168%2C300 168w\" sizes=\"(max-width: 576px) 100vw, 576px\" data-recalc-dims=\"1\" \/><\/a><p id=\"caption-attachment-1675\" class=\"wp-caption-text\">Markttag Otavalo-3<\/p><\/div>\n<p>Die Frauen sind immer geschmackvoll in ihren Trachten unterwegs, auch die j\u00fcngeren und Teenager. Zum schmunzeln ist, wenn ein junges P\u00e4rchen vor einem verstohlen knutscht &#8211; sie in ihrer Tracht, er im besten Rapper Outfit &#8211; Unterhose von C.K.<\/p>\n<div id=\"attachment_1676\" style=\"width: 693px\" class=\"wp-caption aligncenter\"><a href=\"https:\/\/i0.wp.com\/my-alps.de\/wp-content\/uploads\/2014\/10\/Markttag-Otavalo-6.jpg\"><img aria-describedby=\"caption-attachment-1676\" data-attachment-id=\"1676\" data-permalink=\"http:\/\/my-alps.de\/?attachment_id=1676\" data-orig-file=\"https:\/\/i0.wp.com\/my-alps.de\/wp-content\/uploads\/2014\/10\/Markttag-Otavalo-6.jpg?fit=683%2C1024\" data-orig-size=\"683,1024\" data-comments-opened=\"1\" data-image-meta=\"{&quot;aperture&quot;:&quot;11&quot;,&quot;credit&quot;:&quot;&quot;,&quot;camera&quot;:&quot;SLT-A99V&quot;,&quot;caption&quot;:&quot;&quot;,&quot;created_timestamp&quot;:&quot;1411826470&quot;,&quot;copyright&quot;:&quot;&quot;,&quot;focal_length&quot;:&quot;24&quot;,&quot;iso&quot;:&quot;100&quot;,&quot;shutter_speed&quot;:&quot;0.008&quot;,&quot;title&quot;:&quot;&quot;}\" data-image-title=\"Markttag Otavalo-6\" data-image-description=\"&lt;p&gt;Markttag Otavalo-6&lt;\/p&gt;\n\" data-image-caption=\"&lt;p&gt;Markttag Otavalo-6&lt;\/p&gt;\n\" data-medium-file=\"https:\/\/i0.wp.com\/my-alps.de\/wp-content\/uploads\/2014\/10\/Markttag-Otavalo-6.jpg?fit=200%2C300\" data-large-file=\"https:\/\/i0.wp.com\/my-alps.de\/wp-content\/uploads\/2014\/10\/Markttag-Otavalo-6.jpg?fit=625%2C937\" loading=\"lazy\" class=\"size-full wp-image-1676\" alt=\"Markttag Otavalo-6\" src=\"https:\/\/i0.wp.com\/my-alps.de\/wp-content\/uploads\/2014\/10\/Markttag-Otavalo-6.jpg?resize=625%2C937\" width=\"625\" height=\"937\" srcset=\"https:\/\/i0.wp.com\/my-alps.de\/wp-content\/uploads\/2014\/10\/Markttag-Otavalo-6.jpg?w=683 683w, https:\/\/i0.wp.com\/my-alps.de\/wp-content\/uploads\/2014\/10\/Markttag-Otavalo-6.jpg?resize=200%2C300 200w\" sizes=\"(max-width: 625px) 100vw, 625px\" data-recalc-dims=\"1\" \/><\/a><p id=\"caption-attachment-1676\" class=\"wp-caption-text\">Markttag Otavalo-6<\/p><\/div>\n<p>Die Bilder sind nur ein kleiner Auszug &#8211; man muss es mit eigenen Augen erleben &#8211; und vor allem auch riechen! Es ist eine Mischung aus allem &#8211; und das berauscht die Sinne!<\/p>\n<div id=\"attachment_1677\" style=\"width: 586px\" class=\"wp-caption aligncenter\"><a href=\"https:\/\/i0.wp.com\/my-alps.de\/wp-content\/uploads\/2014\/10\/Markttag-Otavalo-10.jpg\"><img aria-describedby=\"caption-attachment-1677\" data-attachment-id=\"1677\" data-permalink=\"http:\/\/my-alps.de\/?attachment_id=1677\" data-orig-file=\"https:\/\/i0.wp.com\/my-alps.de\/wp-content\/uploads\/2014\/10\/Markttag-Otavalo-10.jpg?fit=576%2C1024\" data-orig-size=\"576,1024\" data-comments-opened=\"1\" data-image-meta=\"{&quot;aperture&quot;:&quot;4.5&quot;,&quot;credit&quot;:&quot;&quot;,&quot;camera&quot;:&quot;SLT-A99V&quot;,&quot;caption&quot;:&quot;&quot;,&quot;created_timestamp&quot;:&quot;1411828564&quot;,&quot;copyright&quot;:&quot;&quot;,&quot;focal_length&quot;:&quot;24&quot;,&quot;iso&quot;:&quot;100&quot;,&quot;shutter_speed&quot;:&quot;0.008&quot;,&quot;title&quot;:&quot;&quot;}\" data-image-title=\"Markttag Otavalo-10\" data-image-description=\"&lt;p&gt;Markttag Otavalo-10&lt;\/p&gt;\n\" data-image-caption=\"&lt;p&gt;Markttag Otavalo-10&lt;\/p&gt;\n\" data-medium-file=\"https:\/\/i0.wp.com\/my-alps.de\/wp-content\/uploads\/2014\/10\/Markttag-Otavalo-10.jpg?fit=168%2C300\" data-large-file=\"https:\/\/i0.wp.com\/my-alps.de\/wp-content\/uploads\/2014\/10\/Markttag-Otavalo-10.jpg?fit=576%2C1024\" loading=\"lazy\" class=\"size-full wp-image-1677\" alt=\"Markttag Otavalo-10\" src=\"https:\/\/i0.wp.com\/my-alps.de\/wp-content\/uploads\/2014\/10\/Markttag-Otavalo-10.jpg?resize=576%2C1024\" width=\"576\" height=\"1024\" srcset=\"https:\/\/i0.wp.com\/my-alps.de\/wp-content\/uploads\/2014\/10\/Markttag-Otavalo-10.jpg?w=576 576w, https:\/\/i0.wp.com\/my-alps.de\/wp-content\/uploads\/2014\/10\/Markttag-Otavalo-10.jpg?resize=168%2C300 168w\" sizes=\"(max-width: 576px) 100vw, 576px\" data-recalc-dims=\"1\" \/><\/a><p id=\"caption-attachment-1677\" class=\"wp-caption-text\">Markttag Otavalo-10<\/p><\/div>\n<p>In Kolumbien werden wir mal versuchen eine kleine &#8222;Zuckerk\u00fcche&#8220; zu besuchen.<\/p>\n<p>&nbsp;<\/p>\n","protected":false},"excerpt":{"rendered":"<p>Auf unserer Route nach Norden sind wir durch den Ort Otavalo gekommen, es war (zuf\u00e4llig) Sonntag und in Otavalo findet einer der gr\u00f6\u00dften Stra\u00dfenm\u00e4rkte in Ecuador statt. Ein gute Gelegenheit nochmals ausgiebig &#8222;Marktluft&#8220; zu schnuppern und die letzten Mitbringsel f\u00fcr die Freunde zu Hause einzukaufen.<\/p>\n","protected":false},"author":1,"featured_media":0,"comment_status":"open","ping_status":"open","sticky":false,"template":"","format":"gallery","meta":{"spay_email":"","jetpack_publicize_message":"","jetpack_is_tweetstorm":false,"jetpack_publicize_feature_enabled":true},"categories":[1],"tags":[34],"jetpack_featured_media_url":"","jetpack_publicize_connections":[],"jetpack_sharing_enabled":true,"jetpack_shortlink":"https:\/\/wp.me\/p6huce-qZ","jetpack-related-posts":[{"id":1664,"url":"http:\/\/my-alps.de\/?p=1664","url_meta":{"origin":1673,"position":0},"title":"Paramo und Papallacta","date":"28. September 2014","format":"gallery","excerpt":"Im schwefelhaltigen Wasser der Thermen \u00a0von Papallacta haben wir uns sch\u00f6n entspannt (und gereinigt!). Die Landschaft hat ihr Bild\u00a0total ver\u00e4ndert und wir sind schon wieder auf 3.300 Meter. \u00dcberall dr\u00e4ngen Wasserf\u00e4lle aus den Bergen in das schmale Tal und die Stra\u00dfe ist durch die vielen Erdbeben und aktiven Vulkane einem\u2026","rel":"","context":"In &quot;News&quot;","img":{"alt_text":"","src":"https:\/\/i0.wp.com\/my-alps.de\/wp-content\/uploads\/2014\/09\/Cerro-Antisana-5.700-m-ce4.jpg?resize=350%2C200","width":350,"height":200},"classes":[]},{"id":1598,"url":"http:\/\/my-alps.de\/?p=1598","url_meta":{"origin":1673,"position":1},"title":"Einreiseformalit\u00e4ten","date":"11. September 2014","format":"gallery","excerpt":"Nachdem unsere \u201eTraumstra\u00dfe\u201c wieder einer normalen\u00a0Stra\u00dfe durch ganz normales Peru gewichen ist, fahren\u00a0wir \u00fcber Jaen und St. Ignazio in Richtung Grenze nach Ecuador. Die Stra\u00dfe ist asphaltiert und gut ausgebaut, es herrscht kaum Verkehr, lediglich in den Orten und den beiden St\u00e4dten das \u00fcbliche Chaos an Taxis, Tuk-Tuk\u2019s und Ochsenkarren.\u2026","rel":"","context":"In &quot;News&quot;","img":{"alt_text":"","src":"https:\/\/i0.wp.com\/my-alps.de\/wp-content\/uploads\/2014\/09\/Grenze-Ecuador.jpg?resize=350%2C200","width":350,"height":200},"classes":[]},{"id":1759,"url":"http:\/\/my-alps.de\/?p=1759","url_meta":{"origin":1673,"position":2},"title":"Vorblick minus R\u00fcckblick = aktuelle H\u00f6he","date":"29. Oktober 2014","format":"gallery","excerpt":"Na ja, was soll ich sagen ohne zu \u00fcbertreiben, das vergangene Jahr hat uns so viele Abenteuer geschenkt, bis wir die in unserer K\u00f6pfen verarbeitet haben nuckeln wir wahrscheinlich beide aus der Schnabeltasse. Das WOMO steht im Hafen, morgen kommt noch die Prozedur mit der Drogen Kontrolle (ob die auch\u2026","rel":"","context":"In &quot;News&quot;","img":{"alt_text":"","src":"https:\/\/i0.wp.com\/my-alps.de\/wp-content\/uploads\/2014\/10\/Colombia-somos-todos-ce4.jpg?resize=350%2C200","width":350,"height":200},"classes":[]},{"id":1614,"url":"http:\/\/my-alps.de\/?p=1614","url_meta":{"origin":1673,"position":3},"title":"Ecuador &#8211; entschleunigt leben","date":"17. September 2014","format":"gallery","excerpt":"Mittlerweile sitzen wir wieder mal an der K\u00fcste des Pazifiks und schauen auf das graue und endlose Meer hinaus. Etwa 500 Meter von uns entfernt tummeln sich ein paar Wale, machen sch\u00f6ne \"Bauchpflatscher\" oder schlagen mit ihren Schwanzflossen auf's Wasser. Pelikane und Fregattv\u00f6gel lassen sich vom Aufwind an der Steilk\u00fcste\u2026","rel":"","context":"In &quot;News&quot;","img":{"alt_text":"","src":"https:\/\/i0.wp.com\/my-alps.de\/wp-content\/uploads\/2014\/09\/wir-machen-auch-mal-Pause.jpg?resize=350%2C200","width":350,"height":200},"classes":[]},{"id":1178,"url":"http:\/\/my-alps.de\/?p=1178","url_meta":{"origin":1673,"position":4},"title":"Epilog &#8211; Osorno","date":"3. Juni 2014","format":"gallery","excerpt":"Nach erfolgreicher Implementierung des nagelneuen Steuerger\u00e4tes in unseren Allradantrieb -\u00a0(er funktioniert wieder!) - steht einer Fortsetzung der Reise nach Norden, Richtung Bolivien und Peru nichts mehr im Weg. Doch vorher ein kleiner R\u00fcckblick: Wir haben hier in der Stadt richtige Freunde gefunden, Mario, Gustavo und ihre Familien sind so gastfreundlich\u2026","rel":"","context":"In &quot;News&quot;","img":{"alt_text":"","src":"","width":0,"height":0},"classes":[]},{"id":851,"url":"http:\/\/my-alps.de\/?p=851","url_meta":{"origin":1673,"position":5},"title":"von Chaiten ans Ende der Carretera Austral","date":"19. M\u00e4rz 2014","format":"gallery","excerpt":"Wir sind jetzt fast 4 Wochen lang auf der Ruta 7, der Carretera Austral, aus dem S\u00fcden Chiles Richtung Norden gefahren. Der Eine oder Andere Abstecher hat der einsamen Stra\u00dfe noch etwas mehr Reiz beschert, als sie selbst schon besitzt. Doch jetzt ist es an der Zeit die Zivilisation mal\u2026","rel":"","context":"In &quot;News&quot;","img":{"alt_text":"","src":"https:\/\/i0.wp.com\/my-alps.de\/wp-content\/uploads\/2014\/03\/El-Cap-light-sw.jpg?resize=350%2C200","width":350,"height":200},"classes":[]}],"_links":{"self":[{"href":"http:\/\/my-alps.de\/index.php?rest_route=\/wp\/v2\/posts\/1673"}],"collection":[{"href":"http:\/\/my-alps.de\/index.php?rest_route=\/wp\/v2\/posts"}],"about":[{"href":"http:\/\/my-alps.de\/index.php?rest_route=\/wp\/v2\/types\/post"}],"author":[{"embeddable":true,"href":"http:\/\/my-alps.de\/index.php?rest_route=\/wp\/v2\/users\/1"}],"replies":[{"embeddable":true,"href":"http:\/\/my-alps.de\/index.php?rest_route=%2Fwp%2Fv2%2Fcomments&post=1673"}],"version-history":[{"count":1,"href":"http:\/\/my-alps.de\/index.php?rest_route=\/wp\/v2\/posts\/1673\/revisions"}],"predecessor-version":[{"id":1678,"href":"http:\/\/my-alps.de\/index.php?rest_route=\/wp\/v2\/posts\/1673\/revisions\/1678"}],"wp:attachment":[{"href":"http:\/\/my-alps.de\/index.php?rest_route=%2Fwp%2Fv2%2Fmedia&parent=1673"}],"wp:term":[{"taxonomy":"category","embeddable":true,"href":"http:\/\/my-alps.de\/index.php?rest_route=%2Fwp%2Fv2%2Fcategories&post=1673"},{"taxonomy":"post_tag","embeddable":true,"href":"http:\/\/my-alps.de\/index.php?rest_route=%2Fwp%2Fv2%2Ftags&post=1673"}],"curies":[{"name":"wp","href":"https:\/\/api.w.org\/{rel}","templated":true}]}}