{"id":1664,"date":"2014-09-28T02:37:28","date_gmt":"2014-09-28T00:37:28","guid":{"rendered":"http:\/\/my-alps.de\/?p=1664"},"modified":"2014-09-28T02:37:28","modified_gmt":"2014-09-28T00:37:28","slug":"paramo-und-papallacta","status":"publish","type":"post","link":"http:\/\/my-alps.de\/?p=1664","title":{"rendered":"Paramo und Papallacta"},"content":{"rendered":"<p>Im schwefelhaltigen Wasser der Thermen \u00a0von Papallacta haben wir uns sch\u00f6n entspannt (und gereinigt!). Die Landschaft hat ihr Bild\u00a0total ver\u00e4ndert und wir sind schon wieder auf 3.300 Meter.<\/p>\n<div id=\"attachment_1665\" style=\"width: 693px\" class=\"wp-caption aligncenter\"><a href=\"https:\/\/i0.wp.com\/my-alps.de\/wp-content\/uploads\/2014\/09\/Wasserfall-I-ce4.jpg\"><img aria-describedby=\"caption-attachment-1665\" data-attachment-id=\"1665\" data-permalink=\"http:\/\/my-alps.de\/?attachment_id=1665\" data-orig-file=\"https:\/\/i0.wp.com\/my-alps.de\/wp-content\/uploads\/2014\/09\/Wasserfall-I-ce4.jpg?fit=683%2C1024\" data-orig-size=\"683,1024\" data-comments-opened=\"1\" data-image-meta=\"{&quot;aperture&quot;:&quot;4.5&quot;,&quot;credit&quot;:&quot;&quot;,&quot;camera&quot;:&quot;SLT-A99V&quot;,&quot;caption&quot;:&quot;&quot;,&quot;created_timestamp&quot;:&quot;1411649403&quot;,&quot;copyright&quot;:&quot;&quot;,&quot;focal_length&quot;:&quot;50&quot;,&quot;iso&quot;:&quot;100&quot;,&quot;shutter_speed&quot;:&quot;0.011111111111111&quot;,&quot;title&quot;:&quot;&quot;}\" data-image-title=\"Wasserfall-I-ce4\" data-image-description=\"&lt;p&gt;Wasserfall-I&lt;\/p&gt;\n\" data-image-caption=\"&lt;p&gt;Wasserfall-I&lt;\/p&gt;\n\" data-medium-file=\"https:\/\/i0.wp.com\/my-alps.de\/wp-content\/uploads\/2014\/09\/Wasserfall-I-ce4.jpg?fit=200%2C300\" data-large-file=\"https:\/\/i0.wp.com\/my-alps.de\/wp-content\/uploads\/2014\/09\/Wasserfall-I-ce4.jpg?fit=625%2C937\" loading=\"lazy\" class=\"size-full wp-image-1665\" alt=\"Wasserfall-I\" src=\"https:\/\/i0.wp.com\/my-alps.de\/wp-content\/uploads\/2014\/09\/Wasserfall-I-ce4.jpg?resize=625%2C937\" width=\"625\" height=\"937\" srcset=\"https:\/\/i0.wp.com\/my-alps.de\/wp-content\/uploads\/2014\/09\/Wasserfall-I-ce4.jpg?w=683 683w, https:\/\/i0.wp.com\/my-alps.de\/wp-content\/uploads\/2014\/09\/Wasserfall-I-ce4.jpg?resize=200%2C300 200w\" sizes=\"(max-width: 625px) 100vw, 625px\" data-recalc-dims=\"1\" \/><\/a><p id=\"caption-attachment-1665\" class=\"wp-caption-text\">Wasserfall-I<\/p><\/div>\n<p><!--more-->\u00dcberall dr\u00e4ngen Wasserf\u00e4lle aus den Bergen in das schmale Tal und die Stra\u00dfe ist durch die vielen Erdbeben und aktiven Vulkane einem &#8222;Stresstest&#8220; der Superlative unterzogen worden. Teilweise sind die R\u00e4nder komplett abgebrochen, oder die Stra\u00dfe hat sich gleich um einen halben Meter abgesenkt. Aber Ecuador investiert viel in seine Infrastruktur und so wird an allen Stellen gebaut und die Stra\u00dfe erneuert. Wir wollen eigentlich durch den Nationalpark &#8222;Cayambe-Coca&#8220; direkt nach Otavalo fahren. Doch der Ranger kann uns das notwendige Permit nicht ausstellen &#8211; und seinen Cheffe kann er \u00fcber Funk nicht erreichen. Schade, denn die Fahrt quer durch den Paramo, die Graslandschaft die hier das Landschaftsbild pr\u00e4gt w\u00e4re bestimmt ein Abenteuer der Extraklasse gewesen.<\/p>\n<div id=\"attachment_1666\" style=\"width: 1034px\" class=\"wp-caption aligncenter\"><a href=\"https:\/\/i0.wp.com\/my-alps.de\/wp-content\/uploads\/2014\/09\/Graslandschaft-des-Paramo-ce4.jpg\"><img aria-describedby=\"caption-attachment-1666\" data-attachment-id=\"1666\" data-permalink=\"http:\/\/my-alps.de\/?attachment_id=1666\" data-orig-file=\"https:\/\/i0.wp.com\/my-alps.de\/wp-content\/uploads\/2014\/09\/Graslandschaft-des-Paramo-ce4.jpg?fit=1024%2C683\" data-orig-size=\"1024,683\" data-comments-opened=\"1\" data-image-meta=\"{&quot;aperture&quot;:&quot;9.5&quot;,&quot;credit&quot;:&quot;&quot;,&quot;camera&quot;:&quot;SLT-A99V&quot;,&quot;caption&quot;:&quot;&quot;,&quot;created_timestamp&quot;:&quot;1411725763&quot;,&quot;copyright&quot;:&quot;&quot;,&quot;focal_length&quot;:&quot;35&quot;,&quot;iso&quot;:&quot;100&quot;,&quot;shutter_speed&quot;:&quot;0.004&quot;,&quot;title&quot;:&quot;&quot;}\" data-image-title=\"Graslandschaft des Paramo-ce4\" data-image-description=\"&lt;p&gt;Graslandschaft des Paramo&lt;\/p&gt;\n\" data-image-caption=\"&lt;p&gt;Graslandschaft des Paramo&lt;\/p&gt;\n\" data-medium-file=\"https:\/\/i0.wp.com\/my-alps.de\/wp-content\/uploads\/2014\/09\/Graslandschaft-des-Paramo-ce4.jpg?fit=300%2C200\" data-large-file=\"https:\/\/i0.wp.com\/my-alps.de\/wp-content\/uploads\/2014\/09\/Graslandschaft-des-Paramo-ce4.jpg?fit=625%2C417\" loading=\"lazy\" class=\"size-full wp-image-1666\" alt=\"Graslandschaft des Paramo\" src=\"https:\/\/i0.wp.com\/my-alps.de\/wp-content\/uploads\/2014\/09\/Graslandschaft-des-Paramo-ce4.jpg?resize=625%2C417\" width=\"625\" height=\"417\" srcset=\"https:\/\/i0.wp.com\/my-alps.de\/wp-content\/uploads\/2014\/09\/Graslandschaft-des-Paramo-ce4.jpg?w=1024 1024w, https:\/\/i0.wp.com\/my-alps.de\/wp-content\/uploads\/2014\/09\/Graslandschaft-des-Paramo-ce4.jpg?resize=300%2C200 300w\" sizes=\"(max-width: 625px) 100vw, 625px\" data-recalc-dims=\"1\" \/><\/a><p id=\"caption-attachment-1666\" class=\"wp-caption-text\">Graslandschaft des Paramo<\/p><\/div>\n<p>So unternehmen wir eine kleine Wanderung zu den vielen kleinen Seen, die hier in die sanften H\u00fcgel eingebettet auf knapp 4.000 Metern liegen. Bei unserem Ausflug haben wir doch noch etwas Gl\u00fcck, denn wir erhaschen einen Blick auf den Cerro Antisano, den dritth\u00f6chsten Berg von Ecuador.<br \/>\n(Da wurmt es mich schon etwas, das unsere Zeit langsam zu Ende geht und ich die anderen beiden nicht gesehen habe!)<\/p>\n<div id=\"attachment_1667\" style=\"width: 1034px\" class=\"wp-caption aligncenter\"><a href=\"https:\/\/i0.wp.com\/my-alps.de\/wp-content\/uploads\/2014\/09\/Cerro-Antisana-5.700-m-ce4.jpg\"><img aria-describedby=\"caption-attachment-1667\" data-attachment-id=\"1667\" data-permalink=\"http:\/\/my-alps.de\/?attachment_id=1667\" data-orig-file=\"https:\/\/i0.wp.com\/my-alps.de\/wp-content\/uploads\/2014\/09\/Cerro-Antisana-5.700-m-ce4.jpg?fit=1024%2C683\" data-orig-size=\"1024,683\" data-comments-opened=\"1\" data-image-meta=\"{&quot;aperture&quot;:&quot;11&quot;,&quot;credit&quot;:&quot;&quot;,&quot;camera&quot;:&quot;SLT-A99V&quot;,&quot;caption&quot;:&quot;&quot;,&quot;created_timestamp&quot;:&quot;1411723746&quot;,&quot;copyright&quot;:&quot;&quot;,&quot;focal_length&quot;:&quot;200&quot;,&quot;iso&quot;:&quot;100&quot;,&quot;shutter_speed&quot;:&quot;0.0028571428571429&quot;,&quot;title&quot;:&quot;&quot;}\" data-image-title=\"Cerro Antisana &#8211; 5.700 m-ce4\" data-image-description=\"&lt;p&gt;Cerro Antisana &#8211; 5.700 m&lt;\/p&gt;\n\" data-image-caption=\"&lt;p&gt;Cerro Antisana &#8211; 5.700 m&lt;\/p&gt;\n\" data-medium-file=\"https:\/\/i0.wp.com\/my-alps.de\/wp-content\/uploads\/2014\/09\/Cerro-Antisana-5.700-m-ce4.jpg?fit=300%2C200\" data-large-file=\"https:\/\/i0.wp.com\/my-alps.de\/wp-content\/uploads\/2014\/09\/Cerro-Antisana-5.700-m-ce4.jpg?fit=625%2C417\" loading=\"lazy\" class=\"size-full wp-image-1667\" alt=\"Cerro Antisana - 5.700 m\" src=\"https:\/\/i0.wp.com\/my-alps.de\/wp-content\/uploads\/2014\/09\/Cerro-Antisana-5.700-m-ce4.jpg?resize=625%2C417\" width=\"625\" height=\"417\" srcset=\"https:\/\/i0.wp.com\/my-alps.de\/wp-content\/uploads\/2014\/09\/Cerro-Antisana-5.700-m-ce4.jpg?w=1024 1024w, https:\/\/i0.wp.com\/my-alps.de\/wp-content\/uploads\/2014\/09\/Cerro-Antisana-5.700-m-ce4.jpg?resize=300%2C200 300w\" sizes=\"(max-width: 625px) 100vw, 625px\" data-recalc-dims=\"1\" \/><\/a><p id=\"caption-attachment-1667\" class=\"wp-caption-text\">Cerro Antisana &#8211; 5.700 m<\/p><\/div>\n<p>&nbsp;<\/p>\n","protected":false},"excerpt":{"rendered":"<p>Im schwefelhaltigen Wasser der Thermen \u00a0von Papallacta haben wir uns sch\u00f6n entspannt (und gereinigt!). Die Landschaft hat ihr Bild\u00a0total ver\u00e4ndert und wir sind schon wieder auf 3.300 Meter.<\/p>\n","protected":false},"author":1,"featured_media":0,"comment_status":"open","ping_status":"open","sticky":false,"template":"","format":"gallery","meta":{"spay_email":"","jetpack_publicize_message":"","jetpack_is_tweetstorm":false,"jetpack_publicize_feature_enabled":true},"categories":[1],"tags":[34],"jetpack_featured_media_url":"","jetpack_publicize_connections":[],"jetpack_sharing_enabled":true,"jetpack_shortlink":"https:\/\/wp.me\/p6huce-qQ","jetpack-related-posts":[{"id":1614,"url":"http:\/\/my-alps.de\/?p=1614","url_meta":{"origin":1664,"position":0},"title":"Ecuador &#8211; entschleunigt leben","date":"17. September 2014","format":"gallery","excerpt":"Mittlerweile sitzen wir wieder mal an der K\u00fcste des Pazifiks und schauen auf das graue und endlose Meer hinaus. Etwa 500 Meter von uns entfernt tummeln sich ein paar Wale, machen sch\u00f6ne \"Bauchpflatscher\" oder schlagen mit ihren Schwanzflossen auf's Wasser. Pelikane und Fregattv\u00f6gel lassen sich vom Aufwind an der Steilk\u00fcste\u2026","rel":"","context":"In &quot;News&quot;","img":{"alt_text":"","src":"https:\/\/i0.wp.com\/my-alps.de\/wp-content\/uploads\/2014\/09\/wir-machen-auch-mal-Pause.jpg?resize=350%2C200","width":350,"height":200},"classes":[]},{"id":1642,"url":"http:\/\/my-alps.de\/?p=1642","url_meta":{"origin":1664,"position":1},"title":"nach Banos","date":"24. September 2014","format":"gallery","excerpt":"Wir fahren zickzack durch Ecuador, so kommt es uns jedenfalls vor! Nach den arbeitsreichen, aber auch erholsamen Tagen am Pazifik sind wir wieder quer durch das Landesinnere gefahren. Unser Ziel war der (sehr) aktive Vulkan \"Tungurahua\" bei Banos. Zuerst ging es an der K\u00fcste hinauf bis \"Jipijapa\" und danach durch\u2026","rel":"","context":"In &quot;News&quot;","img":{"alt_text":"","src":"https:\/\/i0.wp.com\/my-alps.de\/wp-content\/uploads\/2014\/09\/Finca-Chamanapamba-II.jpg?resize=350%2C200","width":350,"height":200},"classes":[]},{"id":1598,"url":"http:\/\/my-alps.de\/?p=1598","url_meta":{"origin":1664,"position":2},"title":"Einreiseformalit\u00e4ten","date":"11. September 2014","format":"gallery","excerpt":"Nachdem unsere \u201eTraumstra\u00dfe\u201c wieder einer normalen\u00a0Stra\u00dfe durch ganz normales Peru gewichen ist, fahren\u00a0wir \u00fcber Jaen und St. Ignazio in Richtung Grenze nach Ecuador. Die Stra\u00dfe ist asphaltiert und gut ausgebaut, es herrscht kaum Verkehr, lediglich in den Orten und den beiden St\u00e4dten das \u00fcbliche Chaos an Taxis, Tuk-Tuk\u2019s und Ochsenkarren.\u2026","rel":"","context":"In &quot;News&quot;","img":{"alt_text":"","src":"https:\/\/i0.wp.com\/my-alps.de\/wp-content\/uploads\/2014\/09\/Grenze-Ecuador.jpg?resize=350%2C200","width":350,"height":200},"classes":[]},{"id":1301,"url":"http:\/\/my-alps.de\/?p=1301","url_meta":{"origin":1664,"position":3},"title":"immer weiter &#8211; immer an den Anden entlang &#8211; Folge 1+2","date":"30. Juni 2014","format":"gallery","excerpt":"\u2026..\u00fcber die Ruta 40. \u00dcberblick f\u00fcr die folgenden Blogbeitr\u00e4ge bis zur Grenze nach Chile! Folge 1: DIE Stra\u00dfe in Argentinien von Norden nach S\u00fcden, oder umgekehrt. Einsame Schotterpisten, ab und zu mal ein kleiner Ort und Staub - Staub und nochmals Staub. So gelangen wir aus den Nationalparks nach Chilecito,\u2026","rel":"","context":"In &quot;News&quot;","img":{"alt_text":"","src":"","width":0,"height":0},"classes":[]},{"id":1120,"url":"http:\/\/my-alps.de\/?p=1120","url_meta":{"origin":1664,"position":4},"title":"Araukanien &#8211; 2. Versuch","date":"11. Mai 2014","format":"gallery","excerpt":"Unser \u201ekurzer\u201c Abstecher in Argentinien neigt sich dem Ende zu. Wir haben die starken Regenf\u00e4lle \u201eabgewettert\u201c und stehen nun wieder am Grenz\u00fcbergang am Vulkan Lanin. Wir \u00fcbernachten an der Rangerstation im Nationalpark und machen einen kleinen Ausflug zum Lago Tromen. Hier gibt es schon die ersten Araukarienw\u00e4lder und dieser Methusalem\u2026","rel":"","context":"In &quot;News&quot;","img":{"alt_text":"","src":"https:\/\/i0.wp.com\/my-alps.de\/wp-content\/uploads\/2014\/05\/Vulkan-Lanin-ce4-3x2.jpg?resize=350%2C200","width":350,"height":200},"classes":[]},{"id":1595,"url":"http:\/\/my-alps.de\/?p=1595","url_meta":{"origin":1664,"position":5},"title":"Die Traumstra\u00dfe (Teil 2) \u00fcber Leymebamba","date":"11. September 2014","format":"gallery","excerpt":"Nach der \u00dcberquerung der sich schier endlos hinziehenden Pass Stra\u00dfe, ver\u00e4ndert sich das Landschaftsbild. Waren die Berge vorher noch mit niedriger Macchia bewachsen, dominiert nun auf einmal sattes Gr\u00fcn. Wie bei uns in den Voralpen sind die Wiesen saftig gr\u00fcn und es weiden K\u00fche. Fehlt nur noch das Gebimmel der\u2026","rel":"","context":"In &quot;News&quot;","img":{"alt_text":"","src":"https:\/\/i0.wp.com\/my-alps.de\/wp-content\/uploads\/2014\/09\/Die-Regenzeit-beginnt-ce4.jpg?resize=350%2C200","width":350,"height":200},"classes":[]}],"_links":{"self":[{"href":"http:\/\/my-alps.de\/index.php?rest_route=\/wp\/v2\/posts\/1664"}],"collection":[{"href":"http:\/\/my-alps.de\/index.php?rest_route=\/wp\/v2\/posts"}],"about":[{"href":"http:\/\/my-alps.de\/index.php?rest_route=\/wp\/v2\/types\/post"}],"author":[{"embeddable":true,"href":"http:\/\/my-alps.de\/index.php?rest_route=\/wp\/v2\/users\/1"}],"replies":[{"embeddable":true,"href":"http:\/\/my-alps.de\/index.php?rest_route=%2Fwp%2Fv2%2Fcomments&post=1664"}],"version-history":[{"count":1,"href":"http:\/\/my-alps.de\/index.php?rest_route=\/wp\/v2\/posts\/1664\/revisions"}],"predecessor-version":[{"id":1668,"href":"http:\/\/my-alps.de\/index.php?rest_route=\/wp\/v2\/posts\/1664\/revisions\/1668"}],"wp:attachment":[{"href":"http:\/\/my-alps.de\/index.php?rest_route=%2Fwp%2Fv2%2Fmedia&parent=1664"}],"wp:term":[{"taxonomy":"category","embeddable":true,"href":"http:\/\/my-alps.de\/index.php?rest_route=%2Fwp%2Fv2%2Fcategories&post=1664"},{"taxonomy":"post_tag","embeddable":true,"href":"http:\/\/my-alps.de\/index.php?rest_route=%2Fwp%2Fv2%2Ftags&post=1664"}],"curies":[{"name":"wp","href":"https:\/\/api.w.org\/{rel}","templated":true}]}}