{"id":1642,"date":"2014-09-24T01:24:02","date_gmt":"2014-09-23T23:24:02","guid":{"rendered":"http:\/\/my-alps.de\/?p=1642"},"modified":"2014-09-24T01:30:40","modified_gmt":"2014-09-23T23:30:40","slug":"zum-aktiven-vulkan-tungurahua","status":"publish","type":"post","link":"http:\/\/my-alps.de\/?p=1642","title":{"rendered":"nach Banos"},"content":{"rendered":"<p>Wir fahren zickzack durch Ecuador, so kommt es uns jedenfalls vor!<br \/>\nNach den arbeitsreichen, aber auch erholsamen Tagen am Pazifik sind wir wieder quer durch das Landesinnere gefahren.<br \/>\nUnser Ziel war der (sehr) aktive Vulkan &#8222;Tungurahua&#8220; bei Banos.<br \/>\nZuerst ging es an der K\u00fcste hinauf bis &#8222;Jipijapa&#8220; und danach durch den immergr\u00fcnen Regenwald.<\/p>\n<div id=\"attachment_1643\" style=\"width: 1034px\" class=\"wp-caption aligncenter\"><a href=\"https:\/\/i0.wp.com\/my-alps.de\/wp-content\/uploads\/2014\/09\/Nieselregen-an-der-N30-ce4.jpg\"><img aria-describedby=\"caption-attachment-1643\" data-attachment-id=\"1643\" data-permalink=\"http:\/\/my-alps.de\/?attachment_id=1643\" data-orig-file=\"https:\/\/i0.wp.com\/my-alps.de\/wp-content\/uploads\/2014\/09\/Nieselregen-an-der-N30-ce4.jpg?fit=1024%2C683\" data-orig-size=\"1024,683\" data-comments-opened=\"1\" data-image-meta=\"{&quot;aperture&quot;:&quot;5.6&quot;,&quot;credit&quot;:&quot;&quot;,&quot;camera&quot;:&quot;DSC-RX100&quot;,&quot;caption&quot;:&quot;&quot;,&quot;created_timestamp&quot;:&quot;1411292624&quot;,&quot;copyright&quot;:&quot;&quot;,&quot;focal_length&quot;:&quot;10.4&quot;,&quot;iso&quot;:&quot;125&quot;,&quot;shutter_speed&quot;:&quot;0.005&quot;,&quot;title&quot;:&quot;&quot;}\" data-image-title=\"Nieselregen an der N30-ce4\" data-image-description=\"&lt;p&gt;Nieselregen an der N30&lt;\/p&gt;\n\" data-image-caption=\"&lt;p&gt;Nieselregen an der N30&lt;\/p&gt;\n\" data-medium-file=\"https:\/\/i0.wp.com\/my-alps.de\/wp-content\/uploads\/2014\/09\/Nieselregen-an-der-N30-ce4.jpg?fit=300%2C200\" data-large-file=\"https:\/\/i0.wp.com\/my-alps.de\/wp-content\/uploads\/2014\/09\/Nieselregen-an-der-N30-ce4.jpg?fit=625%2C417\" loading=\"lazy\" class=\"size-full wp-image-1643\" alt=\"Nieselregen an der N30\" src=\"https:\/\/i0.wp.com\/my-alps.de\/wp-content\/uploads\/2014\/09\/Nieselregen-an-der-N30-ce4.jpg?resize=625%2C417\" width=\"625\" height=\"417\" srcset=\"https:\/\/i0.wp.com\/my-alps.de\/wp-content\/uploads\/2014\/09\/Nieselregen-an-der-N30-ce4.jpg?w=1024 1024w, https:\/\/i0.wp.com\/my-alps.de\/wp-content\/uploads\/2014\/09\/Nieselregen-an-der-N30-ce4.jpg?resize=300%2C200 300w\" sizes=\"(max-width: 625px) 100vw, 625px\" data-recalc-dims=\"1\" \/><\/a><p id=\"caption-attachment-1643\" class=\"wp-caption-text\">Nieselregen an der N30<\/p><\/div>\n<p><!--more--><\/p>\n<p>War das Wetter an der K\u00fcste noch sonnig und trocken, so hat uns hier im Dschungel der Nieselregen fest im Griff. Die N 30, die Stra\u00dfe quer durch&#8217;s Landesinnere f\u00fchrt st\u00e4ndig auf und ab. Es geht an kleinen D\u00f6rfern und Bambush\u00e4usern vorbei. Danach steigt die Stra\u00dfe wieder bis auf 4.000 Meter an.<\/p>\n<div id=\"attachment_1645\" style=\"width: 1034px\" class=\"wp-caption aligncenter\"><a href=\"https:\/\/i0.wp.com\/my-alps.de\/wp-content\/uploads\/2014\/09\/N30-1-ce4.jpg\"><img aria-describedby=\"caption-attachment-1645\" data-attachment-id=\"1645\" data-permalink=\"http:\/\/my-alps.de\/?attachment_id=1645\" data-orig-file=\"https:\/\/i0.wp.com\/my-alps.de\/wp-content\/uploads\/2014\/09\/N30-1-ce4.jpg?fit=1024%2C683\" data-orig-size=\"1024,683\" data-comments-opened=\"1\" data-image-meta=\"{&quot;aperture&quot;:&quot;5.6&quot;,&quot;credit&quot;:&quot;&quot;,&quot;camera&quot;:&quot;SLT-A99V&quot;,&quot;caption&quot;:&quot;&quot;,&quot;created_timestamp&quot;:&quot;1411301254&quot;,&quot;copyright&quot;:&quot;&quot;,&quot;focal_length&quot;:&quot;50&quot;,&quot;iso&quot;:&quot;100&quot;,&quot;shutter_speed&quot;:&quot;0.008&quot;,&quot;title&quot;:&quot;&quot;}\" data-image-title=\"N30-1-ce4\" data-image-description=\"&lt;p&gt;N30 &#8211; Pa\u00df&lt;\/p&gt;\n\" data-image-caption=\"&lt;p&gt;N30 &#8211; Pa\u00df&lt;\/p&gt;\n\" data-medium-file=\"https:\/\/i0.wp.com\/my-alps.de\/wp-content\/uploads\/2014\/09\/N30-1-ce4.jpg?fit=300%2C200\" data-large-file=\"https:\/\/i0.wp.com\/my-alps.de\/wp-content\/uploads\/2014\/09\/N30-1-ce4.jpg?fit=625%2C417\" loading=\"lazy\" class=\"size-full wp-image-1645\" alt=\"N30 - Pa\u00df\" src=\"https:\/\/i0.wp.com\/my-alps.de\/wp-content\/uploads\/2014\/09\/N30-1-ce4.jpg?resize=625%2C417\" width=\"625\" height=\"417\" srcset=\"https:\/\/i0.wp.com\/my-alps.de\/wp-content\/uploads\/2014\/09\/N30-1-ce4.jpg?w=1024 1024w, https:\/\/i0.wp.com\/my-alps.de\/wp-content\/uploads\/2014\/09\/N30-1-ce4.jpg?resize=300%2C200 300w\" sizes=\"(max-width: 625px) 100vw, 625px\" data-recalc-dims=\"1\" \/><\/a><p id=\"caption-attachment-1645\" class=\"wp-caption-text\">N30 &#8211; Pa\u00df<\/p><\/div>\n<p>War die Sicht im Tal noch ganz normal, wird es mit jedem Meter, den wir an H\u00f6he gewinnen immer nebliger. Zum Schlu\u00df fahren wir im nur noch 10 Stundenkilometer und tasten uns \u00fcber den Pa\u00df.<\/p>\n<div id=\"attachment_1644\" style=\"width: 1034px\" class=\"wp-caption aligncenter\"><a href=\"https:\/\/i0.wp.com\/my-alps.de\/wp-content\/uploads\/2014\/09\/Nebel.jpg\"><img aria-describedby=\"caption-attachment-1644\" data-attachment-id=\"1644\" data-permalink=\"http:\/\/my-alps.de\/?attachment_id=1644\" data-orig-file=\"https:\/\/i0.wp.com\/my-alps.de\/wp-content\/uploads\/2014\/09\/Nebel.jpg?fit=1024%2C683\" data-orig-size=\"1024,683\" data-comments-opened=\"1\" data-image-meta=\"{&quot;aperture&quot;:&quot;5.6&quot;,&quot;credit&quot;:&quot;&quot;,&quot;camera&quot;:&quot;SLT-A99V&quot;,&quot;caption&quot;:&quot;&quot;,&quot;created_timestamp&quot;:&quot;1411307400&quot;,&quot;copyright&quot;:&quot;&quot;,&quot;focal_length&quot;:&quot;50&quot;,&quot;iso&quot;:&quot;100&quot;,&quot;shutter_speed&quot;:&quot;0.008&quot;,&quot;title&quot;:&quot;&quot;}\" data-image-title=\"Nebel &#8211; nix als Nebel\" data-image-description=\"&lt;p&gt;Nebel &#8211; nix als Nebel&lt;\/p&gt;\n\" data-image-caption=\"&lt;p&gt;Nebel &#8211; nix als Nebel&lt;\/p&gt;\n\" data-medium-file=\"https:\/\/i0.wp.com\/my-alps.de\/wp-content\/uploads\/2014\/09\/Nebel.jpg?fit=300%2C200\" data-large-file=\"https:\/\/i0.wp.com\/my-alps.de\/wp-content\/uploads\/2014\/09\/Nebel.jpg?fit=625%2C417\" loading=\"lazy\" class=\"size-full wp-image-1644\" alt=\"Nebel - nix als Nebel\" src=\"https:\/\/i0.wp.com\/my-alps.de\/wp-content\/uploads\/2014\/09\/Nebel.jpg?resize=625%2C417\" width=\"625\" height=\"417\" srcset=\"https:\/\/i0.wp.com\/my-alps.de\/wp-content\/uploads\/2014\/09\/Nebel.jpg?w=1024 1024w, https:\/\/i0.wp.com\/my-alps.de\/wp-content\/uploads\/2014\/09\/Nebel.jpg?resize=300%2C200 300w\" sizes=\"(max-width: 625px) 100vw, 625px\" data-recalc-dims=\"1\" \/><\/a><p id=\"caption-attachment-1644\" class=\"wp-caption-text\">Nebel &#8211; nix als Nebel<\/p><\/div>\n<p>Danach er\u00f6ffnet sich uns wieder ein grandioser Blick auf die andiene Kulturlandschaft.<\/p>\n<div id=\"attachment_1646\" style=\"width: 1034px\" class=\"wp-caption aligncenter\"><a href=\"https:\/\/i0.wp.com\/my-alps.de\/wp-content\/uploads\/2014\/09\/Kulturlandschaft-ce4-HD.jpg\"><img aria-describedby=\"caption-attachment-1646\" data-attachment-id=\"1646\" data-permalink=\"http:\/\/my-alps.de\/?attachment_id=1646\" data-orig-file=\"https:\/\/i0.wp.com\/my-alps.de\/wp-content\/uploads\/2014\/09\/Kulturlandschaft-ce4-HD.jpg?fit=1024%2C576\" data-orig-size=\"1024,576\" data-comments-opened=\"1\" data-image-meta=\"{&quot;aperture&quot;:&quot;9.5&quot;,&quot;credit&quot;:&quot;&quot;,&quot;camera&quot;:&quot;SLT-A99V&quot;,&quot;caption&quot;:&quot;&quot;,&quot;created_timestamp&quot;:&quot;1411309406&quot;,&quot;copyright&quot;:&quot;&quot;,&quot;focal_length&quot;:&quot;35&quot;,&quot;iso&quot;:&quot;100&quot;,&quot;shutter_speed&quot;:&quot;0.0028571428571429&quot;,&quot;title&quot;:&quot;&quot;}\" data-image-title=\"Kulturlandschaft-ce4-HD\" data-image-description=\"&lt;p&gt;Kulturlandschaft&lt;\/p&gt;\n\" data-image-caption=\"&lt;p&gt;Kulturlandschaft&lt;\/p&gt;\n\" data-medium-file=\"https:\/\/i0.wp.com\/my-alps.de\/wp-content\/uploads\/2014\/09\/Kulturlandschaft-ce4-HD.jpg?fit=300%2C168\" data-large-file=\"https:\/\/i0.wp.com\/my-alps.de\/wp-content\/uploads\/2014\/09\/Kulturlandschaft-ce4-HD.jpg?fit=625%2C352\" loading=\"lazy\" class=\"size-full wp-image-1646\" alt=\"Kulturlandschaft\" src=\"https:\/\/i0.wp.com\/my-alps.de\/wp-content\/uploads\/2014\/09\/Kulturlandschaft-ce4-HD.jpg?resize=625%2C352\" width=\"625\" height=\"352\" srcset=\"https:\/\/i0.wp.com\/my-alps.de\/wp-content\/uploads\/2014\/09\/Kulturlandschaft-ce4-HD.jpg?w=1024 1024w, https:\/\/i0.wp.com\/my-alps.de\/wp-content\/uploads\/2014\/09\/Kulturlandschaft-ce4-HD.jpg?resize=300%2C168 300w\" sizes=\"(max-width: 625px) 100vw, 625px\" data-recalc-dims=\"1\" \/><\/a><p id=\"caption-attachment-1646\" class=\"wp-caption-text\">Kulturlandschaft<\/p><\/div>\n<p>Aber das Wetter h\u00e4lt sich leider nicht an den Wetterbericht (oder umgekehrt). \u00dcber dem &#8222;Cotopaxi&#8220; haben sich dichte Wolken zusammengezogen und es entl\u00e4dt sich ein starkes Gewitter.<\/p>\n<div id=\"attachment_1647\" style=\"width: 1034px\" class=\"wp-caption aligncenter\"><a href=\"https:\/\/i0.wp.com\/my-alps.de\/wp-content\/uploads\/2014\/09\/Gewitter-\u00fcber-dem-Cotopaxi-ce4.jpg\"><img aria-describedby=\"caption-attachment-1647\" data-attachment-id=\"1647\" data-permalink=\"http:\/\/my-alps.de\/?attachment_id=1647\" data-orig-file=\"https:\/\/i0.wp.com\/my-alps.de\/wp-content\/uploads\/2014\/09\/Gewitter-\u00fcber-dem-Cotopaxi-ce4.jpg?fit=1024%2C683\" data-orig-size=\"1024,683\" data-comments-opened=\"1\" data-image-meta=\"{&quot;aperture&quot;:&quot;11&quot;,&quot;credit&quot;:&quot;&quot;,&quot;camera&quot;:&quot;SLT-A99V&quot;,&quot;caption&quot;:&quot;&quot;,&quot;created_timestamp&quot;:&quot;1411310669&quot;,&quot;copyright&quot;:&quot;&quot;,&quot;focal_length&quot;:&quot;30&quot;,&quot;iso&quot;:&quot;100&quot;,&quot;shutter_speed&quot;:&quot;0.004&quot;,&quot;title&quot;:&quot;&quot;}\" data-image-title=\"Gewitter \u00fcber dem Cotopaxi-ce4\" data-image-description=\"&lt;p&gt;Gewitter \u00fcber dem Cotopaxi&lt;\/p&gt;\n\" data-image-caption=\"&lt;p&gt;Gewitter \u00fcber dem Cotopaxi&lt;\/p&gt;\n\" data-medium-file=\"https:\/\/i0.wp.com\/my-alps.de\/wp-content\/uploads\/2014\/09\/Gewitter-\u00fcber-dem-Cotopaxi-ce4.jpg?fit=300%2C200\" data-large-file=\"https:\/\/i0.wp.com\/my-alps.de\/wp-content\/uploads\/2014\/09\/Gewitter-\u00fcber-dem-Cotopaxi-ce4.jpg?fit=625%2C417\" loading=\"lazy\" class=\"size-full wp-image-1647\" alt=\"Gewitter \u00fcber dem Cotopaxi\" src=\"https:\/\/i0.wp.com\/my-alps.de\/wp-content\/uploads\/2014\/09\/Gewitter-\u00fcber-dem-Cotopaxi-ce4.jpg?resize=625%2C417\" width=\"625\" height=\"417\" srcset=\"https:\/\/i0.wp.com\/my-alps.de\/wp-content\/uploads\/2014\/09\/Gewitter-\u00fcber-dem-Cotopaxi-ce4.jpg?w=1024 1024w, https:\/\/i0.wp.com\/my-alps.de\/wp-content\/uploads\/2014\/09\/Gewitter-\u00fcber-dem-Cotopaxi-ce4.jpg?resize=300%2C200 300w\" sizes=\"(max-width: 625px) 100vw, 625px\" data-recalc-dims=\"1\" \/><\/a><p id=\"caption-attachment-1647\" class=\"wp-caption-text\">Gewitter \u00fcber dem Cotopaxi<\/p><\/div>\n<p>Geschafft und m\u00fcde kommen wir in Banos an und fahren zur &#8222;Finca Chamanapamba&#8220;. Dort k\u00f6nnen wir \u00fcbernachten und ein tolles Abendessen bekommen wir auch noch im Restaurant.<br \/>\nDie Finca geh\u00f6rt einem Einwanderer aus Deutschland und Rudolf Steiner w\u00e4re stolz auf die Bauweise und die Formensprache.<\/p>\n<div id=\"attachment_1650\" style=\"width: 1034px\" class=\"wp-caption aligncenter\"><a href=\"https:\/\/i0.wp.com\/my-alps.de\/wp-content\/uploads\/2014\/09\/Finca-Chamanapamba-III-ce4.jpg\"><img aria-describedby=\"caption-attachment-1650\" data-attachment-id=\"1650\" data-permalink=\"http:\/\/my-alps.de\/?attachment_id=1650\" data-orig-file=\"https:\/\/i0.wp.com\/my-alps.de\/wp-content\/uploads\/2014\/09\/Finca-Chamanapamba-III-ce4.jpg?fit=1024%2C683\" data-orig-size=\"1024,683\" data-comments-opened=\"1\" data-image-meta=\"{&quot;aperture&quot;:&quot;4&quot;,&quot;credit&quot;:&quot;&quot;,&quot;camera&quot;:&quot;SLT-A99V&quot;,&quot;caption&quot;:&quot;&quot;,&quot;created_timestamp&quot;:&quot;1411466008&quot;,&quot;copyright&quot;:&quot;&quot;,&quot;focal_length&quot;:&quot;24&quot;,&quot;iso&quot;:&quot;160&quot;,&quot;shutter_speed&quot;:&quot;0.016666666666667&quot;,&quot;title&quot;:&quot;&quot;}\" data-image-title=\"Finca Chamanapamba-III-ce4\" data-image-description=\"&lt;p&gt;Finca Chamanapamba-III&lt;\/p&gt;\n\" data-image-caption=\"&lt;p&gt;Finca Chamanapamba-III&lt;\/p&gt;\n\" data-medium-file=\"https:\/\/i0.wp.com\/my-alps.de\/wp-content\/uploads\/2014\/09\/Finca-Chamanapamba-III-ce4.jpg?fit=300%2C200\" data-large-file=\"https:\/\/i0.wp.com\/my-alps.de\/wp-content\/uploads\/2014\/09\/Finca-Chamanapamba-III-ce4.jpg?fit=625%2C417\" loading=\"lazy\" class=\"size-full wp-image-1650\" alt=\"Finca Chamanapamba-III\" src=\"https:\/\/i0.wp.com\/my-alps.de\/wp-content\/uploads\/2014\/09\/Finca-Chamanapamba-III-ce4.jpg?resize=625%2C417\" width=\"625\" height=\"417\" srcset=\"https:\/\/i0.wp.com\/my-alps.de\/wp-content\/uploads\/2014\/09\/Finca-Chamanapamba-III-ce4.jpg?w=1024 1024w, https:\/\/i0.wp.com\/my-alps.de\/wp-content\/uploads\/2014\/09\/Finca-Chamanapamba-III-ce4.jpg?resize=300%2C200 300w\" sizes=\"(max-width: 625px) 100vw, 625px\" data-recalc-dims=\"1\" \/><\/a><p id=\"caption-attachment-1650\" class=\"wp-caption-text\">Finca Chamanapamba-III<\/p><\/div>\n<div id=\"attachment_1651\" style=\"width: 693px\" class=\"wp-caption aligncenter\"><a href=\"https:\/\/i0.wp.com\/my-alps.de\/wp-content\/uploads\/2014\/09\/Finca-Chamanapamba-II.jpg\"><img aria-describedby=\"caption-attachment-1651\" data-attachment-id=\"1651\" data-permalink=\"http:\/\/my-alps.de\/?attachment_id=1651\" data-orig-file=\"https:\/\/i0.wp.com\/my-alps.de\/wp-content\/uploads\/2014\/09\/Finca-Chamanapamba-II.jpg?fit=683%2C1024\" data-orig-size=\"683,1024\" data-comments-opened=\"1\" data-image-meta=\"{&quot;aperture&quot;:&quot;5.6&quot;,&quot;credit&quot;:&quot;&quot;,&quot;camera&quot;:&quot;SLT-A99V&quot;,&quot;caption&quot;:&quot;&quot;,&quot;created_timestamp&quot;:&quot;1411465358&quot;,&quot;copyright&quot;:&quot;&quot;,&quot;focal_length&quot;:&quot;24&quot;,&quot;iso&quot;:&quot;100&quot;,&quot;shutter_speed&quot;:&quot;0.008&quot;,&quot;title&quot;:&quot;&quot;}\" data-image-title=\"Finca Chamanapamba-II\" data-image-description=\"&lt;p&gt;Finca Chamanapamba-II&lt;\/p&gt;\n\" data-image-caption=\"&lt;p&gt;Finca Chamanapamba-II&lt;\/p&gt;\n\" data-medium-file=\"https:\/\/i0.wp.com\/my-alps.de\/wp-content\/uploads\/2014\/09\/Finca-Chamanapamba-II.jpg?fit=200%2C300\" data-large-file=\"https:\/\/i0.wp.com\/my-alps.de\/wp-content\/uploads\/2014\/09\/Finca-Chamanapamba-II.jpg?fit=625%2C937\" loading=\"lazy\" class=\"size-full wp-image-1651\" alt=\"Finca Chamanapamba-II\" src=\"https:\/\/i0.wp.com\/my-alps.de\/wp-content\/uploads\/2014\/09\/Finca-Chamanapamba-II.jpg?resize=625%2C937\" width=\"625\" height=\"937\" srcset=\"https:\/\/i0.wp.com\/my-alps.de\/wp-content\/uploads\/2014\/09\/Finca-Chamanapamba-II.jpg?w=683 683w, https:\/\/i0.wp.com\/my-alps.de\/wp-content\/uploads\/2014\/09\/Finca-Chamanapamba-II.jpg?resize=200%2C300 200w\" sizes=\"(max-width: 625px) 100vw, 625px\" data-recalc-dims=\"1\" \/><\/a><p id=\"caption-attachment-1651\" class=\"wp-caption-text\">Finca Chamanapamba-II<\/p><\/div>\n<p>Wir sitzen bis sp\u00e4t in die Nacht mit dem &#8222;Housekeeper&#8220; zusammen und reden \u00fcber \u00a0das &#8222;Reisen&#8220;.<\/p>\n<p>&nbsp;<\/p>\n<p>&nbsp;<\/p>\n<p>&nbsp;<\/p>\n","protected":false},"excerpt":{"rendered":"<p>Wir fahren zickzack durch Ecuador, so kommt es uns jedenfalls vor! Nach den arbeitsreichen, aber auch erholsamen Tagen am Pazifik sind wir wieder quer durch das Landesinnere gefahren. Unser Ziel war der (sehr) aktive Vulkan &#8222;Tungurahua&#8220; bei Banos. Zuerst ging es an der K\u00fcste hinauf bis &#8222;Jipijapa&#8220; und danach durch den immergr\u00fcnen Regenwald.<\/p>\n","protected":false},"author":1,"featured_media":0,"comment_status":"open","ping_status":"open","sticky":false,"template":"","format":"gallery","meta":{"spay_email":"","jetpack_publicize_message":"","jetpack_is_tweetstorm":false,"jetpack_publicize_feature_enabled":true},"categories":[1],"tags":[34,35],"jetpack_featured_media_url":"","jetpack_publicize_connections":[],"jetpack_sharing_enabled":true,"jetpack_shortlink":"https:\/\/wp.me\/p6huce-qu","jetpack-related-posts":[{"id":1614,"url":"http:\/\/my-alps.de\/?p=1614","url_meta":{"origin":1642,"position":0},"title":"Ecuador &#8211; entschleunigt leben","date":"17. September 2014","format":"gallery","excerpt":"Mittlerweile sitzen wir wieder mal an der K\u00fcste des Pazifiks und schauen auf das graue und endlose Meer hinaus. Etwa 500 Meter von uns entfernt tummeln sich ein paar Wale, machen sch\u00f6ne \"Bauchpflatscher\" oder schlagen mit ihren Schwanzflossen auf's Wasser. Pelikane und Fregattv\u00f6gel lassen sich vom Aufwind an der Steilk\u00fcste\u2026","rel":"","context":"In &quot;News&quot;","img":{"alt_text":"","src":"https:\/\/i0.wp.com\/my-alps.de\/wp-content\/uploads\/2014\/09\/wir-machen-auch-mal-Pause.jpg?resize=350%2C200","width":350,"height":200},"classes":[]},{"id":1653,"url":"http:\/\/my-alps.de\/?p=1653","url_meta":{"origin":1642,"position":1},"title":"zum aktiven Vulkan Tungurahua","date":"24. September 2014","format":"gallery","excerpt":"Den ersten Tag, den wir in Banos verbracht haben konnten wir den Vulkan nur hinter dichten Wolken erahnen. Wir haben deshalb einige Ausfl\u00fcge zu den Wasserf\u00e4llen in der Gegend gemacht und uns Banos angeschaut. Doch am zweiten Tag hat das Wetter f\u00fcr einige Minuten etwas Nachsicht ge\u00fcbt und wir haben\u2026","rel":"","context":"In &quot;News&quot;","img":{"alt_text":"","src":"https:\/\/i0.wp.com\/my-alps.de\/wp-content\/uploads\/2014\/09\/Vulkan-Tungurahua-II-ce4-dfine.jpg?resize=350%2C200","width":350,"height":200},"classes":[]},{"id":1578,"url":"http:\/\/my-alps.de\/?p=1578","url_meta":{"origin":1642,"position":2},"title":"unsere pers\u00f6nliche Traumstra\u00dfe in Peru","date":"9. September 2014","format":"gallery","excerpt":"\"eigentlich\" wollten wir gar nicht nach Cajamarca fahren, doch nur die Panamerikana an der verm\u00fcllten K\u00fcste in Peru, zwischen verr\u00fcckten Taxifahren und selbstm\u00f6rderischen LKW's abzuhaken war uns dann doch zu langweilig. Gl\u00fcck gehabt! So sind wir nach unserem Besuch der Lehmziegelstadt \"Chan-Chan\" nur ein kleines St\u00fcck nach Norden hoch und\u2026","rel":"","context":"In &quot;News&quot;","img":{"alt_text":"","src":"https:\/\/i0.wp.com\/my-alps.de\/wp-content\/uploads\/2014\/09\/steile-Felder-ce4-HD.jpg?resize=350%2C200","width":350,"height":200},"classes":[]},{"id":1704,"url":"http:\/\/my-alps.de\/?p=1704","url_meta":{"origin":1642,"position":3},"title":"Kreuz und Quer durch Kolumbien ist (k)eine Kaffeefahrt","date":"12. Oktober 2014","format":"gallery","excerpt":"Kolumbien wird durch drei Gebirgsformationen der Anden in der L\u00e4nge nach, nebeneinander durchzogen. Das bedeutet, man kreuzt st\u00e4ndig zwischen Gebirge und dem dazwischenliegenden gro\u00dfen Flusstal. Wir sind in die Kaffeeregion im Herzen von Kolumbien, nach Salento gefahren. Dort haben wir unsere ersten eigenen Kaffeebohnen geerntet und gelernt wie viele Arbeitsschritte\u2026","rel":"","context":"In &quot;News&quot;","img":{"alt_text":"","src":"https:\/\/i0.wp.com\/my-alps.de\/wp-content\/uploads\/2014\/10\/superricccccoooo.jpg?resize=350%2C200","width":350,"height":200},"classes":[]},{"id":1664,"url":"http:\/\/my-alps.de\/?p=1664","url_meta":{"origin":1642,"position":4},"title":"Paramo und Papallacta","date":"28. September 2014","format":"gallery","excerpt":"Im schwefelhaltigen Wasser der Thermen \u00a0von Papallacta haben wir uns sch\u00f6n entspannt (und gereinigt!). Die Landschaft hat ihr Bild\u00a0total ver\u00e4ndert und wir sind schon wieder auf 3.300 Meter. \u00dcberall dr\u00e4ngen Wasserf\u00e4lle aus den Bergen in das schmale Tal und die Stra\u00dfe ist durch die vielen Erdbeben und aktiven Vulkane einem\u2026","rel":"","context":"In &quot;News&quot;","img":{"alt_text":"","src":"https:\/\/i0.wp.com\/my-alps.de\/wp-content\/uploads\/2014\/09\/Cerro-Antisana-5.700-m-ce4.jpg?resize=350%2C200","width":350,"height":200},"classes":[]},{"id":1679,"url":"http:\/\/my-alps.de\/?p=1679","url_meta":{"origin":1642,"position":5},"title":"Guerillas im Nebel &#8211; Trampolin of Death","date":"4. Oktober 2014","format":"gallery","excerpt":"Ecuador haben wir hinter uns gelassen und jetzt sind wir in unserem (vorerst) letzten Land in S\u00fcdamerika durch das unsere Reise Einklang der Anden f\u00fchrt. Als erster Anlaufpunkt nach der Erledigung der Grenzformalit\u00e4ten bei der Ausreise von Ecuador und der Einreise nach Kolumbien (diesmal alles ganz harmlos), bietet sich die\u2026","rel":"","context":"In &quot;News&quot;","img":{"alt_text":"","src":"https:\/\/i0.wp.com\/my-alps.de\/wp-content\/uploads\/2014\/10\/Trampolin-of-Death-4-ce4.jpg?resize=350%2C200","width":350,"height":200},"classes":[]}],"_links":{"self":[{"href":"http:\/\/my-alps.de\/index.php?rest_route=\/wp\/v2\/posts\/1642"}],"collection":[{"href":"http:\/\/my-alps.de\/index.php?rest_route=\/wp\/v2\/posts"}],"about":[{"href":"http:\/\/my-alps.de\/index.php?rest_route=\/wp\/v2\/types\/post"}],"author":[{"embeddable":true,"href":"http:\/\/my-alps.de\/index.php?rest_route=\/wp\/v2\/users\/1"}],"replies":[{"embeddable":true,"href":"http:\/\/my-alps.de\/index.php?rest_route=%2Fwp%2Fv2%2Fcomments&post=1642"}],"version-history":[{"count":3,"href":"http:\/\/my-alps.de\/index.php?rest_route=\/wp\/v2\/posts\/1642\/revisions"}],"predecessor-version":[{"id":1652,"href":"http:\/\/my-alps.de\/index.php?rest_route=\/wp\/v2\/posts\/1642\/revisions\/1652"}],"wp:attachment":[{"href":"http:\/\/my-alps.de\/index.php?rest_route=%2Fwp%2Fv2%2Fmedia&parent=1642"}],"wp:term":[{"taxonomy":"category","embeddable":true,"href":"http:\/\/my-alps.de\/index.php?rest_route=%2Fwp%2Fv2%2Fcategories&post=1642"},{"taxonomy":"post_tag","embeddable":true,"href":"http:\/\/my-alps.de\/index.php?rest_route=%2Fwp%2Fv2%2Ftags&post=1642"}],"curies":[{"name":"wp","href":"https:\/\/api.w.org\/{rel}","templated":true}]}}