{"id":1631,"date":"2014-09-19T22:23:40","date_gmt":"2014-09-19T20:23:40","guid":{"rendered":"http:\/\/my-alps.de\/?p=1631"},"modified":"2014-09-19T22:25:07","modified_gmt":"2014-09-19T20:25:07","slug":"islamar-der-pazifik-viel-wasser","status":"publish","type":"post","link":"http:\/\/my-alps.de\/?p=1631","title":{"rendered":"IslaMar &#8211; der Pazifik &#8211; viel Wasser"},"content":{"rendered":"<p>Wir haben in den letzten Tagen viel an unserem WOMO<br \/>\ngeschraubt &#8211; \u00e4hhhhh besser wohl &#8211; geschrubbt!<\/p>\n<div id=\"attachment_1632\" style=\"width: 1034px\" class=\"wp-caption aligncenter\"><a href=\"https:\/\/i0.wp.com\/my-alps.de\/wp-content\/uploads\/2014\/09\/Silberstreif-am-Horizont-aef2.jpg\"><img aria-describedby=\"caption-attachment-1632\" data-attachment-id=\"1632\" data-permalink=\"http:\/\/my-alps.de\/?attachment_id=1632\" data-orig-file=\"https:\/\/i0.wp.com\/my-alps.de\/wp-content\/uploads\/2014\/09\/Silberstreif-am-Horizont-aef2.jpg?fit=1024%2C683\" data-orig-size=\"1024,683\" data-comments-opened=\"1\" data-image-meta=\"{&quot;aperture&quot;:&quot;13&quot;,&quot;credit&quot;:&quot;&quot;,&quot;camera&quot;:&quot;SLT-A99V&quot;,&quot;caption&quot;:&quot;&quot;,&quot;created_timestamp&quot;:&quot;1410971649&quot;,&quot;copyright&quot;:&quot;&quot;,&quot;focal_length&quot;:&quot;70&quot;,&quot;iso&quot;:&quot;50&quot;,&quot;shutter_speed&quot;:&quot;1.5&quot;,&quot;title&quot;:&quot;&quot;}\" data-image-title=\"Silberstreif am Horizont-aef2\" data-image-description=\"&lt;p&gt;Silberstreif am Horizont&lt;\/p&gt;\n\" data-image-caption=\"&lt;p&gt;Silberstreif am Horizont&lt;\/p&gt;\n\" data-medium-file=\"https:\/\/i0.wp.com\/my-alps.de\/wp-content\/uploads\/2014\/09\/Silberstreif-am-Horizont-aef2.jpg?fit=300%2C200\" data-large-file=\"https:\/\/i0.wp.com\/my-alps.de\/wp-content\/uploads\/2014\/09\/Silberstreif-am-Horizont-aef2.jpg?fit=625%2C417\" loading=\"lazy\" class=\"size-full wp-image-1632\" alt=\"Silberstreif am Horizont\" src=\"https:\/\/i0.wp.com\/my-alps.de\/wp-content\/uploads\/2014\/09\/Silberstreif-am-Horizont-aef2.jpg?resize=625%2C417\" width=\"625\" height=\"417\" srcset=\"https:\/\/i0.wp.com\/my-alps.de\/wp-content\/uploads\/2014\/09\/Silberstreif-am-Horizont-aef2.jpg?w=1024 1024w, https:\/\/i0.wp.com\/my-alps.de\/wp-content\/uploads\/2014\/09\/Silberstreif-am-Horizont-aef2.jpg?resize=300%2C200 300w\" sizes=\"(max-width: 625px) 100vw, 625px\" data-recalc-dims=\"1\" \/><\/a><p id=\"caption-attachment-1632\" class=\"wp-caption-text\">Silberstreif am Horizont<\/p><\/div>\n<p><!--more-->Passend zum vielen Wasser im Pazifik hat sich der gesamte Inhalt unseres Wassertanks (100 Liter) w\u00e4hrend dem fahren in das Innere der Kabine entleert. Durch die ganze R\u00fcttelei auf den Pisten im vergangenen Jahr ist die Verschraubung am Warmwasserboiler gaaaaaannnz langsam aufgegangen. Die Wasserpumpe hat dann gemerkt das kein Druck mehr vorhanden ist und sauber den Tank leergepumpt.\u00a0Dann haben wir noch gemerkt, dass der Abwasserschlauch vom Sp\u00fclbecken durch die Schubladenausz\u00fcge einige L\u00f6cher bekommen hat. Der Schlauch hat sich richtig sch\u00f6n &#8222;reinger\u00fcttelt&#8220;.\u00a0Das Absp\u00fclwasser hat sich leider unerlaubter Weise unter den Schubladen verbreitet. Der Schlauch ist wieder repariert und ich kann endlich die Aussicht auf das wundersch\u00f6ne Meer genie\u00dfen und ein paar Bilder knipsen.<\/p>\n<div id=\"attachment_1633\" style=\"width: 1034px\" class=\"wp-caption aligncenter\"><a href=\"https:\/\/i0.wp.com\/my-alps.de\/wp-content\/uploads\/2014\/09\/Der-Pelikan-I-ce4.jpg\"><img aria-describedby=\"caption-attachment-1633\" data-attachment-id=\"1633\" data-permalink=\"http:\/\/my-alps.de\/?attachment_id=1633\" data-orig-file=\"https:\/\/i0.wp.com\/my-alps.de\/wp-content\/uploads\/2014\/09\/Der-Pelikan-I-ce4.jpg?fit=1024%2C576\" data-orig-size=\"1024,576\" data-comments-opened=\"1\" data-image-meta=\"{&quot;aperture&quot;:&quot;8&quot;,&quot;credit&quot;:&quot;&quot;,&quot;camera&quot;:&quot;SLT-A99V&quot;,&quot;caption&quot;:&quot;&quot;,&quot;created_timestamp&quot;:&quot;1411130367&quot;,&quot;copyright&quot;:&quot;&quot;,&quot;focal_length&quot;:&quot;500&quot;,&quot;iso&quot;:&quot;160&quot;,&quot;shutter_speed&quot;:&quot;0.002&quot;,&quot;title&quot;:&quot;&quot;}\" data-image-title=\"Der Pelikan-I-ce4\" data-image-description=\"&lt;p&gt;Der Pelikan-I&lt;\/p&gt;\n\" data-image-caption=\"&lt;p&gt;Der Pelikan-I&lt;\/p&gt;\n\" data-medium-file=\"https:\/\/i0.wp.com\/my-alps.de\/wp-content\/uploads\/2014\/09\/Der-Pelikan-I-ce4.jpg?fit=300%2C168\" data-large-file=\"https:\/\/i0.wp.com\/my-alps.de\/wp-content\/uploads\/2014\/09\/Der-Pelikan-I-ce4.jpg?fit=625%2C352\" loading=\"lazy\" class=\"size-full wp-image-1633\" alt=\"Der Pelikan-I\" src=\"https:\/\/i0.wp.com\/my-alps.de\/wp-content\/uploads\/2014\/09\/Der-Pelikan-I-ce4.jpg?resize=625%2C352\" width=\"625\" height=\"352\" srcset=\"https:\/\/i0.wp.com\/my-alps.de\/wp-content\/uploads\/2014\/09\/Der-Pelikan-I-ce4.jpg?w=1024 1024w, https:\/\/i0.wp.com\/my-alps.de\/wp-content\/uploads\/2014\/09\/Der-Pelikan-I-ce4.jpg?resize=300%2C168 300w\" sizes=\"(max-width: 625px) 100vw, 625px\" data-recalc-dims=\"1\" \/><\/a><p id=\"caption-attachment-1633\" class=\"wp-caption-text\">Der Pelikan-I<\/p><\/div>\n<p>Die Pelikane fliegen direkt an unserem Fenster vorbei.<br \/>\nDen ganzen Tag segeln sie an der K\u00fcste hin und her<br \/>\nund halten nach Futter Ausschau.<\/p>\n<div id=\"attachment_1634\" style=\"width: 1034px\" class=\"wp-caption aligncenter\"><a href=\"https:\/\/i0.wp.com\/my-alps.de\/wp-content\/uploads\/2014\/09\/Meeresdunst.jpg\"><img aria-describedby=\"caption-attachment-1634\" data-attachment-id=\"1634\" data-permalink=\"http:\/\/my-alps.de\/?attachment_id=1634\" data-orig-file=\"https:\/\/i0.wp.com\/my-alps.de\/wp-content\/uploads\/2014\/09\/Meeresdunst.jpg?fit=1024%2C576\" data-orig-size=\"1024,576\" data-comments-opened=\"1\" data-image-meta=\"{&quot;aperture&quot;:&quot;16&quot;,&quot;credit&quot;:&quot;&quot;,&quot;camera&quot;:&quot;SLT-A99V&quot;,&quot;caption&quot;:&quot;&quot;,&quot;created_timestamp&quot;:&quot;1410971576&quot;,&quot;copyright&quot;:&quot;&quot;,&quot;focal_length&quot;:&quot;70&quot;,&quot;iso&quot;:&quot;100&quot;,&quot;shutter_speed&quot;:&quot;0.1&quot;,&quot;title&quot;:&quot;&quot;}\" data-image-title=\"Meeresdunst\" data-image-description=\"&lt;p&gt;Meeresdunst&lt;\/p&gt;\n\" data-image-caption=\"&lt;p&gt;Meeresdunst&lt;\/p&gt;\n\" data-medium-file=\"https:\/\/i0.wp.com\/my-alps.de\/wp-content\/uploads\/2014\/09\/Meeresdunst.jpg?fit=300%2C168\" data-large-file=\"https:\/\/i0.wp.com\/my-alps.de\/wp-content\/uploads\/2014\/09\/Meeresdunst.jpg?fit=625%2C352\" loading=\"lazy\" class=\"size-full wp-image-1634\" alt=\"Meeresdunst\" src=\"https:\/\/i0.wp.com\/my-alps.de\/wp-content\/uploads\/2014\/09\/Meeresdunst.jpg?resize=625%2C352\" width=\"625\" height=\"352\" srcset=\"https:\/\/i0.wp.com\/my-alps.de\/wp-content\/uploads\/2014\/09\/Meeresdunst.jpg?w=1024 1024w, https:\/\/i0.wp.com\/my-alps.de\/wp-content\/uploads\/2014\/09\/Meeresdunst.jpg?resize=300%2C168 300w\" sizes=\"(max-width: 625px) 100vw, 625px\" data-recalc-dims=\"1\" \/><\/a><p id=\"caption-attachment-1634\" class=\"wp-caption-text\">Meeresdunst<\/p><\/div>\n<p>Zwischen kurzen sonnigen Abschnitten ziehen sch\u00f6ne Wolken-formationen tief \u00fcber dem Wasser dahin. Die Kamera habe ich von links nach rechts w\u00e4hrend der Belichtung geschwenkt.<\/p>\n<div id=\"attachment_1635\" style=\"width: 1034px\" class=\"wp-caption aligncenter\"><a href=\"https:\/\/i0.wp.com\/my-alps.de\/wp-content\/uploads\/2014\/09\/Wellenfluss-I-ce4.jpg\"><img aria-describedby=\"caption-attachment-1635\" data-attachment-id=\"1635\" data-permalink=\"http:\/\/my-alps.de\/?attachment_id=1635\" data-orig-file=\"https:\/\/i0.wp.com\/my-alps.de\/wp-content\/uploads\/2014\/09\/Wellenfluss-I-ce4.jpg?fit=1024%2C683\" data-orig-size=\"1024,683\" data-comments-opened=\"1\" data-image-meta=\"{&quot;aperture&quot;:&quot;11&quot;,&quot;credit&quot;:&quot;&quot;,&quot;camera&quot;:&quot;SLT-A99V&quot;,&quot;caption&quot;:&quot;&quot;,&quot;created_timestamp&quot;:&quot;1410972557&quot;,&quot;copyright&quot;:&quot;&quot;,&quot;focal_length&quot;:&quot;35&quot;,&quot;iso&quot;:&quot;50&quot;,&quot;shutter_speed&quot;:&quot;30&quot;,&quot;title&quot;:&quot;&quot;}\" data-image-title=\"Wellenfluss-I-ce4\" data-image-description=\"&lt;p&gt;Wellenfluss-I&lt;\/p&gt;\n\" data-image-caption=\"&lt;p&gt;Wellenfluss-I&lt;\/p&gt;\n\" data-medium-file=\"https:\/\/i0.wp.com\/my-alps.de\/wp-content\/uploads\/2014\/09\/Wellenfluss-I-ce4.jpg?fit=300%2C200\" data-large-file=\"https:\/\/i0.wp.com\/my-alps.de\/wp-content\/uploads\/2014\/09\/Wellenfluss-I-ce4.jpg?fit=625%2C417\" loading=\"lazy\" class=\"size-full wp-image-1635\" alt=\"Wellenfluss-I\" src=\"https:\/\/i0.wp.com\/my-alps.de\/wp-content\/uploads\/2014\/09\/Wellenfluss-I-ce4.jpg?resize=625%2C417\" width=\"625\" height=\"417\" srcset=\"https:\/\/i0.wp.com\/my-alps.de\/wp-content\/uploads\/2014\/09\/Wellenfluss-I-ce4.jpg?w=1024 1024w, https:\/\/i0.wp.com\/my-alps.de\/wp-content\/uploads\/2014\/09\/Wellenfluss-I-ce4.jpg?resize=300%2C200 300w\" sizes=\"(max-width: 625px) 100vw, 625px\" data-recalc-dims=\"1\" \/><\/a><p id=\"caption-attachment-1635\" class=\"wp-caption-text\">Wellenfluss-I<\/p><\/div>\n<p>An den Felsen brechen sich sch\u00e4umend die Wellen und bei einer Belichtungszeit von 30 Sek. bekommt man sch\u00f6ne &#8222;Flussbilder&#8220;.<\/p>\n<div id=\"attachment_1636\" style=\"width: 1034px\" class=\"wp-caption aligncenter\"><a href=\"https:\/\/i0.wp.com\/my-alps.de\/wp-content\/uploads\/2014\/09\/Wellenschaum-I-ce4.jpg\"><img aria-describedby=\"caption-attachment-1636\" data-attachment-id=\"1636\" data-permalink=\"http:\/\/my-alps.de\/?attachment_id=1636\" data-orig-file=\"https:\/\/i0.wp.com\/my-alps.de\/wp-content\/uploads\/2014\/09\/Wellenschaum-I-ce4.jpg?fit=1024%2C683\" data-orig-size=\"1024,683\" data-comments-opened=\"1\" data-image-meta=\"{&quot;aperture&quot;:&quot;19&quot;,&quot;credit&quot;:&quot;&quot;,&quot;camera&quot;:&quot;SLT-A99V&quot;,&quot;caption&quot;:&quot;&quot;,&quot;created_timestamp&quot;:&quot;1411042072&quot;,&quot;copyright&quot;:&quot;&quot;,&quot;focal_length&quot;:&quot;200&quot;,&quot;iso&quot;:&quot;160&quot;,&quot;shutter_speed&quot;:&quot;0.002&quot;,&quot;title&quot;:&quot;&quot;}\" data-image-title=\"Wellenschaum-I-ce4\" data-image-description=\"&lt;p&gt;Wellenschaum-I&lt;\/p&gt;\n\" data-image-caption=\"&lt;p&gt;Wellenschaum-I&lt;\/p&gt;\n\" data-medium-file=\"https:\/\/i0.wp.com\/my-alps.de\/wp-content\/uploads\/2014\/09\/Wellenschaum-I-ce4.jpg?fit=300%2C200\" data-large-file=\"https:\/\/i0.wp.com\/my-alps.de\/wp-content\/uploads\/2014\/09\/Wellenschaum-I-ce4.jpg?fit=625%2C417\" loading=\"lazy\" class=\"size-full wp-image-1636\" alt=\"Wellenschaum-I\" src=\"https:\/\/i0.wp.com\/my-alps.de\/wp-content\/uploads\/2014\/09\/Wellenschaum-I-ce4.jpg?resize=625%2C417\" width=\"625\" height=\"417\" srcset=\"https:\/\/i0.wp.com\/my-alps.de\/wp-content\/uploads\/2014\/09\/Wellenschaum-I-ce4.jpg?w=1024 1024w, https:\/\/i0.wp.com\/my-alps.de\/wp-content\/uploads\/2014\/09\/Wellenschaum-I-ce4.jpg?resize=300%2C200 300w\" sizes=\"(max-width: 625px) 100vw, 625px\" data-recalc-dims=\"1\" \/><\/a><p id=\"caption-attachment-1636\" class=\"wp-caption-text\">Wellenschaum-I<\/p><\/div>\n<p>Bei einer 500stel Sekunde bleiben aber nur Tropfen \u00fcbrig.<\/p>\n","protected":false},"excerpt":{"rendered":"<p>Wir haben in den letzten Tagen viel an unserem WOMO geschraubt &#8211; \u00e4hhhhh besser wohl &#8211; geschrubbt!<\/p>\n","protected":false},"author":1,"featured_media":0,"comment_status":"open","ping_status":"open","sticky":false,"template":"","format":"gallery","meta":{"spay_email":"","jetpack_publicize_message":"","jetpack_is_tweetstorm":false,"jetpack_publicize_feature_enabled":true},"categories":[1,8],"tags":[],"jetpack_featured_media_url":"","jetpack_publicize_connections":[],"jetpack_sharing_enabled":true,"jetpack_shortlink":"https:\/\/wp.me\/p6huce-qj","jetpack-related-posts":[{"id":1334,"url":"http:\/\/my-alps.de\/?p=1334","url_meta":{"origin":1631,"position":0},"title":"Lagunenroute in Bolivien &#8211; Teil 2","date":"17. Juli 2014","format":"gallery","excerpt":"Lagunenroute - 2. Abschnitt Von der Laguna Colorada zu den \u201eRocas\u201c Am n\u00e4chsten Morgen (es hat in der Nacht minus 15 Grad gehabt) sind die R\u00e4nder der Lagune zugefroren und in der Ferne sieht man Salzformationen, die wie Gletscherabbr\u00fcche aussehen. Gegen Mittag ist dann alles Eis geschmolzen und man sieht\u2026","rel":"","context":"In &quot;News&quot;","img":{"alt_text":"","src":"https:\/\/i0.wp.com\/my-alps.de\/wp-content\/uploads\/2014\/07\/Rocas-2.HDR_.jpg?resize=350%2C200","width":350,"height":200},"classes":[]},{"id":934,"url":"http:\/\/my-alps.de\/?p=934","url_meta":{"origin":1631,"position":1},"title":"Fortsetzung Castro &#8211; von sch\u00f6nen Holzkirchen und frischen Fischen","date":"30. M\u00e4rz 2014","format":"gallery","excerpt":"Wir sind im zweiten Teil unserer Reise \u00fcber die Insel Chiloe\u2019 in der kleinen Stadt \u201eCastro\u201c gelandet. Castro ist, wie der Rest der Insel auch, ber\u00fchmt f\u00fcr seine einzigartige Holzkirche. Zugegeben, von aussen wirkt die \u201eKathedrale\u201c etwas kitschig, und die Fassade ist mit Blechtafeln verkleidet, aber sobald man durch einen\u2026","rel":"","context":"In &quot;News&quot;","img":{"alt_text":"","src":"https:\/\/i0.wp.com\/my-alps.de\/wp-content\/uploads\/2014\/03\/Klein-Venedig-ganz-klein.jpg?resize=350%2C200","width":350,"height":200},"classes":[]},{"id":1549,"url":"http:\/\/my-alps.de\/?p=1549","url_meta":{"origin":1631,"position":2},"title":"Die Nationalparks Paracas und Lachay","date":"29. August 2014","format":"gallery","excerpt":"Auf unserem Weg von Nazca nach Lima haben wir in dem Naturpark \u201eParacas\u201c einen kleinen Zwischenstopp eingelegt. Wir kamen ziemlich sp\u00e4t an, und die untergehende Sonne hat mit den unz\u00e4hligen Sand-und Salzpartikeln in der Luft eine wundersch\u00f6ne F\u00e4rbung erhalten (es war ziemlich windig). In dem NP kann man das direkte\u2026","rel":"","context":"In &quot;News&quot;","img":{"alt_text":"Sonnenuntergang in der W\u00c3\u00bcste","src":"https:\/\/i0.wp.com\/my-alps.de\/wp-content\/uploads\/2014\/08\/Sonnenuntergang-in-der-W\u00c3\u00bcste-ce4-dfine-HD.jpg?resize=350%2C200","width":350,"height":200},"classes":[]},{"id":883,"url":"http:\/\/my-alps.de\/?p=883","url_meta":{"origin":1631,"position":3},"title":"Insel Chiloe\u2019","date":"26. M\u00e4rz 2014","format":"gallery","excerpt":"Die Insel Chiloe\u2019 ist von Puerto Montt auf einer gut ausgebauten Autobahn in ca. 1 1\/2 Stunden Fahrt zu erreichen. \u00dcber die Meerenge zwischen dem Festland und der Insel wird (wie in Chile \u00fcblich) mit einer offenen F\u00e4hre \u00fcbergesetzt. Die Fahrtzeit betr\u00e4gt etwa eine halbe Stunde und kostet f\u00fcr unser\u2026","rel":"","context":"In &quot;News&quot;","img":{"alt_text":"","src":"https:\/\/i0.wp.com\/my-alps.de\/wp-content\/uploads\/2014\/03\/wir-sind-auf.....jpg?resize=350%2C200","width":350,"height":200},"classes":[]},{"id":1564,"url":"http:\/\/my-alps.de\/?p=1564","url_meta":{"origin":1631,"position":4},"title":"Cordillera Blanca","date":"9. September 2014","format":"gallery","excerpt":"Nachdem wir Lima verlassen hatten wollten wir nicht\u00a0unn\u00f6tig weiter an der K\u00fcste hochfahren, und haben die\u00a0n\u00e4chste M\u00f6glichkeit genutzt um in die Bergwelt der \"Cordillera Blanca\" abzubiegen. Bei Paramonga am Pazifik biegt man in das Tal des\u00a0Rio Fortaleza ab und f\u00e4hrt von Meeresh\u00f6he wieder\u00a0hinauf auf ca. 4.000 Meter. Dann steht man\u2026","rel":"","context":"In &quot;News&quot;","img":{"alt_text":"","src":"https:\/\/i0.wp.com\/my-alps.de\/wp-content\/uploads\/2014\/09\/Lago-Llanganuco-Orkoncocha-ce4.jpg?resize=350%2C200","width":350,"height":200},"classes":[]},{"id":1182,"url":"http:\/\/my-alps.de\/?p=1182","url_meta":{"origin":1631,"position":5},"title":"\u2026.immer diese Grenzer!","date":"4. Juni 2014","format":"gallery","excerpt":"Als Angeh\u00f6riger des Schengener Abkommens ist einem der Umgang bei der Grenzabfertigung etwas abhanden gekommen. So haben wir uns bei der \u00dcberquerung der Grenze von Chile nach Argentinien am \u201ePaso Cristo Redentor\u201c von einen netten Herrn erst mal an der falschen Zollstelle anstellen lassen. Die Dame am Zoll hat flei\u00dfig\u2026","rel":"","context":"In &quot;News&quot;","img":{"alt_text":"","src":"https:\/\/i0.wp.com\/my-alps.de\/wp-content\/uploads\/2014\/06\/Via-PanAm-Argentinien.jpg?resize=350%2C200","width":350,"height":200},"classes":[]}],"_links":{"self":[{"href":"http:\/\/my-alps.de\/index.php?rest_route=\/wp\/v2\/posts\/1631"}],"collection":[{"href":"http:\/\/my-alps.de\/index.php?rest_route=\/wp\/v2\/posts"}],"about":[{"href":"http:\/\/my-alps.de\/index.php?rest_route=\/wp\/v2\/types\/post"}],"author":[{"embeddable":true,"href":"http:\/\/my-alps.de\/index.php?rest_route=\/wp\/v2\/users\/1"}],"replies":[{"embeddable":true,"href":"http:\/\/my-alps.de\/index.php?rest_route=%2Fwp%2Fv2%2Fcomments&post=1631"}],"version-history":[{"count":3,"href":"http:\/\/my-alps.de\/index.php?rest_route=\/wp\/v2\/posts\/1631\/revisions"}],"predecessor-version":[{"id":1639,"href":"http:\/\/my-alps.de\/index.php?rest_route=\/wp\/v2\/posts\/1631\/revisions\/1639"}],"wp:attachment":[{"href":"http:\/\/my-alps.de\/index.php?rest_route=%2Fwp%2Fv2%2Fmedia&parent=1631"}],"wp:term":[{"taxonomy":"category","embeddable":true,"href":"http:\/\/my-alps.de\/index.php?rest_route=%2Fwp%2Fv2%2Fcategories&post=1631"},{"taxonomy":"post_tag","embeddable":true,"href":"http:\/\/my-alps.de\/index.php?rest_route=%2Fwp%2Fv2%2Ftags&post=1631"}],"curies":[{"name":"wp","href":"https:\/\/api.w.org\/{rel}","templated":true}]}}