{"id":1614,"date":"2014-09-17T19:21:14","date_gmt":"2014-09-17T17:21:14","guid":{"rendered":"http:\/\/my-alps.de\/?p=1614"},"modified":"2014-09-17T21:02:50","modified_gmt":"2014-09-17T19:02:50","slug":"ecuador-entschleunigt-leben","status":"publish","type":"post","link":"http:\/\/my-alps.de\/?p=1614","title":{"rendered":"Ecuador &#8211; entschleunigt leben"},"content":{"rendered":"<p>Mittlerweile sitzen wir wieder mal an der K\u00fcste des Pazifiks<br \/>\nund schauen auf das graue und endlose Meer hinaus.<br \/>\nEtwa 500 Meter von uns entfernt tummeln sich ein paar Wale, machen sch\u00f6ne &#8222;Bauchpflatscher&#8220; oder schlagen mit ihren Schwanzflossen auf&#8217;s Wasser.<br \/>\nPelikane und Fregattv\u00f6gel lassen sich vom Aufwind<br \/>\nan der Steilk\u00fcste hin und her treiben.<br \/>\nNieselregen perlt von den Scheiben unseres WoMo&#8217;s<br \/>\nund wir blicken auf den grauen Horizont der in der Ferne<br \/>\nmit dem Himmel eine kaum auszumachende Linie bildet.<\/p>\n<p>Alles ganz entspannt.<\/p>\n<div id=\"attachment_1627\" style=\"width: 693px\" class=\"wp-caption aligncenter\"><a href=\"https:\/\/i0.wp.com\/my-alps.de\/wp-content\/uploads\/2014\/09\/mach-mal-Pause.jpg\"><img aria-describedby=\"caption-attachment-1627\" data-attachment-id=\"1627\" data-permalink=\"http:\/\/my-alps.de\/?attachment_id=1627\" data-orig-file=\"https:\/\/i0.wp.com\/my-alps.de\/wp-content\/uploads\/2014\/09\/mach-mal-Pause.jpg?fit=683%2C1024\" data-orig-size=\"683,1024\" data-comments-opened=\"1\" data-image-meta=\"{&quot;aperture&quot;:&quot;6.3&quot;,&quot;credit&quot;:&quot;&quot;,&quot;camera&quot;:&quot;NEX-7&quot;,&quot;caption&quot;:&quot;&quot;,&quot;created_timestamp&quot;:&quot;1410700398&quot;,&quot;copyright&quot;:&quot;&quot;,&quot;focal_length&quot;:&quot;24&quot;,&quot;iso&quot;:&quot;100&quot;,&quot;shutter_speed&quot;:&quot;0.005&quot;,&quot;title&quot;:&quot;&quot;}\" data-image-title=\"mach mal Pause\" data-image-description=\"&lt;p&gt;mach mal Pause&lt;\/p&gt;\n\" data-image-caption=\"&lt;p&gt;mach mal Pause&lt;\/p&gt;\n\" data-medium-file=\"https:\/\/i0.wp.com\/my-alps.de\/wp-content\/uploads\/2014\/09\/mach-mal-Pause.jpg?fit=200%2C300\" data-large-file=\"https:\/\/i0.wp.com\/my-alps.de\/wp-content\/uploads\/2014\/09\/mach-mal-Pause.jpg?fit=625%2C937\" loading=\"lazy\" class=\"size-full wp-image-1627\" alt=\"mach mal Pause\" src=\"https:\/\/i0.wp.com\/my-alps.de\/wp-content\/uploads\/2014\/09\/mach-mal-Pause.jpg?resize=625%2C937\" width=\"625\" height=\"937\" srcset=\"https:\/\/i0.wp.com\/my-alps.de\/wp-content\/uploads\/2014\/09\/mach-mal-Pause.jpg?w=683 683w, https:\/\/i0.wp.com\/my-alps.de\/wp-content\/uploads\/2014\/09\/mach-mal-Pause.jpg?resize=200%2C300 200w\" sizes=\"(max-width: 625px) 100vw, 625px\" data-recalc-dims=\"1\" \/><\/a><p id=\"caption-attachment-1627\" class=\"wp-caption-text\">mach mal Pause<\/p><\/div>\n<p><!--more-->War Peru mit seinen todesmutigen Fahrern noch entnervend,<br \/>\nso ist Ecuador das krasse Gegenteil.<br \/>\nAlles geht ganz gelassen zu.<\/p>\n<div id=\"attachment_1628\" style=\"width: 1034px\" class=\"wp-caption aligncenter\"><a href=\"https:\/\/i0.wp.com\/my-alps.de\/wp-content\/uploads\/2014\/09\/wir-machen-auch-mal-Pause.jpg\"><img aria-describedby=\"caption-attachment-1628\" data-attachment-id=\"1628\" data-permalink=\"http:\/\/my-alps.de\/?attachment_id=1628\" data-orig-file=\"https:\/\/i0.wp.com\/my-alps.de\/wp-content\/uploads\/2014\/09\/wir-machen-auch-mal-Pause.jpg?fit=1024%2C1024\" data-orig-size=\"1024,1024\" data-comments-opened=\"1\" data-image-meta=\"{&quot;aperture&quot;:&quot;8&quot;,&quot;credit&quot;:&quot;&quot;,&quot;camera&quot;:&quot;NEX-7&quot;,&quot;caption&quot;:&quot;&quot;,&quot;created_timestamp&quot;:&quot;1410700640&quot;,&quot;copyright&quot;:&quot;&quot;,&quot;focal_length&quot;:&quot;24&quot;,&quot;iso&quot;:&quot;800&quot;,&quot;shutter_speed&quot;:&quot;0.003125&quot;,&quot;title&quot;:&quot;&quot;}\" data-image-title=\"wir machen auch mal Pause\" data-image-description=\"&lt;p&gt;wir machen auch mal Pause&lt;\/p&gt;\n\" data-image-caption=\"&lt;p&gt;wir machen auch mal Pause&lt;\/p&gt;\n\" data-medium-file=\"https:\/\/i0.wp.com\/my-alps.de\/wp-content\/uploads\/2014\/09\/wir-machen-auch-mal-Pause.jpg?fit=300%2C300\" data-large-file=\"https:\/\/i0.wp.com\/my-alps.de\/wp-content\/uploads\/2014\/09\/wir-machen-auch-mal-Pause.jpg?fit=625%2C625\" loading=\"lazy\" class=\"size-full wp-image-1628\" alt=\"wir machen auch mal Pause\" src=\"https:\/\/i0.wp.com\/my-alps.de\/wp-content\/uploads\/2014\/09\/wir-machen-auch-mal-Pause.jpg?resize=625%2C625\" width=\"625\" height=\"625\" srcset=\"https:\/\/i0.wp.com\/my-alps.de\/wp-content\/uploads\/2014\/09\/wir-machen-auch-mal-Pause.jpg?w=1024 1024w, https:\/\/i0.wp.com\/my-alps.de\/wp-content\/uploads\/2014\/09\/wir-machen-auch-mal-Pause.jpg?resize=290%2C290 290w, https:\/\/i0.wp.com\/my-alps.de\/wp-content\/uploads\/2014\/09\/wir-machen-auch-mal-Pause.jpg?resize=300%2C300 300w\" sizes=\"(max-width: 625px) 100vw, 625px\" data-recalc-dims=\"1\" \/><\/a><p id=\"caption-attachment-1628\" class=\"wp-caption-text\">wir machen auch mal Pause<\/p><\/div>\n<p>Die Autos halten sogar an einer roten Ampel und lassen Fu\u00dfg\u00e4nger die Stra\u00dfe \u00fcberqueren.<\/p>\n<p>Unsere Reise f\u00fchrte uns von der Grenze im S\u00fcden \u00fcber eine grandiose Urwaldpiste Richtung Vilcabamba. Die kleine und einspurige Erdpiste schl\u00e4ngelt sich durch den Bergwald,<br \/>\nentlang an tiefen Abgr\u00fcnden.<\/p>\n<div id=\"attachment_1616\" style=\"width: 1034px\" class=\"wp-caption aligncenter\"><a href=\"https:\/\/i0.wp.com\/my-alps.de\/wp-content\/uploads\/2014\/09\/Sandpiste-1-ce4.jpg\"><img aria-describedby=\"caption-attachment-1616\" data-attachment-id=\"1616\" data-permalink=\"http:\/\/my-alps.de\/?attachment_id=1616\" data-orig-file=\"https:\/\/i0.wp.com\/my-alps.de\/wp-content\/uploads\/2014\/09\/Sandpiste-1-ce4.jpg?fit=1024%2C683\" data-orig-size=\"1024,683\" data-comments-opened=\"1\" data-image-meta=\"{&quot;aperture&quot;:&quot;4.5&quot;,&quot;credit&quot;:&quot;&quot;,&quot;camera&quot;:&quot;SLT-A77V&quot;,&quot;caption&quot;:&quot;&quot;,&quot;created_timestamp&quot;:&quot;1410349931&quot;,&quot;copyright&quot;:&quot;&quot;,&quot;focal_length&quot;:&quot;35&quot;,&quot;iso&quot;:&quot;100&quot;,&quot;shutter_speed&quot;:&quot;0.005&quot;,&quot;title&quot;:&quot;&quot;}\" data-image-title=\"Sandpiste-1-ce4\" data-image-description=\"&lt;p&gt;Sandpiste-1&lt;\/p&gt;\n\" data-image-caption=\"&lt;p&gt;Sandpiste-1&lt;\/p&gt;\n\" data-medium-file=\"https:\/\/i0.wp.com\/my-alps.de\/wp-content\/uploads\/2014\/09\/Sandpiste-1-ce4.jpg?fit=300%2C200\" data-large-file=\"https:\/\/i0.wp.com\/my-alps.de\/wp-content\/uploads\/2014\/09\/Sandpiste-1-ce4.jpg?fit=625%2C417\" loading=\"lazy\" class=\"size-full wp-image-1616\" alt=\"Sandpiste-1\" src=\"https:\/\/i0.wp.com\/my-alps.de\/wp-content\/uploads\/2014\/09\/Sandpiste-1-ce4.jpg?resize=625%2C417\" width=\"625\" height=\"417\" srcset=\"https:\/\/i0.wp.com\/my-alps.de\/wp-content\/uploads\/2014\/09\/Sandpiste-1-ce4.jpg?w=1024 1024w, https:\/\/i0.wp.com\/my-alps.de\/wp-content\/uploads\/2014\/09\/Sandpiste-1-ce4.jpg?resize=300%2C200 300w\" sizes=\"(max-width: 625px) 100vw, 625px\" data-recalc-dims=\"1\" \/><\/a><p id=\"caption-attachment-1616\" class=\"wp-caption-text\">Sandpiste-1<\/p><\/div>\n<p>Der letzte Regen hat die Piste<br \/>\nteilweise abrutschen lassen und von oben kam viel Nachschub<br \/>\nan Sand und Ger\u00f6ll. So ist die ohnehin enge Stra\u00dfe noch schm\u00e4ler und es geht dazu noch st\u00e4ndig steil bergauf und bergab.<\/p>\n<div id=\"attachment_1618\" style=\"width: 1034px\" class=\"wp-caption aligncenter\"><a href=\"https:\/\/i0.wp.com\/my-alps.de\/wp-content\/uploads\/2014\/09\/Sandpiste-2-ce4.jpg\"><img aria-describedby=\"caption-attachment-1618\" data-attachment-id=\"1618\" data-permalink=\"http:\/\/my-alps.de\/?attachment_id=1618\" data-orig-file=\"https:\/\/i0.wp.com\/my-alps.de\/wp-content\/uploads\/2014\/09\/Sandpiste-2-ce4.jpg?fit=1024%2C683\" data-orig-size=\"1024,683\" data-comments-opened=\"1\" data-image-meta=\"{&quot;aperture&quot;:&quot;5&quot;,&quot;credit&quot;:&quot;&quot;,&quot;camera&quot;:&quot;SLT-A77V&quot;,&quot;caption&quot;:&quot;&quot;,&quot;created_timestamp&quot;:&quot;1410350153&quot;,&quot;copyright&quot;:&quot;&quot;,&quot;focal_length&quot;:&quot;28&quot;,&quot;iso&quot;:&quot;100&quot;,&quot;shutter_speed&quot;:&quot;0.0025&quot;,&quot;title&quot;:&quot;&quot;}\" data-image-title=\"Sandpiste-2-ce4\" data-image-description=\"&lt;p&gt;Sandpiste-2&lt;\/p&gt;\n\" data-image-caption=\"&lt;p&gt;Sandpiste-2&lt;\/p&gt;\n\" data-medium-file=\"https:\/\/i0.wp.com\/my-alps.de\/wp-content\/uploads\/2014\/09\/Sandpiste-2-ce4.jpg?fit=300%2C200\" data-large-file=\"https:\/\/i0.wp.com\/my-alps.de\/wp-content\/uploads\/2014\/09\/Sandpiste-2-ce4.jpg?fit=625%2C417\" loading=\"lazy\" class=\"size-full wp-image-1618\" alt=\"Sandpiste-2\" src=\"https:\/\/i0.wp.com\/my-alps.de\/wp-content\/uploads\/2014\/09\/Sandpiste-2-ce4.jpg?resize=625%2C417\" width=\"625\" height=\"417\" srcset=\"https:\/\/i0.wp.com\/my-alps.de\/wp-content\/uploads\/2014\/09\/Sandpiste-2-ce4.jpg?w=1024 1024w, https:\/\/i0.wp.com\/my-alps.de\/wp-content\/uploads\/2014\/09\/Sandpiste-2-ce4.jpg?resize=300%2C200 300w\" sizes=\"(max-width: 625px) 100vw, 625px\" data-recalc-dims=\"1\" \/><\/a><p id=\"caption-attachment-1618\" class=\"wp-caption-text\">Sandpiste-2<\/p><\/div>\n<p>Ein Abenteuer der Extraklasse hier zu fahren.<\/p>\n<div id=\"attachment_1619\" style=\"width: 1034px\" class=\"wp-caption aligncenter\"><a href=\"https:\/\/i0.wp.com\/my-alps.de\/wp-content\/uploads\/2014\/09\/Sandpiste-2.1-ce4.jpg\"><img aria-describedby=\"caption-attachment-1619\" data-attachment-id=\"1619\" data-permalink=\"http:\/\/my-alps.de\/?attachment_id=1619\" data-orig-file=\"https:\/\/i0.wp.com\/my-alps.de\/wp-content\/uploads\/2014\/09\/Sandpiste-2.1-ce4.jpg?fit=1024%2C683\" data-orig-size=\"1024,683\" data-comments-opened=\"1\" data-image-meta=\"{&quot;aperture&quot;:&quot;11&quot;,&quot;credit&quot;:&quot;&quot;,&quot;camera&quot;:&quot;SLT-A77V&quot;,&quot;caption&quot;:&quot;&quot;,&quot;created_timestamp&quot;:&quot;1410350329&quot;,&quot;copyright&quot;:&quot;&quot;,&quot;focal_length&quot;:&quot;20&quot;,&quot;iso&quot;:&quot;100&quot;,&quot;shutter_speed&quot;:&quot;0.01&quot;,&quot;title&quot;:&quot;&quot;}\" data-image-title=\"Sandpiste-2.1-ce4\" data-image-description=\"&lt;p&gt;Sandpiste-2.1&lt;\/p&gt;\n\" data-image-caption=\"&lt;p&gt;Sandpiste-2.1&lt;\/p&gt;\n\" data-medium-file=\"https:\/\/i0.wp.com\/my-alps.de\/wp-content\/uploads\/2014\/09\/Sandpiste-2.1-ce4.jpg?fit=300%2C200\" data-large-file=\"https:\/\/i0.wp.com\/my-alps.de\/wp-content\/uploads\/2014\/09\/Sandpiste-2.1-ce4.jpg?fit=625%2C417\" loading=\"lazy\" class=\"size-full wp-image-1619\" alt=\"Sandpiste-2.1\" src=\"https:\/\/i0.wp.com\/my-alps.de\/wp-content\/uploads\/2014\/09\/Sandpiste-2.1-ce4.jpg?resize=625%2C417\" width=\"625\" height=\"417\" srcset=\"https:\/\/i0.wp.com\/my-alps.de\/wp-content\/uploads\/2014\/09\/Sandpiste-2.1-ce4.jpg?w=1024 1024w, https:\/\/i0.wp.com\/my-alps.de\/wp-content\/uploads\/2014\/09\/Sandpiste-2.1-ce4.jpg?resize=300%2C200 300w\" sizes=\"(max-width: 625px) 100vw, 625px\" data-recalc-dims=\"1\" \/><\/a><p id=\"caption-attachment-1619\" class=\"wp-caption-text\">Sandpiste-2.1<\/p><\/div>\n<p>Von der Grenze \u00fcber Zumba bis nach Vilcabamba ist es nicht weit,<br \/>\nlediglich 160 Kilometer, doch wir brauchen den ganzen Tag bis wir<br \/>\ndort ankommen. Die letzten 60 Kilometer sind dann schon eine<br \/>\ngut ausgebaute Stra\u00dfe, die sich durch den Dschungel langsam Richtung Peru vorarbeitet. Wenn die Stra\u00dfe fertiggestellt ist,<br \/>\nf\u00e4llt wieder ein St\u00fcck Abenteuer dem Fortschritt zum Opfer.<\/p>\n<div id=\"attachment_1620\" style=\"width: 1034px\" class=\"wp-caption aligncenter\"><a href=\"https:\/\/i0.wp.com\/my-alps.de\/wp-content\/uploads\/2014\/09\/Ecuador-3-ce4.jpg\"><img aria-describedby=\"caption-attachment-1620\" data-attachment-id=\"1620\" data-permalink=\"http:\/\/my-alps.de\/?attachment_id=1620\" data-orig-file=\"https:\/\/i0.wp.com\/my-alps.de\/wp-content\/uploads\/2014\/09\/Ecuador-3-ce4.jpg?fit=1024%2C683\" data-orig-size=\"1024,683\" data-comments-opened=\"1\" data-image-meta=\"{&quot;aperture&quot;:&quot;11&quot;,&quot;credit&quot;:&quot;&quot;,&quot;camera&quot;:&quot;SLT-A99V&quot;,&quot;caption&quot;:&quot;&quot;,&quot;created_timestamp&quot;:&quot;1410363993&quot;,&quot;copyright&quot;:&quot;&quot;,&quot;focal_length&quot;:&quot;70&quot;,&quot;iso&quot;:&quot;100&quot;,&quot;shutter_speed&quot;:&quot;0.008&quot;,&quot;title&quot;:&quot;&quot;}\" data-image-title=\"Ecuador-3-ce4\" data-image-description=\"&lt;p&gt;Ecuador-3&lt;\/p&gt;\n\" data-image-caption=\"&lt;p&gt;Ecuador-3&lt;\/p&gt;\n\" data-medium-file=\"https:\/\/i0.wp.com\/my-alps.de\/wp-content\/uploads\/2014\/09\/Ecuador-3-ce4.jpg?fit=300%2C200\" data-large-file=\"https:\/\/i0.wp.com\/my-alps.de\/wp-content\/uploads\/2014\/09\/Ecuador-3-ce4.jpg?fit=625%2C417\" loading=\"lazy\" class=\"size-full wp-image-1620\" alt=\"Ecuador-3\" src=\"https:\/\/i0.wp.com\/my-alps.de\/wp-content\/uploads\/2014\/09\/Ecuador-3-ce4.jpg?resize=625%2C417\" width=\"625\" height=\"417\" srcset=\"https:\/\/i0.wp.com\/my-alps.de\/wp-content\/uploads\/2014\/09\/Ecuador-3-ce4.jpg?w=1024 1024w, https:\/\/i0.wp.com\/my-alps.de\/wp-content\/uploads\/2014\/09\/Ecuador-3-ce4.jpg?resize=300%2C200 300w\" sizes=\"(max-width: 625px) 100vw, 625px\" data-recalc-dims=\"1\" \/><\/a><p id=\"caption-attachment-1620\" class=\"wp-caption-text\">Ecuador-3<\/p><\/div>\n<p>Nach Vilcabamba geht es durch eine Landschaft, die sich auch in Galizien befinden k\u00f6nnte. Eukalyptusb\u00e4ume und Koniferen wechseln sich mit satten, tiefgr\u00fcnen Wiesen ab auf denen friedlich schwarz-weisse K\u00fche weiden.<\/p>\n<div id=\"attachment_1621\" style=\"width: 1034px\" class=\"wp-caption aligncenter\"><a href=\"https:\/\/i0.wp.com\/my-alps.de\/wp-content\/uploads\/2014\/09\/Ecuador-2-ce4.jpg\"><img aria-describedby=\"caption-attachment-1621\" data-attachment-id=\"1621\" data-permalink=\"http:\/\/my-alps.de\/?attachment_id=1621\" data-orig-file=\"https:\/\/i0.wp.com\/my-alps.de\/wp-content\/uploads\/2014\/09\/Ecuador-2-ce4.jpg?fit=1024%2C683\" data-orig-size=\"1024,683\" data-comments-opened=\"1\" data-image-meta=\"{&quot;aperture&quot;:&quot;11&quot;,&quot;credit&quot;:&quot;&quot;,&quot;camera&quot;:&quot;SLT-A99V&quot;,&quot;caption&quot;:&quot;&quot;,&quot;created_timestamp&quot;:&quot;1410359370&quot;,&quot;copyright&quot;:&quot;&quot;,&quot;focal_length&quot;:&quot;24&quot;,&quot;iso&quot;:&quot;100&quot;,&quot;shutter_speed&quot;:&quot;0.005&quot;,&quot;title&quot;:&quot;&quot;}\" data-image-title=\"Ecuador-2-ce4\" data-image-description=\"&lt;p&gt;Ecuador-2&lt;\/p&gt;\n\" data-image-caption=\"&lt;p&gt;Ecuador-2&lt;\/p&gt;\n\" data-medium-file=\"https:\/\/i0.wp.com\/my-alps.de\/wp-content\/uploads\/2014\/09\/Ecuador-2-ce4.jpg?fit=300%2C200\" data-large-file=\"https:\/\/i0.wp.com\/my-alps.de\/wp-content\/uploads\/2014\/09\/Ecuador-2-ce4.jpg?fit=625%2C417\" loading=\"lazy\" class=\"size-full wp-image-1621\" alt=\"Ecuador-2\" src=\"https:\/\/i0.wp.com\/my-alps.de\/wp-content\/uploads\/2014\/09\/Ecuador-2-ce4.jpg?resize=625%2C417\" width=\"625\" height=\"417\" srcset=\"https:\/\/i0.wp.com\/my-alps.de\/wp-content\/uploads\/2014\/09\/Ecuador-2-ce4.jpg?w=1024 1024w, https:\/\/i0.wp.com\/my-alps.de\/wp-content\/uploads\/2014\/09\/Ecuador-2-ce4.jpg?resize=300%2C200 300w\" sizes=\"(max-width: 625px) 100vw, 625px\" data-recalc-dims=\"1\" \/><\/a><p id=\"caption-attachment-1621\" class=\"wp-caption-text\">Ecuador-2<\/p><\/div>\n<p>Die Menschen, die wir am Stra\u00dfenrand erleben scheinen zufrieden und gl\u00fccklich hier zu leben.<\/p>\n<div id=\"attachment_1621\" style=\"width: 1034px\" class=\"wp-caption aligncenter\"><a href=\"https:\/\/i0.wp.com\/my-alps.de\/wp-content\/uploads\/2014\/09\/Ecuador-2-ce4.jpg\"><img aria-describedby=\"caption-attachment-1621\" data-attachment-id=\"1621\" data-permalink=\"http:\/\/my-alps.de\/?attachment_id=1621\" data-orig-file=\"https:\/\/i0.wp.com\/my-alps.de\/wp-content\/uploads\/2014\/09\/Ecuador-2-ce4.jpg?fit=1024%2C683\" data-orig-size=\"1024,683\" data-comments-opened=\"1\" data-image-meta=\"{&quot;aperture&quot;:&quot;11&quot;,&quot;credit&quot;:&quot;&quot;,&quot;camera&quot;:&quot;SLT-A99V&quot;,&quot;caption&quot;:&quot;&quot;,&quot;created_timestamp&quot;:&quot;1410359370&quot;,&quot;copyright&quot;:&quot;&quot;,&quot;focal_length&quot;:&quot;24&quot;,&quot;iso&quot;:&quot;100&quot;,&quot;shutter_speed&quot;:&quot;0.005&quot;,&quot;title&quot;:&quot;&quot;}\" data-image-title=\"Ecuador-2-ce4\" data-image-description=\"&lt;p&gt;Ecuador-2&lt;\/p&gt;\n\" data-image-caption=\"&lt;p&gt;Ecuador-2&lt;\/p&gt;\n\" data-medium-file=\"https:\/\/i0.wp.com\/my-alps.de\/wp-content\/uploads\/2014\/09\/Ecuador-2-ce4.jpg?fit=300%2C200\" data-large-file=\"https:\/\/i0.wp.com\/my-alps.de\/wp-content\/uploads\/2014\/09\/Ecuador-2-ce4.jpg?fit=625%2C417\" loading=\"lazy\" class=\"size-full wp-image-1621\" alt=\"Ecuador-2\" src=\"https:\/\/i0.wp.com\/my-alps.de\/wp-content\/uploads\/2014\/09\/Ecuador-2-ce4.jpg?resize=625%2C417\" width=\"625\" height=\"417\" srcset=\"https:\/\/i0.wp.com\/my-alps.de\/wp-content\/uploads\/2014\/09\/Ecuador-2-ce4.jpg?w=1024 1024w, https:\/\/i0.wp.com\/my-alps.de\/wp-content\/uploads\/2014\/09\/Ecuador-2-ce4.jpg?resize=300%2C200 300w\" sizes=\"(max-width: 625px) 100vw, 625px\" data-recalc-dims=\"1\" \/><\/a><p id=\"caption-attachment-1621\" class=\"wp-caption-text\">Ecuador-2<\/p><\/div>\n<p>In Cuenca, einer quirligen Provinzstadt machen wir halt und besuchen einen sch\u00f6nen Markt in einem nahegelegenen Dorf.<\/p>\n<div id=\"attachment_1625\" style=\"width: 1034px\" class=\"wp-caption aligncenter\"><a href=\"https:\/\/i0.wp.com\/my-alps.de\/wp-content\/uploads\/2014\/09\/Cuenca-Markt-1-ce4.jpg\"><img aria-describedby=\"caption-attachment-1625\" data-attachment-id=\"1625\" data-permalink=\"http:\/\/my-alps.de\/?attachment_id=1625\" data-orig-file=\"https:\/\/i0.wp.com\/my-alps.de\/wp-content\/uploads\/2014\/09\/Cuenca-Markt-1-ce4.jpg?fit=1024%2C576\" data-orig-size=\"1024,576\" data-comments-opened=\"1\" data-image-meta=\"{&quot;aperture&quot;:&quot;5.6&quot;,&quot;credit&quot;:&quot;&quot;,&quot;camera&quot;:&quot;NEX-7&quot;,&quot;caption&quot;:&quot;&quot;,&quot;created_timestamp&quot;:&quot;1410620788&quot;,&quot;copyright&quot;:&quot;&quot;,&quot;focal_length&quot;:&quot;24&quot;,&quot;iso&quot;:&quot;100&quot;,&quot;shutter_speed&quot;:&quot;0.008&quot;,&quot;title&quot;:&quot;&quot;}\" data-image-title=\"Cuenca &#8211; Markt-1-ce4\" data-image-description=\"&lt;p&gt;Markt-1&lt;\/p&gt;\n\" data-image-caption=\"&lt;p&gt;Markt-1&lt;\/p&gt;\n\" data-medium-file=\"https:\/\/i0.wp.com\/my-alps.de\/wp-content\/uploads\/2014\/09\/Cuenca-Markt-1-ce4.jpg?fit=300%2C168\" data-large-file=\"https:\/\/i0.wp.com\/my-alps.de\/wp-content\/uploads\/2014\/09\/Cuenca-Markt-1-ce4.jpg?fit=625%2C352\" loading=\"lazy\" class=\"size-full wp-image-1625\" alt=\"Markt-1\" src=\"https:\/\/i0.wp.com\/my-alps.de\/wp-content\/uploads\/2014\/09\/Cuenca-Markt-1-ce4.jpg?resize=625%2C352\" width=\"625\" height=\"352\" srcset=\"https:\/\/i0.wp.com\/my-alps.de\/wp-content\/uploads\/2014\/09\/Cuenca-Markt-1-ce4.jpg?w=1024 1024w, https:\/\/i0.wp.com\/my-alps.de\/wp-content\/uploads\/2014\/09\/Cuenca-Markt-1-ce4.jpg?resize=300%2C168 300w\" sizes=\"(max-width: 625px) 100vw, 625px\" data-recalc-dims=\"1\" \/><\/a><p id=\"caption-attachment-1625\" class=\"wp-caption-text\">Markt-1<\/p><\/div>\n<p>Die Meerschweinchen in Ecuador haben schon XXX-L Gr\u00f6\u00dfe und schmecken echt lecker &#8211; (als ob es ein Schweinebraten w\u00e4re&#8230;.)<\/p>\n<div id=\"attachment_1626\" style=\"width: 1034px\" class=\"wp-caption aligncenter\"><a href=\"https:\/\/i0.wp.com\/my-alps.de\/wp-content\/uploads\/2014\/09\/Meerschweinchen-XXXL.org_.jpg\"><img aria-describedby=\"caption-attachment-1626\" data-attachment-id=\"1626\" data-permalink=\"http:\/\/my-alps.de\/?attachment_id=1626\" data-orig-file=\"https:\/\/i0.wp.com\/my-alps.de\/wp-content\/uploads\/2014\/09\/Meerschweinchen-XXXL.org_.jpg?fit=1024%2C683\" data-orig-size=\"1024,683\" data-comments-opened=\"1\" data-image-meta=\"{&quot;aperture&quot;:&quot;4&quot;,&quot;credit&quot;:&quot;&quot;,&quot;camera&quot;:&quot;NEX-7&quot;,&quot;caption&quot;:&quot;&quot;,&quot;created_timestamp&quot;:&quot;1410698192&quot;,&quot;copyright&quot;:&quot;&quot;,&quot;focal_length&quot;:&quot;24&quot;,&quot;iso&quot;:&quot;250&quot;,&quot;shutter_speed&quot;:&quot;0.016666666666667&quot;,&quot;title&quot;:&quot;&quot;}\" data-image-title=\"Meerschweinchen XXXL.org\" data-image-description=\"&lt;p&gt;Meerschweinchen XXXL&lt;\/p&gt;\n\" data-image-caption=\"&lt;p&gt;Meerschweinchen XXXL&lt;\/p&gt;\n\" data-medium-file=\"https:\/\/i0.wp.com\/my-alps.de\/wp-content\/uploads\/2014\/09\/Meerschweinchen-XXXL.org_.jpg?fit=300%2C200\" data-large-file=\"https:\/\/i0.wp.com\/my-alps.de\/wp-content\/uploads\/2014\/09\/Meerschweinchen-XXXL.org_.jpg?fit=625%2C417\" loading=\"lazy\" class=\"size-full wp-image-1626\" alt=\"Meerschweinchen XXXL\" src=\"https:\/\/i0.wp.com\/my-alps.de\/wp-content\/uploads\/2014\/09\/Meerschweinchen-XXXL.org_.jpg?resize=625%2C417\" width=\"625\" height=\"417\" srcset=\"https:\/\/i0.wp.com\/my-alps.de\/wp-content\/uploads\/2014\/09\/Meerschweinchen-XXXL.org_.jpg?w=1024 1024w, https:\/\/i0.wp.com\/my-alps.de\/wp-content\/uploads\/2014\/09\/Meerschweinchen-XXXL.org_.jpg?resize=300%2C200 300w\" sizes=\"(max-width: 625px) 100vw, 625px\" data-recalc-dims=\"1\" \/><\/a><p id=\"caption-attachment-1626\" class=\"wp-caption-text\">Meerschweinchen XXXL<\/p><\/div>\n<p>Im Nationalpark Cajas holt uns dann der Regen ein, es ist kalt<br \/>\nund in der H\u00f6he (3.900 m) pfeift ein eisiger Wind.<br \/>\nGrund genug schnell einen Abstecher an die K\u00fcste zu machen.<br \/>\nDort ist es w\u00e4rmer und das atmen f\u00e4llt auch leichter.<\/p>\n<p>Durch endlose Nebelb\u00e4nke fahren wir vom Hochland in lediglich<br \/>\n60 Kilometern bis fast auf Meeresh\u00f6he herunter.<\/p>\n<div id=\"attachment_1623\" style=\"width: 1034px\" class=\"wp-caption aligncenter\"><a href=\"https:\/\/i0.wp.com\/my-alps.de\/wp-content\/uploads\/2014\/09\/Dschungel-1-ce4.jpg\"><img aria-describedby=\"caption-attachment-1623\" data-attachment-id=\"1623\" data-permalink=\"http:\/\/my-alps.de\/?attachment_id=1623\" data-orig-file=\"https:\/\/i0.wp.com\/my-alps.de\/wp-content\/uploads\/2014\/09\/Dschungel-1-ce4.jpg?fit=1024%2C683\" data-orig-size=\"1024,683\" data-comments-opened=\"1\" data-image-meta=\"{&quot;aperture&quot;:&quot;11&quot;,&quot;credit&quot;:&quot;&quot;,&quot;camera&quot;:&quot;SLT-A99V&quot;,&quot;caption&quot;:&quot;&quot;,&quot;created_timestamp&quot;:&quot;1410341128&quot;,&quot;copyright&quot;:&quot;&quot;,&quot;focal_length&quot;:&quot;35&quot;,&quot;iso&quot;:&quot;100&quot;,&quot;shutter_speed&quot;:&quot;0.004&quot;,&quot;title&quot;:&quot;&quot;}\" data-image-title=\"Dschungel-1-ce4\" data-image-description=\"&lt;p&gt;Dschungel-1&lt;\/p&gt;\n\" data-image-caption=\"&lt;p&gt;Dschungel-1&lt;\/p&gt;\n\" data-medium-file=\"https:\/\/i0.wp.com\/my-alps.de\/wp-content\/uploads\/2014\/09\/Dschungel-1-ce4.jpg?fit=300%2C200\" data-large-file=\"https:\/\/i0.wp.com\/my-alps.de\/wp-content\/uploads\/2014\/09\/Dschungel-1-ce4.jpg?fit=625%2C417\" loading=\"lazy\" class=\"size-full wp-image-1623\" alt=\"Dschungel-1\" src=\"https:\/\/i0.wp.com\/my-alps.de\/wp-content\/uploads\/2014\/09\/Dschungel-1-ce4.jpg?resize=625%2C417\" width=\"625\" height=\"417\" srcset=\"https:\/\/i0.wp.com\/my-alps.de\/wp-content\/uploads\/2014\/09\/Dschungel-1-ce4.jpg?w=1024 1024w, https:\/\/i0.wp.com\/my-alps.de\/wp-content\/uploads\/2014\/09\/Dschungel-1-ce4.jpg?resize=300%2C200 300w\" sizes=\"(max-width: 625px) 100vw, 625px\" data-recalc-dims=\"1\" \/><\/a><p id=\"caption-attachment-1623\" class=\"wp-caption-text\">Dschungel-1<\/p><\/div>\n<p>Am Stra\u00dfenrand wachsen riesige Farne und Bananenstauden.<br \/>\nKakaopflanzen bereiten uns etwas R\u00e4tselraten, bis wir dahinter kommen was die langen, braunen Fr\u00fcchte \u00a0beinhalten.<br \/>\n(Tja, mit Schokolade kennt sich Frau H. halt besser aus als ich.)<\/p>\n","protected":false},"excerpt":{"rendered":"<p>Mittlerweile sitzen wir wieder mal an der K\u00fcste des Pazifiks und schauen auf das graue und endlose Meer hinaus. Etwa 500 Meter von uns entfernt tummeln sich ein paar Wale, machen sch\u00f6ne &#8222;Bauchpflatscher&#8220; oder schlagen mit ihren Schwanzflossen auf&#8217;s Wasser. Pelikane und Fregattv\u00f6gel lassen sich vom Aufwind an der Steilk\u00fcste hin und her treiben. Nieselregen [&hellip;]<\/p>\n","protected":false},"author":1,"featured_media":0,"comment_status":"open","ping_status":"open","sticky":false,"template":"","format":"gallery","meta":{"spay_email":"","jetpack_publicize_message":"","jetpack_is_tweetstorm":false,"jetpack_publicize_feature_enabled":true},"categories":[1],"tags":[34],"jetpack_featured_media_url":"","jetpack_publicize_connections":[],"jetpack_sharing_enabled":true,"jetpack_shortlink":"https:\/\/wp.me\/p6huce-q2","jetpack-related-posts":[{"id":1598,"url":"http:\/\/my-alps.de\/?p=1598","url_meta":{"origin":1614,"position":0},"title":"Einreiseformalit\u00e4ten","date":"11. September 2014","format":"gallery","excerpt":"Nachdem unsere \u201eTraumstra\u00dfe\u201c wieder einer normalen\u00a0Stra\u00dfe durch ganz normales Peru gewichen ist, fahren\u00a0wir \u00fcber Jaen und St. Ignazio in Richtung Grenze nach Ecuador. Die Stra\u00dfe ist asphaltiert und gut ausgebaut, es herrscht kaum Verkehr, lediglich in den Orten und den beiden St\u00e4dten das \u00fcbliche Chaos an Taxis, Tuk-Tuk\u2019s und Ochsenkarren.\u2026","rel":"","context":"In &quot;News&quot;","img":{"alt_text":"","src":"https:\/\/i0.wp.com\/my-alps.de\/wp-content\/uploads\/2014\/09\/Grenze-Ecuador.jpg?resize=350%2C200","width":350,"height":200},"classes":[]},{"id":1658,"url":"http:\/\/my-alps.de\/?p=1658","url_meta":{"origin":1614,"position":1},"title":"Dschungelcamp in Warami Sinti","date":"28. September 2014","format":"gallery","excerpt":"Na, das mit der klaren Nacht am Vulkan war wohl nichts - ganz kurz am fr\u00fchen morgen bei Sonnenaufgang hat er sich f\u00fcr 2 Minuten gezeigt - als sch\u00f6n rosa schimmernder, mit schneebedeckter Spitze, rauchender Vulkan. Bis ich aus dem Auto war, und die Kamera auf das Stativ geschraubt hatte\u2026","rel":"","context":"In &quot;News&quot;","img":{"alt_text":"","src":"https:\/\/i0.wp.com\/my-alps.de\/wp-content\/uploads\/2014\/09\/Dschungel-I-ce4.jpg?resize=350%2C200","width":350,"height":200},"classes":[]},{"id":1679,"url":"http:\/\/my-alps.de\/?p=1679","url_meta":{"origin":1614,"position":2},"title":"Guerillas im Nebel &#8211; Trampolin of Death","date":"4. Oktober 2014","format":"gallery","excerpt":"Ecuador haben wir hinter uns gelassen und jetzt sind wir in unserem (vorerst) letzten Land in S\u00fcdamerika durch das unsere Reise Einklang der Anden f\u00fchrt. Als erster Anlaufpunkt nach der Erledigung der Grenzformalit\u00e4ten bei der Ausreise von Ecuador und der Einreise nach Kolumbien (diesmal alles ganz harmlos), bietet sich die\u2026","rel":"","context":"In &quot;News&quot;","img":{"alt_text":"","src":"https:\/\/i0.wp.com\/my-alps.de\/wp-content\/uploads\/2014\/10\/Trampolin-of-Death-4-ce4.jpg?resize=350%2C200","width":350,"height":200},"classes":[]},{"id":1033,"url":"http:\/\/my-alps.de\/?p=1033","url_meta":{"origin":1614,"position":3},"title":"Werkstatt &#8211; 911 &#8211; Wurzelbehandlung am Sto\u00dfd\u00e4mpfer","date":"24. April 2014","format":"gallery","excerpt":"Nach dem wir unser lang ersehntes Paket mit den Ersatzteilen in der Hauptpost Puerto Montt in Empfang genommen haben steht einem Werkstattaufenthalt nichts mehr im Weg. Erst mu\u00df ich allerdings noch das \u201eP\u00e4ckchen\u201c durch die halbe Stadt zum Parkplatz tragen. Ich f\u00fchle mich wie ein Lastesel und bin dann doch\u2026","rel":"","context":"In &quot;News&quot;","img":{"alt_text":"","src":"https:\/\/i0.wp.com\/my-alps.de\/wp-content\/uploads\/2014\/04\/zuerst-die-Scheibe.jpg?resize=350%2C200","width":350,"height":200},"classes":[]},{"id":1642,"url":"http:\/\/my-alps.de\/?p=1642","url_meta":{"origin":1614,"position":4},"title":"nach Banos","date":"24. September 2014","format":"gallery","excerpt":"Wir fahren zickzack durch Ecuador, so kommt es uns jedenfalls vor! Nach den arbeitsreichen, aber auch erholsamen Tagen am Pazifik sind wir wieder quer durch das Landesinnere gefahren. Unser Ziel war der (sehr) aktive Vulkan \"Tungurahua\" bei Banos. Zuerst ging es an der K\u00fcste hinauf bis \"Jipijapa\" und danach durch\u2026","rel":"","context":"In &quot;News&quot;","img":{"alt_text":"","src":"https:\/\/i0.wp.com\/my-alps.de\/wp-content\/uploads\/2014\/09\/Finca-Chamanapamba-II.jpg?resize=350%2C200","width":350,"height":200},"classes":[]},{"id":881,"url":"http:\/\/my-alps.de\/?p=881","url_meta":{"origin":1614,"position":5},"title":"Puerto Montt","date":"26. M\u00e4rz 2014","format":"gallery","excerpt":"Nach 8.808 km (und wahrscheinlich ein paar mehr) die wir jetzt hier in S\u00fcdamerika unterwegs sind haben wir unserem WOMO auch mal etwas Gutes geg\u00f6nnt. Hier in Puerto Montt habe ich eine Werkstatt entdeckt die jegliche Art von Service f\u00fcr \u201egesch\u00fcttelte\u201c Autos anbietet. Wir haben uns f\u00fcr: \u00d6lwechsel und Luftfilterwechsel\u2026","rel":"","context":"In &quot;News&quot;","img":{"alt_text":"","src":"https:\/\/i0.wp.com\/my-alps.de\/wp-content\/uploads\/2014\/03\/Pisco-sour-6x6.jpg?resize=350%2C200","width":350,"height":200},"classes":[]}],"_links":{"self":[{"href":"http:\/\/my-alps.de\/index.php?rest_route=\/wp\/v2\/posts\/1614"}],"collection":[{"href":"http:\/\/my-alps.de\/index.php?rest_route=\/wp\/v2\/posts"}],"about":[{"href":"http:\/\/my-alps.de\/index.php?rest_route=\/wp\/v2\/types\/post"}],"author":[{"embeddable":true,"href":"http:\/\/my-alps.de\/index.php?rest_route=\/wp\/v2\/users\/1"}],"replies":[{"embeddable":true,"href":"http:\/\/my-alps.de\/index.php?rest_route=%2Fwp%2Fv2%2Fcomments&post=1614"}],"version-history":[{"count":5,"href":"http:\/\/my-alps.de\/index.php?rest_route=\/wp\/v2\/posts\/1614\/revisions"}],"predecessor-version":[{"id":1629,"href":"http:\/\/my-alps.de\/index.php?rest_route=\/wp\/v2\/posts\/1614\/revisions\/1629"}],"wp:attachment":[{"href":"http:\/\/my-alps.de\/index.php?rest_route=%2Fwp%2Fv2%2Fmedia&parent=1614"}],"wp:term":[{"taxonomy":"category","embeddable":true,"href":"http:\/\/my-alps.de\/index.php?rest_route=%2Fwp%2Fv2%2Fcategories&post=1614"},{"taxonomy":"post_tag","embeddable":true,"href":"http:\/\/my-alps.de\/index.php?rest_route=%2Fwp%2Fv2%2Ftags&post=1614"}],"curies":[{"name":"wp","href":"https:\/\/api.w.org\/{rel}","templated":true}]}}