{"id":160,"date":"2013-03-08T15:07:39","date_gmt":"2013-03-08T14:07:39","guid":{"rendered":"http:\/\/my-alps.de\/?p=160"},"modified":"2013-03-08T15:12:30","modified_gmt":"2013-03-08T14:12:30","slug":"uuhhhh-bayreuth-liegt-weiter-weg-als-gedacht","status":"publish","type":"post","link":"http:\/\/my-alps.de\/?p=160","title":{"rendered":"Uuhhhh &#8211; Bayreuth liegt weiter weg als gedacht"},"content":{"rendered":"<p>Hmm, wir haben gedacht auf dem Weg nach Kulmbach machen wir mal nen&#8216; Abstecher in die Weltstadt Bayreuth. Aber es h\u00e4tte uns klar sein m\u00fcssen &#8211; mit jedem Kilometer nach Norden entfernt man sich von ordentlichem Kaffee! Espresso mit Dosenmilch &#8211; Na Super !<br \/>\nEs wird Zeit das wir wegkommen (und auf alle F\u00e4lle Richtung S\u00fcde<\/p>\n<p><a href=\"https:\/\/i0.wp.com\/my-alps.de\/wp-content\/uploads\/2013\/03\/20130308-151150.jpg\"><img src=\"https:\/\/i0.wp.com\/my-alps.de\/wp-content\/uploads\/2013\/03\/20130308-151150.jpg?w=625\" alt=\"20130308-151150.jpg\" class=\"alignnone size-full\" data-recalc-dims=\"1\" \/><\/a><\/p>\n","protected":false},"excerpt":{"rendered":"<p>Hmm, wir haben gedacht auf dem Weg nach Kulmbach machen wir mal nen&#8216; Abstecher in die Weltstadt Bayreuth. Aber es h\u00e4tte uns klar sein m\u00fcssen &#8211; mit jedem Kilometer nach Norden entfernt man sich von ordentlichem Kaffee! Espresso mit Dosenmilch &#8211; Na Super ! Es wird Zeit das wir wegkommen (und auf alle F\u00e4lle Richtung [&hellip;]<\/p>\n","protected":false},"author":1,"featured_media":0,"comment_status":"open","ping_status":"open","sticky":false,"template":"","format":"standard","meta":{"spay_email":"","jetpack_publicize_message":"","jetpack_is_tweetstorm":false,"jetpack_publicize_feature_enabled":true},"categories":[9],"tags":[],"jetpack_featured_media_url":"","jetpack_publicize_connections":[],"jetpack_sharing_enabled":true,"jetpack_shortlink":"https:\/\/wp.me\/p6huce-2A","jetpack-related-posts":[{"id":487,"url":"http:\/\/my-alps.de\/?p=487","url_meta":{"origin":160,"position":0},"title":"es ist HEISS hier im S\u00fcden","date":"25. Dezember 2013","format":"gallery","excerpt":"Uuuhhaaaaagggghhhhh - wir haben gedacht wenn wir aus Buenos Aires fliehen, dann wir es etwas k\u00fchler - falsch gedacht. Wir sind auf dem Weg Richtung Valdes und m\u00fcssen in Bahia Blanca am Montag Station machen um Bargeld zu tauschen. (Wir haben Probleme online unsere Kreditkarten mit einem h\u00f6heren Limit zu\u2026","rel":"","context":"In &quot;News&quot;","img":{"alt_text":"Heiss - Heisser - fast 45 Grad!","src":"https:\/\/i0.wp.com\/my-alps.de\/wp-content\/uploads\/2013\/12\/fast-45-Grad-im-Schatten.jpg?resize=350%2C200","width":350,"height":200},"classes":[]},{"id":793,"url":"http:\/\/my-alps.de\/?p=793","url_meta":{"origin":160,"position":1},"title":"Mate-Teestunde und biologisches Gem\u00fcse","date":"4. M\u00e4rz 2014","format":"gallery","excerpt":"Wir sind aus der \"Gro\u00dfstadt\" Coyhaique nach unseren Erledigungen ein kleines St\u00fcck Richtung \"Puerto Aysen\" weitergefahren. Denn unser WOMO ist auf Hochglanz poliert, innen ist es fast staubfrei und alle verf\u00fcgbaren Tanks sind randvoll. Wie es der Zufall will, stolpern wir \u00fcber ein sch\u00f6nes Holzschild am Stra\u00dfenrand - CAMPING -\u2026","rel":"","context":"In &quot;News&quot;","img":{"alt_text":"","src":"https:\/\/i0.wp.com\/my-alps.de\/wp-content\/uploads\/2014\/03\/Mateteestunde-300x225.jpg?resize=350%2C200","width":350,"height":200},"classes":[]},{"id":1033,"url":"http:\/\/my-alps.de\/?p=1033","url_meta":{"origin":160,"position":2},"title":"Werkstatt &#8211; 911 &#8211; Wurzelbehandlung am Sto\u00dfd\u00e4mpfer","date":"24. April 2014","format":"gallery","excerpt":"Nach dem wir unser lang ersehntes Paket mit den Ersatzteilen in der Hauptpost Puerto Montt in Empfang genommen haben steht einem Werkstattaufenthalt nichts mehr im Weg. Erst mu\u00df ich allerdings noch das \u201eP\u00e4ckchen\u201c durch die halbe Stadt zum Parkplatz tragen. Ich f\u00fchle mich wie ein Lastesel und bin dann doch\u2026","rel":"","context":"In &quot;News&quot;","img":{"alt_text":"","src":"https:\/\/i0.wp.com\/my-alps.de\/wp-content\/uploads\/2014\/04\/zuerst-die-Scheibe.jpg?resize=350%2C200","width":350,"height":200},"classes":[]},{"id":1091,"url":"http:\/\/my-alps.de\/?p=1091","url_meta":{"origin":160,"position":3},"title":"Weckruf der Mapuche Indianer","date":"4. Mai 2014","format":"gallery","excerpt":"Unser Camp am Rio Malleo, irgendwo im nirgendwo, auf dem Weg zum Vulkan Lanin lag in der N\u00e4he einer Mapuche Siedlung. Wir hatten die Schilder bei der Hin- und R\u00fcckfahrt bemerkt. Da f\u00fcr den 01. Mai sch\u00f6nes Wetter angesagt war, wollten wir den Nationalpark \u201eVolkan Lanin\u201c besuchen. Tja. wie schon\u2026","rel":"","context":"In &quot;unter uns&quot;","img":{"alt_text":"","src":"","width":0,"height":0},"classes":[]},{"id":545,"url":"http:\/\/my-alps.de\/?p=545","url_meta":{"origin":160,"position":4},"title":"Ushuaia &#8211; wir sind am &#8222;Arsch der Welt&#8220;","date":"17. Januar 2014","format":"gallery","excerpt":"Heute am 17. Januar 2014 sitzen wir in der Skih\u00fctte auf DEM Campingplatz der Globetrotter. In den letzten Tagen haben wir uns in Zauberw\u00e4ldern, tiefen Vulkankratern und Nationalparks herumgetrieben - nicht gerade die Regionen der Welt in denen man mit Breitbandinternet versorg wird. Deshalb eine kleine Zusammenfassung der letzten Tage:\u2026","rel":"","context":"In &quot;News&quot;","img":{"alt_text":"","src":"https:\/\/i0.wp.com\/my-alps.de\/wp-content\/uploads\/2014\/01\/wpid-Guanakos-im-Regen-2.jpg?resize=350%2C200","width":350,"height":200},"classes":[]},{"id":1178,"url":"http:\/\/my-alps.de\/?p=1178","url_meta":{"origin":160,"position":5},"title":"Epilog &#8211; Osorno","date":"3. Juni 2014","format":"gallery","excerpt":"Nach erfolgreicher Implementierung des nagelneuen Steuerger\u00e4tes in unseren Allradantrieb -\u00a0(er funktioniert wieder!) - steht einer Fortsetzung der Reise nach Norden, Richtung Bolivien und Peru nichts mehr im Weg. Doch vorher ein kleiner R\u00fcckblick: Wir haben hier in der Stadt richtige Freunde gefunden, Mario, Gustavo und ihre Familien sind so gastfreundlich\u2026","rel":"","context":"In &quot;News&quot;","img":{"alt_text":"","src":"","width":0,"height":0},"classes":[]}],"_links":{"self":[{"href":"http:\/\/my-alps.de\/index.php?rest_route=\/wp\/v2\/posts\/160"}],"collection":[{"href":"http:\/\/my-alps.de\/index.php?rest_route=\/wp\/v2\/posts"}],"about":[{"href":"http:\/\/my-alps.de\/index.php?rest_route=\/wp\/v2\/types\/post"}],"author":[{"embeddable":true,"href":"http:\/\/my-alps.de\/index.php?rest_route=\/wp\/v2\/users\/1"}],"replies":[{"embeddable":true,"href":"http:\/\/my-alps.de\/index.php?rest_route=%2Fwp%2Fv2%2Fcomments&post=160"}],"version-history":[{"count":16,"href":"http:\/\/my-alps.de\/index.php?rest_route=\/wp\/v2\/posts\/160\/revisions"}],"predecessor-version":[{"id":177,"href":"http:\/\/my-alps.de\/index.php?rest_route=\/wp\/v2\/posts\/160\/revisions\/177"}],"wp:attachment":[{"href":"http:\/\/my-alps.de\/index.php?rest_route=%2Fwp%2Fv2%2Fmedia&parent=160"}],"wp:term":[{"taxonomy":"category","embeddable":true,"href":"http:\/\/my-alps.de\/index.php?rest_route=%2Fwp%2Fv2%2Fcategories&post=160"},{"taxonomy":"post_tag","embeddable":true,"href":"http:\/\/my-alps.de\/index.php?rest_route=%2Fwp%2Fv2%2Ftags&post=160"}],"curies":[{"name":"wp","href":"https:\/\/api.w.org\/{rel}","templated":true}]}}