{"id":1598,"date":"2014-09-11T18:19:01","date_gmt":"2014-09-11T16:19:01","guid":{"rendered":"http:\/\/my-alps.de\/?p=1598"},"modified":"2014-09-17T18:53:39","modified_gmt":"2014-09-17T16:53:39","slug":"einreiseformalitaeten","status":"publish","type":"post","link":"http:\/\/my-alps.de\/?p=1598","title":{"rendered":"Einreiseformalit\u00e4ten"},"content":{"rendered":"<p>Nachdem unsere \u201eTraumstra\u00dfe\u201c wieder einer normalen\u00a0<span style=\"line-height: 1.5;\">Stra\u00dfe durch ganz normales Peru gewichen ist, fahren\u00a0<\/span><span style=\"line-height: 1.5;\">wir \u00fcber<br \/>\nJaen und St. Ignazio in Richtung Grenze nach Ecuador.<\/span><\/p>\n<p><!--more--><\/p>\n<p>Die Stra\u00dfe ist asphaltiert und gut ausgebaut, es herrscht kaum<br \/>\nVerkehr, lediglich in den Orten und den beiden St\u00e4dten das \u00fcbliche<br \/>\nChaos an Taxis, Tuk-Tuk\u2019s und Ochsenkarren.<br \/>\nAb und zu noch eine Baustelle der neuen Stra\u00dfe\u00a0<span style=\"line-height: 1.5;\">und die Umgebung wird langsam \u201edschungelig\u201c.<\/span><br \/>\nAuf einmal stehen wir vor dem Schlagbaum der Grenze.<br \/>\nWir orientieren uns kurz und dann geht&#8217;s los:<\/p>\n<p>PERU:<\/p>\n<p>Zuerst zur Migration von Peru, die Ausreiseformalit\u00e4te erledigen.<br \/>\nDer nette Herr im T. Magnum Verschnitt,<br \/>\n(das Hawaiihemd und der Schnauzer waren jedenfalls der Hammer!)<br \/>\ntadelt uns erst mal, wir h\u00e4tten die Namen bei der Einreise in die<br \/>\nfalschen K\u00e4stchen eingetragen. (Beweis 1 &#8211; er kann lesen!)<br \/>\nDamit schickt er uns zu seinem Kollegen vom Zoll.<br \/>\nDer hat einen nagelneuen Computer und sich die K\u00fcrzel direkt<br \/>\nauf seine Tasten geklebt.<br \/>\nEr f\u00e4ngt an unser Auto in der Datenbank\u00a0<span style=\"line-height: 1.5;\">zu suchen.<\/span><br \/>\nRatloses Stirnrunzeln.<br \/>\nIch schaue ihm \u00fcber die Schulter\u00a0<span style=\"line-height: 1.5;\">und versuche ihm zu helfen.<br \/>\n&#8222;Land&#8220; = Germany &#8211; das ist schon mal klar.<\/span><br \/>\nDie Nummer vom Auto &#8211; auch klar<br \/>\nHmmmmmm&#8230;&#8230;&#8230;&#8230;&#8230;.<br \/>\nKein Eintrag.<\/p>\n<p>\u201eSie sind nicht eingereist\u201c sagt er todernst.<br \/>\n\u201eKlar\u201c sage ich &#8211; \u201ewir stehen ja auch nicht hier\u201c.<br \/>\nEr steht auf und vergewissert sich ob ein Auto vor der T\u00fcr steht &#8211;<br \/>\nTut es!<br \/>\nHmmmmm\u2026\u2026 Hmmmmmmmm.<br \/>\nEr loggt sich in die Datenbank ein.<br \/>\nEr sucht nach dem Einreisedatum (steht auf unserem Zolldokument)<\/p>\n<p>Hmmmmm\u2026\u2026 Hmmmmmmmmmmmm<br \/>\n\u201eGanz viele Autos in Tacna an diesem Tag\u201c, sagt er.<br \/>\n(Jaaaaaaa, und wir waren dabei &#8211; denke ich mir)<br \/>\nEr sucht die ganze Seite ab und findet nichts.<br \/>\nIch erkl\u00e4re ihm, das er an der Seite mit der Maus in dem<br \/>\nDokument nach unten scrollen kann.<br \/>\n\u201eNoch mehr Autos!\u201c &#8211; stellt er verbl\u00fcfft fest.<br \/>\nDa! unsere Autonummer und die Ziffern des Zolldokuments.<br \/>\nUnd was steht da als Land?<br \/>\n\u201eAlemania Oriental\u201c<br \/>\nH\u00e4\u00e4\u00e4\u00e4?<br \/>\nDie haben ein nagelneues Computersystem und da steht:<br \/>\n\u201eAlemania Oriental\u201c?<br \/>\nDie Peruaner ben\u00f6tigen dringend eine neue Karte von Europa!<br \/>\nNa ja, jedenfalls k\u00f6nnen wir das Auto mit diesen Informationen<br \/>\naus dem System ausloggen und er schickt uns mit einem<br \/>\nzufriedenen L\u00e4cheln als Held der Arbeit zu seinem Kollegen zur\u00fcck.<br \/>\nMagnum war derweil kurz in der Kneipe gegen\u00fcber und kommt<br \/>\nwieder in sein B\u00fcro. Jetzt kann er (mit dem Formular was sein<br \/>\nKollege abgestempelt hat) unsere P\u00e4sse abstempeln.<br \/>\nDann schickt\u00a0<span style=\"line-height: 1.5;\">er uns zur Polizei.<br \/>\nDie haust in einer Baracke, und es ist ausser dem\u00a0<\/span><span style=\"line-height: 1.5;\">Fernseher nichts zu sehen oder zu h\u00f6ren. Wir klopfen erst zaghaft,<\/span><br \/>\nsp\u00e4ter h\u00e4mmern wir gegen die T\u00fcr bis ein junger, missmutig gelaunter\u00a0<span style=\"line-height: 1.5;\">Uniformtr\u00e4ger erscheint.<br \/>\nDer behandelt uns wie Schwerverbrecher,<\/span><br \/>\n(und ich bin kurz davor mich wie einer aufzuf\u00fchren.)<br \/>\nDoch dann z\u00fcckt er seinen Stempel und drischt ihn\u00a0<span style=\"line-height: 1.5;\">auf unsere P\u00e4sse.<\/span><br \/>\nSchnell weg!<br \/>\nDer Schlagbaum \u00f6ffnet sich und wir fahren \u00fcber die <span style=\"line-height: 1.5;\">Br\u00fccke,<br \/>\ndie Peru und Ecuador teilt.<\/span><\/p>\n<p>ECUADOR:<br \/>\nWar der Schlagbaum in Peru noch aus Metall,<br \/>\nist er\u00a0<span style=\"line-height: 1.5;\">150 Meter weiter nur noch aus Bambus.<\/span><br \/>\nWir parken und suchen die \u201eOffiziellen\u201c.<br \/>\nDer erste sitzt in der kleinen Kneipe und spielt Karten.<br \/>\nAlso warten wir bis er \u201eausgekartelt\u201c hat.<br \/>\nEr macht sich mit uns auf in sein kleines B\u00fcro,<br \/>\nund wir f\u00fcllen unsere Einreisekarten aus.<br \/>\nEr stempelt unsere P\u00e4sse und verschwindet wieder zum kart\u2019ln.<br \/>\nSein Kollege vom Zoll f\u00e4hrt seinen Computer hoch<br \/>\nund bittet uns um jeweils 3 Kopien der Autopapiere.<br \/>\n\u201eHaben wir nicht &#8211; wo k\u00f6nnen wir das schnell kopieren?\u201c<br \/>\n\u201eIn Peru dr\u00fcben &#8211; hier in Ecuador haben wir keine Kopierer!\u201c<br \/>\nNa gut &#8211; Annette macht sich auf, zur\u00fcck nach Peru.<br \/>\nNach einer halben Stunde haben wir die notwendigen Kopien,<br \/>\nund der gute Mann tr\u00e4gt alle, aber auch alle Daten von unserem<br \/>\nWOMO in sein Dokument ein.<br \/>\nIst das WOMO jetzt blau oder silber?<br \/>\nMotornummer? Gibt es im KFZ-Schein nicht!<br \/>\nDie ist immer gleich mit der Fahrgestellnummer!<br \/>\nWie viele Personen d\u00fcrfen mitfahren?<br \/>\nWie schwer ist das WOMO?<\/p>\n<p>Beim Ausdrucken f\u00e4llt mir auf,\u00a0<span style=\"line-height: 1.5;\">das der Computer keinen Netzwerkanschlu\u00df hat. Alles wird \u00a0<\/span><span style=\"line-height: 1.5;\">lokal gespeichert.<br \/>\nAuch eine L\u00f6sung um Datensicherheit zu \u00a0<\/span><span style=\"line-height: 1.5;\">bekommen.<br \/>\nNach zwei Stunden haben wir alle Formalit\u00e4ten<\/span><br \/>\nerledigt und sind nun in Ecuador.<\/p>\n<p>Hallelullja &#8211; sog&#8216; i<\/p>\n<div id=\"attachment_1611\" style=\"width: 650px\" class=\"wp-caption aligncenter\"><a href=\"https:\/\/i0.wp.com\/my-alps.de\/wp-content\/uploads\/2014\/09\/Grenze-Ecuador.jpg\"><img aria-describedby=\"caption-attachment-1611\" data-attachment-id=\"1611\" data-permalink=\"http:\/\/my-alps.de\/?attachment_id=1611\" data-orig-file=\"https:\/\/i0.wp.com\/my-alps.de\/wp-content\/uploads\/2014\/09\/Grenze-Ecuador.jpg?fit=640%2C480\" data-orig-size=\"640,480\" data-comments-opened=\"1\" data-image-meta=\"{&quot;aperture&quot;:&quot;0&quot;,&quot;credit&quot;:&quot;&quot;,&quot;camera&quot;:&quot;&quot;,&quot;caption&quot;:&quot;&quot;,&quot;created_timestamp&quot;:&quot;0&quot;,&quot;copyright&quot;:&quot;&quot;,&quot;focal_length&quot;:&quot;0&quot;,&quot;iso&quot;:&quot;0&quot;,&quot;shutter_speed&quot;:&quot;0&quot;,&quot;title&quot;:&quot;&quot;}\" data-image-title=\"Grenze Ecuador\" data-image-description=\"&lt;p&gt;Die Regenzeit beginnt&lt;\/p&gt;\n\" data-image-caption=\"&lt;p&gt;Die Regenzeit beginnt&lt;\/p&gt;\n\" data-medium-file=\"https:\/\/i0.wp.com\/my-alps.de\/wp-content\/uploads\/2014\/09\/Grenze-Ecuador.jpg?fit=300%2C225\" data-large-file=\"https:\/\/i0.wp.com\/my-alps.de\/wp-content\/uploads\/2014\/09\/Grenze-Ecuador.jpg?fit=625%2C469\" loading=\"lazy\" class=\"size-full wp-image-1611\" alt=\"Die Regenzeit beginnt\" src=\"https:\/\/i0.wp.com\/my-alps.de\/wp-content\/uploads\/2014\/09\/Grenze-Ecuador.jpg?resize=625%2C469\" width=\"625\" height=\"469\" srcset=\"https:\/\/i0.wp.com\/my-alps.de\/wp-content\/uploads\/2014\/09\/Grenze-Ecuador.jpg?w=640 640w, https:\/\/i0.wp.com\/my-alps.de\/wp-content\/uploads\/2014\/09\/Grenze-Ecuador.jpg?resize=300%2C225 300w\" sizes=\"(max-width: 625px) 100vw, 625px\" data-recalc-dims=\"1\" \/><\/a><p id=\"caption-attachment-1611\" class=\"wp-caption-text\">Grenze zu Ecuador<\/p><\/div>\n<p>&nbsp;<\/p>\n","protected":false},"excerpt":{"rendered":"<p>Nachdem unsere \u201eTraumstra\u00dfe\u201c wieder einer normalen\u00a0Stra\u00dfe durch ganz normales Peru gewichen ist, fahren\u00a0wir \u00fcber Jaen und St. Ignazio in Richtung Grenze nach Ecuador.<\/p>\n","protected":false},"author":1,"featured_media":0,"comment_status":"open","ping_status":"open","sticky":false,"template":"","format":"gallery","meta":{"spay_email":"","jetpack_publicize_message":"","jetpack_is_tweetstorm":false,"jetpack_publicize_feature_enabled":true},"categories":[1],"tags":[33],"jetpack_featured_media_url":"","jetpack_publicize_connections":[],"jetpack_sharing_enabled":true,"jetpack_shortlink":"https:\/\/wp.me\/p6huce-pM","jetpack-related-posts":[{"id":1614,"url":"http:\/\/my-alps.de\/?p=1614","url_meta":{"origin":1598,"position":0},"title":"Ecuador &#8211; entschleunigt leben","date":"17. September 2014","format":"gallery","excerpt":"Mittlerweile sitzen wir wieder mal an der K\u00fcste des Pazifiks und schauen auf das graue und endlose Meer hinaus. Etwa 500 Meter von uns entfernt tummeln sich ein paar Wale, machen sch\u00f6ne \"Bauchpflatscher\" oder schlagen mit ihren Schwanzflossen auf's Wasser. Pelikane und Fregattv\u00f6gel lassen sich vom Aufwind an der Steilk\u00fcste\u2026","rel":"","context":"In &quot;News&quot;","img":{"alt_text":"","src":"https:\/\/i0.wp.com\/my-alps.de\/wp-content\/uploads\/2014\/09\/wir-machen-auch-mal-Pause.jpg?resize=350%2C200","width":350,"height":200},"classes":[]},{"id":1578,"url":"http:\/\/my-alps.de\/?p=1578","url_meta":{"origin":1598,"position":1},"title":"unsere pers\u00f6nliche Traumstra\u00dfe in Peru","date":"9. September 2014","format":"gallery","excerpt":"\"eigentlich\" wollten wir gar nicht nach Cajamarca fahren, doch nur die Panamerikana an der verm\u00fcllten K\u00fcste in Peru, zwischen verr\u00fcckten Taxifahren und selbstm\u00f6rderischen LKW's abzuhaken war uns dann doch zu langweilig. Gl\u00fcck gehabt! So sind wir nach unserem Besuch der Lehmziegelstadt \"Chan-Chan\" nur ein kleines St\u00fcck nach Norden hoch und\u2026","rel":"","context":"In &quot;News&quot;","img":{"alt_text":"","src":"https:\/\/i0.wp.com\/my-alps.de\/wp-content\/uploads\/2014\/09\/steile-Felder-ce4-HD.jpg?resize=350%2C200","width":350,"height":200},"classes":[]},{"id":1595,"url":"http:\/\/my-alps.de\/?p=1595","url_meta":{"origin":1598,"position":2},"title":"Die Traumstra\u00dfe (Teil 2) \u00fcber Leymebamba","date":"11. September 2014","format":"gallery","excerpt":"Nach der \u00dcberquerung der sich schier endlos hinziehenden Pass Stra\u00dfe, ver\u00e4ndert sich das Landschaftsbild. Waren die Berge vorher noch mit niedriger Macchia bewachsen, dominiert nun auf einmal sattes Gr\u00fcn. Wie bei uns in den Voralpen sind die Wiesen saftig gr\u00fcn und es weiden K\u00fche. Fehlt nur noch das Gebimmel der\u2026","rel":"","context":"In &quot;News&quot;","img":{"alt_text":"","src":"https:\/\/i0.wp.com\/my-alps.de\/wp-content\/uploads\/2014\/09\/Die-Regenzeit-beginnt-ce4.jpg?resize=350%2C200","width":350,"height":200},"classes":[]},{"id":1472,"url":"http:\/\/my-alps.de\/?p=1472","url_meta":{"origin":1598,"position":3},"title":"vom Sajama, dem h\u00f6chsten Berg Boliviens nach Peru","date":"8. August 2014","format":"gallery","excerpt":"Da wir vom Titikakasee etwas entt\u00e4uscht waren, haben wir uns kurzerhand entschlossen doch noch einen Abstecher zum \"Sajama\" zu fahren. Er liegt zwar auf dem Weg Richtung Chile, aber\u00a0das haben wir dann mit dem Grenz\u00fcbergang in Arica\u00a0verkn\u00fcpft. auf dem AltiplanoDer \"Sajama\" ist ein wundersch\u00f6ner Vulkankegel, der sich wie eine Zipfelm\u00fctze\u2026","rel":"","context":"In &quot;News&quot;","img":{"alt_text":"","src":"https:\/\/i0.wp.com\/my-alps.de\/wp-content\/uploads\/2014\/08\/Vulkanausbruch-1-ce4.jpg?resize=350%2C200","width":350,"height":200},"classes":[]},{"id":1331,"url":"http:\/\/my-alps.de\/?p=1331","url_meta":{"origin":1598,"position":4},"title":"Lagunenroute in Bolivien &#8211; Teil 1","date":"17. Juli 2014","format":"gallery","excerpt":"San Pedro de Atacama in Chile ist der ideale Ausgangspunkt um von dort aus die legend\u00e4re im Boliviens zu befahren. Es geht von der W\u00fcstenoase zur\u00fcck Richtung Paso Jama, von 2.400 Meter auf 4.500 Meter hinauf. Schnurgerade, bis auf wenige Kurven, zieht sich die Stra\u00dfe auf fast 30 Kilometer bergauf.\u2026","rel":"","context":"In &quot;News&quot;","img":{"alt_text":"","src":"https:\/\/i0.wp.com\/my-alps.de\/wp-content\/uploads\/2014\/07\/alt-5015hm.jpg?resize=350%2C200","width":350,"height":200},"classes":[]},{"id":1120,"url":"http:\/\/my-alps.de\/?p=1120","url_meta":{"origin":1598,"position":5},"title":"Araukanien &#8211; 2. Versuch","date":"11. Mai 2014","format":"gallery","excerpt":"Unser \u201ekurzer\u201c Abstecher in Argentinien neigt sich dem Ende zu. Wir haben die starken Regenf\u00e4lle \u201eabgewettert\u201c und stehen nun wieder am Grenz\u00fcbergang am Vulkan Lanin. Wir \u00fcbernachten an der Rangerstation im Nationalpark und machen einen kleinen Ausflug zum Lago Tromen. Hier gibt es schon die ersten Araukarienw\u00e4lder und dieser Methusalem\u2026","rel":"","context":"In &quot;News&quot;","img":{"alt_text":"","src":"https:\/\/i0.wp.com\/my-alps.de\/wp-content\/uploads\/2014\/05\/Vulkan-Lanin-ce4-3x2.jpg?resize=350%2C200","width":350,"height":200},"classes":[]}],"_links":{"self":[{"href":"http:\/\/my-alps.de\/index.php?rest_route=\/wp\/v2\/posts\/1598"}],"collection":[{"href":"http:\/\/my-alps.de\/index.php?rest_route=\/wp\/v2\/posts"}],"about":[{"href":"http:\/\/my-alps.de\/index.php?rest_route=\/wp\/v2\/types\/post"}],"author":[{"embeddable":true,"href":"http:\/\/my-alps.de\/index.php?rest_route=\/wp\/v2\/users\/1"}],"replies":[{"embeddable":true,"href":"http:\/\/my-alps.de\/index.php?rest_route=%2Fwp%2Fv2%2Fcomments&post=1598"}],"version-history":[{"count":5,"href":"http:\/\/my-alps.de\/index.php?rest_route=\/wp\/v2\/posts\/1598\/revisions"}],"predecessor-version":[{"id":1613,"href":"http:\/\/my-alps.de\/index.php?rest_route=\/wp\/v2\/posts\/1598\/revisions\/1613"}],"wp:attachment":[{"href":"http:\/\/my-alps.de\/index.php?rest_route=%2Fwp%2Fv2%2Fmedia&parent=1598"}],"wp:term":[{"taxonomy":"category","embeddable":true,"href":"http:\/\/my-alps.de\/index.php?rest_route=%2Fwp%2Fv2%2Fcategories&post=1598"},{"taxonomy":"post_tag","embeddable":true,"href":"http:\/\/my-alps.de\/index.php?rest_route=%2Fwp%2Fv2%2Ftags&post=1598"}],"curies":[{"name":"wp","href":"https:\/\/api.w.org\/{rel}","templated":true}]}}