{"id":1595,"date":"2014-09-11T18:06:43","date_gmt":"2014-09-11T16:06:43","guid":{"rendered":"http:\/\/my-alps.de\/?p=1595"},"modified":"2014-09-11T23:58:02","modified_gmt":"2014-09-11T21:58:02","slug":"die-traumstrasse-teil-2-ueber-leymebamba","status":"publish","type":"post","link":"http:\/\/my-alps.de\/?p=1595","title":{"rendered":"Die Traumstra\u00dfe (Teil 2) \u00fcber Leymebamba"},"content":{"rendered":"<p>Nach der \u00dcberquerung der sich schier endlos hinziehenden<br \/>\nPass Stra\u00dfe, ver\u00e4ndert sich das Landschaftsbild.<br \/>\nWaren die Berge vorher noch mit niedriger Macchia bewachsen,<br \/>\ndominiert nun auf einmal sattes Gr\u00fcn.<\/p>\n<div id=\"attachment_1602\" style=\"width: 1034px\" class=\"wp-caption aligncenter\"><a href=\"https:\/\/i0.wp.com\/my-alps.de\/wp-content\/uploads\/2014\/09\/nach-Leymebamba-ce4.jpg\"><img aria-describedby=\"caption-attachment-1602\" data-attachment-id=\"1602\" data-permalink=\"http:\/\/my-alps.de\/?attachment_id=1602\" data-orig-file=\"https:\/\/i0.wp.com\/my-alps.de\/wp-content\/uploads\/2014\/09\/nach-Leymebamba-ce4.jpg?fit=1024%2C683\" data-orig-size=\"1024,683\" data-comments-opened=\"1\" data-image-meta=\"{&quot;aperture&quot;:&quot;9.5&quot;,&quot;credit&quot;:&quot;&quot;,&quot;camera&quot;:&quot;SLT-A99V&quot;,&quot;caption&quot;:&quot;&quot;,&quot;created_timestamp&quot;:&quot;1410105114&quot;,&quot;copyright&quot;:&quot;&quot;,&quot;focal_length&quot;:&quot;24&quot;,&quot;iso&quot;:&quot;100&quot;,&quot;shutter_speed&quot;:&quot;0.004&quot;,&quot;title&quot;:&quot;&quot;}\" data-image-title=\"nach Leymebamba-ce4\" data-image-description=\"&lt;p&gt;nach Leymebamba&lt;\/p&gt;\n\" data-image-caption=\"&lt;p&gt;nach Leymebamba&lt;\/p&gt;\n\" data-medium-file=\"https:\/\/i0.wp.com\/my-alps.de\/wp-content\/uploads\/2014\/09\/nach-Leymebamba-ce4.jpg?fit=300%2C200\" data-large-file=\"https:\/\/i0.wp.com\/my-alps.de\/wp-content\/uploads\/2014\/09\/nach-Leymebamba-ce4.jpg?fit=625%2C417\" loading=\"lazy\" class=\"size-full wp-image-1602\" alt=\"nach Leymebamba\" src=\"https:\/\/i0.wp.com\/my-alps.de\/wp-content\/uploads\/2014\/09\/nach-Leymebamba-ce4.jpg?resize=625%2C417\" width=\"625\" height=\"417\" srcset=\"https:\/\/i0.wp.com\/my-alps.de\/wp-content\/uploads\/2014\/09\/nach-Leymebamba-ce4.jpg?w=1024 1024w, https:\/\/i0.wp.com\/my-alps.de\/wp-content\/uploads\/2014\/09\/nach-Leymebamba-ce4.jpg?resize=300%2C200 300w\" sizes=\"(max-width: 625px) 100vw, 625px\" data-recalc-dims=\"1\" \/><\/a><p id=\"caption-attachment-1602\" class=\"wp-caption-text\">nach Leymebamba<\/p><\/div>\n<p><!--more--><\/p>\n<p>Wie bei uns in den Voralpen sind die Wiesen saftig gr\u00fcn<br \/>\nund es weiden K\u00fche. Fehlt nur noch das Gebimmel der<br \/>\nKuhglocken, und die Illusion w\u00e4re perfekt.<br \/>\nDie Stra\u00dfe zieht sich an kleinen D\u00f6rfern vorbei, tief hinunter<br \/>\nin\u2019s Tal des Rio Utcubamba.<\/p>\n<div id=\"attachment_1605\" style=\"width: 1034px\" class=\"wp-caption aligncenter\"><a href=\"https:\/\/i0.wp.com\/my-alps.de\/wp-content\/uploads\/2014\/09\/Bauernhof-ce4.jpg\"><img aria-describedby=\"caption-attachment-1605\" data-attachment-id=\"1605\" data-permalink=\"http:\/\/my-alps.de\/?attachment_id=1605\" data-orig-file=\"https:\/\/i0.wp.com\/my-alps.de\/wp-content\/uploads\/2014\/09\/Bauernhof-ce4.jpg?fit=1024%2C683\" data-orig-size=\"1024,683\" data-comments-opened=\"1\" data-image-meta=\"{&quot;aperture&quot;:&quot;9.5&quot;,&quot;credit&quot;:&quot;&quot;,&quot;camera&quot;:&quot;SLT-A99V&quot;,&quot;caption&quot;:&quot;&quot;,&quot;created_timestamp&quot;:&quot;1410173144&quot;,&quot;copyright&quot;:&quot;&quot;,&quot;focal_length&quot;:&quot;50&quot;,&quot;iso&quot;:&quot;100&quot;,&quot;shutter_speed&quot;:&quot;0.011111111111111&quot;,&quot;title&quot;:&quot;&quot;}\" data-image-title=\"Bauernhof-ce4\" data-image-description=\"&lt;p&gt;Bauernhof&lt;\/p&gt;\n\" data-image-caption=\"&lt;p&gt;Bauernhof&lt;\/p&gt;\n\" data-medium-file=\"https:\/\/i0.wp.com\/my-alps.de\/wp-content\/uploads\/2014\/09\/Bauernhof-ce4.jpg?fit=300%2C200\" data-large-file=\"https:\/\/i0.wp.com\/my-alps.de\/wp-content\/uploads\/2014\/09\/Bauernhof-ce4.jpg?fit=625%2C417\" loading=\"lazy\" class=\"size-full wp-image-1605\" alt=\"Bauernhof\" src=\"https:\/\/i0.wp.com\/my-alps.de\/wp-content\/uploads\/2014\/09\/Bauernhof-ce4.jpg?resize=625%2C417\" width=\"625\" height=\"417\" srcset=\"https:\/\/i0.wp.com\/my-alps.de\/wp-content\/uploads\/2014\/09\/Bauernhof-ce4.jpg?w=1024 1024w, https:\/\/i0.wp.com\/my-alps.de\/wp-content\/uploads\/2014\/09\/Bauernhof-ce4.jpg?resize=300%2C200 300w\" sizes=\"(max-width: 625px) 100vw, 625px\" data-recalc-dims=\"1\" \/><\/a><p id=\"caption-attachment-1605\" class=\"wp-caption-text\">Bauernhof<\/p><\/div>\n<p>Unser Ziel sind heute die Ruinen von Kuelap,<br \/>\neiner Festung\u00a0<span style=\"line-height: 1.5;\">auf einem Berg, die so geschickt angelegt war,<br \/>\ndas sie praktisch\u00a0<\/span><span style=\"line-height: 1.5;\">uneinnehmbar war.<br \/>\nDas Volk der Chachpoya, auch \u201eWolkenkrieger\u201c<\/span><br \/>\ngenannt soll angeblich von den Wikingern abstammen.<br \/>\nSie waren von gr\u00f6\u00dferer Statur, hellh\u00e4utig und blond,<br \/>\nund sollen sehr sch\u00f6ne Frauen gehabt haben\u2026\u2026..<br \/>\nDas Dumme war nur, wir konnten es nicht nachpr\u00fcfen.<br \/>\nDenn die Stra\u00dfe nach Kuelap war durch einen Erdrutsch<br \/>\nzugesch\u00fcttet, und daher unpassierbar.<br \/>\nSo mussten wir weiter, und haben uns mit der tollen<br \/>\nLandschaft, den gr\u00fcnen Reisfeldern und den freundlich<br \/>\nwinkenden Peruanern getr\u00f6stet.<\/p>\n<div id=\"attachment_1606\" style=\"width: 1034px\" class=\"wp-caption aligncenter\"><a href=\"https:\/\/i0.wp.com\/my-alps.de\/wp-content\/uploads\/2014\/09\/Peru-Amazonas-6x6.jpg\"><img aria-describedby=\"caption-attachment-1606\" data-attachment-id=\"1606\" data-permalink=\"http:\/\/my-alps.de\/?attachment_id=1606\" data-orig-file=\"https:\/\/i0.wp.com\/my-alps.de\/wp-content\/uploads\/2014\/09\/Peru-Amazonas-6x6.jpg?fit=1024%2C1024\" data-orig-size=\"1024,1024\" data-comments-opened=\"1\" data-image-meta=\"{&quot;aperture&quot;:&quot;6.7&quot;,&quot;credit&quot;:&quot;&quot;,&quot;camera&quot;:&quot;SLT-A99V&quot;,&quot;caption&quot;:&quot;&quot;,&quot;created_timestamp&quot;:&quot;1410191467&quot;,&quot;copyright&quot;:&quot;&quot;,&quot;focal_length&quot;:&quot;55&quot;,&quot;iso&quot;:&quot;100&quot;,&quot;shutter_speed&quot;:&quot;0.005&quot;,&quot;title&quot;:&quot;&quot;}\" data-image-title=\"Peru &#8211; Amazonas-6&#215;6\" data-image-description=\"&lt;p&gt;Peru &#8211; Amazonas&lt;\/p&gt;\n\" data-image-caption=\"&lt;p&gt;Peru &#8211; Amazonas&lt;\/p&gt;\n\" data-medium-file=\"https:\/\/i0.wp.com\/my-alps.de\/wp-content\/uploads\/2014\/09\/Peru-Amazonas-6x6.jpg?fit=300%2C300\" data-large-file=\"https:\/\/i0.wp.com\/my-alps.de\/wp-content\/uploads\/2014\/09\/Peru-Amazonas-6x6.jpg?fit=625%2C625\" loading=\"lazy\" class=\"size-full wp-image-1606\" alt=\"Peru - Amazonas\" src=\"https:\/\/i0.wp.com\/my-alps.de\/wp-content\/uploads\/2014\/09\/Peru-Amazonas-6x6.jpg?resize=625%2C625\" width=\"625\" height=\"625\" srcset=\"https:\/\/i0.wp.com\/my-alps.de\/wp-content\/uploads\/2014\/09\/Peru-Amazonas-6x6.jpg?w=1024 1024w, https:\/\/i0.wp.com\/my-alps.de\/wp-content\/uploads\/2014\/09\/Peru-Amazonas-6x6.jpg?resize=290%2C290 290w, https:\/\/i0.wp.com\/my-alps.de\/wp-content\/uploads\/2014\/09\/Peru-Amazonas-6x6.jpg?resize=300%2C300 300w\" sizes=\"(max-width: 625px) 100vw, 625px\" data-recalc-dims=\"1\" \/><\/a><p id=\"caption-attachment-1606\" class=\"wp-caption-text\">Peru &#8211; Amazonas<\/p><\/div>\n<p>Nach der Stadt \u201eChachapoyas\u201c wird die Stra\u00dfe wieder zweispurig,<br \/>\nund verl\u00e4uft weiter am Flu\u00df entlang, der mittlerweile aus dem<br \/>\nTal einen imposanten Canyon geschnitten hat.<\/p>\n<div id=\"attachment_1607\" style=\"width: 1034px\" class=\"wp-caption aligncenter\"><a href=\"https:\/\/i0.wp.com\/my-alps.de\/wp-content\/uploads\/2014\/09\/Canyon-Rio-Utcubamba-ce4.jpg\"><img aria-describedby=\"caption-attachment-1607\" data-attachment-id=\"1607\" data-permalink=\"http:\/\/my-alps.de\/?attachment_id=1607\" data-orig-file=\"https:\/\/i0.wp.com\/my-alps.de\/wp-content\/uploads\/2014\/09\/Canyon-Rio-Utcubamba-ce4.jpg?fit=1024%2C683\" data-orig-size=\"1024,683\" data-comments-opened=\"1\" data-image-meta=\"{&quot;aperture&quot;:&quot;8&quot;,&quot;credit&quot;:&quot;&quot;,&quot;camera&quot;:&quot;SLT-A99V&quot;,&quot;caption&quot;:&quot;&quot;,&quot;created_timestamp&quot;:&quot;1410187406&quot;,&quot;copyright&quot;:&quot;&quot;,&quot;focal_length&quot;:&quot;24&quot;,&quot;iso&quot;:&quot;100&quot;,&quot;shutter_speed&quot;:&quot;0.005&quot;,&quot;title&quot;:&quot;&quot;}\" data-image-title=\"Canyon Rio Utcubamba-ce4\" data-image-description=\"&lt;p&gt;Canyon Rio Utcubamba&lt;\/p&gt;\n\" data-image-caption=\"&lt;p&gt;Canyon Rio Utcubamba&lt;\/p&gt;\n\" data-medium-file=\"https:\/\/i0.wp.com\/my-alps.de\/wp-content\/uploads\/2014\/09\/Canyon-Rio-Utcubamba-ce4.jpg?fit=300%2C200\" data-large-file=\"https:\/\/i0.wp.com\/my-alps.de\/wp-content\/uploads\/2014\/09\/Canyon-Rio-Utcubamba-ce4.jpg?fit=625%2C417\" loading=\"lazy\" class=\"size-full wp-image-1607\" alt=\"Canyon Rio Utcubamba\" src=\"https:\/\/i0.wp.com\/my-alps.de\/wp-content\/uploads\/2014\/09\/Canyon-Rio-Utcubamba-ce4.jpg?resize=625%2C417\" width=\"625\" height=\"417\" srcset=\"https:\/\/i0.wp.com\/my-alps.de\/wp-content\/uploads\/2014\/09\/Canyon-Rio-Utcubamba-ce4.jpg?w=1024 1024w, https:\/\/i0.wp.com\/my-alps.de\/wp-content\/uploads\/2014\/09\/Canyon-Rio-Utcubamba-ce4.jpg?resize=300%2C200 300w\" sizes=\"(max-width: 625px) 100vw, 625px\" data-recalc-dims=\"1\" \/><\/a><p id=\"caption-attachment-1607\" class=\"wp-caption-text\">Canyon Rio Utcubamba<\/p><\/div>\n<p>Am n\u00e4chsten Tag haben wir den Rio Maranon wieder \u00fcberquert,<br \/>\nder sich sp\u00e4ter mit dem Rio Uctubamba vereinigt und in\u2019s<br \/>\nAmazonasbecken flie\u00dft. Bei der Br\u00fccke zeigt unser GPS noch eine<br \/>\nH\u00f6he von knapp 500 H\u00f6henmeter an.<\/p>\n<div id=\"attachment_1608\" style=\"width: 1034px\" class=\"wp-caption aligncenter\"><a href=\"https:\/\/i0.wp.com\/my-alps.de\/wp-content\/uploads\/2014\/09\/Die-Regenzeit-beginnt-ce4.jpg\"><img aria-describedby=\"caption-attachment-1608\" data-attachment-id=\"1608\" data-permalink=\"http:\/\/my-alps.de\/?attachment_id=1608\" data-orig-file=\"https:\/\/i0.wp.com\/my-alps.de\/wp-content\/uploads\/2014\/09\/Die-Regenzeit-beginnt-ce4.jpg?fit=1024%2C683\" data-orig-size=\"1024,683\" data-comments-opened=\"1\" data-image-meta=\"{&quot;aperture&quot;:&quot;8&quot;,&quot;credit&quot;:&quot;&quot;,&quot;camera&quot;:&quot;SLT-A99V&quot;,&quot;caption&quot;:&quot;&quot;,&quot;created_timestamp&quot;:&quot;1410271562&quot;,&quot;copyright&quot;:&quot;&quot;,&quot;focal_length&quot;:&quot;24&quot;,&quot;iso&quot;:&quot;100&quot;,&quot;shutter_speed&quot;:&quot;0.011111111111111&quot;,&quot;title&quot;:&quot;&quot;}\" data-image-title=\"Die Regenzeit beginnt-ce4\" data-image-description=\"&lt;p&gt;Die Regenzeit beginnt&lt;\/p&gt;\n\" data-image-caption=\"&lt;p&gt;Die Regenzeit beginnt&lt;\/p&gt;\n\" data-medium-file=\"https:\/\/i0.wp.com\/my-alps.de\/wp-content\/uploads\/2014\/09\/Die-Regenzeit-beginnt-ce4.jpg?fit=300%2C200\" data-large-file=\"https:\/\/i0.wp.com\/my-alps.de\/wp-content\/uploads\/2014\/09\/Die-Regenzeit-beginnt-ce4.jpg?fit=625%2C417\" loading=\"lazy\" class=\"size-full wp-image-1608\" alt=\"Die Regenzeit beginnt\" src=\"https:\/\/i0.wp.com\/my-alps.de\/wp-content\/uploads\/2014\/09\/Die-Regenzeit-beginnt-ce4.jpg?resize=625%2C417\" width=\"625\" height=\"417\" srcset=\"https:\/\/i0.wp.com\/my-alps.de\/wp-content\/uploads\/2014\/09\/Die-Regenzeit-beginnt-ce4.jpg?w=1024 1024w, https:\/\/i0.wp.com\/my-alps.de\/wp-content\/uploads\/2014\/09\/Die-Regenzeit-beginnt-ce4.jpg?resize=300%2C200 300w\" sizes=\"(max-width: 625px) 100vw, 625px\" data-recalc-dims=\"1\" \/><\/a><p id=\"caption-attachment-1608\" class=\"wp-caption-text\">Die Regenzeit beginnt<\/p><\/div>\n<p>Wir sind noch umgeben von\u00a0<span style=\"line-height: 1.5;\">Bergen, die bis 3.500 Meter hoch sind &#8211; und der Atlantik ist sehr, sehr\u00a0<\/span><span style=\"line-height: 1.5;\">weit entfernt.<br \/>\nDer Rio Maranon ist ein direkter Zuflu\u00df zum Amazonas.<\/span><br \/>\nAlso praktisch kaum Gef\u00e4lle mehr auf die n\u00e4chsten tausende Kilometer.<\/p>\n","protected":false},"excerpt":{"rendered":"<p>Nach der \u00dcberquerung der sich schier endlos hinziehenden Pass Stra\u00dfe, ver\u00e4ndert sich das Landschaftsbild. Waren die Berge vorher noch mit niedriger Macchia bewachsen, dominiert nun auf einmal sattes Gr\u00fcn.<\/p>\n","protected":false},"author":1,"featured_media":0,"comment_status":"open","ping_status":"open","sticky":false,"template":"","format":"gallery","meta":{"spay_email":"","jetpack_publicize_message":"","jetpack_is_tweetstorm":false,"jetpack_publicize_feature_enabled":true},"categories":[1],"tags":[32],"jetpack_featured_media_url":"","jetpack_publicize_connections":[],"jetpack_sharing_enabled":true,"jetpack_shortlink":"https:\/\/wp.me\/p6huce-pJ","jetpack-related-posts":[{"id":1578,"url":"http:\/\/my-alps.de\/?p=1578","url_meta":{"origin":1595,"position":0},"title":"unsere pers\u00f6nliche Traumstra\u00dfe in Peru","date":"9. September 2014","format":"gallery","excerpt":"\"eigentlich\" wollten wir gar nicht nach Cajamarca fahren, doch nur die Panamerikana an der verm\u00fcllten K\u00fcste in Peru, zwischen verr\u00fcckten Taxifahren und selbstm\u00f6rderischen LKW's abzuhaken war uns dann doch zu langweilig. Gl\u00fcck gehabt! So sind wir nach unserem Besuch der Lehmziegelstadt \"Chan-Chan\" nur ein kleines St\u00fcck nach Norden hoch und\u2026","rel":"","context":"In &quot;News&quot;","img":{"alt_text":"","src":"https:\/\/i0.wp.com\/my-alps.de\/wp-content\/uploads\/2014\/09\/steile-Felder-ce4-HD.jpg?resize=350%2C200","width":350,"height":200},"classes":[]},{"id":1679,"url":"http:\/\/my-alps.de\/?p=1679","url_meta":{"origin":1595,"position":1},"title":"Guerillas im Nebel &#8211; Trampolin of Death","date":"4. Oktober 2014","format":"gallery","excerpt":"Ecuador haben wir hinter uns gelassen und jetzt sind wir in unserem (vorerst) letzten Land in S\u00fcdamerika durch das unsere Reise Einklang der Anden f\u00fchrt. Als erster Anlaufpunkt nach der Erledigung der Grenzformalit\u00e4ten bei der Ausreise von Ecuador und der Einreise nach Kolumbien (diesmal alles ganz harmlos), bietet sich die\u2026","rel":"","context":"In &quot;News&quot;","img":{"alt_text":"","src":"https:\/\/i0.wp.com\/my-alps.de\/wp-content\/uploads\/2014\/10\/Trampolin-of-Death-4-ce4.jpg?resize=350%2C200","width":350,"height":200},"classes":[]},{"id":1642,"url":"http:\/\/my-alps.de\/?p=1642","url_meta":{"origin":1595,"position":2},"title":"nach Banos","date":"24. September 2014","format":"gallery","excerpt":"Wir fahren zickzack durch Ecuador, so kommt es uns jedenfalls vor! Nach den arbeitsreichen, aber auch erholsamen Tagen am Pazifik sind wir wieder quer durch das Landesinnere gefahren. Unser Ziel war der (sehr) aktive Vulkan \"Tungurahua\" bei Banos. Zuerst ging es an der K\u00fcste hinauf bis \"Jipijapa\" und danach durch\u2026","rel":"","context":"In &quot;News&quot;","img":{"alt_text":"","src":"https:\/\/i0.wp.com\/my-alps.de\/wp-content\/uploads\/2014\/09\/Finca-Chamanapamba-II.jpg?resize=350%2C200","width":350,"height":200},"classes":[]},{"id":1614,"url":"http:\/\/my-alps.de\/?p=1614","url_meta":{"origin":1595,"position":3},"title":"Ecuador &#8211; entschleunigt leben","date":"17. September 2014","format":"gallery","excerpt":"Mittlerweile sitzen wir wieder mal an der K\u00fcste des Pazifiks und schauen auf das graue und endlose Meer hinaus. Etwa 500 Meter von uns entfernt tummeln sich ein paar Wale, machen sch\u00f6ne \"Bauchpflatscher\" oder schlagen mit ihren Schwanzflossen auf's Wasser. Pelikane und Fregattv\u00f6gel lassen sich vom Aufwind an der Steilk\u00fcste\u2026","rel":"","context":"In &quot;News&quot;","img":{"alt_text":"","src":"https:\/\/i0.wp.com\/my-alps.de\/wp-content\/uploads\/2014\/09\/wir-machen-auch-mal-Pause.jpg?resize=350%2C200","width":350,"height":200},"classes":[]},{"id":1598,"url":"http:\/\/my-alps.de\/?p=1598","url_meta":{"origin":1595,"position":4},"title":"Einreiseformalit\u00e4ten","date":"11. September 2014","format":"gallery","excerpt":"Nachdem unsere \u201eTraumstra\u00dfe\u201c wieder einer normalen\u00a0Stra\u00dfe durch ganz normales Peru gewichen ist, fahren\u00a0wir \u00fcber Jaen und St. Ignazio in Richtung Grenze nach Ecuador. Die Stra\u00dfe ist asphaltiert und gut ausgebaut, es herrscht kaum Verkehr, lediglich in den Orten und den beiden St\u00e4dten das \u00fcbliche Chaos an Taxis, Tuk-Tuk\u2019s und Ochsenkarren.\u2026","rel":"","context":"In &quot;News&quot;","img":{"alt_text":"","src":"https:\/\/i0.wp.com\/my-alps.de\/wp-content\/uploads\/2014\/09\/Grenze-Ecuador.jpg?resize=350%2C200","width":350,"height":200},"classes":[]},{"id":724,"url":"http:\/\/my-alps.de\/?p=724","url_meta":{"origin":1595,"position":5},"title":"Von El Chalten auf der Ruta 40 nach Chile","date":"23. Februar 2014","format":"gallery","excerpt":"Nach einer wundersch\u00f6nen Woche ist es an der Zeit weiter zu fahren. Unserer Reise f\u00fchrt nun \u00fcber die legend\u00e4re Ruta 40 (auf der wir uns schon einige Zeit bewegen) Richtung Norden. Die Gegend hier ist gepr\u00e4gt von - na ja - nichts - es gibt hier eigentlich nichts ausser Landschaft\u2026","rel":"","context":"In &quot;News&quot;","img":{"alt_text":"Ruta 40","src":"https:\/\/i0.wp.com\/my-alps.de\/wp-content\/uploads\/2014\/02\/Ruta-40.jpg?resize=350%2C200","width":350,"height":200},"classes":[]}],"_links":{"self":[{"href":"http:\/\/my-alps.de\/index.php?rest_route=\/wp\/v2\/posts\/1595"}],"collection":[{"href":"http:\/\/my-alps.de\/index.php?rest_route=\/wp\/v2\/posts"}],"about":[{"href":"http:\/\/my-alps.de\/index.php?rest_route=\/wp\/v2\/types\/post"}],"author":[{"embeddable":true,"href":"http:\/\/my-alps.de\/index.php?rest_route=\/wp\/v2\/users\/1"}],"replies":[{"embeddable":true,"href":"http:\/\/my-alps.de\/index.php?rest_route=%2Fwp%2Fv2%2Fcomments&post=1595"}],"version-history":[{"count":6,"href":"http:\/\/my-alps.de\/index.php?rest_route=\/wp\/v2\/posts\/1595\/revisions"}],"predecessor-version":[{"id":1609,"href":"http:\/\/my-alps.de\/index.php?rest_route=\/wp\/v2\/posts\/1595\/revisions\/1609"}],"wp:attachment":[{"href":"http:\/\/my-alps.de\/index.php?rest_route=%2Fwp%2Fv2%2Fmedia&parent=1595"}],"wp:term":[{"taxonomy":"category","embeddable":true,"href":"http:\/\/my-alps.de\/index.php?rest_route=%2Fwp%2Fv2%2Fcategories&post=1595"},{"taxonomy":"post_tag","embeddable":true,"href":"http:\/\/my-alps.de\/index.php?rest_route=%2Fwp%2Fv2%2Ftags&post=1595"}],"curies":[{"name":"wp","href":"https:\/\/api.w.org\/{rel}","templated":true}]}}