{"id":1578,"date":"2014-09-09T04:23:52","date_gmt":"2014-09-09T02:23:52","guid":{"rendered":"http:\/\/my-alps.de\/?p=1578"},"modified":"2014-09-09T04:50:43","modified_gmt":"2014-09-09T02:50:43","slug":"unsere-persoenliche-traumstrasse-in-peru","status":"publish","type":"post","link":"http:\/\/my-alps.de\/?p=1578","title":{"rendered":"unsere pers\u00f6nliche Traumstra\u00dfe in Peru"},"content":{"rendered":"<p>&#8222;eigentlich&#8220; wollten wir gar nicht nach Cajamarca fahren,<br \/>\ndoch nur die Panamerikana an der verm\u00fcllten K\u00fcste in Peru, zwischen verr\u00fcckten Taxifahren und selbstm\u00f6rderischen LKW&#8217;s<br \/>\nabzuhaken war uns dann doch zu langweilig.<\/p>\n<p>Gl\u00fcck gehabt!<\/p>\n<p><!--more--><\/p>\n<div id=\"attachment_1583\" style=\"width: 1034px\" class=\"wp-caption aligncenter\"><a href=\"https:\/\/i0.wp.com\/my-alps.de\/wp-content\/uploads\/2014\/09\/Reisfelder-Rio-Jequetepeque-I-ce4-HD.jpg\"><img aria-describedby=\"caption-attachment-1583\" data-attachment-id=\"1583\" data-permalink=\"http:\/\/my-alps.de\/?attachment_id=1583\" data-orig-file=\"https:\/\/i0.wp.com\/my-alps.de\/wp-content\/uploads\/2014\/09\/Reisfelder-Rio-Jequetepeque-I-ce4-HD.jpg?fit=1024%2C576\" data-orig-size=\"1024,576\" data-comments-opened=\"1\" data-image-meta=\"{&quot;aperture&quot;:&quot;6.7&quot;,&quot;credit&quot;:&quot;&quot;,&quot;camera&quot;:&quot;SLT-A99V&quot;,&quot;caption&quot;:&quot;&quot;,&quot;created_timestamp&quot;:&quot;1409930530&quot;,&quot;copyright&quot;:&quot;&quot;,&quot;focal_length&quot;:&quot;26&quot;,&quot;iso&quot;:&quot;100&quot;,&quot;shutter_speed&quot;:&quot;0.005&quot;,&quot;title&quot;:&quot;&quot;}\" data-image-title=\"Reisfelder Rio Jequetepeque-I-ce4-HD\" data-image-description=\"&lt;p&gt;Reisfelder Rio Jequetepeque&lt;\/p&gt;\n\" data-image-caption=\"&lt;p&gt;Reisfelder Rio Jequetepeque&lt;\/p&gt;\n\" data-medium-file=\"https:\/\/i0.wp.com\/my-alps.de\/wp-content\/uploads\/2014\/09\/Reisfelder-Rio-Jequetepeque-I-ce4-HD.jpg?fit=300%2C168\" data-large-file=\"https:\/\/i0.wp.com\/my-alps.de\/wp-content\/uploads\/2014\/09\/Reisfelder-Rio-Jequetepeque-I-ce4-HD.jpg?fit=625%2C352\" loading=\"lazy\" class=\"size-full wp-image-1583\" alt=\"Reisfelder Rio Jequetepeque\" src=\"https:\/\/i0.wp.com\/my-alps.de\/wp-content\/uploads\/2014\/09\/Reisfelder-Rio-Jequetepeque-I-ce4-HD.jpg?resize=625%2C352\" width=\"625\" height=\"352\" srcset=\"https:\/\/i0.wp.com\/my-alps.de\/wp-content\/uploads\/2014\/09\/Reisfelder-Rio-Jequetepeque-I-ce4-HD.jpg?w=1024 1024w, https:\/\/i0.wp.com\/my-alps.de\/wp-content\/uploads\/2014\/09\/Reisfelder-Rio-Jequetepeque-I-ce4-HD.jpg?resize=300%2C168 300w\" sizes=\"(max-width: 625px) 100vw, 625px\" data-recalc-dims=\"1\" \/><\/a><p id=\"caption-attachment-1583\" class=\"wp-caption-text\">Reisfelder Rio Jequetepeque<\/p><\/div>\n<p>So sind wir nach unserem Besuch der Lehmziegelstadt &#8222;Chan-Chan&#8220; nur ein kleines St\u00fcck nach Norden hoch und dann in das Tal des<br \/>\nRio Jequetepeque (ganz schnell aussprechen!) abgebogen.<br \/>\nAuf einmal war alles ganz gr\u00fcn &#8211; unz\u00e4hlige Reisfelder liegen in dem fruchtbaren Talboden und die Stra\u00dfe schl\u00e4ngelt sich, langsam wieder an H\u00f6he gewinnend, bis nach Cajamarca.<br \/>\nJeder Winkel wird f\u00fcr den Anbau genutzt, und an den steilsten Stellen wird Landwirtschaft betrieben.<\/p>\n<div id=\"attachment_1590\" style=\"width: 1034px\" class=\"wp-caption aligncenter\"><a href=\"https:\/\/i0.wp.com\/my-alps.de\/wp-content\/uploads\/2014\/09\/steile-Felder-ce4-HD.jpg\"><img aria-describedby=\"caption-attachment-1590\" data-attachment-id=\"1590\" data-permalink=\"http:\/\/my-alps.de\/?attachment_id=1590\" data-orig-file=\"https:\/\/i0.wp.com\/my-alps.de\/wp-content\/uploads\/2014\/09\/steile-Felder-ce4-HD.jpg?fit=1024%2C576\" data-orig-size=\"1024,576\" data-comments-opened=\"1\" data-image-meta=\"{&quot;aperture&quot;:&quot;5.6&quot;,&quot;credit&quot;:&quot;&quot;,&quot;camera&quot;:&quot;SLT-A99V&quot;,&quot;caption&quot;:&quot;&quot;,&quot;created_timestamp&quot;:&quot;1409995625&quot;,&quot;copyright&quot;:&quot;&quot;,&quot;focal_length&quot;:&quot;70&quot;,&quot;iso&quot;:&quot;100&quot;,&quot;shutter_speed&quot;:&quot;0.005&quot;,&quot;title&quot;:&quot;&quot;}\" data-image-title=\"steile Felder-ce4-HD\" data-image-description=\"&lt;p&gt;steile Felder&lt;\/p&gt;\n\" data-image-caption=\"&lt;p&gt;steile Felder&lt;\/p&gt;\n\" data-medium-file=\"https:\/\/i0.wp.com\/my-alps.de\/wp-content\/uploads\/2014\/09\/steile-Felder-ce4-HD.jpg?fit=300%2C168\" data-large-file=\"https:\/\/i0.wp.com\/my-alps.de\/wp-content\/uploads\/2014\/09\/steile-Felder-ce4-HD.jpg?fit=625%2C352\" loading=\"lazy\" class=\"size-full wp-image-1590\" alt=\"steile Felder\" src=\"https:\/\/i0.wp.com\/my-alps.de\/wp-content\/uploads\/2014\/09\/steile-Felder-ce4-HD.jpg?resize=625%2C352\" width=\"625\" height=\"352\" srcset=\"https:\/\/i0.wp.com\/my-alps.de\/wp-content\/uploads\/2014\/09\/steile-Felder-ce4-HD.jpg?w=1024 1024w, https:\/\/i0.wp.com\/my-alps.de\/wp-content\/uploads\/2014\/09\/steile-Felder-ce4-HD.jpg?resize=300%2C168 300w\" sizes=\"(max-width: 625px) 100vw, 625px\" data-recalc-dims=\"1\" \/><\/a><p id=\"caption-attachment-1590\" class=\"wp-caption-text\">steile Felder<\/p><\/div>\n<p>Nach Cajamarca konnten wir nicht hineinfahren, denn es war Wochenende und in Peru stehen Wahlen am 5. Oktober an.<br \/>\nDie Stadt befand sich im Ausnahmezustand &#8211; ein gro\u00dfer Umzug des Lokalpolitikers und das dazugeh\u00f6rige Verkehrschaos.<br \/>\nMacht nix, haben wir uns gedacht und den Nachmittag im sch\u00f6nen Schwimmbecken des Hotels &#8222;Laguna Seca&#8220; verbracht.<br \/>\nDas Badewasser wird gespeist aus ca. 75 Grad hei\u00dfen Thermalquellen in dem Ort &#8222;Banos del Inca&#8220;.<br \/>\nSehr zu empfehlen!<br \/>\nDanach ging es weiter nach &#8222;Celendin&#8220;, einem kleinen<br \/>\nOrt mitten im Gebirge. Zum Gl\u00fcck ist die Stra\u00dfe neu ausgebaut worden, und so hatten wir mehr Zeit die sch\u00f6ne Landschaft zu bestaunen. Am Stra\u00dfenrand sitzen Frauen und spinnen Wolle mit der Handspindel. Kinder laufen den Ziegen und K\u00fchen nach,<br \/>\nund die M\u00e4nner schrauben an ihren Motordreir\u00e4dern.<\/p>\n<div id=\"attachment_1582\" style=\"width: 1034px\" class=\"wp-caption aligncenter\"><a href=\"https:\/\/i0.wp.com\/my-alps.de\/wp-content\/uploads\/2014\/09\/meine-Traumstra\u00dfe-ce4-6x6.jpg\"><img aria-describedby=\"caption-attachment-1582\" data-attachment-id=\"1582\" data-permalink=\"http:\/\/my-alps.de\/?attachment_id=1582\" data-orig-file=\"https:\/\/i0.wp.com\/my-alps.de\/wp-content\/uploads\/2014\/09\/meine-Traumstra\u00dfe-ce4-6x6.jpg?fit=1024%2C1024\" data-orig-size=\"1024,1024\" data-comments-opened=\"1\" data-image-meta=\"{&quot;aperture&quot;:&quot;9.5&quot;,&quot;credit&quot;:&quot;&quot;,&quot;camera&quot;:&quot;SLT-A99V&quot;,&quot;caption&quot;:&quot;&quot;,&quot;created_timestamp&quot;:&quot;1410101320&quot;,&quot;copyright&quot;:&quot;&quot;,&quot;focal_length&quot;:&quot;24&quot;,&quot;iso&quot;:&quot;100&quot;,&quot;shutter_speed&quot;:&quot;0.005&quot;,&quot;title&quot;:&quot;&quot;}\" data-image-title=\"meine Traumstra\u00dfe-ce4-6&#215;6\" data-image-description=\"&lt;p&gt;meine Traumstra\u00dfe&lt;\/p&gt;\n\" data-image-caption=\"&lt;p&gt;meine Traumstra\u00dfe&lt;\/p&gt;\n\" data-medium-file=\"https:\/\/i0.wp.com\/my-alps.de\/wp-content\/uploads\/2014\/09\/meine-Traumstra\u00dfe-ce4-6x6.jpg?fit=300%2C300\" data-large-file=\"https:\/\/i0.wp.com\/my-alps.de\/wp-content\/uploads\/2014\/09\/meine-Traumstra\u00dfe-ce4-6x6.jpg?fit=625%2C625\" loading=\"lazy\" class=\"size-full wp-image-1582\" alt=\"meine Traumstra\u00dfe\" src=\"https:\/\/i0.wp.com\/my-alps.de\/wp-content\/uploads\/2014\/09\/meine-Traumstra\u00dfe-ce4-6x6.jpg?resize=625%2C625\" width=\"625\" height=\"625\" srcset=\"https:\/\/i0.wp.com\/my-alps.de\/wp-content\/uploads\/2014\/09\/meine-Traumstra\u00dfe-ce4-6x6.jpg?w=1024 1024w, https:\/\/i0.wp.com\/my-alps.de\/wp-content\/uploads\/2014\/09\/meine-Traumstra\u00dfe-ce4-6x6.jpg?resize=290%2C290 290w, https:\/\/i0.wp.com\/my-alps.de\/wp-content\/uploads\/2014\/09\/meine-Traumstra\u00dfe-ce4-6x6.jpg?resize=300%2C300 300w\" sizes=\"(max-width: 625px) 100vw, 625px\" data-recalc-dims=\"1\" \/><\/a><p id=\"caption-attachment-1582\" class=\"wp-caption-text\">meine Traumstra\u00dfe<\/p><\/div>\n<p>Nach Celendin ist die Stra\u00dfe nur noch einspurig,<br \/>\naber entgegen aller Reisef\u00fchrer nun befestigt.<br \/>\nSie schraubt sich zuerst bis auf 3.200 Meter hoch, um dann in endlosen Serpentinen und Windungen sich zum Rio Maranon hinunterzuziehen.<\/p>\n<div id=\"attachment_1579\" style=\"width: 1034px\" class=\"wp-caption aligncenter\"><a href=\"https:\/\/i0.wp.com\/my-alps.de\/wp-content\/uploads\/2014\/09\/3.000-Meter-Downhill-ce4.jpg\"><img aria-describedby=\"caption-attachment-1579\" data-attachment-id=\"1579\" data-permalink=\"http:\/\/my-alps.de\/?attachment_id=1579\" data-orig-file=\"https:\/\/i0.wp.com\/my-alps.de\/wp-content\/uploads\/2014\/09\/3.000-Meter-Downhill-ce4.jpg?fit=1024%2C683\" data-orig-size=\"1024,683\" data-comments-opened=\"1\" data-image-meta=\"{&quot;aperture&quot;:&quot;11&quot;,&quot;credit&quot;:&quot;&quot;,&quot;camera&quot;:&quot;SLT-A99V&quot;,&quot;caption&quot;:&quot;&quot;,&quot;created_timestamp&quot;:&quot;1410087091&quot;,&quot;copyright&quot;:&quot;&quot;,&quot;focal_length&quot;:&quot;24&quot;,&quot;iso&quot;:&quot;100&quot;,&quot;shutter_speed&quot;:&quot;0.005&quot;,&quot;title&quot;:&quot;&quot;}\" data-image-title=\"3.000 Meter Downhill-ce4\" data-image-description=\"&lt;p&gt;3.000 Meter Downhill&lt;\/p&gt;\n\" data-image-caption=\"&lt;p&gt;3.000 Meter Downhill&lt;\/p&gt;\n\" data-medium-file=\"https:\/\/i0.wp.com\/my-alps.de\/wp-content\/uploads\/2014\/09\/3.000-Meter-Downhill-ce4.jpg?fit=300%2C200\" data-large-file=\"https:\/\/i0.wp.com\/my-alps.de\/wp-content\/uploads\/2014\/09\/3.000-Meter-Downhill-ce4.jpg?fit=625%2C417\" loading=\"lazy\" class=\"size-full wp-image-1579\" alt=\"3.000 Meter Downhill\" src=\"https:\/\/i0.wp.com\/my-alps.de\/wp-content\/uploads\/2014\/09\/3.000-Meter-Downhill-ce4.jpg?resize=625%2C417\" width=\"625\" height=\"417\" srcset=\"https:\/\/i0.wp.com\/my-alps.de\/wp-content\/uploads\/2014\/09\/3.000-Meter-Downhill-ce4.jpg?w=1024 1024w, https:\/\/i0.wp.com\/my-alps.de\/wp-content\/uploads\/2014\/09\/3.000-Meter-Downhill-ce4.jpg?resize=300%2C200 300w\" sizes=\"(max-width: 625px) 100vw, 625px\" data-recalc-dims=\"1\" \/><\/a><p id=\"caption-attachment-1579\" class=\"wp-caption-text\">3.000 Meter Downhill<\/p><\/div>\n<p>Dann \u00fcberquert man den Flu\u00df auf einer alten H\u00e4ngebr\u00fccke und schraubt sich wieder auf 3.600 Meter hoch, und \u00fcberwindet dabei einige Zwischenp\u00e4sse.<\/p>\n<div id=\"attachment_1581\" style=\"width: 1034px\" class=\"wp-caption aligncenter\"><a href=\"https:\/\/i0.wp.com\/my-alps.de\/wp-content\/uploads\/2014\/09\/kein-Gegenverkehr-ce4.jpg\"><img aria-describedby=\"caption-attachment-1581\" data-attachment-id=\"1581\" data-permalink=\"http:\/\/my-alps.de\/?attachment_id=1581\" data-orig-file=\"https:\/\/i0.wp.com\/my-alps.de\/wp-content\/uploads\/2014\/09\/kein-Gegenverkehr-ce4.jpg?fit=1024%2C683\" data-orig-size=\"1024,683\" data-comments-opened=\"1\" data-image-meta=\"{&quot;aperture&quot;:&quot;11&quot;,&quot;credit&quot;:&quot;&quot;,&quot;camera&quot;:&quot;SLT-A99V&quot;,&quot;caption&quot;:&quot;&quot;,&quot;created_timestamp&quot;:&quot;1410091258&quot;,&quot;copyright&quot;:&quot;&quot;,&quot;focal_length&quot;:&quot;24&quot;,&quot;iso&quot;:&quot;100&quot;,&quot;shutter_speed&quot;:&quot;0.005&quot;,&quot;title&quot;:&quot;&quot;}\" data-image-title=\"kein Gegenverkehr-ce4\" data-image-description=\"&lt;p&gt;kein Gegenverkehr&lt;\/p&gt;\n\" data-image-caption=\"&lt;p&gt;kein Gegenverkehr&lt;\/p&gt;\n\" data-medium-file=\"https:\/\/i0.wp.com\/my-alps.de\/wp-content\/uploads\/2014\/09\/kein-Gegenverkehr-ce4.jpg?fit=300%2C200\" data-large-file=\"https:\/\/i0.wp.com\/my-alps.de\/wp-content\/uploads\/2014\/09\/kein-Gegenverkehr-ce4.jpg?fit=625%2C417\" loading=\"lazy\" class=\"size-full wp-image-1581\" alt=\"kein Gegenverkehr\" src=\"https:\/\/i0.wp.com\/my-alps.de\/wp-content\/uploads\/2014\/09\/kein-Gegenverkehr-ce4.jpg?resize=625%2C417\" width=\"625\" height=\"417\" srcset=\"https:\/\/i0.wp.com\/my-alps.de\/wp-content\/uploads\/2014\/09\/kein-Gegenverkehr-ce4.jpg?w=1024 1024w, https:\/\/i0.wp.com\/my-alps.de\/wp-content\/uploads\/2014\/09\/kein-Gegenverkehr-ce4.jpg?resize=300%2C200 300w\" sizes=\"(max-width: 625px) 100vw, 625px\" data-recalc-dims=\"1\" \/><\/a><p id=\"caption-attachment-1581\" class=\"wp-caption-text\">kein Gegenverkehr<\/p><\/div>\n<p>Die Stra\u00dfe ist nur einspurig, aber man sieht den Gegenverkehr, so welcher vorhanden ist, schon von weitem.<br \/>\nAllerdings ist die Stra\u00dfenf\u00fchrung nichts f\u00fcr schwache Nerven! Abwechselnd wird vom Fahrer und vom Beifahrer absolute Schwindelfreiheit gefordert, da die Abgr\u00fcnde neben der Stra\u00dfe scheinbar ins Bodenlose st\u00fcrzen.<\/p>\n<div id=\"attachment_1580\" style=\"width: 1034px\" class=\"wp-caption aligncenter\"><a href=\"https:\/\/i0.wp.com\/my-alps.de\/wp-content\/uploads\/2014\/09\/3.000-Meter-Uphill-ce4.jpg\"><img aria-describedby=\"caption-attachment-1580\" data-attachment-id=\"1580\" data-permalink=\"http:\/\/my-alps.de\/?attachment_id=1580\" data-orig-file=\"https:\/\/i0.wp.com\/my-alps.de\/wp-content\/uploads\/2014\/09\/3.000-Meter-Uphill-ce4.jpg?fit=1024%2C683\" data-orig-size=\"1024,683\" data-comments-opened=\"1\" data-image-meta=\"{&quot;aperture&quot;:&quot;11&quot;,&quot;credit&quot;:&quot;&quot;,&quot;camera&quot;:&quot;SLT-A99V&quot;,&quot;caption&quot;:&quot;&quot;,&quot;created_timestamp&quot;:&quot;1410100560&quot;,&quot;copyright&quot;:&quot;&quot;,&quot;focal_length&quot;:&quot;24&quot;,&quot;iso&quot;:&quot;100&quot;,&quot;shutter_speed&quot;:&quot;0.004&quot;,&quot;title&quot;:&quot;&quot;}\" data-image-title=\"3.000 Meter Uphill-ce4\" data-image-description=\"&lt;p&gt;3.000 Meter Uphill&lt;\/p&gt;\n\" data-image-caption=\"&lt;p&gt;3.000 Meter Uphill&lt;\/p&gt;\n\" data-medium-file=\"https:\/\/i0.wp.com\/my-alps.de\/wp-content\/uploads\/2014\/09\/3.000-Meter-Uphill-ce4.jpg?fit=300%2C200\" data-large-file=\"https:\/\/i0.wp.com\/my-alps.de\/wp-content\/uploads\/2014\/09\/3.000-Meter-Uphill-ce4.jpg?fit=625%2C417\" loading=\"lazy\" class=\"size-full wp-image-1580\" alt=\"3.000 Meter Uphill\" src=\"https:\/\/i0.wp.com\/my-alps.de\/wp-content\/uploads\/2014\/09\/3.000-Meter-Uphill-ce4.jpg?resize=625%2C417\" width=\"625\" height=\"417\" srcset=\"https:\/\/i0.wp.com\/my-alps.de\/wp-content\/uploads\/2014\/09\/3.000-Meter-Uphill-ce4.jpg?w=1024 1024w, https:\/\/i0.wp.com\/my-alps.de\/wp-content\/uploads\/2014\/09\/3.000-Meter-Uphill-ce4.jpg?resize=300%2C200 300w\" sizes=\"(max-width: 625px) 100vw, 625px\" data-recalc-dims=\"1\" \/><\/a><p id=\"caption-attachment-1580\" class=\"wp-caption-text\">3.000 Meter Uphill<\/p><\/div>\n<p>Die beiden Bilder Up-und Downhill liegen sich genau gegen\u00fcber, Luftlinie sch\u00e4tzungsweise 5 Kilometer.<br \/>\nFahrzeit mehr als 3 Stunden!<br \/>\n\u00dcbrigens, der Dunst auf den Bildern kommt von den Brandrodungen, die hier immer noch betrieben werden.<br \/>\nUnverst\u00e4ndlich, denn es wird auf den abgebrannten Bergen nichts angebaut.<br \/>\nNach dem letzten Pass windet sich die Stra\u00dfe hinab nach Leymebamba und man erreicht langsam den Dschungel.<br \/>\n(aber davon mehr im zweiten Teil&#8230;..)<\/p>\n","protected":false},"excerpt":{"rendered":"<p>&#8222;eigentlich&#8220; wollten wir gar nicht nach Cajamarca fahren, doch nur die Panamerikana an der verm\u00fcllten K\u00fcste in Peru, zwischen verr\u00fcckten Taxifahren und selbstm\u00f6rderischen LKW&#8217;s abzuhaken war uns dann doch zu langweilig. Gl\u00fcck gehabt!<\/p>\n","protected":false},"author":1,"featured_media":0,"comment_status":"open","ping_status":"open","sticky":false,"template":"","format":"gallery","meta":{"spay_email":"","jetpack_publicize_message":"","jetpack_is_tweetstorm":false,"jetpack_publicize_feature_enabled":true},"categories":[1],"tags":[31,32],"jetpack_featured_media_url":"","jetpack_publicize_connections":[],"jetpack_sharing_enabled":true,"jetpack_shortlink":"https:\/\/wp.me\/p6huce-ps","jetpack-related-posts":[{"id":1595,"url":"http:\/\/my-alps.de\/?p=1595","url_meta":{"origin":1578,"position":0},"title":"Die Traumstra\u00dfe (Teil 2) \u00fcber Leymebamba","date":"11. September 2014","format":"gallery","excerpt":"Nach der \u00dcberquerung der sich schier endlos hinziehenden Pass Stra\u00dfe, ver\u00e4ndert sich das Landschaftsbild. Waren die Berge vorher noch mit niedriger Macchia bewachsen, dominiert nun auf einmal sattes Gr\u00fcn. Wie bei uns in den Voralpen sind die Wiesen saftig gr\u00fcn und es weiden K\u00fche. Fehlt nur noch das Gebimmel der\u2026","rel":"","context":"In &quot;News&quot;","img":{"alt_text":"","src":"https:\/\/i0.wp.com\/my-alps.de\/wp-content\/uploads\/2014\/09\/Die-Regenzeit-beginnt-ce4.jpg?resize=350%2C200","width":350,"height":200},"classes":[]},{"id":1472,"url":"http:\/\/my-alps.de\/?p=1472","url_meta":{"origin":1578,"position":1},"title":"vom Sajama, dem h\u00f6chsten Berg Boliviens nach Peru","date":"8. August 2014","format":"gallery","excerpt":"Da wir vom Titikakasee etwas entt\u00e4uscht waren, haben wir uns kurzerhand entschlossen doch noch einen Abstecher zum \"Sajama\" zu fahren. Er liegt zwar auf dem Weg Richtung Chile, aber\u00a0das haben wir dann mit dem Grenz\u00fcbergang in Arica\u00a0verkn\u00fcpft. auf dem AltiplanoDer \"Sajama\" ist ein wundersch\u00f6ner Vulkankegel, der sich wie eine Zipfelm\u00fctze\u2026","rel":"","context":"In &quot;News&quot;","img":{"alt_text":"","src":"https:\/\/i0.wp.com\/my-alps.de\/wp-content\/uploads\/2014\/08\/Vulkanausbruch-1-ce4.jpg?resize=350%2C200","width":350,"height":200},"classes":[]},{"id":1598,"url":"http:\/\/my-alps.de\/?p=1598","url_meta":{"origin":1578,"position":2},"title":"Einreiseformalit\u00e4ten","date":"11. September 2014","format":"gallery","excerpt":"Nachdem unsere \u201eTraumstra\u00dfe\u201c wieder einer normalen\u00a0Stra\u00dfe durch ganz normales Peru gewichen ist, fahren\u00a0wir \u00fcber Jaen und St. Ignazio in Richtung Grenze nach Ecuador. Die Stra\u00dfe ist asphaltiert und gut ausgebaut, es herrscht kaum Verkehr, lediglich in den Orten und den beiden St\u00e4dten das \u00fcbliche Chaos an Taxis, Tuk-Tuk\u2019s und Ochsenkarren.\u2026","rel":"","context":"In &quot;News&quot;","img":{"alt_text":"","src":"https:\/\/i0.wp.com\/my-alps.de\/wp-content\/uploads\/2014\/09\/Grenze-Ecuador.jpg?resize=350%2C200","width":350,"height":200},"classes":[]},{"id":1521,"url":"http:\/\/my-alps.de\/?p=1521","url_meta":{"origin":1578,"position":3},"title":"Machupicchu","date":"22. August 2014","format":"gallery","excerpt":"Die \u201eaufr\u00fcttelnde\u201c Zugfahrt von Ollantaytambo\u00a0nach \"Aquas Calientes\", dem Ausgangsort um\u00a0nach Machupicchu zu gelangen,\u00a0f\u00fchrt durch ein immer enger werdendes Tal. Es geht fast 800 H\u00f6henmeter abw\u00e4rts und dauert 1,5 Stunden. Die Landschaft, die am Fenster vorbeizieht, wird langsam\u00a0zum Urwald. In der Ferne sieht man schneebedeckte 5 und 6.000er. Die Bahnstrecke schl\u00e4ngelt\u2026","rel":"","context":"In &quot;News&quot;","img":{"alt_text":"","src":"https:\/\/i0.wp.com\/my-alps.de\/wp-content\/uploads\/2014\/08\/Puente-del-Inka-ce4.jpg?resize=350%2C200","width":350,"height":200},"classes":[]},{"id":1483,"url":"http:\/\/my-alps.de\/?p=1483","url_meta":{"origin":1578,"position":4},"title":"Colca Canyon &#8211; ganz sch\u00f6n tief","date":"11. August 2014","format":"gallery","excerpt":"Nachdem wir zwei Tage in Arequipa, der wohl sch\u00f6nsten Stadt in Peru, verbracht haben, sind wir weitergefahren zum Colca Canyon. Arequipa besticht mit seiner sch\u00f6nen Innenstadt und den aus weissen Vulkangestein erbauten Kolonialgeb\u00e4uden. Unser Camp haben wir im Garten des \"Hostal Mercedes\", direkt in der Innenstadt aufgeschlagen. Dementsprechend laut war\u2026","rel":"","context":"In &quot;News&quot;","img":{"alt_text":"","src":"https:\/\/i0.wp.com\/my-alps.de\/wp-content\/uploads\/2014\/08\/Colca-Terrassenfelder-ce4.jpg?resize=350%2C200","width":350,"height":200},"classes":[]},{"id":1077,"url":"http:\/\/my-alps.de\/?p=1077","url_meta":{"origin":1578,"position":5},"title":"In Naturcolor nach Araukanien","date":"3. Mai 2014","format":"gallery","excerpt":"Die ersten Nachtfr\u00f6ste haben uns einen zauberhaften Morgen geschenkt und wir sind ein St\u00fcck weiter nach Norden gezogen. Die n\u00e4chste Stadt auf unserem Weg ist San Martin des los Andes. Eine Tourismus\u201coase\u201c f\u00fcr alle m\u00f6glichen Outdoorsportarten. Man kann hier sogar richtig Skifahren, und der Ort macht sich fertig f\u00fcr die\u2026","rel":"","context":"In &quot;News&quot;","img":{"alt_text":"","src":"https:\/\/i0.wp.com\/my-alps.de\/wp-content\/uploads\/2014\/05\/Vegetationszonen-I-ce4.jpg?resize=350%2C200","width":350,"height":200},"classes":[]}],"_links":{"self":[{"href":"http:\/\/my-alps.de\/index.php?rest_route=\/wp\/v2\/posts\/1578"}],"collection":[{"href":"http:\/\/my-alps.de\/index.php?rest_route=\/wp\/v2\/posts"}],"about":[{"href":"http:\/\/my-alps.de\/index.php?rest_route=\/wp\/v2\/types\/post"}],"author":[{"embeddable":true,"href":"http:\/\/my-alps.de\/index.php?rest_route=\/wp\/v2\/users\/1"}],"replies":[{"embeddable":true,"href":"http:\/\/my-alps.de\/index.php?rest_route=%2Fwp%2Fv2%2Fcomments&post=1578"}],"version-history":[{"count":5,"href":"http:\/\/my-alps.de\/index.php?rest_route=\/wp\/v2\/posts\/1578\/revisions"}],"predecessor-version":[{"id":1593,"href":"http:\/\/my-alps.de\/index.php?rest_route=\/wp\/v2\/posts\/1578\/revisions\/1593"}],"wp:attachment":[{"href":"http:\/\/my-alps.de\/index.php?rest_route=%2Fwp%2Fv2%2Fmedia&parent=1578"}],"wp:term":[{"taxonomy":"category","embeddable":true,"href":"http:\/\/my-alps.de\/index.php?rest_route=%2Fwp%2Fv2%2Fcategories&post=1578"},{"taxonomy":"post_tag","embeddable":true,"href":"http:\/\/my-alps.de\/index.php?rest_route=%2Fwp%2Fv2%2Ftags&post=1578"}],"curies":[{"name":"wp","href":"https:\/\/api.w.org\/{rel}","templated":true}]}}