{"id":1564,"date":"2014-09-09T01:22:39","date_gmt":"2014-09-08T23:22:39","guid":{"rendered":"http:\/\/my-alps.de\/?p=1564"},"modified":"2014-09-09T01:23:29","modified_gmt":"2014-09-08T23:23:29","slug":"cordillera-blanca","status":"publish","type":"post","link":"http:\/\/my-alps.de\/?p=1564","title":{"rendered":"Cordillera Blanca"},"content":{"rendered":"<p>Nachdem wir Lima verlassen hatten wollten wir nicht\u00a0<span style=\"line-height: 1.5;\">unn\u00f6tig weiter an der K\u00fcste hochfahren, und haben die\u00a0<\/span><span style=\"line-height: 1.5;\">n\u00e4chste M\u00f6glichkeit genutzt um in die Bergwelt der &#8222;<\/span><span style=\"line-height: 1.5;\">Cordillera Blanca&#8220; abzubiegen.<\/span><\/p>\n<div id=\"attachment_1565\" style=\"width: 1034px\" class=\"wp-caption aligncenter\"><a href=\"https:\/\/i0.wp.com\/my-alps.de\/wp-content\/uploads\/2014\/09\/Cord.-Blanca-1-ce4.jpg\"><img aria-describedby=\"caption-attachment-1565\" data-attachment-id=\"1565\" data-permalink=\"http:\/\/my-alps.de\/?attachment_id=1565\" data-orig-file=\"https:\/\/i0.wp.com\/my-alps.de\/wp-content\/uploads\/2014\/09\/Cord.-Blanca-1-ce4.jpg?fit=1024%2C683\" data-orig-size=\"1024,683\" data-comments-opened=\"1\" data-image-meta=\"{&quot;aperture&quot;:&quot;13&quot;,&quot;credit&quot;:&quot;&quot;,&quot;camera&quot;:&quot;SLT-A99V&quot;,&quot;caption&quot;:&quot;&quot;,&quot;created_timestamp&quot;:&quot;1409326817&quot;,&quot;copyright&quot;:&quot;&quot;,&quot;focal_length&quot;:&quot;24&quot;,&quot;iso&quot;:&quot;100&quot;,&quot;shutter_speed&quot;:&quot;0.005&quot;,&quot;title&quot;:&quot;&quot;}\" data-image-title=\"Cord. Blanca-1-ce4\" data-image-description=\"&lt;p&gt;Cord. Blanca&lt;\/p&gt;\n\" data-image-caption=\"&lt;p&gt;Cord. Blanca&lt;\/p&gt;\n\" data-medium-file=\"https:\/\/i0.wp.com\/my-alps.de\/wp-content\/uploads\/2014\/09\/Cord.-Blanca-1-ce4.jpg?fit=300%2C200\" data-large-file=\"https:\/\/i0.wp.com\/my-alps.de\/wp-content\/uploads\/2014\/09\/Cord.-Blanca-1-ce4.jpg?fit=625%2C417\" loading=\"lazy\" class=\"size-full wp-image-1565\" alt=\"Cord. Blanca\" src=\"https:\/\/i0.wp.com\/my-alps.de\/wp-content\/uploads\/2014\/09\/Cord.-Blanca-1-ce4.jpg?resize=625%2C417\" width=\"625\" height=\"417\" srcset=\"https:\/\/i0.wp.com\/my-alps.de\/wp-content\/uploads\/2014\/09\/Cord.-Blanca-1-ce4.jpg?w=1024 1024w, https:\/\/i0.wp.com\/my-alps.de\/wp-content\/uploads\/2014\/09\/Cord.-Blanca-1-ce4.jpg?resize=300%2C200 300w\" sizes=\"(max-width: 625px) 100vw, 625px\" data-recalc-dims=\"1\" \/><\/a><p id=\"caption-attachment-1565\" class=\"wp-caption-text\">Cord. Blanca<\/p><\/div>\n<p><!--more--><\/p>\n<p>Bei Paramonga am Pazifik biegt man in das Tal des\u00a0<span style=\"line-height: 1.5;\">Rio Fortaleza ab und f\u00e4hrt von Meeresh\u00f6he wieder\u00a0<\/span><span style=\"line-height: 1.5;\">hinauf auf ca. 4.000 Meter. Dann steht man direkt vor\u00a0<\/span><span style=\"line-height: 1.5;\">den schneebedeckten Sechstausendern.<\/span><\/p>\n<div id=\"attachment_1567\" style=\"width: 1034px\" class=\"wp-caption aligncenter\"><a href=\"https:\/\/i0.wp.com\/my-alps.de\/wp-content\/uploads\/2014\/09\/Huascaran-II-ce4-dfine.jpg\"><img aria-describedby=\"caption-attachment-1567\" data-attachment-id=\"1567\" data-permalink=\"http:\/\/my-alps.de\/?attachment_id=1567\" data-orig-file=\"https:\/\/i0.wp.com\/my-alps.de\/wp-content\/uploads\/2014\/09\/Huascaran-II-ce4-dfine.jpg?fit=1024%2C683\" data-orig-size=\"1024,683\" data-comments-opened=\"1\" data-image-meta=\"{&quot;aperture&quot;:&quot;11&quot;,&quot;credit&quot;:&quot;&quot;,&quot;camera&quot;:&quot;SLT-A99V&quot;,&quot;caption&quot;:&quot;&quot;,&quot;created_timestamp&quot;:&quot;1409737807&quot;,&quot;copyright&quot;:&quot;&quot;,&quot;focal_length&quot;:&quot;120&quot;,&quot;iso&quot;:&quot;100&quot;,&quot;shutter_speed&quot;:&quot;0.002&quot;,&quot;title&quot;:&quot;&quot;}\" data-image-title=\"Huascaran-II-ce4-dfine\" data-image-description=\"&lt;p&gt;Huascaran&lt;\/p&gt;\n\" data-image-caption=\"&lt;p&gt;Huascaran&lt;\/p&gt;\n\" data-medium-file=\"https:\/\/i0.wp.com\/my-alps.de\/wp-content\/uploads\/2014\/09\/Huascaran-II-ce4-dfine.jpg?fit=300%2C200\" data-large-file=\"https:\/\/i0.wp.com\/my-alps.de\/wp-content\/uploads\/2014\/09\/Huascaran-II-ce4-dfine.jpg?fit=625%2C417\" loading=\"lazy\" class=\"size-full wp-image-1567\" alt=\"Huascaran\" src=\"https:\/\/i0.wp.com\/my-alps.de\/wp-content\/uploads\/2014\/09\/Huascaran-II-ce4-dfine.jpg?resize=625%2C417\" width=\"625\" height=\"417\" srcset=\"https:\/\/i0.wp.com\/my-alps.de\/wp-content\/uploads\/2014\/09\/Huascaran-II-ce4-dfine.jpg?w=1024 1024w, https:\/\/i0.wp.com\/my-alps.de\/wp-content\/uploads\/2014\/09\/Huascaran-II-ce4-dfine.jpg?resize=300%2C200 300w\" sizes=\"(max-width: 625px) 100vw, 625px\" data-recalc-dims=\"1\" \/><\/a><p id=\"caption-attachment-1567\" class=\"wp-caption-text\">Huascaran<\/p><\/div>\n<p>In der Cordillera Blanca liegen nicht nur die sch\u00f6nsten Berge<br \/>\nvon Peru, sondern auch die h\u00f6chsten.<br \/>\nDer Huascaran mit 6.620 Metern ist Peru&#8217;s Zugspitze.<\/p>\n<p>Direkt daneben, nur durch ein wildromantisches Tal getrennt<br \/>\nliegt der Huandoy mit seinen beindruckenden H\u00e4ngegletschern.<\/p>\n<div id=\"attachment_1566\" style=\"width: 1034px\" class=\"wp-caption aligncenter\"><a href=\"https:\/\/i0.wp.com\/my-alps.de\/wp-content\/uploads\/2014\/09\/Huahun-I.jpg\"><img aria-describedby=\"caption-attachment-1566\" data-attachment-id=\"1566\" data-permalink=\"http:\/\/my-alps.de\/?attachment_id=1566\" data-orig-file=\"https:\/\/i0.wp.com\/my-alps.de\/wp-content\/uploads\/2014\/09\/Huahun-I.jpg?fit=1024%2C683\" data-orig-size=\"1024,683\" data-comments-opened=\"1\" data-image-meta=\"{&quot;aperture&quot;:&quot;13&quot;,&quot;credit&quot;:&quot;&quot;,&quot;camera&quot;:&quot;SLT-A99V&quot;,&quot;caption&quot;:&quot;&quot;,&quot;created_timestamp&quot;:&quot;1409739747&quot;,&quot;copyright&quot;:&quot;&quot;,&quot;focal_length&quot;:&quot;500&quot;,&quot;iso&quot;:&quot;100&quot;,&quot;shutter_speed&quot;:&quot;0.002&quot;,&quot;title&quot;:&quot;&quot;}\" data-image-title=\"Huandoy-I\" data-image-description=\"&lt;p&gt;Huandoy&lt;\/p&gt;\n\" data-image-caption=\"&lt;p&gt;Huandoy&lt;\/p&gt;\n\" data-medium-file=\"https:\/\/i0.wp.com\/my-alps.de\/wp-content\/uploads\/2014\/09\/Huahun-I.jpg?fit=300%2C200\" data-large-file=\"https:\/\/i0.wp.com\/my-alps.de\/wp-content\/uploads\/2014\/09\/Huahun-I.jpg?fit=625%2C417\" loading=\"lazy\" class=\"size-full wp-image-1566\" alt=\"Huandoy\" src=\"https:\/\/i0.wp.com\/my-alps.de\/wp-content\/uploads\/2014\/09\/Huahun-I.jpg?resize=625%2C417\" width=\"625\" height=\"417\" srcset=\"https:\/\/i0.wp.com\/my-alps.de\/wp-content\/uploads\/2014\/09\/Huahun-I.jpg?w=1024 1024w, https:\/\/i0.wp.com\/my-alps.de\/wp-content\/uploads\/2014\/09\/Huahun-I.jpg?resize=300%2C200 300w\" sizes=\"(max-width: 625px) 100vw, 625px\" data-recalc-dims=\"1\" \/><\/a><p id=\"caption-attachment-1566\" class=\"wp-caption-text\">Huandoy<\/p><\/div>\n<p>Auch der Alpamayo mit seinen 5.947 Metern versteckt sich hier.<\/p>\n<p>Wir sind zu den beiden Bergseen \u201eWarmicocha und Orkoncocha\u201c<br \/>\nhinaufgefahren und sind dort ein wenig herumgewandert.<br \/>\nLeider war das Wetter nicht so optimal, und alle umliegenden<br \/>\nGipfel haben sich hinter dicken Wolken versteckt.<\/p>\n<div id=\"attachment_1568\" style=\"width: 1034px\" class=\"wp-caption aligncenter\"><a href=\"https:\/\/i0.wp.com\/my-alps.de\/wp-content\/uploads\/2014\/09\/Lago-Llanganuco-Orkoncocha-ce4.jpg\"><img aria-describedby=\"caption-attachment-1568\" data-attachment-id=\"1568\" data-permalink=\"http:\/\/my-alps.de\/?attachment_id=1568\" data-orig-file=\"https:\/\/i0.wp.com\/my-alps.de\/wp-content\/uploads\/2014\/09\/Lago-Llanganuco-Orkoncocha-ce4.jpg?fit=1024%2C683\" data-orig-size=\"1024,683\" data-comments-opened=\"1\" data-image-meta=\"{&quot;aperture&quot;:&quot;13&quot;,&quot;credit&quot;:&quot;&quot;,&quot;camera&quot;:&quot;SLT-A99V&quot;,&quot;caption&quot;:&quot;&quot;,&quot;created_timestamp&quot;:&quot;1409479081&quot;,&quot;copyright&quot;:&quot;&quot;,&quot;focal_length&quot;:&quot;70&quot;,&quot;iso&quot;:&quot;100&quot;,&quot;shutter_speed&quot;:&quot;0.008&quot;,&quot;title&quot;:&quot;&quot;}\" data-image-title=\"Lago Llanganuco &#8211; Orkoncocha &#8211; ce4\" data-image-description=\"&lt;p&gt;Lago Llanganuco &#8211; Orkoncocha&lt;\/p&gt;\n\" data-image-caption=\"&lt;p&gt;Lago Llanganuco &#8211; Orkoncocha&lt;\/p&gt;\n\" data-medium-file=\"https:\/\/i0.wp.com\/my-alps.de\/wp-content\/uploads\/2014\/09\/Lago-Llanganuco-Orkoncocha-ce4.jpg?fit=300%2C200\" data-large-file=\"https:\/\/i0.wp.com\/my-alps.de\/wp-content\/uploads\/2014\/09\/Lago-Llanganuco-Orkoncocha-ce4.jpg?fit=625%2C417\" loading=\"lazy\" class=\"size-full wp-image-1568\" alt=\"Lago Llanganuco - Orkoncocha\" src=\"https:\/\/i0.wp.com\/my-alps.de\/wp-content\/uploads\/2014\/09\/Lago-Llanganuco-Orkoncocha-ce4.jpg?resize=625%2C417\" width=\"625\" height=\"417\" srcset=\"https:\/\/i0.wp.com\/my-alps.de\/wp-content\/uploads\/2014\/09\/Lago-Llanganuco-Orkoncocha-ce4.jpg?w=1024 1024w, https:\/\/i0.wp.com\/my-alps.de\/wp-content\/uploads\/2014\/09\/Lago-Llanganuco-Orkoncocha-ce4.jpg?resize=300%2C200 300w\" sizes=\"(max-width: 625px) 100vw, 625px\" data-recalc-dims=\"1\" \/><\/a><p id=\"caption-attachment-1568\" class=\"wp-caption-text\">Lago Llanganuco &#8211; Orkoncocha<\/p><\/div>\n<p>In der kleinen Stadt Caraz, am unteren Ende des Tales des<br \/>\nRio Santa das sich entlang der Cordillera Blanca erstreckt,<br \/>\nhaben wir 2 Tage auf einem netten Campingplatz verbracht.<br \/>\nWir mussten mal die Rache des Inka \u00fcber uns ergehen lassen.<\/p>\n<p>Danach ging es weiter, den Rio Santa wieder hinunter<br \/>\nbis zum Pazifik.<\/p>\n","protected":false},"excerpt":{"rendered":"<p>Nachdem wir Lima verlassen hatten wollten wir nicht\u00a0unn\u00f6tig weiter an der K\u00fcste hochfahren, und haben die\u00a0n\u00e4chste M\u00f6glichkeit genutzt um in die Bergwelt der &#8222;Cordillera Blanca&#8220; abzubiegen.<\/p>\n","protected":false},"author":1,"featured_media":0,"comment_status":"open","ping_status":"open","sticky":false,"template":"","format":"gallery","meta":{"spay_email":"","jetpack_publicize_message":"","jetpack_is_tweetstorm":false,"jetpack_publicize_feature_enabled":true},"categories":[1],"tags":[29],"jetpack_featured_media_url":"","jetpack_publicize_connections":[],"jetpack_sharing_enabled":true,"jetpack_shortlink":"https:\/\/wp.me\/p6huce-pe","jetpack-related-posts":[{"id":1331,"url":"http:\/\/my-alps.de\/?p=1331","url_meta":{"origin":1564,"position":0},"title":"Lagunenroute in Bolivien &#8211; Teil 1","date":"17. Juli 2014","format":"gallery","excerpt":"San Pedro de Atacama in Chile ist der ideale Ausgangspunkt um von dort aus die legend\u00e4re im Boliviens zu befahren. Es geht von der W\u00fcstenoase zur\u00fcck Richtung Paso Jama, von 2.400 Meter auf 4.500 Meter hinauf. Schnurgerade, bis auf wenige Kurven, zieht sich die Stra\u00dfe auf fast 30 Kilometer bergauf.\u2026","rel":"","context":"In &quot;News&quot;","img":{"alt_text":"","src":"https:\/\/i0.wp.com\/my-alps.de\/wp-content\/uploads\/2014\/07\/alt-5015hm.jpg?resize=350%2C200","width":350,"height":200},"classes":[]},{"id":1110,"url":"http:\/\/my-alps.de\/?p=1110","url_meta":{"origin":1564,"position":1},"title":"Laguna Blanca, einsam &#8211; einsam ist&#8217;s hier","date":"10. Mai 2014","format":"gallery","excerpt":"Auf unserem Weg zur Sonne haben wir die Schleife \u00fcber El Chocon (DIE Stadt der Dino-Fans!) weiter bis Zapala ausgedehnt. Die argentinische Pampa steht hier teilweise noch nach den schweren Regenf\u00e4llen in Neuquen unter Wasser. Sehr ungew\u00f6hnlich durch die sonst knochentrockene Landschaft zu fahren, die sich in eine Sumpflandschaft verwandelt\u2026","rel":"","context":"In &quot;News&quot;","img":{"alt_text":"","src":"","width":0,"height":0},"classes":[]},{"id":487,"url":"http:\/\/my-alps.de\/?p=487","url_meta":{"origin":1564,"position":2},"title":"es ist HEISS hier im S\u00fcden","date":"25. Dezember 2013","format":"gallery","excerpt":"Uuuhhaaaaagggghhhhh - wir haben gedacht wenn wir aus Buenos Aires fliehen, dann wir es etwas k\u00fchler - falsch gedacht. Wir sind auf dem Weg Richtung Valdes und m\u00fcssen in Bahia Blanca am Montag Station machen um Bargeld zu tauschen. (Wir haben Probleme online unsere Kreditkarten mit einem h\u00f6heren Limit zu\u2026","rel":"","context":"In &quot;News&quot;","img":{"alt_text":"Heiss - Heisser - fast 45 Grad!","src":"https:\/\/i0.wp.com\/my-alps.de\/wp-content\/uploads\/2013\/12\/fast-45-Grad-im-Schatten.jpg?resize=350%2C200","width":350,"height":200},"classes":[]},{"id":1447,"url":"http:\/\/my-alps.de\/?p=1447","url_meta":{"origin":1564,"position":3},"title":"Sorata, das kleine Tibet in Bolivien","date":"7. August 2014","format":"gallery","excerpt":"Von La Paz aus wollten wir auf den Cerro Chacaltaya, und damit unseren ersten 5.000 er besteigen. Leider war der Wetter-Inka heute nicht soooo gut gelaunt, denn es hatte viel Neuschnee und heftigen Sturm gehabt. (Obwohl in La Paz die Kirschbl\u00fcte ausgebrochen ist!) Also mussten wir auf halber Strecke wieder\u2026","rel":"","context":"In &quot;News&quot;","img":{"alt_text":"","src":"https:\/\/i0.wp.com\/my-alps.de\/wp-content\/uploads\/2014\/08\/Valle-Sorata-I-ce4-define.jpg?resize=350%2C200","width":350,"height":200},"classes":[]},{"id":1483,"url":"http:\/\/my-alps.de\/?p=1483","url_meta":{"origin":1564,"position":4},"title":"Colca Canyon &#8211; ganz sch\u00f6n tief","date":"11. August 2014","format":"gallery","excerpt":"Nachdem wir zwei Tage in Arequipa, der wohl sch\u00f6nsten Stadt in Peru, verbracht haben, sind wir weitergefahren zum Colca Canyon. Arequipa besticht mit seiner sch\u00f6nen Innenstadt und den aus weissen Vulkangestein erbauten Kolonialgeb\u00e4uden. Unser Camp haben wir im Garten des \"Hostal Mercedes\", direkt in der Innenstadt aufgeschlagen. Dementsprechend laut war\u2026","rel":"","context":"In &quot;News&quot;","img":{"alt_text":"","src":"https:\/\/i0.wp.com\/my-alps.de\/wp-content\/uploads\/2014\/08\/Colca-Terrassenfelder-ce4.jpg?resize=350%2C200","width":350,"height":200},"classes":[]},{"id":504,"url":"http:\/\/my-alps.de\/?p=504","url_meta":{"origin":1564,"position":5},"title":"WIFI &#8211; Bitte ?!?","date":"3. Januar 2014","format":"gallery","excerpt":"Wir haben die n\u00e4chsten Zeilen in der ersten Januarwoche offline geschrieben, denn da wo wir uns zeitweise herumgetrieben haben wird das Internet vom Winde verweht ;-)) Nachdem wir unser Sylvester 2013\/14 mit den wilden Hupkonzerten der Dorfjugend von Camarones geteilt hatten, sind wir am 01.01.2014 weiter Richtung S\u00fcden gefahren. Zuerst\u2026","rel":"","context":"In &quot;News&quot;","img":{"alt_text":"","src":"https:\/\/i0.wp.com\/my-alps.de\/wp-content\/uploads\/2014\/01\/Hallo-ich-bin-Freddy-und-du-200x300.jpg?resize=350%2C200","width":350,"height":200},"classes":[]}],"_links":{"self":[{"href":"http:\/\/my-alps.de\/index.php?rest_route=\/wp\/v2\/posts\/1564"}],"collection":[{"href":"http:\/\/my-alps.de\/index.php?rest_route=\/wp\/v2\/posts"}],"about":[{"href":"http:\/\/my-alps.de\/index.php?rest_route=\/wp\/v2\/types\/post"}],"author":[{"embeddable":true,"href":"http:\/\/my-alps.de\/index.php?rest_route=\/wp\/v2\/users\/1"}],"replies":[{"embeddable":true,"href":"http:\/\/my-alps.de\/index.php?rest_route=%2Fwp%2Fv2%2Fcomments&post=1564"}],"version-history":[{"count":1,"href":"http:\/\/my-alps.de\/index.php?rest_route=\/wp\/v2\/posts\/1564\/revisions"}],"predecessor-version":[{"id":1569,"href":"http:\/\/my-alps.de\/index.php?rest_route=\/wp\/v2\/posts\/1564\/revisions\/1569"}],"wp:attachment":[{"href":"http:\/\/my-alps.de\/index.php?rest_route=%2Fwp%2Fv2%2Fmedia&parent=1564"}],"wp:term":[{"taxonomy":"category","embeddable":true,"href":"http:\/\/my-alps.de\/index.php?rest_route=%2Fwp%2Fv2%2Fcategories&post=1564"},{"taxonomy":"post_tag","embeddable":true,"href":"http:\/\/my-alps.de\/index.php?rest_route=%2Fwp%2Fv2%2Ftags&post=1564"}],"curies":[{"name":"wp","href":"https:\/\/api.w.org\/{rel}","templated":true}]}}