{"id":1549,"date":"2014-08-29T00:09:54","date_gmt":"2014-08-28T22:09:54","guid":{"rendered":"http:\/\/my-alps.de\/?p=1549"},"modified":"2014-08-29T00:11:14","modified_gmt":"2014-08-28T22:11:14","slug":"die-nationalparks-paracas-und-lachay","status":"publish","type":"post","link":"http:\/\/my-alps.de\/?p=1549","title":{"rendered":"Die Nationalparks Paracas und Lachay"},"content":{"rendered":"<p>Auf unserem Weg von Nazca nach Lima haben wir<br \/>\nin dem Naturpark \u201eParacas\u201c einen kleinen Zwischenstopp<br \/>\neingelegt. Wir kamen ziemlich sp\u00e4t an, und die untergehende<br \/>\nSonne hat mit den unz\u00e4hligen Sand-und Salzpartikeln in der Luft<br \/>\neine wundersch\u00f6ne F\u00e4rbung erhalten (es war ziemlich windig).<\/p>\n<div id=\"attachment_1559\" style=\"width: 1034px\" class=\"wp-caption aligncenter\"><a href=\"https:\/\/i0.wp.com\/my-alps.de\/wp-content\/uploads\/2014\/08\/Sonnenuntergang-in-der-W\u00fcste-ce4-dfine-HD.jpg\"><img aria-describedby=\"caption-attachment-1559\" data-attachment-id=\"1559\" data-permalink=\"http:\/\/my-alps.de\/?attachment_id=1559\" data-orig-file=\"https:\/\/i0.wp.com\/my-alps.de\/wp-content\/uploads\/2014\/08\/Sonnenuntergang-in-der-W\u00fcste-ce4-dfine-HD.jpg?fit=1024%2C576\" data-orig-size=\"1024,576\" data-comments-opened=\"1\" data-image-meta=\"{&quot;aperture&quot;:&quot;6.7&quot;,&quot;credit&quot;:&quot;&quot;,&quot;camera&quot;:&quot;SLT-A99V&quot;,&quot;caption&quot;:&quot;&quot;,&quot;created_timestamp&quot;:&quot;1408816202&quot;,&quot;copyright&quot;:&quot;&quot;,&quot;focal_length&quot;:&quot;24&quot;,&quot;iso&quot;:&quot;100&quot;,&quot;shutter_speed&quot;:&quot;0.0028571428571429&quot;,&quot;title&quot;:&quot;&quot;}\" data-image-title=\"Sonnenuntergang in der W\u00fcste-ce4-dfine-HD\" data-image-description=\"&lt;p&gt;Sonnenuntergang in der W\u00fcste&lt;\/p&gt;\n\" data-image-caption=\"&lt;p&gt;Sonnenuntergang in der W\u00fcste&lt;\/p&gt;\n\" data-medium-file=\"https:\/\/i0.wp.com\/my-alps.de\/wp-content\/uploads\/2014\/08\/Sonnenuntergang-in-der-W\u00fcste-ce4-dfine-HD.jpg?fit=300%2C168\" data-large-file=\"https:\/\/i0.wp.com\/my-alps.de\/wp-content\/uploads\/2014\/08\/Sonnenuntergang-in-der-W\u00fcste-ce4-dfine-HD.jpg?fit=625%2C352\" loading=\"lazy\" class=\"size-full wp-image-1559\" alt=\"Sonnenuntergang in der W\u00fcste\" src=\"https:\/\/i0.wp.com\/my-alps.de\/wp-content\/uploads\/2014\/08\/Sonnenuntergang-in-der-W\u00fcste-ce4-dfine-HD.jpg?resize=625%2C352\" width=\"625\" height=\"352\" srcset=\"https:\/\/i0.wp.com\/my-alps.de\/wp-content\/uploads\/2014\/08\/Sonnenuntergang-in-der-W\u00fcste-ce4-dfine-HD.jpg?w=1024 1024w, https:\/\/i0.wp.com\/my-alps.de\/wp-content\/uploads\/2014\/08\/Sonnenuntergang-in-der-W\u00fcste-ce4-dfine-HD.jpg?resize=300%2C168 300w\" sizes=\"(max-width: 625px) 100vw, 625px\" data-recalc-dims=\"1\" \/><\/a><p id=\"caption-attachment-1559\" class=\"wp-caption-text\">Sonnenuntergang in der W\u00fcste<\/p><\/div>\n<p><!--more--><\/p>\n<p>In dem NP kann man das direkte Zusammentreffen<br \/>\nvon W\u00fcste und Pazifik bewundern.<\/p>\n<div id=\"attachment_1554\" style=\"width: 1034px\" class=\"wp-caption aligncenter\"><a href=\"https:\/\/i0.wp.com\/my-alps.de\/wp-content\/uploads\/2014\/08\/NP-Paracas-W\u00fcste-und-Meer-ce4-dfine.jpg\"><img aria-describedby=\"caption-attachment-1554\" data-attachment-id=\"1554\" data-permalink=\"http:\/\/my-alps.de\/?attachment_id=1554\" data-orig-file=\"https:\/\/i0.wp.com\/my-alps.de\/wp-content\/uploads\/2014\/08\/NP-Paracas-W\u00fcste-und-Meer-ce4-dfine.jpg?fit=1024%2C576\" data-orig-size=\"1024,576\" data-comments-opened=\"1\" data-image-meta=\"{&quot;aperture&quot;:&quot;11&quot;,&quot;credit&quot;:&quot;&quot;,&quot;camera&quot;:&quot;SLT-A99V&quot;,&quot;caption&quot;:&quot;&quot;,&quot;created_timestamp&quot;:&quot;1408886041&quot;,&quot;copyright&quot;:&quot;&quot;,&quot;focal_length&quot;:&quot;50&quot;,&quot;iso&quot;:&quot;100&quot;,&quot;shutter_speed&quot;:&quot;0.0028571428571429&quot;,&quot;title&quot;:&quot;&quot;}\" data-image-title=\"NP Paracas &#8211; W\u00fcste und Meer-ce4-dfine\" data-image-description=\"&lt;p&gt;NP Paracas &#8211; W\u00fcste und Meer&lt;\/p&gt;\n\" data-image-caption=\"&lt;p&gt;NP Paracas &#8211; W\u00fcste und Meer&lt;\/p&gt;\n\" data-medium-file=\"https:\/\/i0.wp.com\/my-alps.de\/wp-content\/uploads\/2014\/08\/NP-Paracas-W\u00fcste-und-Meer-ce4-dfine.jpg?fit=300%2C168\" data-large-file=\"https:\/\/i0.wp.com\/my-alps.de\/wp-content\/uploads\/2014\/08\/NP-Paracas-W\u00fcste-und-Meer-ce4-dfine.jpg?fit=625%2C352\" loading=\"lazy\" class=\"size-full wp-image-1554\" alt=\"NP Paracas - W\u00fcste und Meer\" src=\"https:\/\/i0.wp.com\/my-alps.de\/wp-content\/uploads\/2014\/08\/NP-Paracas-W\u00fcste-und-Meer-ce4-dfine.jpg?resize=625%2C352\" width=\"625\" height=\"352\" srcset=\"https:\/\/i0.wp.com\/my-alps.de\/wp-content\/uploads\/2014\/08\/NP-Paracas-W\u00fcste-und-Meer-ce4-dfine.jpg?w=1024 1024w, https:\/\/i0.wp.com\/my-alps.de\/wp-content\/uploads\/2014\/08\/NP-Paracas-W\u00fcste-und-Meer-ce4-dfine.jpg?resize=300%2C168 300w\" sizes=\"(max-width: 625px) 100vw, 625px\" data-recalc-dims=\"1\" \/><\/a><p id=\"caption-attachment-1554\" class=\"wp-caption-text\">NP Paracas &#8211; W\u00fcste und Meer<\/p><\/div>\n<p>Der kalte Humboldtstrom verhindert an der K\u00fcste die Bildung<br \/>\nvon Niederschl\u00e4gen. Erst weiter weg von den langen Sandstr\u00e4nden<br \/>\nund in den h\u00f6heren Regionen kann sich Feuchtigkeit in Form<br \/>\nvon Nebel bilden. Dieser Nebel kann die K\u00fcstenregion tagelang<br \/>\nwie in Watte packen. Dann bekommen die sanften H\u00fcgel zudem noch\u00a0<span style=\"line-height: 1.5;\">einen gr\u00fcnen Flaum, der sie \u00fcberzieht.<\/span><\/p>\n<div id=\"attachment_1553\" style=\"width: 1034px\" class=\"wp-caption aligncenter\"><a href=\"https:\/\/i0.wp.com\/my-alps.de\/wp-content\/uploads\/2014\/08\/NP-Lachay-Nebelwelt.jpg\"><img aria-describedby=\"caption-attachment-1553\" data-attachment-id=\"1553\" data-permalink=\"http:\/\/my-alps.de\/?attachment_id=1553\" data-orig-file=\"https:\/\/i0.wp.com\/my-alps.de\/wp-content\/uploads\/2014\/08\/NP-Lachay-Nebelwelt.jpg?fit=1024%2C683\" data-orig-size=\"1024,683\" data-comments-opened=\"1\" data-image-meta=\"{&quot;aperture&quot;:&quot;13&quot;,&quot;credit&quot;:&quot;&quot;,&quot;camera&quot;:&quot;SLT-A99V&quot;,&quot;caption&quot;:&quot;&quot;,&quot;created_timestamp&quot;:&quot;1409228842&quot;,&quot;copyright&quot;:&quot;&quot;,&quot;focal_length&quot;:&quot;24&quot;,&quot;iso&quot;:&quot;100&quot;,&quot;shutter_speed&quot;:&quot;0.005&quot;,&quot;title&quot;:&quot;&quot;}\" data-image-title=\"NP Lachay &#8211; Nebelwelt\" data-image-description=\"&lt;p&gt;NP Lachay &#8211; Nebelwelt&lt;\/p&gt;\n\" data-image-caption=\"&lt;p&gt;NP Lachay &#8211; Nebelwelt&lt;\/p&gt;\n\" data-medium-file=\"https:\/\/i0.wp.com\/my-alps.de\/wp-content\/uploads\/2014\/08\/NP-Lachay-Nebelwelt.jpg?fit=300%2C200\" data-large-file=\"https:\/\/i0.wp.com\/my-alps.de\/wp-content\/uploads\/2014\/08\/NP-Lachay-Nebelwelt.jpg?fit=625%2C417\" loading=\"lazy\" class=\"size-full wp-image-1553\" alt=\"NP Lachay - Nebelwelt\" src=\"https:\/\/i0.wp.com\/my-alps.de\/wp-content\/uploads\/2014\/08\/NP-Lachay-Nebelwelt.jpg?resize=625%2C417\" width=\"625\" height=\"417\" srcset=\"https:\/\/i0.wp.com\/my-alps.de\/wp-content\/uploads\/2014\/08\/NP-Lachay-Nebelwelt.jpg?w=1024 1024w, https:\/\/i0.wp.com\/my-alps.de\/wp-content\/uploads\/2014\/08\/NP-Lachay-Nebelwelt.jpg?resize=300%2C200 300w\" sizes=\"(max-width: 625px) 100vw, 625px\" data-recalc-dims=\"1\" \/><\/a><p id=\"caption-attachment-1553\" class=\"wp-caption-text\">NP Lachay &#8211; Nebelwelt<\/p><\/div>\n<p>Wir haben uns ein wenig Zeit genommen und sind den K\u00fcstenstreifen\u00a0<span style=\"line-height: 1.5;\">durch die W\u00fcste abgefahren.<br \/>\nIn Ilo, der nahegelegenen Stadt gibt es zwar\u00a0<\/span><span style=\"line-height: 1.5;\">die sch\u00f6nsten und die h\u00f6chsten D\u00fcnen, die werden allerdings zu sehr als\u00a0<\/span><span style=\"line-height: 1.5;\">Spielplatz f\u00fcr Buggyfahrten und Sandboarding genutzt.<\/span><br \/>\nAber so ist das halt.<\/p>\n<div id=\"attachment_1550\" style=\"width: 1034px\" class=\"wp-caption aligncenter\"><a href=\"https:\/\/i0.wp.com\/my-alps.de\/wp-content\/uploads\/2014\/08\/Cerro-Colorado-ce4-dfine.jpg\"><img aria-describedby=\"caption-attachment-1550\" data-attachment-id=\"1550\" data-permalink=\"http:\/\/my-alps.de\/?attachment_id=1550\" data-orig-file=\"https:\/\/i0.wp.com\/my-alps.de\/wp-content\/uploads\/2014\/08\/Cerro-Colorado-ce4-dfine.jpg?fit=1024%2C683\" data-orig-size=\"1024,683\" data-comments-opened=\"1\" data-image-meta=\"{&quot;aperture&quot;:&quot;13&quot;,&quot;credit&quot;:&quot;&quot;,&quot;camera&quot;:&quot;SLT-A99V&quot;,&quot;caption&quot;:&quot;&quot;,&quot;created_timestamp&quot;:&quot;1408958674&quot;,&quot;copyright&quot;:&quot;&quot;,&quot;focal_length&quot;:&quot;70&quot;,&quot;iso&quot;:&quot;100&quot;,&quot;shutter_speed&quot;:&quot;0.004&quot;,&quot;title&quot;:&quot;&quot;}\" data-image-title=\"Cerro Colorado-ce4-dfine\" data-image-description=\"&lt;p&gt;Cerro Colorado&lt;\/p&gt;\n\" data-image-caption=\"&lt;p&gt;Cerro Colorado&lt;\/p&gt;\n\" data-medium-file=\"https:\/\/i0.wp.com\/my-alps.de\/wp-content\/uploads\/2014\/08\/Cerro-Colorado-ce4-dfine.jpg?fit=300%2C200\" data-large-file=\"https:\/\/i0.wp.com\/my-alps.de\/wp-content\/uploads\/2014\/08\/Cerro-Colorado-ce4-dfine.jpg?fit=625%2C417\" loading=\"lazy\" class=\"size-full wp-image-1550\" alt=\"Cerro Colorado\" src=\"https:\/\/i0.wp.com\/my-alps.de\/wp-content\/uploads\/2014\/08\/Cerro-Colorado-ce4-dfine.jpg?resize=625%2C417\" width=\"625\" height=\"417\" srcset=\"https:\/\/i0.wp.com\/my-alps.de\/wp-content\/uploads\/2014\/08\/Cerro-Colorado-ce4-dfine.jpg?w=1024 1024w, https:\/\/i0.wp.com\/my-alps.de\/wp-content\/uploads\/2014\/08\/Cerro-Colorado-ce4-dfine.jpg?resize=300%2C200 300w\" sizes=\"(max-width: 625px) 100vw, 625px\" data-recalc-dims=\"1\" \/><\/a><p id=\"caption-attachment-1550\" class=\"wp-caption-text\">Cerro Colorado<\/p><\/div>\n<p>Paracas vorgelagert liegen einige kleine Inseln, auf denen unz\u00e4hlige<br \/>\nV\u00f6gel zu Hause sind. Auch Robben und Seel\u00f6wen. Da es allerdings<br \/>\nstraken Wind uns sehr hohe Wellen hatte, konnten wir nicht zu den<br \/>\nInseln hinausfahren. Na, war nicht allzu schlimm, wir haben schon viele\u00a0<span style=\"line-height: 1.5;\">\u201eSchwimmtiere\u201c auf unserer Reise gesehen.<br \/>\n<\/span>Bei der Fahrt an der K\u00fcste entlang haben wir dann noch eine<br \/>\n<span style=\"line-height: 1.5;\">kleine Pelzrobbe gerettet.<br \/>\nSie hat bei einem, von einem Hai t\u00f6dlich\u00a0<\/span><span style=\"line-height: 1.5;\">verletzten Muttertier gelegen.\u00a0<\/span><span style=\"line-height: 1.5;\">Puhhh, der Gestank von der verwesenden Robbe war nichts\u00a0<\/span><span style=\"line-height: 1.5;\">f\u00fcr schwache Nasen. Mit unserem Abschleppseil, und der Hilfe\u00a0<\/span><span style=\"line-height: 1.5;\">von einem Tourguide haben wir das Kleine wieder ins Wasser bugsiert.<\/span><\/p>\n<p>Weiter n\u00f6rdlich kommt dann der schon oben erw\u00e4hnte NP Lachay. Hier kann man sehen,\u00a0<span style=\"line-height: 1.5;\">wie der feuchte K\u00fcstennebel die Landschaft komplett verwandelt.<\/span><\/p>\n<div id=\"attachment_1552\" style=\"width: 1034px\" class=\"wp-caption aligncenter\"><a href=\"https:\/\/i0.wp.com\/my-alps.de\/wp-content\/uploads\/2014\/08\/NP-Lachay-Nebelwelt-aufgel\u00f6st.jpg\"><img aria-describedby=\"caption-attachment-1552\" data-attachment-id=\"1552\" data-permalink=\"http:\/\/my-alps.de\/?attachment_id=1552\" data-orig-file=\"https:\/\/i0.wp.com\/my-alps.de\/wp-content\/uploads\/2014\/08\/NP-Lachay-Nebelwelt-aufgel\u00f6st.jpg?fit=1024%2C683\" data-orig-size=\"1024,683\" data-comments-opened=\"1\" data-image-meta=\"{&quot;aperture&quot;:&quot;11&quot;,&quot;credit&quot;:&quot;&quot;,&quot;camera&quot;:&quot;SLT-A99V&quot;,&quot;caption&quot;:&quot;&quot;,&quot;created_timestamp&quot;:&quot;1409236419&quot;,&quot;copyright&quot;:&quot;&quot;,&quot;focal_length&quot;:&quot;35&quot;,&quot;iso&quot;:&quot;100&quot;,&quot;shutter_speed&quot;:&quot;0.005&quot;,&quot;title&quot;:&quot;&quot;}\" data-image-title=\"NP Lachay &#8211; Nebelwelt -aufgel\u00f6st\" data-image-description=\"&lt;p&gt;NP Lachay &#8211; Nebelwelt -aufgel\u00f6st&lt;\/p&gt;\n\" data-image-caption=\"&lt;p&gt;NP Lachay &#8211; Nebelwelt -aufgel\u00f6st&lt;\/p&gt;\n\" data-medium-file=\"https:\/\/i0.wp.com\/my-alps.de\/wp-content\/uploads\/2014\/08\/NP-Lachay-Nebelwelt-aufgel\u00f6st.jpg?fit=300%2C200\" data-large-file=\"https:\/\/i0.wp.com\/my-alps.de\/wp-content\/uploads\/2014\/08\/NP-Lachay-Nebelwelt-aufgel\u00f6st.jpg?fit=625%2C417\" loading=\"lazy\" class=\"size-full wp-image-1552\" alt=\"NP Lachay - Nebelwelt -aufgel\u00f6st\" src=\"https:\/\/i0.wp.com\/my-alps.de\/wp-content\/uploads\/2014\/08\/NP-Lachay-Nebelwelt-aufgel\u00f6st.jpg?resize=625%2C417\" width=\"625\" height=\"417\" srcset=\"https:\/\/i0.wp.com\/my-alps.de\/wp-content\/uploads\/2014\/08\/NP-Lachay-Nebelwelt-aufgel\u00f6st.jpg?w=1024 1024w, https:\/\/i0.wp.com\/my-alps.de\/wp-content\/uploads\/2014\/08\/NP-Lachay-Nebelwelt-aufgel\u00f6st.jpg?resize=300%2C200 300w\" sizes=\"(max-width: 625px) 100vw, 625px\" data-recalc-dims=\"1\" \/><\/a><p id=\"caption-attachment-1552\" class=\"wp-caption-text\">NP Lachay &#8211; Nebelwelt -aufgel\u00f6st<\/p><\/div>\n<p>Es gibt Gr\u00e4ser und kleine B\u00e4ume, viele V\u00f6gel und &#8211; tja Nebel eben.<br \/>\nAlles ist feucht und tropft vom t\u00e4glichen Morgentau.<\/p>\n<p>Die Sicht war allerdings am Anfang gleich Null.<br \/>\n(siehe oben)<br \/>\n\ud83d\ude09<\/p>\n<p>&nbsp;<\/p>\n","protected":false},"excerpt":{"rendered":"<p>Auf unserem Weg von Nazca nach Lima haben wir in dem Naturpark \u201eParacas\u201c einen kleinen Zwischenstopp eingelegt. Wir kamen ziemlich sp\u00e4t an, und die untergehende Sonne hat mit den unz\u00e4hligen Sand-und Salzpartikeln in der Luft eine wundersch\u00f6ne F\u00e4rbung erhalten (es war ziemlich windig).<\/p>\n","protected":false},"author":1,"featured_media":0,"comment_status":"open","ping_status":"open","sticky":false,"template":"","format":"gallery","meta":{"spay_email":"","jetpack_publicize_message":"","jetpack_is_tweetstorm":false,"jetpack_publicize_feature_enabled":true},"categories":[1],"tags":[],"jetpack_featured_media_url":"","jetpack_publicize_connections":[],"jetpack_sharing_enabled":true,"jetpack_shortlink":"https:\/\/wp.me\/p6huce-oZ","jetpack-related-posts":[{"id":1691,"url":"http:\/\/my-alps.de\/?p=1691","url_meta":{"origin":1549,"position":0},"title":"Desertio Tatacoa","date":"6. Oktober 2014","format":"gallery","excerpt":"Auf unserem Weg durch Kolumbien reihen sich wieder die verschiedensten und sch\u00f6nsten Landschaften aneinander. Erst ist man umgeben von Bergwald, der sich meist in Wolken und Nebel versteckt, dann kommen Zuckerrohrplantagen und die Gegend wird Landwirtschaftlich genutzt. Die beiden Gebirgsz\u00fcge werden durch den Rio Magdalena getrennt. Und auf einmal liegt\u2026","rel":"","context":"In &quot;News&quot;","img":{"alt_text":"","src":"https:\/\/i0.wp.com\/my-alps.de\/wp-content\/uploads\/2014\/10\/Desertio-Tatacoa-2-ce4.jpg?resize=350%2C200","width":350,"height":200},"classes":[]},{"id":1472,"url":"http:\/\/my-alps.de\/?p=1472","url_meta":{"origin":1549,"position":1},"title":"vom Sajama, dem h\u00f6chsten Berg Boliviens nach Peru","date":"8. August 2014","format":"gallery","excerpt":"Da wir vom Titikakasee etwas entt\u00e4uscht waren, haben wir uns kurzerhand entschlossen doch noch einen Abstecher zum \"Sajama\" zu fahren. Er liegt zwar auf dem Weg Richtung Chile, aber\u00a0das haben wir dann mit dem Grenz\u00fcbergang in Arica\u00a0verkn\u00fcpft. auf dem AltiplanoDer \"Sajama\" ist ein wundersch\u00f6ner Vulkankegel, der sich wie eine Zipfelm\u00fctze\u2026","rel":"","context":"In &quot;News&quot;","img":{"alt_text":"","src":"https:\/\/i0.wp.com\/my-alps.de\/wp-content\/uploads\/2014\/08\/Vulkanausbruch-1-ce4.jpg?resize=350%2C200","width":350,"height":200},"classes":[]},{"id":1533,"url":"http:\/\/my-alps.de\/?p=1533","url_meta":{"origin":1549,"position":2},"title":"Nazca &#8211; die W\u00fcste mal von oben betrachtet","date":"26. August 2014","format":"gallery","excerpt":"Wir waren nun auf unserer Reise nach Norden auch in Nazca (oder Nasca) - es existieren verschiedene Schreibformen. Wir wollten uns die ber\u00fchmten Nazca-Linien mal von oben betrachten, da sich von der Aussichtsplattform an der Panamericana nur ein kleiner Teil sehen l\u00e4sst. So haben wir uns einen Flug in einer\u2026","rel":"","context":"In &quot;News&quot;","img":{"alt_text":"","src":"https:\/\/i0.wp.com\/my-alps.de\/wp-content\/uploads\/2014\/08\/Die-Spinne-sw.jpg?resize=350%2C200","width":350,"height":200},"classes":[]},{"id":1213,"url":"http:\/\/my-alps.de\/?p=1213","url_meta":{"origin":1549,"position":3},"title":"Nationalpark Leoncito","date":"10. Juni 2014","format":"gallery","excerpt":"Von Mendoza sind wir wieder ein St\u00fcck zur\u00fcck gefahren in Richtung Uspallata, um die Ruta 149 nach Norden zu nehmen. Die Strecke f\u00fchrt direkt an den Ausl\u00e4ufern der Anden entlang, und man hat st\u00e4ndig die schneebedeckten Berge im Blick. So fahren wir ca. 100 km (mit dem Kopf leicht nach\u2026","rel":"","context":"In &quot;News&quot;","img":{"alt_text":"","src":"https:\/\/i0.wp.com\/my-alps.de\/wp-content\/uploads\/2014\/06\/Rio-San-Juan-I-ce4.jpg?resize=350%2C200","width":350,"height":200},"classes":[]},{"id":1174,"url":"http:\/\/my-alps.de\/?p=1174","url_meta":{"origin":1549,"position":4},"title":"&#8230;.was lange dauert &#8211; wird bestimmt besser als gut!","date":"28. Mai 2014","format":"gallery","excerpt":"Nach unz\u00e4hligen Auftritten in der Poststelle \"Correro\", In Osorno halten wir es nun endlich in den H\u00e4nden: Unser Paket mit den Ersatzteilen f\u00fcr die Haldexkupplung Wir waren schon fast am verzweifeln diesmal. Unterschriften waren diesmal genau 7 St\u00fcck notwendig bis das langersehnte St\u00fcck \u00fcber die Theke in unsere H\u00e4nde gewandert\u2026","rel":"","context":"In &quot;News&quot;","img":{"alt_text":"","src":"","width":0,"height":0},"classes":[]},{"id":360,"url":"http:\/\/my-alps.de\/?p=360","url_meta":{"origin":1549,"position":5},"title":"Sippentreffen &#8211; oder &#8222;Der Wilde Osten&#8220;","date":"15. Juli 2013","format":"gallery","excerpt":"So - das letzte Wochenende waren wir wieder mal in Sachen \"Die Familie\" unterwegs. Also war nichts mit herumbasteln an unserem Schneckenhaus. Wir sind also mal zu dem Familienteil von meinem \"Stiefvater\" gefahren um uns dem j\u00e4hrlichen Sippentreffen in Scharfenstein anzuschlie\u00dfen. Dieses Treffen findet jedes Jahr bei einem anderen Familienteil\u2026","rel":"","context":"In &quot;News&quot;","img":{"alt_text":"","src":"https:\/\/i0.wp.com\/my-alps.de\/wp-content\/uploads\/2013\/07\/Der-kleine-Drache-II.jpg?resize=350%2C200","width":350,"height":200},"classes":[]}],"_links":{"self":[{"href":"http:\/\/my-alps.de\/index.php?rest_route=\/wp\/v2\/posts\/1549"}],"collection":[{"href":"http:\/\/my-alps.de\/index.php?rest_route=\/wp\/v2\/posts"}],"about":[{"href":"http:\/\/my-alps.de\/index.php?rest_route=\/wp\/v2\/types\/post"}],"author":[{"embeddable":true,"href":"http:\/\/my-alps.de\/index.php?rest_route=\/wp\/v2\/users\/1"}],"replies":[{"embeddable":true,"href":"http:\/\/my-alps.de\/index.php?rest_route=%2Fwp%2Fv2%2Fcomments&post=1549"}],"version-history":[{"count":3,"href":"http:\/\/my-alps.de\/index.php?rest_route=\/wp\/v2\/posts\/1549\/revisions"}],"predecessor-version":[{"id":1562,"href":"http:\/\/my-alps.de\/index.php?rest_route=\/wp\/v2\/posts\/1549\/revisions\/1562"}],"wp:attachment":[{"href":"http:\/\/my-alps.de\/index.php?rest_route=%2Fwp%2Fv2%2Fmedia&parent=1549"}],"wp:term":[{"taxonomy":"category","embeddable":true,"href":"http:\/\/my-alps.de\/index.php?rest_route=%2Fwp%2Fv2%2Fcategories&post=1549"},{"taxonomy":"post_tag","embeddable":true,"href":"http:\/\/my-alps.de\/index.php?rest_route=%2Fwp%2Fv2%2Ftags&post=1549"}],"curies":[{"name":"wp","href":"https:\/\/api.w.org\/{rel}","templated":true}]}}