{"id":1547,"date":"2014-08-26T23:52:03","date_gmt":"2014-08-26T21:52:03","guid":{"rendered":"http:\/\/my-alps.de\/?p=1547"},"modified":"2014-08-26T23:52:03","modified_gmt":"2014-08-26T21:52:03","slug":"liebesgruesse-aus-lima","status":"publish","type":"post","link":"http:\/\/my-alps.de\/?p=1547","title":{"rendered":"Liebesgr\u00fc\u00dfe aus Lima"},"content":{"rendered":"<p>Hay, wir stehen zur Zeit im Hof des &#8211; haltet euch fest &#8211;<br \/>\n&#8222;Club Germania&#8220; in Lima.<br \/>\nDie Bamberger die jetzt lachen &#8211; zu fr\u00fch gefreut!<br \/>\nDer Club hat (leider) nichts mit dem Bamberger Nachtclub zu tun!<br \/>\nHier geht alles ganz gesittet zu, denn hier gibt es eine Universit\u00e4t,<br \/>\nSportpl\u00e4tze, ein Schwimmbad und dazu Tennispl\u00e4tze.<br \/>\nUnd das Beste &#8211; als deutscher Mich&#8217;l darf man hier auf dem Parkplatz mit seinem WOMO \u00fcbernachten.<br \/>\nSch\u00f6n vor dem gepflegten Rasen des Fussiball &#8211; Platzes.<br \/>\nMit eigenem Wachdienst und allem Schnick Schnack.<\/p>\n<p>Perfekt f\u00fcr so eine Stadt wie Lima.<br \/>\n8 Mio Menschen &#8211; ganz sch\u00f6n viel.<br \/>\nZu viel f\u00fcr uns!<br \/>\nWir haben heute ein wenig Stadtbummel gemacht und sind dabei gl\u00fccklicherweise nicht \u00fcberfahren worden, haben keine Smogvergiftung bekommen und der Taxifahrer hat uns da wieder hingebracht wo wir losgefahren sind.<br \/>\nGro\u00dfst\u00e4dte sind auf so einer Reise leider ein unumg\u00e4ngliches \u00dcbel.<br \/>\nMorgen geht es dann weiter, Richtung Berge &#8211; wir bekommen hier unten einfach zu viel Luft.<\/p>\n","protected":false},"excerpt":{"rendered":"<p>Hay, wir stehen zur Zeit im Hof des &#8211; haltet euch fest &#8211; &#8222;Club Germania&#8220; in Lima. Die Bamberger die jetzt lachen &#8211; zu fr\u00fch gefreut! Der Club hat (leider) nichts mit dem Bamberger Nachtclub zu tun! Hier geht alles ganz gesittet zu, denn hier gibt es eine Universit\u00e4t, Sportpl\u00e4tze, ein Schwimmbad und dazu Tennispl\u00e4tze. [&hellip;]<\/p>\n","protected":false},"author":1,"featured_media":0,"comment_status":"open","ping_status":"open","sticky":false,"template":"","format":"gallery","meta":{"spay_email":"","jetpack_publicize_message":"","jetpack_is_tweetstorm":false,"jetpack_publicize_feature_enabled":true},"categories":[1],"tags":[],"jetpack_featured_media_url":"","jetpack_publicize_connections":[],"jetpack_sharing_enabled":true,"jetpack_shortlink":"https:\/\/wp.me\/p6huce-oX","jetpack-related-posts":[{"id":545,"url":"http:\/\/my-alps.de\/?p=545","url_meta":{"origin":1547,"position":0},"title":"Ushuaia &#8211; wir sind am &#8222;Arsch der Welt&#8220;","date":"17. Januar 2014","format":"gallery","excerpt":"Heute am 17. Januar 2014 sitzen wir in der Skih\u00fctte auf DEM Campingplatz der Globetrotter. In den letzten Tagen haben wir uns in Zauberw\u00e4ldern, tiefen Vulkankratern und Nationalparks herumgetrieben - nicht gerade die Regionen der Welt in denen man mit Breitbandinternet versorg wird. Deshalb eine kleine Zusammenfassung der letzten Tage:\u2026","rel":"","context":"In &quot;News&quot;","img":{"alt_text":"","src":"https:\/\/i0.wp.com\/my-alps.de\/wp-content\/uploads\/2014\/01\/wpid-Guanakos-im-Regen-2.jpg?resize=350%2C200","width":350,"height":200},"classes":[]},{"id":481,"url":"http:\/\/my-alps.de\/?p=481","url_meta":{"origin":1547,"position":1},"title":"Unser erster &#8222;Flugschaden&#8220;","date":"25. Dezember 2013","format":"gallery","excerpt":"Auf der Fahrt von Azul durch die Pampa ist uns ein kleiner Flugschaden entstanden - als ein grosser LKW knapp an uns vorbeigefahren ist - richtig viel Gegenwind in unsere Richtung - hat ein gefiederter Freund versucht noch rechtzeitig die Stra\u00dfe zu \u00fcberqueren. Hat es aber leider nicht mehr geschafft!\u2026","rel":"","context":"In &quot;News&quot;","img":{"alt_text":"","src":"https:\/\/i0.wp.com\/my-alps.de\/wp-content\/uploads\/2013\/12\/Flugschaden-02.jpg?resize=350%2C200","width":350,"height":200},"classes":[]},{"id":425,"url":"http:\/\/my-alps.de\/?p=425","url_meta":{"origin":1547,"position":2},"title":"Verschoben ist nicht aufgehoben","date":"6. November 2013","format":"gallery","excerpt":"Jetzt sind wir soweit - alles fertig! Wir haben p\u00fcnktlich unsere Wohnung zusammengepackt und f\u00fcr unsere Zwischenmieter freigemacht. Unser WOMO ist einsatzbereit. In den letzten Wochen hatten wir noch einige Bastelarbeiten zu erledigen. Die Firma SMV, die unsere Luftfeder hergestellt hat lie\u00df uns eine spezielle Erh\u00f6hungsplatte fertigen um das Seikel\u2026","rel":"","context":"In &quot;News&quot;","img":{"alt_text":"","src":"","width":0,"height":0},"classes":[]},{"id":221,"url":"http:\/\/my-alps.de\/?p=221","url_meta":{"origin":1547,"position":3},"title":"&#8230;haaaben sie RESERVIERT ?????","date":"24. M\u00e4rz 2013","format":false,"excerpt":"Gestern - nach einem sch\u00f6nen Spaziergang durch den Hainpark \u00fcberkam uns pl\u00f6tzlich dieses gewisse Gef\u00fchl, das eingefleischte Trinker aus der Fr\u00e4nkischen kennen .... DURST und wir steuerten auch gleich die n\u00e4chstgelegene Kneipe an sch\u00f6n gelegen mitten in der Altstadt in den Gassen versteckt, mit einer sch\u00f6nen Sch\u00e4nke und gutem Bier.\u2026","rel":"","context":"In &quot;unter uns&quot;","img":{"alt_text":"","src":"","width":0,"height":0},"classes":[]},{"id":881,"url":"http:\/\/my-alps.de\/?p=881","url_meta":{"origin":1547,"position":4},"title":"Puerto Montt","date":"26. M\u00e4rz 2014","format":"gallery","excerpt":"Nach 8.808 km (und wahrscheinlich ein paar mehr) die wir jetzt hier in S\u00fcdamerika unterwegs sind haben wir unserem WOMO auch mal etwas Gutes geg\u00f6nnt. Hier in Puerto Montt habe ich eine Werkstatt entdeckt die jegliche Art von Service f\u00fcr \u201egesch\u00fcttelte\u201c Autos anbietet. Wir haben uns f\u00fcr: \u00d6lwechsel und Luftfilterwechsel\u2026","rel":"","context":"In &quot;News&quot;","img":{"alt_text":"","src":"https:\/\/i0.wp.com\/my-alps.de\/wp-content\/uploads\/2014\/03\/Pisco-sour-6x6.jpg?resize=350%2C200","width":350,"height":200},"classes":[]},{"id":448,"url":"http:\/\/my-alps.de\/?p=448","url_meta":{"origin":1547,"position":5},"title":"Das sagt SIE und das meint er (2von2)","date":"15. Dezember 2013","format":false,"excerpt":"Hallo zu Hause, Wir haben WiFi und schwitzen. Die Emails sind gecheckt und wie erwartet gehts zu Hause munter weiter - die Vorweihnachtszeit steht an. Davon ist hier nicht viel zu merken, nicht einmal die wahnsinnigen Einkaufsorgien gibts hier, das ist sehr entspannend:-) Traurig ist nat\u00fcrlich die (nicht vorhandene) Leistung\u2026","rel":"","context":"In &quot;News&quot;","img":{"alt_text":"","src":"","width":0,"height":0},"classes":[]}],"_links":{"self":[{"href":"http:\/\/my-alps.de\/index.php?rest_route=\/wp\/v2\/posts\/1547"}],"collection":[{"href":"http:\/\/my-alps.de\/index.php?rest_route=\/wp\/v2\/posts"}],"about":[{"href":"http:\/\/my-alps.de\/index.php?rest_route=\/wp\/v2\/types\/post"}],"author":[{"embeddable":true,"href":"http:\/\/my-alps.de\/index.php?rest_route=\/wp\/v2\/users\/1"}],"replies":[{"embeddable":true,"href":"http:\/\/my-alps.de\/index.php?rest_route=%2Fwp%2Fv2%2Fcomments&post=1547"}],"version-history":[{"count":1,"href":"http:\/\/my-alps.de\/index.php?rest_route=\/wp\/v2\/posts\/1547\/revisions"}],"predecessor-version":[{"id":1548,"href":"http:\/\/my-alps.de\/index.php?rest_route=\/wp\/v2\/posts\/1547\/revisions\/1548"}],"wp:attachment":[{"href":"http:\/\/my-alps.de\/index.php?rest_route=%2Fwp%2Fv2%2Fmedia&parent=1547"}],"wp:term":[{"taxonomy":"category","embeddable":true,"href":"http:\/\/my-alps.de\/index.php?rest_route=%2Fwp%2Fv2%2Fcategories&post=1547"},{"taxonomy":"post_tag","embeddable":true,"href":"http:\/\/my-alps.de\/index.php?rest_route=%2Fwp%2Fv2%2Ftags&post=1547"}],"curies":[{"name":"wp","href":"https:\/\/api.w.org\/{rel}","templated":true}]}}