{"id":1544,"date":"2014-08-26T00:15:29","date_gmt":"2014-08-25T22:15:29","guid":{"rendered":"http:\/\/my-alps.de\/?p=1544"},"modified":"2014-08-26T00:15:29","modified_gmt":"2014-08-25T22:15:29","slug":"tipp-des-tages","status":"publish","type":"post","link":"http:\/\/my-alps.de\/?p=1544","title":{"rendered":"Tipp des Tages&#8230;&#8230;"},"content":{"rendered":"<p>ab und zu Garten gie\u00dfen!<\/p>\n<div id=\"attachment_1545\" style=\"width: 1034px\" class=\"wp-caption aligncenter\"><a href=\"https:\/\/i0.wp.com\/my-alps.de\/wp-content\/uploads\/2014\/08\/trockener-Baum-ce4.jpg\"><img aria-describedby=\"caption-attachment-1545\" data-attachment-id=\"1545\" data-permalink=\"http:\/\/my-alps.de\/?attachment_id=1545\" data-orig-file=\"https:\/\/i0.wp.com\/my-alps.de\/wp-content\/uploads\/2014\/08\/trockener-Baum-ce4.jpg?fit=1024%2C683\" data-orig-size=\"1024,683\" data-comments-opened=\"1\" data-image-meta=\"{&quot;aperture&quot;:&quot;11&quot;,&quot;credit&quot;:&quot;&quot;,&quot;camera&quot;:&quot;SLT-A99V&quot;,&quot;caption&quot;:&quot;&quot;,&quot;created_timestamp&quot;:&quot;1408624185&quot;,&quot;copyright&quot;:&quot;&quot;,&quot;focal_length&quot;:&quot;50&quot;,&quot;iso&quot;:&quot;100&quot;,&quot;shutter_speed&quot;:&quot;0.0028571428571429&quot;,&quot;title&quot;:&quot;&quot;}\" data-image-title=\"trockener Baum-ce4\" data-image-description=\"&lt;p&gt;trockener Baum&lt;\/p&gt;\n\" data-image-caption=\"&lt;p&gt;trockener Baum&lt;\/p&gt;\n\" data-medium-file=\"https:\/\/i0.wp.com\/my-alps.de\/wp-content\/uploads\/2014\/08\/trockener-Baum-ce4.jpg?fit=300%2C200\" data-large-file=\"https:\/\/i0.wp.com\/my-alps.de\/wp-content\/uploads\/2014\/08\/trockener-Baum-ce4.jpg?fit=625%2C417\" loading=\"lazy\" class=\"size-full wp-image-1545\" alt=\"trockener Baum\" src=\"https:\/\/i0.wp.com\/my-alps.de\/wp-content\/uploads\/2014\/08\/trockener-Baum-ce4.jpg?resize=625%2C417\" width=\"625\" height=\"417\" srcset=\"https:\/\/i0.wp.com\/my-alps.de\/wp-content\/uploads\/2014\/08\/trockener-Baum-ce4.jpg?w=1024 1024w, https:\/\/i0.wp.com\/my-alps.de\/wp-content\/uploads\/2014\/08\/trockener-Baum-ce4.jpg?resize=300%2C200 300w\" sizes=\"(max-width: 625px) 100vw, 625px\" data-recalc-dims=\"1\" \/><\/a><p id=\"caption-attachment-1545\" class=\"wp-caption-text\">trockener Baum<\/p><\/div>\n","protected":false},"excerpt":{"rendered":"<p>ab und zu Garten gie\u00dfen!<\/p>\n","protected":false},"author":1,"featured_media":0,"comment_status":"open","ping_status":"open","sticky":false,"template":"","format":"gallery","meta":{"spay_email":"","jetpack_publicize_message":"","jetpack_is_tweetstorm":false,"jetpack_publicize_feature_enabled":true},"categories":[1],"tags":[],"jetpack_featured_media_url":"","jetpack_publicize_connections":[],"jetpack_sharing_enabled":true,"jetpack_shortlink":"https:\/\/wp.me\/p6huce-oU","jetpack-related-posts":[{"id":393,"url":"http:\/\/my-alps.de\/?p=393","url_meta":{"origin":1544,"position":0},"title":"Su a haaser Summer&#8230;.","date":"29. Juli 2013","format":"gallery","excerpt":".... man denkt unwillk\u00fcrlich an den Rainhard Fendrich und verzieht sich in irgendeine Pf\u00fctze um etwas abzuk\u00fchlen. Die Motivation am Samstag den Trinkwassertank mit den notwendigen Zapfstellen und Anschl\u00fcssen auszustatten ist buchst\u00e4blich \"verdampft\". Na ja - es bleibt noch etwas Zeit um die Arbeiten abzuschlie\u00dfen - so haben wir uns\u2026","rel":"","context":"In &quot;News&quot;","img":{"alt_text":"Bambush\u00c3\u00bctte","src":"https:\/\/i0.wp.com\/my-alps.de\/wp-content\/uploads\/2013\/07\/Bambush\u00c3\u00bctte.jpg?resize=350%2C200","width":350,"height":200},"classes":[]},{"id":1026,"url":"http:\/\/my-alps.de\/?p=1026","url_meta":{"origin":1544,"position":1},"title":"Frohe Ostern","date":"20. April 2014","format":"gallery","excerpt":"Hallo - liebe Leute, wir feiern heute Ostern einmal auf etwas andere Art. Hier in Chile kommt nicht der Osterhase und versteckt die Nester f\u00fcr die braven Kinder, nein hier kommt der Osterpingui. Da die Osterhasen die Zeitverschiebung von Europa nach Chile nicht verkraften, sie leiden f\u00fcrchterlich unter Jetlag, haben\u2026","rel":"","context":"In &quot;News&quot;","img":{"alt_text":"","src":"","width":0,"height":0},"classes":[]},{"id":851,"url":"http:\/\/my-alps.de\/?p=851","url_meta":{"origin":1544,"position":2},"title":"von Chaiten ans Ende der Carretera Austral","date":"19. M\u00e4rz 2014","format":"gallery","excerpt":"Wir sind jetzt fast 4 Wochen lang auf der Ruta 7, der Carretera Austral, aus dem S\u00fcden Chiles Richtung Norden gefahren. Der Eine oder Andere Abstecher hat der einsamen Stra\u00dfe noch etwas mehr Reiz beschert, als sie selbst schon besitzt. Doch jetzt ist es an der Zeit die Zivilisation mal\u2026","rel":"","context":"In &quot;News&quot;","img":{"alt_text":"","src":"https:\/\/i0.wp.com\/my-alps.de\/wp-content\/uploads\/2014\/03\/El-Cap-light-sw.jpg?resize=350%2C200","width":350,"height":200},"classes":[]},{"id":800,"url":"http:\/\/my-alps.de\/?p=800","url_meta":{"origin":1544,"position":3},"title":"Genetischer Code bei M\u00e4nnchen","date":"10. M\u00e4rz 2014","format":"gallery","excerpt":"Ihr alle werdet mir zustimmen, die Frauen neigen eher zum sammeln und der Mann zum Jagen.Ich habe bei mir das mit dem Jagd-Gen schon ganz fr\u00fch entdeckt, aber wir hatten daheim einen Haushalt, da gab es ausser Essbesteck keine Waffen. (obwohl meine beiden Gro\u00dfv\u00e4ter Sch\u00fctzenk\u00f6nige waren!) Und mit einer Gabel\u2026","rel":"","context":"In &quot;unter uns&quot;","img":{"alt_text":"","src":"https:\/\/i0.wp.com\/my-alps.de\/wp-content\/uploads\/2014\/03\/Nummer-Zwei-HD.jpg?resize=350%2C200","width":350,"height":200},"classes":[]},{"id":1472,"url":"http:\/\/my-alps.de\/?p=1472","url_meta":{"origin":1544,"position":4},"title":"vom Sajama, dem h\u00f6chsten Berg Boliviens nach Peru","date":"8. August 2014","format":"gallery","excerpt":"Da wir vom Titikakasee etwas entt\u00e4uscht waren, haben wir uns kurzerhand entschlossen doch noch einen Abstecher zum \"Sajama\" zu fahren. Er liegt zwar auf dem Weg Richtung Chile, aber\u00a0das haben wir dann mit dem Grenz\u00fcbergang in Arica\u00a0verkn\u00fcpft. auf dem AltiplanoDer \"Sajama\" ist ein wundersch\u00f6ner Vulkankegel, der sich wie eine Zipfelm\u00fctze\u2026","rel":"","context":"In &quot;News&quot;","img":{"alt_text":"","src":"https:\/\/i0.wp.com\/my-alps.de\/wp-content\/uploads\/2014\/08\/Vulkanausbruch-1-ce4.jpg?resize=350%2C200","width":350,"height":200},"classes":[]},{"id":1411,"url":"http:\/\/my-alps.de\/?p=1411","url_meta":{"origin":1544,"position":5},"title":"\u00fcber Cochabamba weiter nach La Paz (Teil 2)","date":"27. Juli 2014","format":"gallery","excerpt":"Von Sucre fahren wir durch die wilde und bergige Altiplanolandschaft.\u00a0Es geht durch kleine D\u00f6rfer und in den Flusst\u00e4lern werden Bananen\u00a0und Papayas angebaut. Anfangs ist die Stra\u00dfe noch asphaltiert, doch\u00a0dann sind wir wieder auf einer staubigen Piste. Der puderfeine Staub\u00a0legt sich wie ein Nebelschleier \u00fcber die Landschaft und alles was am\u00a0Stra\u00dfenrand\u2026","rel":"","context":"In &quot;News&quot;","img":{"alt_text":"","src":"https:\/\/i0.wp.com\/my-alps.de\/wp-content\/uploads\/2014\/07\/rauf-und-runter-ce4.jpg?resize=350%2C200","width":350,"height":200},"classes":[]}],"_links":{"self":[{"href":"http:\/\/my-alps.de\/index.php?rest_route=\/wp\/v2\/posts\/1544"}],"collection":[{"href":"http:\/\/my-alps.de\/index.php?rest_route=\/wp\/v2\/posts"}],"about":[{"href":"http:\/\/my-alps.de\/index.php?rest_route=\/wp\/v2\/types\/post"}],"author":[{"embeddable":true,"href":"http:\/\/my-alps.de\/index.php?rest_route=\/wp\/v2\/users\/1"}],"replies":[{"embeddable":true,"href":"http:\/\/my-alps.de\/index.php?rest_route=%2Fwp%2Fv2%2Fcomments&post=1544"}],"version-history":[{"count":1,"href":"http:\/\/my-alps.de\/index.php?rest_route=\/wp\/v2\/posts\/1544\/revisions"}],"predecessor-version":[{"id":1546,"href":"http:\/\/my-alps.de\/index.php?rest_route=\/wp\/v2\/posts\/1544\/revisions\/1546"}],"wp:attachment":[{"href":"http:\/\/my-alps.de\/index.php?rest_route=%2Fwp%2Fv2%2Fmedia&parent=1544"}],"wp:term":[{"taxonomy":"category","embeddable":true,"href":"http:\/\/my-alps.de\/index.php?rest_route=%2Fwp%2Fv2%2Fcategories&post=1544"},{"taxonomy":"post_tag","embeddable":true,"href":"http:\/\/my-alps.de\/index.php?rest_route=%2Fwp%2Fv2%2Ftags&post=1544"}],"curies":[{"name":"wp","href":"https:\/\/api.w.org\/{rel}","templated":true}]}}