{"id":1533,"date":"2014-08-26T00:01:54","date_gmt":"2014-08-25T22:01:54","guid":{"rendered":"http:\/\/my-alps.de\/?p=1533"},"modified":"2014-08-26T00:16:18","modified_gmt":"2014-08-25T22:16:18","slug":"nazca-die-wueste-mal-von-oben-betrachtet","status":"publish","type":"post","link":"http:\/\/my-alps.de\/?p=1533","title":{"rendered":"Nazca &#8211; die W\u00fcste mal von oben betrachtet"},"content":{"rendered":"<p>Wir waren nun auf unserer Reise nach Norden auch in Nazca<br \/>\n(oder Nasca) &#8211; es existieren verschiedene Schreibformen.<br \/>\nWir wollten uns die ber\u00fchmten Nazca-Linien mal von oben betrachten, da sich von der Aussichtsplattform an der<br \/>\nPanamericana nur ein kleiner Teil sehen l\u00e4sst.<br \/>\nSo haben wir uns einen Flug in einer kleinen Cessna<br \/>\ngebucht und sind die Linien abgeflogen.<\/p>\n<div id=\"attachment_1541\" style=\"width: 1034px\" class=\"wp-caption aligncenter\"><a href=\"https:\/\/i0.wp.com\/my-alps.de\/wp-content\/uploads\/2014\/08\/sch\u00f6ne-Aussicht.jpg\"><img aria-describedby=\"caption-attachment-1541\" data-attachment-id=\"1541\" data-permalink=\"http:\/\/my-alps.de\/?attachment_id=1541\" data-orig-file=\"https:\/\/i0.wp.com\/my-alps.de\/wp-content\/uploads\/2014\/08\/sch\u00f6ne-Aussicht.jpg?fit=1024%2C683\" data-orig-size=\"1024,683\" data-comments-opened=\"1\" data-image-meta=\"{&quot;aperture&quot;:&quot;6.7&quot;,&quot;credit&quot;:&quot;&quot;,&quot;camera&quot;:&quot;SLT-A99V&quot;,&quot;caption&quot;:&quot;&quot;,&quot;created_timestamp&quot;:&quot;1408710253&quot;,&quot;copyright&quot;:&quot;&quot;,&quot;focal_length&quot;:&quot;24&quot;,&quot;iso&quot;:&quot;100&quot;,&quot;shutter_speed&quot;:&quot;0.002&quot;,&quot;title&quot;:&quot;&quot;}\" data-image-title=\"sch\u00f6ne Aussicht\" data-image-description=\"&lt;p&gt;sch\u00f6ne Aussicht&lt;\/p&gt;\n\" data-image-caption=\"&lt;p&gt;sch\u00f6ne Aussicht&lt;\/p&gt;\n\" data-medium-file=\"https:\/\/i0.wp.com\/my-alps.de\/wp-content\/uploads\/2014\/08\/sch\u00f6ne-Aussicht.jpg?fit=300%2C200\" data-large-file=\"https:\/\/i0.wp.com\/my-alps.de\/wp-content\/uploads\/2014\/08\/sch\u00f6ne-Aussicht.jpg?fit=625%2C417\" loading=\"lazy\" class=\"size-full wp-image-1541\" alt=\"sch\u00f6ne Aussicht\" src=\"https:\/\/i0.wp.com\/my-alps.de\/wp-content\/uploads\/2014\/08\/sch\u00f6ne-Aussicht.jpg?resize=625%2C417\" width=\"625\" height=\"417\" srcset=\"https:\/\/i0.wp.com\/my-alps.de\/wp-content\/uploads\/2014\/08\/sch\u00f6ne-Aussicht.jpg?w=1024 1024w, https:\/\/i0.wp.com\/my-alps.de\/wp-content\/uploads\/2014\/08\/sch\u00f6ne-Aussicht.jpg?resize=300%2C200 300w\" sizes=\"(max-width: 625px) 100vw, 625px\" data-recalc-dims=\"1\" \/><\/a><p id=\"caption-attachment-1541\" class=\"wp-caption-text\">sch\u00f6ne Aussicht<\/p><\/div>\n<p><!--more-->Ca. alle 10 Minuten hebt ein Sportflugzeug von dem kleinen Flugplatz in Nazca ab und verschwindet r\u00f6hrend im Himmel.<br \/>\nDer Flug dauert ungef\u00e4hr eine 3\/4 Stunde.<br \/>\nAm Besten ist es Vormittags, denn da halten sich die Turbulenzen \u00fcber der (heissen) Steinw\u00fcste noch in Grenzen.<br \/>\nIch h\u00e4tte zwar gerne einen Abendflug mit Sundowner gehabt &#8211; aber dann sieht man von den Linien nicht mehr viel, weil es dann auch zu dunstig wird. Erst fliegt man noch ein St\u00fcck \u00fcber dem gr\u00fcnen Tal der Flussoase von Nazca, und dann geht es auf einmal ganz schnell.<\/p>\n<div id=\"attachment_1542\" style=\"width: 1034px\" class=\"wp-caption aligncenter\"><a href=\"https:\/\/i0.wp.com\/my-alps.de\/wp-content\/uploads\/2014\/08\/\u00dcbergang-zu-den-Nazca-Linien.jpg\"><img aria-describedby=\"caption-attachment-1542\" data-attachment-id=\"1542\" data-permalink=\"http:\/\/my-alps.de\/?attachment_id=1542\" data-orig-file=\"https:\/\/i0.wp.com\/my-alps.de\/wp-content\/uploads\/2014\/08\/\u00dcbergang-zu-den-Nazca-Linien.jpg?fit=1024%2C683\" data-orig-size=\"1024,683\" data-comments-opened=\"1\" data-image-meta=\"{&quot;aperture&quot;:&quot;6.7&quot;,&quot;credit&quot;:&quot;&quot;,&quot;camera&quot;:&quot;SLT-A99V&quot;,&quot;caption&quot;:&quot;&quot;,&quot;created_timestamp&quot;:&quot;1408709979&quot;,&quot;copyright&quot;:&quot;&quot;,&quot;focal_length&quot;:&quot;24&quot;,&quot;iso&quot;:&quot;100&quot;,&quot;shutter_speed&quot;:&quot;0.002&quot;,&quot;title&quot;:&quot;&quot;}\" data-image-title=\"\u00dcbergang zu den Nazca-Linien\" data-image-description=\"&lt;p&gt;\u00dcbergang zu den Nazca-Linien&lt;\/p&gt;\n\" data-image-caption=\"&lt;p&gt;\u00dcbergang zu den Nazca-Linien&lt;\/p&gt;\n\" data-medium-file=\"https:\/\/i0.wp.com\/my-alps.de\/wp-content\/uploads\/2014\/08\/\u00dcbergang-zu-den-Nazca-Linien.jpg?fit=300%2C200\" data-large-file=\"https:\/\/i0.wp.com\/my-alps.de\/wp-content\/uploads\/2014\/08\/\u00dcbergang-zu-den-Nazca-Linien.jpg?fit=625%2C417\" loading=\"lazy\" class=\"size-full wp-image-1542\" alt=\"\u00dcbergang zu den Nazca-Linien\" src=\"https:\/\/i0.wp.com\/my-alps.de\/wp-content\/uploads\/2014\/08\/\u00dcbergang-zu-den-Nazca-Linien.jpg?resize=625%2C417\" width=\"625\" height=\"417\" srcset=\"https:\/\/i0.wp.com\/my-alps.de\/wp-content\/uploads\/2014\/08\/\u00dcbergang-zu-den-Nazca-Linien.jpg?w=1024 1024w, https:\/\/i0.wp.com\/my-alps.de\/wp-content\/uploads\/2014\/08\/\u00dcbergang-zu-den-Nazca-Linien.jpg?resize=300%2C200 300w\" sizes=\"(max-width: 625px) 100vw, 625px\" data-recalc-dims=\"1\" \/><\/a><p id=\"caption-attachment-1542\" class=\"wp-caption-text\">\u00dcbergang zu den Nazca-Linien<\/p><\/div>\n<p>Der Pilot schmeisst die kleine Maschine abwechselnd in Links- und Rechtskurven, damit alle gut aus den (verkratzten) Plexiglasfenstern schauen k\u00f6nnen.<br \/>\nEs gibt ca. 500 Motive, die die verschiedenen Generationen in den Sand gescharrt haben. Und noch mehr irritierende Linien von Fahrzeugen und sonstige Spuren.<\/p>\n<p>So sieht das im Original aus:<\/p>\n<div id=\"attachment_1539\" style=\"width: 1034px\" class=\"wp-caption aligncenter\"><a href=\"https:\/\/i0.wp.com\/my-alps.de\/wp-content\/uploads\/2014\/08\/Der-Wal.org_.jpg\"><img aria-describedby=\"caption-attachment-1539\" data-attachment-id=\"1539\" data-permalink=\"http:\/\/my-alps.de\/?attachment_id=1539\" data-orig-file=\"https:\/\/i0.wp.com\/my-alps.de\/wp-content\/uploads\/2014\/08\/Der-Wal.org_.jpg?fit=1024%2C683\" data-orig-size=\"1024,683\" data-comments-opened=\"1\" data-image-meta=\"{&quot;aperture&quot;:&quot;6.7&quot;,&quot;credit&quot;:&quot;&quot;,&quot;camera&quot;:&quot;SLT-A99V&quot;,&quot;caption&quot;:&quot;&quot;,&quot;created_timestamp&quot;:&quot;1408710006&quot;,&quot;copyright&quot;:&quot;&quot;,&quot;focal_length&quot;:&quot;24&quot;,&quot;iso&quot;:&quot;100&quot;,&quot;shutter_speed&quot;:&quot;0.0028571428571429&quot;,&quot;title&quot;:&quot;&quot;}\" data-image-title=\"Der Wal.org\" data-image-description=\"&lt;p&gt;Der Wal.org&lt;\/p&gt;\n\" data-image-caption=\"&lt;p&gt;Der Wal.org&lt;\/p&gt;\n\" data-medium-file=\"https:\/\/i0.wp.com\/my-alps.de\/wp-content\/uploads\/2014\/08\/Der-Wal.org_.jpg?fit=300%2C200\" data-large-file=\"https:\/\/i0.wp.com\/my-alps.de\/wp-content\/uploads\/2014\/08\/Der-Wal.org_.jpg?fit=625%2C417\" loading=\"lazy\" class=\"size-full wp-image-1539\" alt=\"Der Wal.org\" src=\"https:\/\/i0.wp.com\/my-alps.de\/wp-content\/uploads\/2014\/08\/Der-Wal.org_.jpg?resize=625%2C417\" width=\"625\" height=\"417\" srcset=\"https:\/\/i0.wp.com\/my-alps.de\/wp-content\/uploads\/2014\/08\/Der-Wal.org_.jpg?w=1024 1024w, https:\/\/i0.wp.com\/my-alps.de\/wp-content\/uploads\/2014\/08\/Der-Wal.org_.jpg?resize=300%2C200 300w\" sizes=\"(max-width: 625px) 100vw, 625px\" data-recalc-dims=\"1\" \/><\/a><p id=\"caption-attachment-1539\" class=\"wp-caption-text\">Der Wal.org<\/p><\/div>\n<p>Die Maschine hat eine Schr\u00e4glage von ca. 35 bis 40 Grad,<br \/>\ndie Kamera dr\u00fcckt es gegen die Scheibe und der Pilot (oder der Copilot) fuchteln wild mit den Fingern mal nach links oder rechts.<br \/>\n(Dabei fliegen sie sch\u00f6n blind einen halben Kreis &#8211; schauen kurz \u00fcber die Schulter, was z.B. ein peruanischer Taxifahrer NICHT machen w\u00fcrde &#8211; und wuchten die kleine Cessna in die Gegenkurve)<br \/>\nHabt ihr &#8222;<span style=\"line-height: 1.5;\">den Wal&#8220;<\/span><span style=\"line-height: 1.5;\">\u00a0<\/span><span style=\"line-height: 1.5;\">oben im Bild gesehen?<\/span><\/p>\n<p>Nicht?<br \/>\nSchade f\u00fcr euch, dann habt ihr euere Dollars umsonst ausgegeben.<\/p>\n<p>Ha, Ha, Ha sch\u00fcttelt sich der Pilot vor Lachen&#8230;&#8230;&#8230;.<br \/>\nOk &#8211; f\u00fcr euch fliege ich noch eine Extrakurve&#8230;&#8230;&#8230;..<\/p>\n<div id=\"attachment_1538\" style=\"width: 1034px\" class=\"wp-caption aligncenter\"><a href=\"https:\/\/i0.wp.com\/my-alps.de\/wp-content\/uploads\/2014\/08\/Der-Wal-sw.jpg\"><img aria-describedby=\"caption-attachment-1538\" data-attachment-id=\"1538\" data-permalink=\"http:\/\/my-alps.de\/?attachment_id=1538\" data-orig-file=\"https:\/\/i0.wp.com\/my-alps.de\/wp-content\/uploads\/2014\/08\/Der-Wal-sw.jpg?fit=1024%2C683\" data-orig-size=\"1024,683\" data-comments-opened=\"1\" data-image-meta=\"{&quot;aperture&quot;:&quot;6.7&quot;,&quot;credit&quot;:&quot;&quot;,&quot;camera&quot;:&quot;SLT-A99V&quot;,&quot;caption&quot;:&quot;&quot;,&quot;created_timestamp&quot;:&quot;1408710006&quot;,&quot;copyright&quot;:&quot;&quot;,&quot;focal_length&quot;:&quot;24&quot;,&quot;iso&quot;:&quot;100&quot;,&quot;shutter_speed&quot;:&quot;0.0028571428571429&quot;,&quot;title&quot;:&quot;&quot;}\" data-image-title=\"Der Wal-sw\" data-image-description=\"&lt;p&gt;Der Wal&lt;\/p&gt;\n\" data-image-caption=\"&lt;p&gt;Der Wal&lt;\/p&gt;\n\" data-medium-file=\"https:\/\/i0.wp.com\/my-alps.de\/wp-content\/uploads\/2014\/08\/Der-Wal-sw.jpg?fit=300%2C200\" data-large-file=\"https:\/\/i0.wp.com\/my-alps.de\/wp-content\/uploads\/2014\/08\/Der-Wal-sw.jpg?fit=625%2C417\" loading=\"lazy\" class=\"size-full wp-image-1538\" alt=\"Der Wal\" src=\"https:\/\/i0.wp.com\/my-alps.de\/wp-content\/uploads\/2014\/08\/Der-Wal-sw.jpg?resize=625%2C417\" width=\"625\" height=\"417\" srcset=\"https:\/\/i0.wp.com\/my-alps.de\/wp-content\/uploads\/2014\/08\/Der-Wal-sw.jpg?w=1024 1024w, https:\/\/i0.wp.com\/my-alps.de\/wp-content\/uploads\/2014\/08\/Der-Wal-sw.jpg?resize=300%2C200 300w\" sizes=\"(max-width: 625px) 100vw, 625px\" data-recalc-dims=\"1\" \/><\/a><p id=\"caption-attachment-1538\" class=\"wp-caption-text\">Der Wal<\/p><\/div>\n<p>F\u00fcr euch verschwinde ich dann auch kurz in die Dunkelkammer und drehe an den Bildeinstellungen.<br \/>\nJetzt erkennt ihr den Wal aber &#8211; oder?<\/p>\n<div id=\"attachment_1534\" style=\"width: 1034px\" class=\"wp-caption aligncenter\"><a href=\"https:\/\/i0.wp.com\/my-alps.de\/wp-content\/uploads\/2014\/08\/Der-Astronaut.jpg\"><img aria-describedby=\"caption-attachment-1534\" data-attachment-id=\"1534\" data-permalink=\"http:\/\/my-alps.de\/?attachment_id=1534\" data-orig-file=\"https:\/\/i0.wp.com\/my-alps.de\/wp-content\/uploads\/2014\/08\/Der-Astronaut.jpg?fit=1024%2C682\" data-orig-size=\"1024,682\" data-comments-opened=\"1\" data-image-meta=\"{&quot;aperture&quot;:&quot;6.7&quot;,&quot;credit&quot;:&quot;&quot;,&quot;camera&quot;:&quot;SLT-A99V&quot;,&quot;caption&quot;:&quot;&quot;,&quot;created_timestamp&quot;:&quot;1408710422&quot;,&quot;copyright&quot;:&quot;&quot;,&quot;focal_length&quot;:&quot;70&quot;,&quot;iso&quot;:&quot;100&quot;,&quot;shutter_speed&quot;:&quot;0.002&quot;,&quot;title&quot;:&quot;&quot;}\" data-image-title=\"Der Astronaut\" data-image-description=\"&lt;p&gt;Der Astronaut&lt;\/p&gt;\n\" data-image-caption=\"&lt;p&gt;Der Astronaut&lt;\/p&gt;\n\" data-medium-file=\"https:\/\/i0.wp.com\/my-alps.de\/wp-content\/uploads\/2014\/08\/Der-Astronaut.jpg?fit=300%2C199\" data-large-file=\"https:\/\/i0.wp.com\/my-alps.de\/wp-content\/uploads\/2014\/08\/Der-Astronaut.jpg?fit=625%2C416\" loading=\"lazy\" class=\"size-full wp-image-1534\" alt=\"Der Astronaut\" src=\"https:\/\/i0.wp.com\/my-alps.de\/wp-content\/uploads\/2014\/08\/Der-Astronaut.jpg?resize=625%2C416\" width=\"625\" height=\"416\" srcset=\"https:\/\/i0.wp.com\/my-alps.de\/wp-content\/uploads\/2014\/08\/Der-Astronaut.jpg?w=1024 1024w, https:\/\/i0.wp.com\/my-alps.de\/wp-content\/uploads\/2014\/08\/Der-Astronaut.jpg?resize=300%2C199 300w\" sizes=\"(max-width: 625px) 100vw, 625px\" data-recalc-dims=\"1\" \/><\/a><p id=\"caption-attachment-1534\" class=\"wp-caption-text\">Der Astronaut<\/p><\/div>\n<p>Mit dem Astronaut geht&#8217;s schon besser. Der &#8222;Astronaut&#8220; heisst eigentlich &#8222;Der Mann mit der Eulenmaske&#8220;, aber nachdem Herr D\u00e4niken die Linien f\u00fcr Landebahnen von UFO&#8217;s h\u00e4lt, passt der &#8222;Astronaut&#8220; ja ganz gut.<\/p>\n<div id=\"attachment_1540\" style=\"width: 1034px\" class=\"wp-caption aligncenter\"><a href=\"https:\/\/i0.wp.com\/my-alps.de\/wp-content\/uploads\/2014\/08\/Die-Spinne-sw.jpg\"><img aria-describedby=\"caption-attachment-1540\" data-attachment-id=\"1540\" data-permalink=\"http:\/\/my-alps.de\/?attachment_id=1540\" data-orig-file=\"https:\/\/i0.wp.com\/my-alps.de\/wp-content\/uploads\/2014\/08\/Die-Spinne-sw.jpg?fit=1024%2C683\" data-orig-size=\"1024,683\" data-comments-opened=\"1\" data-image-meta=\"{&quot;aperture&quot;:&quot;6.7&quot;,&quot;credit&quot;:&quot;&quot;,&quot;camera&quot;:&quot;SLT-A99V&quot;,&quot;caption&quot;:&quot;&quot;,&quot;created_timestamp&quot;:&quot;1408711011&quot;,&quot;copyright&quot;:&quot;&quot;,&quot;focal_length&quot;:&quot;70&quot;,&quot;iso&quot;:&quot;100&quot;,&quot;shutter_speed&quot;:&quot;0.002&quot;,&quot;title&quot;:&quot;&quot;}\" data-image-title=\"Die Spinne-sw\" data-image-description=\"&lt;p&gt;Die Spinne&lt;\/p&gt;\n\" data-image-caption=\"&lt;p&gt;Die Spinne&lt;\/p&gt;\n\" data-medium-file=\"https:\/\/i0.wp.com\/my-alps.de\/wp-content\/uploads\/2014\/08\/Die-Spinne-sw.jpg?fit=300%2C200\" data-large-file=\"https:\/\/i0.wp.com\/my-alps.de\/wp-content\/uploads\/2014\/08\/Die-Spinne-sw.jpg?fit=625%2C417\" loading=\"lazy\" class=\"size-full wp-image-1540\" alt=\"Die Spinne\" src=\"https:\/\/i0.wp.com\/my-alps.de\/wp-content\/uploads\/2014\/08\/Die-Spinne-sw.jpg?resize=625%2C417\" width=\"625\" height=\"417\" srcset=\"https:\/\/i0.wp.com\/my-alps.de\/wp-content\/uploads\/2014\/08\/Die-Spinne-sw.jpg?w=1024 1024w, https:\/\/i0.wp.com\/my-alps.de\/wp-content\/uploads\/2014\/08\/Die-Spinne-sw.jpg?resize=300%2C200 300w\" sizes=\"(max-width: 625px) 100vw, 625px\" data-recalc-dims=\"1\" \/><\/a><p id=\"caption-attachment-1540\" class=\"wp-caption-text\">Die Spinne<\/p><\/div>\n<p>Mit der Spinne funktioniert das Ganze noch ein wenig besser &#8211; oder?<\/p>\n<div id=\"attachment_1535\" style=\"width: 693px\" class=\"wp-caption aligncenter\"><a href=\"https:\/\/i0.wp.com\/my-alps.de\/wp-content\/uploads\/2014\/08\/Der-Baum-und-die-H\u00e4nde-sw.jpg\"><img aria-describedby=\"caption-attachment-1535\" data-attachment-id=\"1535\" data-permalink=\"http:\/\/my-alps.de\/?attachment_id=1535\" data-orig-file=\"https:\/\/i0.wp.com\/my-alps.de\/wp-content\/uploads\/2014\/08\/Der-Baum-und-die-H\u00e4nde-sw.jpg?fit=683%2C1024\" data-orig-size=\"683,1024\" data-comments-opened=\"1\" data-image-meta=\"{&quot;aperture&quot;:&quot;6.7&quot;,&quot;credit&quot;:&quot;&quot;,&quot;camera&quot;:&quot;SLT-A99V&quot;,&quot;caption&quot;:&quot;&quot;,&quot;created_timestamp&quot;:&quot;1408711121&quot;,&quot;copyright&quot;:&quot;&quot;,&quot;focal_length&quot;:&quot;55&quot;,&quot;iso&quot;:&quot;100&quot;,&quot;shutter_speed&quot;:&quot;0.002&quot;,&quot;title&quot;:&quot;&quot;}\" data-image-title=\"Der Baum und die H\u00e4nde-sw\" data-image-description=\"&lt;p&gt;Der Baum und die H\u00e4nde&lt;\/p&gt;\n\" data-image-caption=\"&lt;p&gt;Der Baum und die H\u00e4nde&lt;\/p&gt;\n\" data-medium-file=\"https:\/\/i0.wp.com\/my-alps.de\/wp-content\/uploads\/2014\/08\/Der-Baum-und-die-H\u00e4nde-sw.jpg?fit=200%2C300\" data-large-file=\"https:\/\/i0.wp.com\/my-alps.de\/wp-content\/uploads\/2014\/08\/Der-Baum-und-die-H\u00e4nde-sw.jpg?fit=625%2C937\" loading=\"lazy\" class=\"size-full wp-image-1535\" alt=\"Der Baum und die H\u00e4nde\" src=\"https:\/\/i0.wp.com\/my-alps.de\/wp-content\/uploads\/2014\/08\/Der-Baum-und-die-H\u00e4nde-sw.jpg?resize=625%2C937\" width=\"625\" height=\"937\" srcset=\"https:\/\/i0.wp.com\/my-alps.de\/wp-content\/uploads\/2014\/08\/Der-Baum-und-die-H\u00e4nde-sw.jpg?w=683 683w, https:\/\/i0.wp.com\/my-alps.de\/wp-content\/uploads\/2014\/08\/Der-Baum-und-die-H\u00e4nde-sw.jpg?resize=200%2C300 200w\" sizes=\"(max-width: 625px) 100vw, 625px\" data-recalc-dims=\"1\" \/><\/a><p id=\"caption-attachment-1535\" class=\"wp-caption-text\">Der Baum und die H\u00e4nde<\/p><\/div>\n<p>Den Baum und die H\u00e4nde k\u00f6nnte man auch von der Aussichtsplattform sehen &#8211; oder erahnen.<\/p>\n<div id=\"attachment_1537\" style=\"width: 1034px\" class=\"wp-caption aligncenter\"><a href=\"https:\/\/i0.wp.com\/my-alps.de\/wp-content\/uploads\/2014\/08\/Der-Kondor-sw.jpg\"><img aria-describedby=\"caption-attachment-1537\" data-attachment-id=\"1537\" data-permalink=\"http:\/\/my-alps.de\/?attachment_id=1537\" data-orig-file=\"https:\/\/i0.wp.com\/my-alps.de\/wp-content\/uploads\/2014\/08\/Der-Kondor-sw.jpg?fit=1024%2C683\" data-orig-size=\"1024,683\" data-comments-opened=\"1\" data-image-meta=\"{&quot;aperture&quot;:&quot;6.7&quot;,&quot;credit&quot;:&quot;&quot;,&quot;camera&quot;:&quot;SLT-A99V&quot;,&quot;caption&quot;:&quot;&quot;,&quot;created_timestamp&quot;:&quot;1408710958&quot;,&quot;copyright&quot;:&quot;&quot;,&quot;focal_length&quot;:&quot;40&quot;,&quot;iso&quot;:&quot;100&quot;,&quot;shutter_speed&quot;:&quot;0.002&quot;,&quot;title&quot;:&quot;&quot;}\" data-image-title=\"Der Kondor-sw\" data-image-description=\"&lt;p&gt;Der Kondor&lt;\/p&gt;\n\" data-image-caption=\"&lt;p&gt;Der Kondor&lt;\/p&gt;\n\" data-medium-file=\"https:\/\/i0.wp.com\/my-alps.de\/wp-content\/uploads\/2014\/08\/Der-Kondor-sw.jpg?fit=300%2C200\" data-large-file=\"https:\/\/i0.wp.com\/my-alps.de\/wp-content\/uploads\/2014\/08\/Der-Kondor-sw.jpg?fit=625%2C417\" loading=\"lazy\" class=\"size-full wp-image-1537\" alt=\"Der Kondor\" src=\"https:\/\/i0.wp.com\/my-alps.de\/wp-content\/uploads\/2014\/08\/Der-Kondor-sw.jpg?resize=625%2C417\" width=\"625\" height=\"417\" srcset=\"https:\/\/i0.wp.com\/my-alps.de\/wp-content\/uploads\/2014\/08\/Der-Kondor-sw.jpg?w=1024 1024w, https:\/\/i0.wp.com\/my-alps.de\/wp-content\/uploads\/2014\/08\/Der-Kondor-sw.jpg?resize=300%2C200 300w\" sizes=\"(max-width: 625px) 100vw, 625px\" data-recalc-dims=\"1\" \/><\/a><p id=\"caption-attachment-1537\" class=\"wp-caption-text\">Der Kondor<\/p><\/div>\n<p>Dem Kondor sin sie leider schon zu oft an die Schwanzfedern gegangen, und die ganzen anderen Linien sind auch sehr irritierend.<\/p>\n<div id=\"attachment_1536\" style=\"width: 1034px\" class=\"wp-caption aligncenter\"><a href=\"https:\/\/i0.wp.com\/my-alps.de\/wp-content\/uploads\/2014\/08\/Der-Kolibri-sw-90.jpg\"><img aria-describedby=\"caption-attachment-1536\" data-attachment-id=\"1536\" data-permalink=\"http:\/\/my-alps.de\/?attachment_id=1536\" data-orig-file=\"https:\/\/i0.wp.com\/my-alps.de\/wp-content\/uploads\/2014\/08\/Der-Kolibri-sw-90.jpg?fit=1024%2C682\" data-orig-size=\"1024,682\" data-comments-opened=\"1\" data-image-meta=\"{&quot;aperture&quot;:&quot;6.7&quot;,&quot;credit&quot;:&quot;&quot;,&quot;camera&quot;:&quot;SLT-A99V&quot;,&quot;caption&quot;:&quot;&quot;,&quot;created_timestamp&quot;:&quot;1408710860&quot;,&quot;copyright&quot;:&quot;&quot;,&quot;focal_length&quot;:&quot;40&quot;,&quot;iso&quot;:&quot;100&quot;,&quot;shutter_speed&quot;:&quot;0.002&quot;,&quot;title&quot;:&quot;&quot;}\" data-image-title=\"Der Kolibri-sw-90\" data-image-description=\"&lt;p&gt;Der Kolibri&lt;\/p&gt;\n\" data-image-caption=\"&lt;p&gt;Der Kolibri&lt;\/p&gt;\n\" data-medium-file=\"https:\/\/i0.wp.com\/my-alps.de\/wp-content\/uploads\/2014\/08\/Der-Kolibri-sw-90.jpg?fit=300%2C199\" data-large-file=\"https:\/\/i0.wp.com\/my-alps.de\/wp-content\/uploads\/2014\/08\/Der-Kolibri-sw-90.jpg?fit=625%2C416\" loading=\"lazy\" class=\"size-full wp-image-1536\" alt=\"Der Kolibri\" src=\"https:\/\/i0.wp.com\/my-alps.de\/wp-content\/uploads\/2014\/08\/Der-Kolibri-sw-90.jpg?resize=625%2C416\" width=\"625\" height=\"416\" srcset=\"https:\/\/i0.wp.com\/my-alps.de\/wp-content\/uploads\/2014\/08\/Der-Kolibri-sw-90.jpg?w=1024 1024w, https:\/\/i0.wp.com\/my-alps.de\/wp-content\/uploads\/2014\/08\/Der-Kolibri-sw-90.jpg?resize=300%2C199 300w\" sizes=\"(max-width: 625px) 100vw, 625px\" data-recalc-dims=\"1\" \/><\/a><p id=\"caption-attachment-1536\" class=\"wp-caption-text\">Der Kolibri<\/p><\/div>\n<p>Am Besten von allen Scharrbildern erkennt man den &#8222;Kolibri&#8220;.<br \/>\nDas Bild liegt auf einer ebenen Fl\u00e4che, etwas erh\u00f6ht und wird nicht durch andere Linien gest\u00f6rt.<\/p>\n<p>Es gibt noch den Papagei und den Pelikan, aber die hebe ich mir f\u00fcr sp\u00e4ter auf, sonst verrate ich ja schon alles.<\/p>\n<p>Jedenfalls war dieser Auslug sehr spannend, und ich hatte schon als junger Bursche mal was dar\u00fcber gelesen.<br \/>\nEs jetzt real und von oben zu sehen &#8211; \u00fcberw\u00e4ltigend.<br \/>\nAls wir dann am n\u00e4chsten Tag durch die Steinw\u00fcste fahren wird einem erst bewusst, was die &#8222;Macher&#8220; damals geleistet haben,<br \/>\noder erst Frau Reiche, die die Bilder in m\u00fchsamer Kleinarbeit, teilweise mit dem Besen, wieder freigelegt hat.<br \/>\nDie W\u00fcste hat eine Oberfl\u00e4che, die aus vielen kleinen verwitterten (dunklen) Steinen besteht. Unter den Steinen kommt heller Sand (teilweise Gipshaltig) zum Vorschein. Die Steine wurden zur Seite ger\u00e4umt und die Scharrbilder kommen so zum Vorschein.<br \/>\nAn den Bildern erkennt man, das es sich um &#8222;endlose&#8220; Linien handelt.<\/p>\n<p>Dagegen sind Kornkreise kalter Kaffe&#8230;&#8230;<\/p>\n","protected":false},"excerpt":{"rendered":"<p>Wir waren nun auf unserer Reise nach Norden auch in Nazca (oder Nasca) &#8211; es existieren verschiedene Schreibformen. Wir wollten uns die ber\u00fchmten Nazca-Linien mal von oben betrachten, da sich von der Aussichtsplattform an der Panamericana nur ein kleiner Teil sehen l\u00e4sst. So haben wir uns einen Flug in einer kleinen Cessna gebucht und sind [&hellip;]<\/p>\n","protected":false},"author":1,"featured_media":0,"comment_status":"open","ping_status":"open","sticky":false,"template":"","format":"gallery","meta":{"spay_email":"","jetpack_publicize_message":"","jetpack_is_tweetstorm":false,"jetpack_publicize_feature_enabled":true},"categories":[1],"tags":[28],"jetpack_featured_media_url":"","jetpack_publicize_connections":[],"jetpack_sharing_enabled":true,"jetpack_shortlink":"https:\/\/wp.me\/p6huce-oJ","jetpack-related-posts":[{"id":1549,"url":"http:\/\/my-alps.de\/?p=1549","url_meta":{"origin":1533,"position":0},"title":"Die Nationalparks Paracas und Lachay","date":"29. August 2014","format":"gallery","excerpt":"Auf unserem Weg von Nazca nach Lima haben wir in dem Naturpark \u201eParacas\u201c einen kleinen Zwischenstopp eingelegt. Wir kamen ziemlich sp\u00e4t an, und die untergehende Sonne hat mit den unz\u00e4hligen Sand-und Salzpartikeln in der Luft eine wundersch\u00f6ne F\u00e4rbung erhalten (es war ziemlich windig). In dem NP kann man das direkte\u2026","rel":"","context":"In &quot;News&quot;","img":{"alt_text":"Sonnenuntergang in der W\u00c3\u00bcste","src":"https:\/\/i0.wp.com\/my-alps.de\/wp-content\/uploads\/2014\/08\/Sonnenuntergang-in-der-W\u00c3\u00bcste-ce4-dfine-HD.jpg?resize=350%2C200","width":350,"height":200},"classes":[]},{"id":1331,"url":"http:\/\/my-alps.de\/?p=1331","url_meta":{"origin":1533,"position":1},"title":"Lagunenroute in Bolivien &#8211; Teil 1","date":"17. Juli 2014","format":"gallery","excerpt":"San Pedro de Atacama in Chile ist der ideale Ausgangspunkt um von dort aus die legend\u00e4re im Boliviens zu befahren. Es geht von der W\u00fcstenoase zur\u00fcck Richtung Paso Jama, von 2.400 Meter auf 4.500 Meter hinauf. Schnurgerade, bis auf wenige Kurven, zieht sich die Stra\u00dfe auf fast 30 Kilometer bergauf.\u2026","rel":"","context":"In &quot;News&quot;","img":{"alt_text":"","src":"https:\/\/i0.wp.com\/my-alps.de\/wp-content\/uploads\/2014\/07\/alt-5015hm.jpg?resize=350%2C200","width":350,"height":200},"classes":[]},{"id":1472,"url":"http:\/\/my-alps.de\/?p=1472","url_meta":{"origin":1533,"position":2},"title":"vom Sajama, dem h\u00f6chsten Berg Boliviens nach Peru","date":"8. August 2014","format":"gallery","excerpt":"Da wir vom Titikakasee etwas entt\u00e4uscht waren, haben wir uns kurzerhand entschlossen doch noch einen Abstecher zum \"Sajama\" zu fahren. Er liegt zwar auf dem Weg Richtung Chile, aber\u00a0das haben wir dann mit dem Grenz\u00fcbergang in Arica\u00a0verkn\u00fcpft. auf dem AltiplanoDer \"Sajama\" ist ein wundersch\u00f6ner Vulkankegel, der sich wie eine Zipfelm\u00fctze\u2026","rel":"","context":"In &quot;News&quot;","img":{"alt_text":"","src":"https:\/\/i0.wp.com\/my-alps.de\/wp-content\/uploads\/2014\/08\/Vulkanausbruch-1-ce4.jpg?resize=350%2C200","width":350,"height":200},"classes":[]},{"id":1658,"url":"http:\/\/my-alps.de\/?p=1658","url_meta":{"origin":1533,"position":3},"title":"Dschungelcamp in Warami Sinti","date":"28. September 2014","format":"gallery","excerpt":"Na, das mit der klaren Nacht am Vulkan war wohl nichts - ganz kurz am fr\u00fchen morgen bei Sonnenaufgang hat er sich f\u00fcr 2 Minuten gezeigt - als sch\u00f6n rosa schimmernder, mit schneebedeckter Spitze, rauchender Vulkan. Bis ich aus dem Auto war, und die Kamera auf das Stativ geschraubt hatte\u2026","rel":"","context":"In &quot;News&quot;","img":{"alt_text":"","src":"https:\/\/i0.wp.com\/my-alps.de\/wp-content\/uploads\/2014\/09\/Dschungel-I-ce4.jpg?resize=350%2C200","width":350,"height":200},"classes":[]},{"id":1304,"url":"http:\/\/my-alps.de\/?p=1304","url_meta":{"origin":1533,"position":4},"title":"Chilecito, Hualko, Amaicha und Tafi del Valles","date":"30. Juni 2014","format":"gallery","excerpt":"Chronologisch unserer Reiseroute ging es nach dem NP Talampaya in Richtung Chilecito. Da die Ruta 40 zur dieser Zeit \u00fcber die\u00a0\u201eCuesta de Miranda\u201c gesperrt war, mussten wir einen \u201ekleinen\u201c\u00a0Umweg von ca. 250 Kilometer machen. Die Fahrt ging zur\u00fcck \u00fcber die Ruta 76 bis nach Pataguia und dann die Ruta 74\u2026","rel":"","context":"In &quot;News&quot;","img":{"alt_text":"","src":"https:\/\/i0.wp.com\/my-alps.de\/wp-content\/uploads\/2014\/06\/DSC03910.jpg?resize=350%2C200","width":350,"height":200},"classes":[]},{"id":1614,"url":"http:\/\/my-alps.de\/?p=1614","url_meta":{"origin":1533,"position":5},"title":"Ecuador &#8211; entschleunigt leben","date":"17. September 2014","format":"gallery","excerpt":"Mittlerweile sitzen wir wieder mal an der K\u00fcste des Pazifiks und schauen auf das graue und endlose Meer hinaus. Etwa 500 Meter von uns entfernt tummeln sich ein paar Wale, machen sch\u00f6ne \"Bauchpflatscher\" oder schlagen mit ihren Schwanzflossen auf's Wasser. Pelikane und Fregattv\u00f6gel lassen sich vom Aufwind an der Steilk\u00fcste\u2026","rel":"","context":"In &quot;News&quot;","img":{"alt_text":"","src":"https:\/\/i0.wp.com\/my-alps.de\/wp-content\/uploads\/2014\/09\/wir-machen-auch-mal-Pause.jpg?resize=350%2C200","width":350,"height":200},"classes":[]}],"_links":{"self":[{"href":"http:\/\/my-alps.de\/index.php?rest_route=\/wp\/v2\/posts\/1533"}],"collection":[{"href":"http:\/\/my-alps.de\/index.php?rest_route=\/wp\/v2\/posts"}],"about":[{"href":"http:\/\/my-alps.de\/index.php?rest_route=\/wp\/v2\/types\/post"}],"author":[{"embeddable":true,"href":"http:\/\/my-alps.de\/index.php?rest_route=\/wp\/v2\/users\/1"}],"replies":[{"embeddable":true,"href":"http:\/\/my-alps.de\/index.php?rest_route=%2Fwp%2Fv2%2Fcomments&post=1533"}],"version-history":[{"count":1,"href":"http:\/\/my-alps.de\/index.php?rest_route=\/wp\/v2\/posts\/1533\/revisions"}],"predecessor-version":[{"id":1543,"href":"http:\/\/my-alps.de\/index.php?rest_route=\/wp\/v2\/posts\/1533\/revisions\/1543"}],"wp:attachment":[{"href":"http:\/\/my-alps.de\/index.php?rest_route=%2Fwp%2Fv2%2Fmedia&parent=1533"}],"wp:term":[{"taxonomy":"category","embeddable":true,"href":"http:\/\/my-alps.de\/index.php?rest_route=%2Fwp%2Fv2%2Fcategories&post=1533"},{"taxonomy":"post_tag","embeddable":true,"href":"http:\/\/my-alps.de\/index.php?rest_route=%2Fwp%2Fv2%2Ftags&post=1533"}],"curies":[{"name":"wp","href":"https:\/\/api.w.org\/{rel}","templated":true}]}}