{"id":1521,"date":"2014-08-22T00:13:47","date_gmt":"2014-08-21T22:13:47","guid":{"rendered":"http:\/\/my-alps.de\/?p=1521"},"modified":"2014-08-22T04:12:13","modified_gmt":"2014-08-22T02:12:13","slug":"machupicchu","status":"publish","type":"post","link":"http:\/\/my-alps.de\/?p=1521","title":{"rendered":"Machupicchu"},"content":{"rendered":"<div id=\"attachment_1522\" style=\"width: 1034px\" class=\"wp-caption aligncenter\"><a href=\"https:\/\/i0.wp.com\/my-alps.de\/wp-content\/uploads\/2014\/08\/PAN-Machupicchu-ce4.jpg\"><img aria-describedby=\"caption-attachment-1522\" data-attachment-id=\"1522\" data-permalink=\"http:\/\/my-alps.de\/?attachment_id=1522\" data-orig-file=\"https:\/\/i0.wp.com\/my-alps.de\/wp-content\/uploads\/2014\/08\/PAN-Machupicchu-ce4.jpg?fit=1024%2C683\" data-orig-size=\"1024,683\" data-comments-opened=\"1\" data-image-meta=\"{&quot;aperture&quot;:&quot;9.5&quot;,&quot;credit&quot;:&quot;&quot;,&quot;camera&quot;:&quot;SLT-A99V&quot;,&quot;caption&quot;:&quot;&quot;,&quot;created_timestamp&quot;:&quot;1408357212&quot;,&quot;copyright&quot;:&quot;&quot;,&quot;focal_length&quot;:&quot;12&quot;,&quot;iso&quot;:&quot;100&quot;,&quot;shutter_speed&quot;:&quot;0.005&quot;,&quot;title&quot;:&quot;&quot;}\" data-image-title=\"PAN-Machupicchu-ce4\" data-image-description=\"&lt;p&gt;Machupicchu&lt;\/p&gt;\n\" data-image-caption=\"&lt;p&gt;Machupicchu&lt;\/p&gt;\n\" data-medium-file=\"https:\/\/i0.wp.com\/my-alps.de\/wp-content\/uploads\/2014\/08\/PAN-Machupicchu-ce4.jpg?fit=300%2C200\" data-large-file=\"https:\/\/i0.wp.com\/my-alps.de\/wp-content\/uploads\/2014\/08\/PAN-Machupicchu-ce4.jpg?fit=625%2C417\" loading=\"lazy\" class=\"size-full wp-image-1522\" alt=\"Machupicchu\" src=\"https:\/\/i0.wp.com\/my-alps.de\/wp-content\/uploads\/2014\/08\/PAN-Machupicchu-ce4.jpg?resize=625%2C417\" width=\"625\" height=\"417\" srcset=\"https:\/\/i0.wp.com\/my-alps.de\/wp-content\/uploads\/2014\/08\/PAN-Machupicchu-ce4.jpg?w=1024 1024w, https:\/\/i0.wp.com\/my-alps.de\/wp-content\/uploads\/2014\/08\/PAN-Machupicchu-ce4.jpg?resize=300%2C200 300w\" sizes=\"(max-width: 625px) 100vw, 625px\" data-recalc-dims=\"1\" \/><\/a><p id=\"caption-attachment-1522\" class=\"wp-caption-text\">Machupicchu<\/p><\/div>\n<p>Die \u201eaufr\u00fcttelnde\u201c Zugfahrt von Ollantaytambo\u00a0<span style=\"line-height: 1.5;\">nach<br \/>\n&#8222;Aquas Calientes&#8220;, dem Ausgangsort um\u00a0<\/span><span style=\"line-height: 1.5;\">nach Machupicchu zu gelangen,\u00a0<\/span><span style=\"line-height: 1.5;\">f\u00fchrt durch ein immer enger werdendes Tal.<\/span><br \/>\nEs geht fast 800 H\u00f6henmeter abw\u00e4rts und dauert 1,5 Stunden.<br \/>\nDie Landschaft, die am Fenster vorbeizieht, wird langsam\u00a0<span style=\"line-height: 1.5;\">zum Urwald. In der Ferne sieht man schneebedeckte 5 und 6.000er.<\/span><br \/>\nDie Bahnstrecke schl\u00e4ngelt sich um Felszacken<br \/>\nund knapp\u00a0<span style=\"line-height: 1.5;\">\u00fcber dem Flu\u00df entlang.<\/span><br \/>\nFast wie eine Zeitreise.<!--more-->Dann muss man nur einen der ersten Busse erwischen,<br \/>\nund findet sich sich am Eingangstor zum Heiligtum wieder.<\/p>\n<div id=\"attachment_1523\" style=\"width: 1034px\" class=\"wp-caption aligncenter\"><a href=\"https:\/\/i0.wp.com\/my-alps.de\/wp-content\/uploads\/2014\/08\/Tor-zum-Heiligtum-ce4.jpg\"><img aria-describedby=\"caption-attachment-1523\" data-attachment-id=\"1523\" data-permalink=\"http:\/\/my-alps.de\/?attachment_id=1523\" data-orig-file=\"https:\/\/i0.wp.com\/my-alps.de\/wp-content\/uploads\/2014\/08\/Tor-zum-Heiligtum-ce4.jpg?fit=1024%2C682\" data-orig-size=\"1024,682\" data-comments-opened=\"1\" data-image-meta=\"{&quot;aperture&quot;:&quot;9.5&quot;,&quot;credit&quot;:&quot;&quot;,&quot;camera&quot;:&quot;SLT-A99V&quot;,&quot;caption&quot;:&quot;&quot;,&quot;created_timestamp&quot;:&quot;1408357838&quot;,&quot;copyright&quot;:&quot;&quot;,&quot;focal_length&quot;:&quot;24&quot;,&quot;iso&quot;:&quot;100&quot;,&quot;shutter_speed&quot;:&quot;0.005&quot;,&quot;title&quot;:&quot;&quot;}\" data-image-title=\"Tor zum Heiligtum-ce4\" data-image-description=\"&lt;p&gt;Tor zum Heiligtum&lt;\/p&gt;\n\" data-image-caption=\"\" data-medium-file=\"https:\/\/i0.wp.com\/my-alps.de\/wp-content\/uploads\/2014\/08\/Tor-zum-Heiligtum-ce4.jpg?fit=300%2C199\" data-large-file=\"https:\/\/i0.wp.com\/my-alps.de\/wp-content\/uploads\/2014\/08\/Tor-zum-Heiligtum-ce4.jpg?fit=625%2C416\" loading=\"lazy\" class=\"size-full wp-image-1523\" alt=\"Tor zum Heiligtum\" src=\"https:\/\/i0.wp.com\/my-alps.de\/wp-content\/uploads\/2014\/08\/Tor-zum-Heiligtum-ce4.jpg?resize=625%2C416\" width=\"625\" height=\"416\" srcset=\"https:\/\/i0.wp.com\/my-alps.de\/wp-content\/uploads\/2014\/08\/Tor-zum-Heiligtum-ce4.jpg?w=1024 1024w, https:\/\/i0.wp.com\/my-alps.de\/wp-content\/uploads\/2014\/08\/Tor-zum-Heiligtum-ce4.jpg?resize=300%2C199 300w\" sizes=\"(max-width: 625px) 100vw, 625px\" data-recalc-dims=\"1\" \/><\/a><p id=\"caption-attachment-1523\" class=\"wp-caption-text\">Tor zum Heiligtum<\/p><\/div>\n<p>Wir waren gespannt, ob wir es schaffen, den ganzen Touristenrummel\u00a0<span style=\"line-height: 1.5;\">irgendwie auszublenden und uns nur auf den magischen\u00a0<\/span><span style=\"line-height: 1.5;\">Ort und seine Ruinen konzentrieren k\u00f6nnen.<\/span><\/p>\n<div id=\"attachment_1524\" style=\"width: 1034px\" class=\"wp-caption aligncenter\"><a href=\"https:\/\/i0.wp.com\/my-alps.de\/wp-content\/uploads\/2014\/08\/Terrassen-ce4.jpg\"><img aria-describedby=\"caption-attachment-1524\" data-attachment-id=\"1524\" data-permalink=\"http:\/\/my-alps.de\/?attachment_id=1524\" data-orig-file=\"https:\/\/i0.wp.com\/my-alps.de\/wp-content\/uploads\/2014\/08\/Terrassen-ce4.jpg?fit=1024%2C683\" data-orig-size=\"1024,683\" data-comments-opened=\"1\" data-image-meta=\"{&quot;aperture&quot;:&quot;8&quot;,&quot;credit&quot;:&quot;&quot;,&quot;camera&quot;:&quot;SLT-A99V&quot;,&quot;caption&quot;:&quot;&quot;,&quot;created_timestamp&quot;:&quot;1408362723&quot;,&quot;copyright&quot;:&quot;&quot;,&quot;focal_length&quot;:&quot;24&quot;,&quot;iso&quot;:&quot;100&quot;,&quot;shutter_speed&quot;:&quot;0.008&quot;,&quot;title&quot;:&quot;&quot;}\" data-image-title=\"Terrassen-ce4\" data-image-description=\"&lt;p&gt;Terrassen&lt;\/p&gt;\n\" data-image-caption=\"&lt;p&gt;Terrassen&lt;\/p&gt;\n\" data-medium-file=\"https:\/\/i0.wp.com\/my-alps.de\/wp-content\/uploads\/2014\/08\/Terrassen-ce4.jpg?fit=300%2C200\" data-large-file=\"https:\/\/i0.wp.com\/my-alps.de\/wp-content\/uploads\/2014\/08\/Terrassen-ce4.jpg?fit=625%2C417\" loading=\"lazy\" class=\"size-full wp-image-1524\" alt=\"Terrassen\" src=\"https:\/\/i0.wp.com\/my-alps.de\/wp-content\/uploads\/2014\/08\/Terrassen-ce4.jpg?resize=625%2C417\" width=\"625\" height=\"417\" srcset=\"https:\/\/i0.wp.com\/my-alps.de\/wp-content\/uploads\/2014\/08\/Terrassen-ce4.jpg?w=1024 1024w, https:\/\/i0.wp.com\/my-alps.de\/wp-content\/uploads\/2014\/08\/Terrassen-ce4.jpg?resize=300%2C200 300w\" sizes=\"(max-width: 625px) 100vw, 625px\" data-recalc-dims=\"1\" \/><\/a><p id=\"caption-attachment-1524\" class=\"wp-caption-text\">Terrassen<\/p><\/div>\n<p>Na ja, zwei Stunden hat es geklappt, dann waren uns die Amis,<br \/>\ndie vor Opferst\u00e4tten herumhopsen und Fotos von sich dabei machen<br \/>\ndann doch zu nervig. Die Russen, die bei der gef\u00fchrten Besichtigung<br \/>\neifrig telefoniert haben, wurden nur noch von sich im Bikini sonnenden\u00a0<span style=\"line-height: 1.5;\">Brasilianerinnen getoppt.<\/span><\/p>\n<div id=\"attachment_1528\" style=\"width: 1034px\" class=\"wp-caption aligncenter\"><a href=\"https:\/\/i0.wp.com\/my-alps.de\/wp-content\/uploads\/2014\/08\/Der-Lebensbaum-ce4.jpg\"><img aria-describedby=\"caption-attachment-1528\" data-attachment-id=\"1528\" data-permalink=\"http:\/\/my-alps.de\/?attachment_id=1528\" data-orig-file=\"https:\/\/i0.wp.com\/my-alps.de\/wp-content\/uploads\/2014\/08\/Der-Lebensbaum-ce4.jpg?fit=1024%2C683\" data-orig-size=\"1024,683\" data-comments-opened=\"1\" data-image-meta=\"{&quot;aperture&quot;:&quot;11&quot;,&quot;credit&quot;:&quot;&quot;,&quot;camera&quot;:&quot;SLT-A99V&quot;,&quot;caption&quot;:&quot;&quot;,&quot;created_timestamp&quot;:&quot;1408363177&quot;,&quot;copyright&quot;:&quot;&quot;,&quot;focal_length&quot;:&quot;55&quot;,&quot;iso&quot;:&quot;100&quot;,&quot;shutter_speed&quot;:&quot;0.005&quot;,&quot;title&quot;:&quot;&quot;}\" data-image-title=\"Der Lebensbaum-ce4\" data-image-description=\"&lt;p&gt;Der Lebensbaum&lt;\/p&gt;\n\" data-image-caption=\"&lt;p&gt;Der Lebensbaum&lt;\/p&gt;\n\" data-medium-file=\"https:\/\/i0.wp.com\/my-alps.de\/wp-content\/uploads\/2014\/08\/Der-Lebensbaum-ce4.jpg?fit=300%2C200\" data-large-file=\"https:\/\/i0.wp.com\/my-alps.de\/wp-content\/uploads\/2014\/08\/Der-Lebensbaum-ce4.jpg?fit=625%2C417\" loading=\"lazy\" class=\"size-full wp-image-1528\" alt=\"Der Lebensbaum\" src=\"https:\/\/i0.wp.com\/my-alps.de\/wp-content\/uploads\/2014\/08\/Der-Lebensbaum-ce4.jpg?resize=625%2C417\" width=\"625\" height=\"417\" srcset=\"https:\/\/i0.wp.com\/my-alps.de\/wp-content\/uploads\/2014\/08\/Der-Lebensbaum-ce4.jpg?w=1024 1024w, https:\/\/i0.wp.com\/my-alps.de\/wp-content\/uploads\/2014\/08\/Der-Lebensbaum-ce4.jpg?resize=300%2C200 300w\" sizes=\"(max-width: 625px) 100vw, 625px\" data-recalc-dims=\"1\" \/><\/a><p id=\"caption-attachment-1528\" class=\"wp-caption-text\">Der Lebensbaum<\/p><\/div>\n<p>Ich, der ja einen gewissen Hintergrund von antiken Ausgrabungs<span style=\"line-height: 1.5;\">st\u00e4tten hat, konnte es nicht fassen.<br \/>\n<\/span><span style=\"line-height: 1.5;\">Die interessiert das ja gar nicht,\u00a0<\/span><span style=\"line-height: 1.5;\">es z\u00e4hlt nur eins:<br \/>\n<\/span><\/p>\n<p><span style=\"line-height: 1.5;\">\u201eI was in Machupicchu\u201c<\/span><\/p>\n<p>Arme Irre.<\/p>\n<div id=\"attachment_1530\" style=\"width: 1034px\" class=\"wp-caption aligncenter\"><a href=\"https:\/\/i0.wp.com\/my-alps.de\/wp-content\/uploads\/2014\/08\/Puente-del-Inka-ce4.jpg\"><img aria-describedby=\"caption-attachment-1530\" data-attachment-id=\"1530\" data-permalink=\"http:\/\/my-alps.de\/?attachment_id=1530\" data-orig-file=\"https:\/\/i0.wp.com\/my-alps.de\/wp-content\/uploads\/2014\/08\/Puente-del-Inka-ce4.jpg?fit=1024%2C683\" data-orig-size=\"1024,683\" data-comments-opened=\"1\" data-image-meta=\"{&quot;aperture&quot;:&quot;4.5&quot;,&quot;credit&quot;:&quot;&quot;,&quot;camera&quot;:&quot;SLT-A99V&quot;,&quot;caption&quot;:&quot;&quot;,&quot;created_timestamp&quot;:&quot;1408355444&quot;,&quot;copyright&quot;:&quot;&quot;,&quot;focal_length&quot;:&quot;24&quot;,&quot;iso&quot;:&quot;100&quot;,&quot;shutter_speed&quot;:&quot;0.011111111111111&quot;,&quot;title&quot;:&quot;&quot;}\" data-image-title=\"Puente del Inka-ce4\" data-image-description=\"&lt;p&gt;Puente del Inka&lt;\/p&gt;\n\" data-image-caption=\"&lt;p&gt;Puente del Inka&lt;\/p&gt;\n\" data-medium-file=\"https:\/\/i0.wp.com\/my-alps.de\/wp-content\/uploads\/2014\/08\/Puente-del-Inka-ce4.jpg?fit=300%2C200\" data-large-file=\"https:\/\/i0.wp.com\/my-alps.de\/wp-content\/uploads\/2014\/08\/Puente-del-Inka-ce4.jpg?fit=625%2C417\" loading=\"lazy\" class=\"size-full wp-image-1530\" alt=\"Puente del Inka\" src=\"https:\/\/i0.wp.com\/my-alps.de\/wp-content\/uploads\/2014\/08\/Puente-del-Inka-ce4.jpg?resize=625%2C417\" width=\"625\" height=\"417\" srcset=\"https:\/\/i0.wp.com\/my-alps.de\/wp-content\/uploads\/2014\/08\/Puente-del-Inka-ce4.jpg?w=1024 1024w, https:\/\/i0.wp.com\/my-alps.de\/wp-content\/uploads\/2014\/08\/Puente-del-Inka-ce4.jpg?resize=300%2C200 300w\" sizes=\"(max-width: 625px) 100vw, 625px\" data-recalc-dims=\"1\" \/><\/a><p id=\"caption-attachment-1530\" class=\"wp-caption-text\">Puente del Inka<\/p><\/div>\n<p>Wir haben uns dann in ein ruhiges Eckchen zur\u00fcckgezogen<br \/>\nund die Mytologie des Ortes aufgesogen.<br \/>\n(Nein, \u00fcber die schmale Planke \u00fcber dem Abgrund darf man nicht laufen &#8211; die Inkas m\u00fcssen aber ganz sch\u00f6n schwindelfrei gewesen sein, oder &#8220; a bisserl Schwund is immer&#8220;)<\/p>\n<p>Da sind die beiden Bergkuppen, die einen Kondor symbolisieren,<br \/>\nder \u201eWaynapicchu\u201c, der die Form eines kauernden Pumas besitzt,<\/p>\n<p>usw usw usw\u2026\u2026<\/p>\n<p>Mit welcher Kunstfertigkeit die Landschaft und Bauwerke<br \/>\nin Beziehung zueinander gesetzt wurden.<br \/>\nWie sie aufeinander wirken und welche Themen<br \/>\nsie wieder spiegeln.<\/p>\n<div id=\"attachment_1526\" style=\"width: 1034px\" class=\"wp-caption aligncenter\"><a href=\"https:\/\/i0.wp.com\/my-alps.de\/wp-content\/uploads\/2014\/08\/Inka-Astronomie-ce4.jpg\"><img aria-describedby=\"caption-attachment-1526\" data-attachment-id=\"1526\" data-permalink=\"http:\/\/my-alps.de\/?attachment_id=1526\" data-orig-file=\"https:\/\/i0.wp.com\/my-alps.de\/wp-content\/uploads\/2014\/08\/Inka-Astronomie-ce4.jpg?fit=1024%2C683\" data-orig-size=\"1024,683\" data-comments-opened=\"1\" data-image-meta=\"{&quot;aperture&quot;:&quot;13&quot;,&quot;credit&quot;:&quot;&quot;,&quot;camera&quot;:&quot;SLT-A99V&quot;,&quot;caption&quot;:&quot;&quot;,&quot;created_timestamp&quot;:&quot;1408359592&quot;,&quot;copyright&quot;:&quot;&quot;,&quot;focal_length&quot;:&quot;24&quot;,&quot;iso&quot;:&quot;100&quot;,&quot;shutter_speed&quot;:&quot;0.008&quot;,&quot;title&quot;:&quot;&quot;}\" data-image-title=\"Inka-Astronomie-ce4\" data-image-description=\"&lt;p&gt;Inka-Astronomie&lt;\/p&gt;\n\" data-image-caption=\"&lt;p&gt;Inka-Astronomie&lt;\/p&gt;\n\" data-medium-file=\"https:\/\/i0.wp.com\/my-alps.de\/wp-content\/uploads\/2014\/08\/Inka-Astronomie-ce4.jpg?fit=300%2C200\" data-large-file=\"https:\/\/i0.wp.com\/my-alps.de\/wp-content\/uploads\/2014\/08\/Inka-Astronomie-ce4.jpg?fit=625%2C417\" loading=\"lazy\" class=\"size-full wp-image-1526\" alt=\"Inka-Astronomie\" src=\"https:\/\/i0.wp.com\/my-alps.de\/wp-content\/uploads\/2014\/08\/Inka-Astronomie-ce4.jpg?resize=625%2C417\" width=\"625\" height=\"417\" srcset=\"https:\/\/i0.wp.com\/my-alps.de\/wp-content\/uploads\/2014\/08\/Inka-Astronomie-ce4.jpg?w=1024 1024w, https:\/\/i0.wp.com\/my-alps.de\/wp-content\/uploads\/2014\/08\/Inka-Astronomie-ce4.jpg?resize=300%2C200 300w\" sizes=\"(max-width: 625px) 100vw, 625px\" data-recalc-dims=\"1\" \/><\/a><p id=\"caption-attachment-1526\" class=\"wp-caption-text\">Inka-Astronomie<\/p><\/div>\n<p>Die perfekte Steinbearbeitung und die Integration<br \/>\nvorhandener Felsen in Heiligt\u00fcmer und Geb\u00e4ude.<\/p>\n<div id=\"attachment_1525\" style=\"width: 1034px\" class=\"wp-caption aligncenter\"><a href=\"https:\/\/i0.wp.com\/my-alps.de\/wp-content\/uploads\/2014\/08\/Steinmetzkunst-ce4.jpg\"><img aria-describedby=\"caption-attachment-1525\" data-attachment-id=\"1525\" data-permalink=\"http:\/\/my-alps.de\/?attachment_id=1525\" data-orig-file=\"https:\/\/i0.wp.com\/my-alps.de\/wp-content\/uploads\/2014\/08\/Steinmetzkunst-ce4.jpg?fit=1024%2C682\" data-orig-size=\"1024,682\" data-comments-opened=\"1\" data-image-meta=\"{&quot;aperture&quot;:&quot;11&quot;,&quot;credit&quot;:&quot;&quot;,&quot;camera&quot;:&quot;SLT-A99V&quot;,&quot;caption&quot;:&quot;&quot;,&quot;created_timestamp&quot;:&quot;1408359130&quot;,&quot;copyright&quot;:&quot;&quot;,&quot;focal_length&quot;:&quot;24&quot;,&quot;iso&quot;:&quot;100&quot;,&quot;shutter_speed&quot;:&quot;0.005&quot;,&quot;title&quot;:&quot;&quot;}\" data-image-title=\"Steinmetzkunst-ce4\" data-image-description=\"&lt;p&gt;Steinmetzkunst&lt;\/p&gt;\n\" data-image-caption=\"&lt;p&gt;Steinmetzkunst&lt;\/p&gt;\n\" data-medium-file=\"https:\/\/i0.wp.com\/my-alps.de\/wp-content\/uploads\/2014\/08\/Steinmetzkunst-ce4.jpg?fit=300%2C199\" data-large-file=\"https:\/\/i0.wp.com\/my-alps.de\/wp-content\/uploads\/2014\/08\/Steinmetzkunst-ce4.jpg?fit=625%2C416\" loading=\"lazy\" class=\"size-full wp-image-1525\" alt=\"Steinmetzkunst\" src=\"https:\/\/i0.wp.com\/my-alps.de\/wp-content\/uploads\/2014\/08\/Steinmetzkunst-ce4.jpg?resize=625%2C416\" width=\"625\" height=\"416\" srcset=\"https:\/\/i0.wp.com\/my-alps.de\/wp-content\/uploads\/2014\/08\/Steinmetzkunst-ce4.jpg?w=1024 1024w, https:\/\/i0.wp.com\/my-alps.de\/wp-content\/uploads\/2014\/08\/Steinmetzkunst-ce4.jpg?resize=300%2C199 300w\" sizes=\"(max-width: 625px) 100vw, 625px\" data-recalc-dims=\"1\" \/><\/a><p id=\"caption-attachment-1525\" class=\"wp-caption-text\">Steinmetzkunst<\/p><\/div>\n<p>Einfach unglaublich.<\/p>\n<p>&nbsp;<\/p>\n<p>Wir haben es genossen (und den Rest einfach ausgeblendet)<\/p>\n<p>&nbsp;<\/p>\n<p>Fr\u00fch um 5 Uhr sind wir los, und Abends um 20 Uhr waren wir zur\u00fcck.<br \/>\nEin langer Tag f\u00fcr Machupicchu, und man hat doch nur an der Ober-<br \/>\nfl\u00e4che gekratzt.<\/p>\n","protected":false},"excerpt":{"rendered":"<p>Die \u201eaufr\u00fcttelnde\u201c Zugfahrt von Ollantaytambo\u00a0nach &#8222;Aquas Calientes&#8220;, dem Ausgangsort um\u00a0nach Machupicchu zu gelangen,\u00a0f\u00fchrt durch ein immer enger werdendes Tal. Es geht fast 800 H\u00f6henmeter abw\u00e4rts und dauert 1,5 Stunden. Die Landschaft, die am Fenster vorbeizieht, wird langsam\u00a0zum Urwald. In der Ferne sieht man schneebedeckte 5 und 6.000er. Die Bahnstrecke schl\u00e4ngelt sich um Felszacken und knapp\u00a0\u00fcber [&hellip;]<\/p>\n","protected":false},"author":1,"featured_media":0,"comment_status":"open","ping_status":"open","sticky":false,"template":"","format":"gallery","meta":{"spay_email":"","jetpack_publicize_message":"","jetpack_is_tweetstorm":false,"jetpack_publicize_feature_enabled":true},"categories":[1],"tags":[27,24],"jetpack_featured_media_url":"","jetpack_publicize_connections":[],"jetpack_sharing_enabled":true,"jetpack_shortlink":"https:\/\/wp.me\/p6huce-ox","jetpack-related-posts":[{"id":1518,"url":"http:\/\/my-alps.de\/?p=1518","url_meta":{"origin":1521,"position":0},"title":"Ollanta schl\u00e4ft nicht mehr","date":"21. August 2014","format":"gallery","excerpt":"Ollanta, die Abk\u00fcrzung der Peruaner f\u00fcr Ollantaytambo, ist der Ort, von dem die meisten Touristen zur letzten Etappe nach Machupicchu starten. Hier gehen ab fr\u00fch um 5 Uhr die ersten Z\u00fcge, und abends um 24 Uhr kommen die letzten wieder an. Man kann zwar auch direkt ab Cusco mit dem\u2026","rel":"","context":"In &quot;News&quot;","img":{"alt_text":"","src":"https:\/\/i0.wp.com\/my-alps.de\/wp-content\/uploads\/2014\/08\/Perurail.jpg?resize=350%2C200","width":350,"height":200},"classes":[]},{"id":633,"url":"http:\/\/my-alps.de\/?p=633","url_meta":{"origin":1521,"position":1},"title":"Nationalpark &#8222;Torres Del Paine&#8220; in Chile","date":"6. Februar 2014","format":"gallery","excerpt":"Unser erster Abstecher nach Chile hat uns von Punta Arenas \u00fcber Puerto Natales in den Nationalpark \u201eTorres Del Paine\u201c gef\u00fchrt. Die \u201eTorres Del Paine\u201c - auch bekannt als die \u201e3 Zinnen S\u00fcdamerikas\u201c sind gigantische Granitt\u00fcrme, jeder Zahn mit einer fast 1.000 Meter hohen Felswand. Glatt und abweisend. Da steht man\u2026","rel":"","context":"In &quot;News&quot;","img":{"alt_text":"","src":"https:\/\/i0.wp.com\/my-alps.de\/wp-content\/uploads\/2014\/02\/Torres-Del-Paine-im-ersten-Morgenlicht-HD.jpg?resize=350%2C200","width":350,"height":200},"classes":[]},{"id":1013,"url":"http:\/\/my-alps.de\/?p=1013","url_meta":{"origin":1521,"position":2},"title":"Die Hack(erin)","date":"14. April 2014","format":"gallery","excerpt":"Als Reisender ist man ja auf WIFI, (DAS Zauberwort), angewiesen um mit der Heimat zu kommunizieren, die Internetseite zu aktualisieren und sich etwas zu organisieren. Jetzt ist es so, das viele Cafe\u2019s mit DEM Zauberwort locken und man praktischerweise dazu etwas konsumiert w\u00e4hrend man recherchiert. Es gibt nicht viele offene\u2026","rel":"","context":"In &quot;News&quot;","img":{"alt_text":"","src":"https:\/\/i0.wp.com\/my-alps.de\/wp-content\/uploads\/2014\/04\/Internetcafe-mit-WIFI-Kuchen.jpg?resize=350%2C200","width":350,"height":200},"classes":[]},{"id":1149,"url":"http:\/\/my-alps.de\/?p=1149","url_meta":{"origin":1521,"position":3},"title":"Schlaf &#8211; St\u00f6rung","date":"19. Mai 2014","format":"gallery","excerpt":"Wenn man so auf Reisen ist, dann stellt sich jeden Tag, \u2028an dem man unterwegs ist, das gleiche Problem: Einen ruhigen und sicheren \u00dcbernachtungsplatz zu finden. Nun haben wir im letzten halben Jahr schon viele Pl\u00e4tze gefunden an denen wir \u00fcbernachtet haben. Mal mehr oder weniger ruhig,\u2028Angst hatten wir (fast)\u2026","rel":"","context":"In &quot;News&quot;","img":{"alt_text":"","src":"","width":0,"height":0},"classes":[]},{"id":995,"url":"http:\/\/my-alps.de\/?p=995","url_meta":{"origin":1521,"position":4},"title":"April, April &#8211; Halbzeit bei der Auszeit","date":"10. April 2014","format":"gallery","excerpt":"Am 11.11.2013 sind wir in Hamburg an Bord der \u201eGrande Cameroon\u201c gegangen und \u00fcber den Atlantik nach S\u00fcdamerika geschippert. Zugegeben, es war nicht immer gerade Hochstimmung mit Karneval und Fasching an Bord, aber es ist uns wirklich nicht langweilig geworden. So eine Frachterreise hat auch etwas besonderes. (Beinahe meditativ!) Nun\u2026","rel":"","context":"In &quot;News&quot;","img":{"alt_text":"","src":"","width":0,"height":0},"classes":[]},{"id":724,"url":"http:\/\/my-alps.de\/?p=724","url_meta":{"origin":1521,"position":5},"title":"Von El Chalten auf der Ruta 40 nach Chile","date":"23. Februar 2014","format":"gallery","excerpt":"Nach einer wundersch\u00f6nen Woche ist es an der Zeit weiter zu fahren. Unserer Reise f\u00fchrt nun \u00fcber die legend\u00e4re Ruta 40 (auf der wir uns schon einige Zeit bewegen) Richtung Norden. Die Gegend hier ist gepr\u00e4gt von - na ja - nichts - es gibt hier eigentlich nichts ausser Landschaft\u2026","rel":"","context":"In &quot;News&quot;","img":{"alt_text":"Ruta 40","src":"https:\/\/i0.wp.com\/my-alps.de\/wp-content\/uploads\/2014\/02\/Ruta-40.jpg?resize=350%2C200","width":350,"height":200},"classes":[]}],"_links":{"self":[{"href":"http:\/\/my-alps.de\/index.php?rest_route=\/wp\/v2\/posts\/1521"}],"collection":[{"href":"http:\/\/my-alps.de\/index.php?rest_route=\/wp\/v2\/posts"}],"about":[{"href":"http:\/\/my-alps.de\/index.php?rest_route=\/wp\/v2\/types\/post"}],"author":[{"embeddable":true,"href":"http:\/\/my-alps.de\/index.php?rest_route=\/wp\/v2\/users\/1"}],"replies":[{"embeddable":true,"href":"http:\/\/my-alps.de\/index.php?rest_route=%2Fwp%2Fv2%2Fcomments&post=1521"}],"version-history":[{"count":3,"href":"http:\/\/my-alps.de\/index.php?rest_route=\/wp\/v2\/posts\/1521\/revisions"}],"predecessor-version":[{"id":1531,"href":"http:\/\/my-alps.de\/index.php?rest_route=\/wp\/v2\/posts\/1521\/revisions\/1531"}],"wp:attachment":[{"href":"http:\/\/my-alps.de\/index.php?rest_route=%2Fwp%2Fv2%2Fmedia&parent=1521"}],"wp:term":[{"taxonomy":"category","embeddable":true,"href":"http:\/\/my-alps.de\/index.php?rest_route=%2Fwp%2Fv2%2Fcategories&post=1521"},{"taxonomy":"post_tag","embeddable":true,"href":"http:\/\/my-alps.de\/index.php?rest_route=%2Fwp%2Fv2%2Ftags&post=1521"}],"curies":[{"name":"wp","href":"https:\/\/api.w.org\/{rel}","templated":true}]}}